{"id":57447,"date":"2021-10-06T15:35:02","date_gmt":"2021-10-06T15:35:02","guid":{"rendered":"https:\/\/ucm.one\/?p=57447"},"modified":"2022-01-29T17:03:40","modified_gmt":"2022-01-29T17:03:40","slug":"truemmermaedchen-die-geschichte-der-charlotte-schumann-von-oliver-kracht-feiert-seine-weltpremiere-in-hof","status":"publish","type":"post","link":"https:\/\/ucm.one\/de\/truemmermaedchen-die-geschichte-der-charlotte-schumann-von-oliver-kracht-feiert-seine-weltpremiere-in-hof\/","title":{"rendered":"&#8222;Tr\u00fcmmerm\u00e4dchen &#8211; Die Geschichte der Charlotte Schumann&#8220; von Oliver Kracht feiert seine Weltpremiere in Hof"},"content":{"rendered":"<div class=\"wpb-content-wrapper\"><p>[vc_row][vc_column][vc_column_text]&#8220;<strong>Tr\u00fcmmerm\u00e4dchen &#8211; Die Geschichte der Charlotte Schumann<\/strong>&#8222;, der Deb\u00fctfilm von Regisseur <strong>Oliver Kracht<\/strong>, feiert diesen Monat seine Weltpremiere bei den <strong>55. Internationalen Hofer Filmtagen<\/strong>, diese finden vom 26. bis 31. Oktober statt. Sie sind ein seit langem etabliertes Forum, das allj\u00e4hrlich Filmliebhaber:innen und Medienvertreter:innen aus dem gesamten Bundesgebiet anlockt.[\/vc_column_text][\/vc_column][\/vc_row][vc_row][vc_column][vc_row_inner][vc_column_inner width=&#8220;1\/2&#8243;][vc_single_image image=&#8220;57453&#8243; img_size=&#8220;full&#8220; onclick=&#8220;link_image&#8220;][\/vc_column_inner][vc_column_inner width=&#8220;1\/2&#8243;][vc_single_image image=&#8220;57456&#8243; img_size=&#8220;full&#8220; onclick=&#8220;link_image&#8220;][\/vc_column_inner][\/vc_row_inner][vc_column_text]Der Film kommt Anfang 2022 im Verleih von <span style=\"font-family: 'arial black', sans-serif;\"><strong>UCM.ONE<\/strong><\/span> auf dem Label <strong>Artkeim\u00b2<\/strong> ins Kino.\u00a0Das Drehbuch von <strong>Oliver Kracht<\/strong> f\u00fcr diese Kino- und Fernsehproduktion wurde auf der <strong>Berlinale 2019<\/strong> mit dem <strong>Thomas-Strittmatter-Drehbuchpreis<\/strong> ausgezeichnet. Er ist eine der h\u00f6chsten Auszeichnungen f\u00fcr angehende Filmprojekte, welche jedes Jahr von der <strong>MFG Baden-W\u00fcrttemberg<\/strong>, die den Film auch gef\u00f6rdert hat, vergeben wird. &#8222;<strong>Tr\u00fcmmerm\u00e4dchen<\/strong>&#8220; ist eine Produktion der Firma <strong>simonsays.pictures<\/strong> GmbH in Kooperation mit der <strong>Filmakademie Baden-W\u00fcrttemberg<\/strong>, der <strong>Akademie f\u00fcr Darstellende Kunst Baden-W\u00fcrttemberg<\/strong> und dem <strong>S\u00fcdwestrundfunk (SWR)<\/strong>.[\/vc_column_text][vc_column_text]Die packende Emanzipationsgeschichte vor dem Hintergrund des Neuanfangs in den Tr\u00fcmmern des 2. Weltkriegs zeigt eine fesselnde Laura Balzer (nominiert f\u00fcr den <strong>G\u00f6tz-George-Nachwuchspreis<\/strong> bei den <strong>First Steps Awards<\/strong>), die in dieser Rolle ihre gewaltige spielerische Klaviatur ausreizen kann und aus ihrer zun\u00e4chst verst\u00f6rten und stotternden Charlotte Schritt f\u00fcr Schritt eine sich selbst erm\u00e4chtigende junge Frau macht. Mit Unterst\u00fctzung eines grandiosen weiblichen Ensembles nimmt sie uns mit auf die emotionale Reise der von Traumata und Unterdr\u00fcckung gezeichneten Figur.[\/vc_column_text][vc_row_inner][vc_column_inner width=&#8220;1\/2&#8243;][vc_single_image image=&#8220;57462&#8243; img_size=&#8220;full&#8220; onclick=&#8220;link_image&#8220;][\/vc_column_inner][vc_column_inner width=&#8220;1\/2&#8243;][vc_single_image image=&#8220;57465&#8243; img_size=&#8220;full&#8220; onclick=&#8220;link_image&#8220;][\/vc_column_inner][\/vc_row_inner][\/vc_column][\/vc_row][vc_row][vc_column][vc_column_text]<span style=\"font-size: 14pt;\">Inhalt des Films:<\/span><\/p>\n<p>Deutschland, 1946. Hunger, Tr\u00fcmmer, heimkehrende Soldaten. Charlotte ist schwanger, aber ihr geliebter Heimkehrer will weder sie noch sein Kind. Um ihn f\u00fcr sich zu gewinnen und der drohenden Schande zu entgehen, schreibt sie sich f\u00fcr den \u201eFr\u00e4uleinkurs\u201d der Schauspielerin Gloria Deven ein, die im Faschismus ein aufstrebendes Filmsternchen war und nun Arbeitsverbot hat. Doch Gloria mit ihrem gnadenlosen Unterricht ist nicht daran interessiert, die im Krieg unn\u00f6tig gewordene Koketterie der M\u00e4dchen wiederzubeleben. Stattdessen erweckt sie in Lotte die Sehnsucht nach etwas, das ihr zu lange schon verwehrt wird: Freiheit.[\/vc_column_text][\/vc_column][\/vc_row][vc_row][vc_column][vc_column_text]Weitere Informationen zum Festival: <a title=\"\" href=\"https:\/\/hofer-filmtage.com\" target=\"_blank\" rel=\"noopener\">Internationale Hofer Filmtage<\/a>[\/vc_column_text][\/vc_column][\/vc_row]<\/p>\n<\/div>","protected":false},"excerpt":{"rendered":"<p>[vc_row][vc_column][vc_column_text]&#8220;Tr\u00fcmmerm\u00e4dchen &#8211; Die Geschichte der Charlotte Schumann&#8222;, der Deb\u00fctfilm von Regisseur Oliver Kracht, feiert diesen Monat seine Weltpremiere bei den 55. Internationalen Hofer Filmtagen, diese finden vom 26. bis 31. Oktober statt. Sie sind ein seit langem etabliertes Forum, das allj\u00e4hrlich Filmliebhaber:innen und Medienvertreter:innen aus dem gesamten Bundesgebiet anlockt.[\/vc_column_text][\/vc_column][\/vc_row][vc_row][vc_column][vc_row_inner][vc_column_inner width=&#8220;1\/2&#8243;][vc_single_image image=&#8220;57453&#8243; img_size=&#8220;full&#8220; onclick=&#8220;link_image&#8220;][\/vc_column_inner][vc_column_inner width=&#8220;1\/2&#8243;][vc_single_image image=&#8220;57456&#8243;&hellip;<\/p>\n","protected":false},"author":2,"featured_media":63354,"comment_status":"closed","ping_status":"closed","sticky":false,"template":"","format":"standard","meta":{"_acf_changed":false,"footnotes":""},"categories":[828,8,10,13,752,7528],"tags":[10525,2311,11763,5675,5721,9655,5664,9658,9656,9657,6396,5674,11765,9653],"class_list":["post-57447","post","type-post","status-publish","format-standard","has-post-thumbnail","hentry","category-artkeim","category-film","category-kino","category-news","category-verleih","category-weltvertrieb","tag-akademie-fuer-darstellende-kunst-baden-wuerttemberg","tag-artkeim","tag-die-geschichte-der-charlotte-schumann","tag-filmakademie-baden-wuerttemberg","tag-internationale-hofer-filmtage","tag-laura-balzer","tag-lennart-lenzing","tag-marco-groenwoldt","tag-oliver-kracht","tag-simon-j-buchner","tag-suedwestrundfunk","tag-swr","tag-swr-preis-2","tag-truemmermaedchen","category-828","category-8","category-10","category-13","category-752","category-7528","description-off"],"acf":[],"yoast_head":"<!-- This site is optimized with the Yoast SEO plugin v27.5 - https:\/\/yoast.com\/product\/yoast-seo-wordpress\/ -->\n<title>%title%<\/title>\n<meta name=\"description\" content=\"Tr\u00fcmmerm\u00e4dchen, der Deb\u00fctfilm von Regisseur Oliver Kracht, feiert diesen Monat seine Weltpremiere bei den 55. Internationalen Hofer Filmtagen.\" \/>\n<meta name=\"robots\" content=\"index, follow, max-snippet:-1, max-image-preview:large, max-video-preview:-1\" \/>\n<link rel=\"canonical\" href=\"https:\/\/ucm.one\/de\/truemmermaedchen-die-geschichte-der-charlotte-schumann-von-oliver-kracht-feiert-seine-weltpremiere-in-hof\/\" \/>\n<meta property=\"og:locale\" content=\"de_DE\" \/>\n<meta property=\"og:type\" content=\"article\" \/>\n<meta property=\"og:title\" content=\"%title%\" \/>\n<meta property=\"og:description\" content=\"Tr\u00fcmmerm\u00e4dchen, der Deb\u00fctfilm von Regisseur Oliver Kracht, feiert diesen Monat seine Weltpremiere bei den 55. Internationalen Hofer Filmtagen.\" \/>\n<meta property=\"og:url\" content=\"https:\/\/ucm.one\/de\/truemmermaedchen-die-geschichte-der-charlotte-schumann-von-oliver-kracht-feiert-seine-weltpremiere-in-hof\/\" \/>\n<meta property=\"og:site_name\" content=\"UCM.ONE\" \/>\n<meta property=\"article:published_time\" content=\"2021-10-06T15:35:02+00:00\" \/>\n<meta property=\"article:modified_time\" content=\"2022-01-29T17:03:40+00:00\" \/>\n<meta property=\"og:image\" content=\"https:\/\/ucm.one\/wp-content\/uploads\/2021\/10\/Truemmermaedchen_BannerNewsHof_DE_NEU.jpg\" \/>\n\t<meta property=\"og:image:width\" content=\"1920\" \/>\n\t<meta property=\"og:image:height\" content=\"600\" \/>\n\t<meta property=\"og:image:type\" content=\"image\/jpeg\" \/>\n<meta name=\"author\" content=\"Joachim Keil\" \/>\n<meta name=\"twitter:card\" content=\"summary_large_image\" \/>\n<meta name=\"twitter:label1\" content=\"Verfasst von\" \/>\n\t<meta name=\"twitter:data1\" content=\"Joachim Keil\" \/>\n\t<meta name=\"twitter:label2\" content=\"Gesch\u00e4tzte Lesezeit\" \/>\n\t<meta name=\"twitter:data2\" content=\"2\u00a0Minuten\" \/>\n<!-- \/ Yoast SEO plugin. -->","yoast_head_json":{"title":"%title%","description":"Tr\u00fcmmerm\u00e4dchen, der Deb\u00fctfilm von Regisseur Oliver Kracht, feiert diesen Monat seine Weltpremiere bei den 55. Internationalen Hofer Filmtagen.","robots":{"index":"index","follow":"follow","max-snippet":"max-snippet:-1","max-image-preview":"max-image-preview:large","max-video-preview":"max-video-preview:-1"},"canonical":"https:\/\/ucm.one\/de\/truemmermaedchen-die-geschichte-der-charlotte-schumann-von-oliver-kracht-feiert-seine-weltpremiere-in-hof\/","og_locale":"de_DE","og_type":"article","og_title":"%title%","og_description":"Tr\u00fcmmerm\u00e4dchen, der Deb\u00fctfilm von Regisseur Oliver Kracht, feiert diesen Monat seine Weltpremiere bei den 55. Internationalen Hofer Filmtagen.","og_url":"https:\/\/ucm.one\/de\/truemmermaedchen-die-geschichte-der-charlotte-schumann-von-oliver-kracht-feiert-seine-weltpremiere-in-hof\/","og_site_name":"UCM.ONE","article_published_time":"2021-10-06T15:35:02+00:00","article_modified_time":"2022-01-29T17:03:40+00:00","og_image":[{"width":1920,"height":600,"url":"https:\/\/ucm.one\/wp-content\/uploads\/2021\/10\/Truemmermaedchen_BannerNewsHof_DE_NEU.jpg","type":"image\/jpeg"}],"author":"Joachim Keil","twitter_card":"summary_large_image","twitter_misc":{"Verfasst von":"Joachim Keil","Gesch\u00e4tzte Lesezeit":"2\u00a0Minuten"},"schema":{"@context":"https:\/\/schema.org","@graph":[{"@type":"Article","@id":"https:\/\/ucm.one\/de\/truemmermaedchen-die-geschichte-der-charlotte-schumann-von-oliver-kracht-feiert-seine-weltpremiere-in-hof\/#article","isPartOf":{"@id":"https:\/\/ucm.one\/de\/truemmermaedchen-die-geschichte-der-charlotte-schumann-von-oliver-kracht-feiert-seine-weltpremiere-in-hof\/"},"author":{"name":"Joachim Keil","@id":"https:\/\/ucm.one\/de\/#\/schema\/person\/4b959e467e8acc058836467a0ef8fa50"},"headline":"&#8222;Tr\u00fcmmerm\u00e4dchen &#8211; Die Geschichte der Charlotte Schumann&#8220; von Oliver Kracht feiert seine Weltpremiere in Hof","datePublished":"2021-10-06T15:35:02+00:00","dateModified":"2022-01-29T17:03:40+00:00","mainEntityOfPage":{"@id":"https:\/\/ucm.one\/de\/truemmermaedchen-die-geschichte-der-charlotte-schumann-von-oliver-kracht-feiert-seine-weltpremiere-in-hof\/"},"wordCount":493,"publisher":{"@id":"https:\/\/ucm.one\/de\/#organization"},"image":{"@id":"https:\/\/ucm.one\/de\/truemmermaedchen-die-geschichte-der-charlotte-schumann-von-oliver-kracht-feiert-seine-weltpremiere-in-hof\/#primaryimage"},"thumbnailUrl":"https:\/\/ucm.one\/wp-content\/uploads\/2021\/10\/Truemmermaedchen_BannerNewsHof_DE_NEU.jpg","keywords":["Akademie f\u00fcr Darstellende Kunst Baden-W\u00fcrttemberg","Artkeim\u00b2","Die Geschichte der Charlotte Schumann","Filmakademie Baden-W\u00fcrttemberg","Internationale Hofer Filmtage","Laura Balzer","Lennart Lenzing","Marco Gr\u00f6nwoldt","Oliver Kracht","Simon J. Buchner","S\u00fcdwestrundfunk","SWR","SWR preis","Tr\u00fcmmerm\u00e4dchen"],"articleSection":["Artkeim\u00b2","Film","Kino","News","Verleih","Weltvertrieb"],"inLanguage":"de"},{"@type":"WebPage","@id":"https:\/\/ucm.one\/de\/truemmermaedchen-die-geschichte-der-charlotte-schumann-von-oliver-kracht-feiert-seine-weltpremiere-in-hof\/","url":"https:\/\/ucm.one\/de\/truemmermaedchen-die-geschichte-der-charlotte-schumann-von-oliver-kracht-feiert-seine-weltpremiere-in-hof\/","name":"%title%","isPartOf":{"@id":"https:\/\/ucm.one\/de\/#website"},"primaryImageOfPage":{"@id":"https:\/\/ucm.one\/de\/truemmermaedchen-die-geschichte-der-charlotte-schumann-von-oliver-kracht-feiert-seine-weltpremiere-in-hof\/#primaryimage"},"image":{"@id":"https:\/\/ucm.one\/de\/truemmermaedchen-die-geschichte-der-charlotte-schumann-von-oliver-kracht-feiert-seine-weltpremiere-in-hof\/#primaryimage"},"thumbnailUrl":"https:\/\/ucm.one\/wp-content\/uploads\/2021\/10\/Truemmermaedchen_BannerNewsHof_DE_NEU.jpg","datePublished":"2021-10-06T15:35:02+00:00","dateModified":"2022-01-29T17:03:40+00:00","description":"Tr\u00fcmmerm\u00e4dchen, der Deb\u00fctfilm von Regisseur Oliver Kracht, feiert diesen Monat seine Weltpremiere bei den 55. Internationalen Hofer Filmtagen.","breadcrumb":{"@id":"https:\/\/ucm.one\/de\/truemmermaedchen-die-geschichte-der-charlotte-schumann-von-oliver-kracht-feiert-seine-weltpremiere-in-hof\/#breadcrumb"},"inLanguage":"de","potentialAction":[{"@type":"ReadAction","target":["https:\/\/ucm.one\/de\/truemmermaedchen-die-geschichte-der-charlotte-schumann-von-oliver-kracht-feiert-seine-weltpremiere-in-hof\/"]}]},{"@type":"ImageObject","inLanguage":"de","@id":"https:\/\/ucm.one\/de\/truemmermaedchen-die-geschichte-der-charlotte-schumann-von-oliver-kracht-feiert-seine-weltpremiere-in-hof\/#primaryimage","url":"https:\/\/ucm.one\/wp-content\/uploads\/2021\/10\/Truemmermaedchen_BannerNewsHof_DE_NEU.jpg","contentUrl":"https:\/\/ucm.one\/wp-content\/uploads\/2021\/10\/Truemmermaedchen_BannerNewsHof_DE_NEU.jpg","width":1920,"height":600},{"@type":"BreadcrumbList","@id":"https:\/\/ucm.one\/de\/truemmermaedchen-die-geschichte-der-charlotte-schumann-von-oliver-kracht-feiert-seine-weltpremiere-in-hof\/#breadcrumb","itemListElement":[{"@type":"ListItem","position":1,"name":"Home","item":"https:\/\/ucm.one\/de\/"},{"@type":"ListItem","position":2,"name":"&#8222;Tr\u00fcmmerm\u00e4dchen &#8211; Die Geschichte der Charlotte Schumann&#8220; von Oliver Kracht feiert seine Weltpremiere in Hof"}]},{"@type":"WebSite","@id":"https:\/\/ucm.one\/de\/#website","url":"https:\/\/ucm.one\/de\/","name":"UCM.ONE","description":"","publisher":{"@id":"https:\/\/ucm.one\/de\/#organization"},"potentialAction":[{"@type":"SearchAction","target":{"@type":"EntryPoint","urlTemplate":"https:\/\/ucm.one\/de\/?s={search_term_string}"},"query-input":{"@type":"PropertyValueSpecification","valueRequired":true,"valueName":"search_term_string"}}],"inLanguage":"de"},{"@type":"Organization","@id":"https:\/\/ucm.one\/de\/#organization","name":"UCM.ONE","url":"https:\/\/ucm.one\/de\/","logo":{"@type":"ImageObject","inLanguage":"de","@id":"https:\/\/ucm.one\/de\/#\/schema\/logo\/image\/","url":"https:\/\/ucm.one\/wp-content\/uploads\/2019\/10\/UCM.ONE-Logo-RGB.svg","contentUrl":"https:\/\/ucm.one\/wp-content\/uploads\/2019\/10\/UCM.ONE-Logo-RGB.svg","width":1,"height":1,"caption":"UCM.ONE"},"image":{"@id":"https:\/\/ucm.one\/de\/#\/schema\/logo\/image\/"}},{"@type":"Person","@id":"https:\/\/ucm.one\/de\/#\/schema\/person\/4b959e467e8acc058836467a0ef8fa50","name":"Joachim Keil","image":{"@type":"ImageObject","inLanguage":"de","@id":"https:\/\/secure.gravatar.com\/avatar\/10e1dfd05f2a7a7bc83cd44bae31e01c8ac15f974229211a2b1a49fa0a22fec0?s=96&d=mm&r=g","url":"https:\/\/secure.gravatar.com\/avatar\/10e1dfd05f2a7a7bc83cd44bae31e01c8ac15f974229211a2b1a49fa0a22fec0?s=96&d=mm&r=g","contentUrl":"https:\/\/secure.gravatar.com\/avatar\/10e1dfd05f2a7a7bc83cd44bae31e01c8ac15f974229211a2b1a49fa0a22fec0?s=96&d=mm&r=g","caption":"Joachim Keil"},"sameAs":["https:\/\/ucm.one"]}]}},"_links":{"self":[{"href":"https:\/\/ucm.one\/de\/wp-json\/wp\/v2\/posts\/57447","targetHints":{"allow":["GET"]}}],"collection":[{"href":"https:\/\/ucm.one\/de\/wp-json\/wp\/v2\/posts"}],"about":[{"href":"https:\/\/ucm.one\/de\/wp-json\/wp\/v2\/types\/post"}],"author":[{"embeddable":true,"href":"https:\/\/ucm.one\/de\/wp-json\/wp\/v2\/users\/2"}],"replies":[{"embeddable":true,"href":"https:\/\/ucm.one\/de\/wp-json\/wp\/v2\/comments?post=57447"}],"version-history":[{"count":0,"href":"https:\/\/ucm.one\/de\/wp-json\/wp\/v2\/posts\/57447\/revisions"}],"wp:featuredmedia":[{"embeddable":true,"href":"https:\/\/ucm.one\/de\/wp-json\/wp\/v2\/media\/63354"}],"wp:attachment":[{"href":"https:\/\/ucm.one\/de\/wp-json\/wp\/v2\/media?parent=57447"}],"wp:term":[{"taxonomy":"category","embeddable":true,"href":"https:\/\/ucm.one\/de\/wp-json\/wp\/v2\/categories?post=57447"},{"taxonomy":"post_tag","embeddable":true,"href":"https:\/\/ucm.one\/de\/wp-json\/wp\/v2\/tags?post=57447"}],"curies":[{"name":"wp","href":"https:\/\/api.w.org\/{rel}","templated":true}]}}