{"id":57374,"date":"2021-10-17T11:48:31","date_gmt":"2021-10-17T11:48:31","guid":{"rendered":"https:\/\/ucm.one\/?p=57374"},"modified":"2023-03-10T09:33:03","modified_gmt":"2023-03-10T09:33:03","slug":"albtraeumer-gewinnt-beim-26-schlingel-festival-den-kinder-und-jugendfilmpreis-des-goethe-instituts","status":"publish","type":"post","link":"https:\/\/ucm.one\/de\/albtraeumer-gewinnt-beim-26-schlingel-festival-den-kinder-und-jugendfilmpreis-des-goethe-instituts\/","title":{"rendered":"&#8222;Albtr\u00e4umer&#8220; gewinnt beim 26. Schlingel Festival den Kinder- und Jugendfilmpreis des Goethe-Instituts"},"content":{"rendered":"<div class=\"wpb-content-wrapper\"><p>[vc_row][vc_column][vc_column_text]Wir freuen uns sehr, dass <strong>Philipp Klinger<\/strong>s Spielfilmdeb\u00fct &#8222;<strong>Albtr\u00e4umer<\/strong>&#8222;, der am 12. August von <span style=\"font-family: 'arial black', sans-serif;\"><strong>UCM.ONE<\/strong><\/span> auf dem Label <strong>Artkeim\u00b2<\/strong> ins Kino gebracht wurde, auf dem <strong>Chemnitzer Jugendfilmfestival Schlingel<\/strong> mit dem <em>&#8222;<strong>Kinder- und Jugendfilmpreis<\/strong>&#8222;<\/em> des <strong>Goethe-Institut<\/strong>s ausgezeichnet wurde.[\/vc_column_text][\/vc_column][\/vc_row][vc_row][vc_column width=&#8220;3\/4&#8243;][vc_column_text]Der mit <strong>Sarah Mahita<\/strong> und <strong>B\u00e9la Gabor Lenz<\/strong> in den Hauptrollen gro\u00dfartig besetzte Film \u00fcberzeugte die Jury durch seinen besonderen Mut, ein oftmals tabuisiertes Thema zu behandeln.[\/vc_column_text][vc_column_text]<span style=\"font-size: 14pt;\">Aus der Begr\u00fcndung der Jury:<\/span><\/p>\n<p><em>\u201eDer Kinder- und Jugendfilmpreis des Goethe-Instituts geht an einen Film, der die Jury durch seinen besonderen Mut ber\u00fchrt hat \u2013 den Mut, eine filmische Form f\u00fcr eine Thematik zu finden, \u00fcber die es nicht nur in Deutschland noch immer schwer f\u00e4llt zu sprechen. In starken und manchmal auch gewagten Bildern erz\u00e4hlt der Regisseur vom Umgang einer Familie mit dem Verlust des Bruders und Sohnes. Die Verdr\u00e4ngung und die Bet\u00e4ubung des Schmerzes stellt die Familie vor eine gro\u00dfe Zerrei\u00dfprobe. Erst der aufkeimende Zweifel und das Fragen der jungen Protagonistin nach Verantwortung weist einen Weg aus der Sprachlosigkeit. \u00a0<\/em>[\/vc_column_text][vc_column_text]<em>Das \u00fcberzeugende Drehbuch erzeugt einen kontinuierlichen Spannungsaufbau. Das intensive Schauspiel aller Darstellerinnen und Darsteller, aber insbesondere der beiden jugendlichen Protagonist:innen, geht unter die Haut, es ist authentisch, bewegend und zeugt von einer sehr tiefen Auseinandersetzung mit den Themen Selbstverletzung, seelischem Leid und Suizidgedanken. Dieses Langfilmdebut richtet sich in seiner Relevanz sowohl an ein jugendliches als auch an ein erwachsenes Publikum.\u201c<\/em>[\/vc_column_text][\/vc_column][vc_column width=&#8220;1\/4&#8243;][vc_single_image image=&#8220;50047&#8243; img_size=&#8220;full&#8220; onclick=&#8220;link_image&#8220;][\/vc_column][\/vc_row][vc_row][vc_column][vc_column_text]Das <strong>26. Internationale Filmfestival f\u00fcr Kinder und junges Publikum Schlingel<\/strong> fand dieses Jahr vom 09. bis 16. Oktober statt. Seit 1996 lockt das Festival mit au\u00dfergew\u00f6hnlichen und brandneuen Filmen kleine und gro\u00dfe Cineasten aus Chemnitz und Umgebung ins Kino &#8211; dieses Jahr kamen 17.000 Besucher. Neben dem Filmprogramm legt das Festival sein Augenmerk auch auf film- und medienp\u00e4dagogische Angebote f\u00fcr Kinderg\u00e4rten, Schulen und Horte. Die akkreditierten Fachbesucher k\u00f6nnen sich in Seminaren und Foren zu neuesten Trends und Fragen rund um das Thema Kinder- und Jugendfilm informieren.[\/vc_column_text][\/vc_column][\/vc_row][vc_row][vc_column width=&#8220;1\/2&#8243;][vc_single_image image=&#8220;53865&#8243; img_size=&#8220;full&#8220; onclick=&#8220;link_image&#8220;][\/vc_column][vc_column width=&#8220;1\/2&#8243;][vc_single_image image=&#8220;53818&#8243; img_size=&#8220;full&#8220; onclick=&#8220;link_image&#8220;][\/vc_column][\/vc_row][vc_row][vc_column][vc_video link=&#8220;https:\/\/youtu.be\/9B8oRESBcnw&#8220; title=&#8220;Albtr\u00e4umer | Trailer (deutsch) \u1d34\u1d30&#8220;][\/vc_column][\/vc_row][vc_row][vc_column][vc_column_text]Weitere Informationen \u00fcber den Film: <a title=\"Albtr\u00e4umer (2020) von Philipp Klinger | Artkeim\u00b2\" href=\"https:\/\/ucm.one\/de\/albtraeumer\/\">Albtr\u00e4umer<\/a>[\/vc_column_text][\/vc_column][\/vc_row]<\/p>\n<\/div>","protected":false},"excerpt":{"rendered":"<p>[vc_row][vc_column][vc_column_text]Wir freuen uns sehr, dass Philipp Klingers Spielfilmdeb\u00fct &#8222;Albtr\u00e4umer&#8222;, der am 12. August von UCM.ONE auf dem Label Artkeim\u00b2 ins Kino gebracht wurde, auf dem Chemnitzer Jugendfilmfestival Schlingel mit dem &#8222;Kinder- und Jugendfilmpreis&#8222; des Goethe-Instituts ausgezeichnet wurde.[\/vc_column_text][\/vc_column][\/vc_row][vc_row][vc_column width=&#8220;3\/4&#8243;][vc_column_text]Der mit Sarah Mahita und B\u00e9la Gabor Lenz in den Hauptrollen gro\u00dfartig besetzte Film \u00fcberzeugte die Jury durch&hellip;<\/p>\n","protected":false},"author":2,"featured_media":57377,"comment_status":"closed","ping_status":"closed","sticky":false,"template":"","format":"standard","meta":{"_acf_changed":false,"footnotes":""},"categories":[828,8,10,13,752,7528],"tags":[9441,2311,9444,9448,2350,9445,2312,4848,9447,3009,9449,2325,9442,9443,10521,5674,9446],"class_list":["post-57374","post","type-post","status-publish","format-standard","has-post-thumbnail","hentry","category-artkeim","category-film","category-kino","category-news","category-verleih","category-weltvertrieb","tag-albtraeumer","tag-artkeim","tag-bela-gabor-lenz","tag-biberach","tag-city-kino-wedding","tag-dark","tag-festival","tag-goethe-institut","tag-hofer-filmtage","tag-kino","tag-kurhaus","tag-netflix","tag-phillip-klinger","tag-sarah-mahita","tag-schlingel","tag-swr","tag-wir-sind-die-welle","category-828","category-8","category-10","category-13","category-752","category-7528","description-off"],"acf":[],"yoast_head":"<!-- This site is optimized with the Yoast SEO plugin v27.5 - https:\/\/yoast.com\/product\/yoast-seo-wordpress\/ -->\n<title>%title%<\/title>\n<meta name=\"description\" content=\"Das 26. Internationale Filmfestival f\u00fcr Kinder und junges Publikum SCHLiNGEL fand dieses Jahr vom 09. bis 16. Oktober statt.\" \/>\n<meta name=\"robots\" content=\"index, follow, max-snippet:-1, max-image-preview:large, max-video-preview:-1\" \/>\n<link rel=\"canonical\" href=\"https:\/\/ucm.one\/de\/albtraeumer-gewinnt-beim-26-schlingel-festival-den-kinder-und-jugendfilmpreis-des-goethe-instituts\/\" \/>\n<meta property=\"og:locale\" content=\"de_DE\" \/>\n<meta property=\"og:type\" content=\"article\" \/>\n<meta property=\"og:title\" content=\"%title%\" \/>\n<meta property=\"og:description\" content=\"Das 26. Internationale Filmfestival f\u00fcr Kinder und junges Publikum SCHLiNGEL fand dieses Jahr vom 09. bis 16. Oktober statt.\" \/>\n<meta property=\"og:url\" content=\"https:\/\/ucm.one\/de\/albtraeumer-gewinnt-beim-26-schlingel-festival-den-kinder-und-jugendfilmpreis-des-goethe-instituts\/\" \/>\n<meta property=\"og:site_name\" content=\"UCM.ONE\" \/>\n<meta property=\"article:published_time\" content=\"2021-10-17T11:48:31+00:00\" \/>\n<meta property=\"article:modified_time\" content=\"2023-03-10T09:33:03+00:00\" \/>\n<meta property=\"og:image\" content=\"https:\/\/ucm.one\/wp-content\/uploads\/2021\/10\/AlbtraeumerBanner_Schlingel.jpg\" \/>\n\t<meta property=\"og:image:width\" content=\"1920\" \/>\n\t<meta property=\"og:image:height\" content=\"600\" \/>\n\t<meta property=\"og:image:type\" content=\"image\/jpeg\" \/>\n<meta name=\"author\" content=\"Joachim Keil\" \/>\n<meta name=\"twitter:card\" content=\"summary_large_image\" \/>\n<meta name=\"twitter:label1\" content=\"Verfasst von\" \/>\n\t<meta name=\"twitter:data1\" content=\"Joachim Keil\" \/>\n\t<meta name=\"twitter:label2\" content=\"Gesch\u00e4tzte Lesezeit\" \/>\n\t<meta name=\"twitter:data2\" content=\"2\u00a0Minuten\" \/>\n<!-- \/ Yoast SEO plugin. -->","yoast_head_json":{"title":"%title%","description":"Das 26. Internationale Filmfestival f\u00fcr Kinder und junges Publikum SCHLiNGEL fand dieses Jahr vom 09. bis 16. Oktober statt.","robots":{"index":"index","follow":"follow","max-snippet":"max-snippet:-1","max-image-preview":"max-image-preview:large","max-video-preview":"max-video-preview:-1"},"canonical":"https:\/\/ucm.one\/de\/albtraeumer-gewinnt-beim-26-schlingel-festival-den-kinder-und-jugendfilmpreis-des-goethe-instituts\/","og_locale":"de_DE","og_type":"article","og_title":"%title%","og_description":"Das 26. Internationale Filmfestival f\u00fcr Kinder und junges Publikum SCHLiNGEL fand dieses Jahr vom 09. bis 16. Oktober statt.","og_url":"https:\/\/ucm.one\/de\/albtraeumer-gewinnt-beim-26-schlingel-festival-den-kinder-und-jugendfilmpreis-des-goethe-instituts\/","og_site_name":"UCM.ONE","article_published_time":"2021-10-17T11:48:31+00:00","article_modified_time":"2023-03-10T09:33:03+00:00","og_image":[{"width":1920,"height":600,"url":"https:\/\/ucm.one\/wp-content\/uploads\/2021\/10\/AlbtraeumerBanner_Schlingel.jpg","type":"image\/jpeg"}],"author":"Joachim Keil","twitter_card":"summary_large_image","twitter_misc":{"Verfasst von":"Joachim Keil","Gesch\u00e4tzte Lesezeit":"2\u00a0Minuten"},"schema":{"@context":"https:\/\/schema.org","@graph":[{"@type":"Article","@id":"https:\/\/ucm.one\/de\/albtraeumer-gewinnt-beim-26-schlingel-festival-den-kinder-und-jugendfilmpreis-des-goethe-instituts\/#article","isPartOf":{"@id":"https:\/\/ucm.one\/de\/albtraeumer-gewinnt-beim-26-schlingel-festival-den-kinder-und-jugendfilmpreis-des-goethe-instituts\/"},"author":{"name":"Joachim Keil","@id":"https:\/\/ucm.one\/de\/#\/schema\/person\/4b959e467e8acc058836467a0ef8fa50"},"headline":"&#8222;Albtr\u00e4umer&#8220; gewinnt beim 26. Schlingel Festival den Kinder- und Jugendfilmpreis des Goethe-Instituts","datePublished":"2021-10-17T11:48:31+00:00","dateModified":"2023-03-10T09:33:03+00:00","mainEntityOfPage":{"@id":"https:\/\/ucm.one\/de\/albtraeumer-gewinnt-beim-26-schlingel-festival-den-kinder-und-jugendfilmpreis-des-goethe-instituts\/"},"wordCount":485,"publisher":{"@id":"https:\/\/ucm.one\/de\/#organization"},"image":{"@id":"https:\/\/ucm.one\/de\/albtraeumer-gewinnt-beim-26-schlingel-festival-den-kinder-und-jugendfilmpreis-des-goethe-instituts\/#primaryimage"},"thumbnailUrl":"https:\/\/ucm.one\/wp-content\/uploads\/2021\/10\/AlbtraeumerBanner_Schlingel.jpg","keywords":["Albtr\u00e4umer","Artkeim\u00b2","B\u00e9la Gabor Lenz","Biberach","City Kino Wedding","Dark","Festival","Goethe-Institut","Hofer Filmtage","Kino","Kurhaus","Netflix","Phillip Klinger","Sarah Mahita","Schlingel","SWR","Wir sind die Welle"],"articleSection":["Artkeim\u00b2","Film","Kino","News","Verleih","Weltvertrieb"],"inLanguage":"de"},{"@type":"WebPage","@id":"https:\/\/ucm.one\/de\/albtraeumer-gewinnt-beim-26-schlingel-festival-den-kinder-und-jugendfilmpreis-des-goethe-instituts\/","url":"https:\/\/ucm.one\/de\/albtraeumer-gewinnt-beim-26-schlingel-festival-den-kinder-und-jugendfilmpreis-des-goethe-instituts\/","name":"%title%","isPartOf":{"@id":"https:\/\/ucm.one\/de\/#website"},"primaryImageOfPage":{"@id":"https:\/\/ucm.one\/de\/albtraeumer-gewinnt-beim-26-schlingel-festival-den-kinder-und-jugendfilmpreis-des-goethe-instituts\/#primaryimage"},"image":{"@id":"https:\/\/ucm.one\/de\/albtraeumer-gewinnt-beim-26-schlingel-festival-den-kinder-und-jugendfilmpreis-des-goethe-instituts\/#primaryimage"},"thumbnailUrl":"https:\/\/ucm.one\/wp-content\/uploads\/2021\/10\/AlbtraeumerBanner_Schlingel.jpg","datePublished":"2021-10-17T11:48:31+00:00","dateModified":"2023-03-10T09:33:03+00:00","description":"Das 26. Internationale Filmfestival f\u00fcr Kinder und junges Publikum SCHLiNGEL fand dieses Jahr vom 09. bis 16. Oktober statt.","breadcrumb":{"@id":"https:\/\/ucm.one\/de\/albtraeumer-gewinnt-beim-26-schlingel-festival-den-kinder-und-jugendfilmpreis-des-goethe-instituts\/#breadcrumb"},"inLanguage":"de","potentialAction":[{"@type":"ReadAction","target":["https:\/\/ucm.one\/de\/albtraeumer-gewinnt-beim-26-schlingel-festival-den-kinder-und-jugendfilmpreis-des-goethe-instituts\/"]}]},{"@type":"ImageObject","inLanguage":"de","@id":"https:\/\/ucm.one\/de\/albtraeumer-gewinnt-beim-26-schlingel-festival-den-kinder-und-jugendfilmpreis-des-goethe-instituts\/#primaryimage","url":"https:\/\/ucm.one\/wp-content\/uploads\/2021\/10\/AlbtraeumerBanner_Schlingel.jpg","contentUrl":"https:\/\/ucm.one\/wp-content\/uploads\/2021\/10\/AlbtraeumerBanner_Schlingel.jpg","width":1920,"height":600},{"@type":"BreadcrumbList","@id":"https:\/\/ucm.one\/de\/albtraeumer-gewinnt-beim-26-schlingel-festival-den-kinder-und-jugendfilmpreis-des-goethe-instituts\/#breadcrumb","itemListElement":[{"@type":"ListItem","position":1,"name":"Home","item":"https:\/\/ucm.one\/de\/"},{"@type":"ListItem","position":2,"name":"&#8222;Albtr\u00e4umer&#8220; gewinnt beim 26. Schlingel Festival den Kinder- und Jugendfilmpreis des Goethe-Instituts"}]},{"@type":"WebSite","@id":"https:\/\/ucm.one\/de\/#website","url":"https:\/\/ucm.one\/de\/","name":"UCM.ONE","description":"","publisher":{"@id":"https:\/\/ucm.one\/de\/#organization"},"potentialAction":[{"@type":"SearchAction","target":{"@type":"EntryPoint","urlTemplate":"https:\/\/ucm.one\/de\/?s={search_term_string}"},"query-input":{"@type":"PropertyValueSpecification","valueRequired":true,"valueName":"search_term_string"}}],"inLanguage":"de"},{"@type":"Organization","@id":"https:\/\/ucm.one\/de\/#organization","name":"UCM.ONE","url":"https:\/\/ucm.one\/de\/","logo":{"@type":"ImageObject","inLanguage":"de","@id":"https:\/\/ucm.one\/de\/#\/schema\/logo\/image\/","url":"https:\/\/ucm.one\/wp-content\/uploads\/2019\/10\/UCM.ONE-Logo-RGB.svg","contentUrl":"https:\/\/ucm.one\/wp-content\/uploads\/2019\/10\/UCM.ONE-Logo-RGB.svg","width":1,"height":1,"caption":"UCM.ONE"},"image":{"@id":"https:\/\/ucm.one\/de\/#\/schema\/logo\/image\/"}},{"@type":"Person","@id":"https:\/\/ucm.one\/de\/#\/schema\/person\/4b959e467e8acc058836467a0ef8fa50","name":"Joachim Keil","image":{"@type":"ImageObject","inLanguage":"de","@id":"https:\/\/secure.gravatar.com\/avatar\/10e1dfd05f2a7a7bc83cd44bae31e01c8ac15f974229211a2b1a49fa0a22fec0?s=96&d=mm&r=g","url":"https:\/\/secure.gravatar.com\/avatar\/10e1dfd05f2a7a7bc83cd44bae31e01c8ac15f974229211a2b1a49fa0a22fec0?s=96&d=mm&r=g","contentUrl":"https:\/\/secure.gravatar.com\/avatar\/10e1dfd05f2a7a7bc83cd44bae31e01c8ac15f974229211a2b1a49fa0a22fec0?s=96&d=mm&r=g","caption":"Joachim Keil"},"sameAs":["https:\/\/ucm.one"]}]}},"_links":{"self":[{"href":"https:\/\/ucm.one\/de\/wp-json\/wp\/v2\/posts\/57374","targetHints":{"allow":["GET"]}}],"collection":[{"href":"https:\/\/ucm.one\/de\/wp-json\/wp\/v2\/posts"}],"about":[{"href":"https:\/\/ucm.one\/de\/wp-json\/wp\/v2\/types\/post"}],"author":[{"embeddable":true,"href":"https:\/\/ucm.one\/de\/wp-json\/wp\/v2\/users\/2"}],"replies":[{"embeddable":true,"href":"https:\/\/ucm.one\/de\/wp-json\/wp\/v2\/comments?post=57374"}],"version-history":[{"count":0,"href":"https:\/\/ucm.one\/de\/wp-json\/wp\/v2\/posts\/57374\/revisions"}],"wp:featuredmedia":[{"embeddable":true,"href":"https:\/\/ucm.one\/de\/wp-json\/wp\/v2\/media\/57377"}],"wp:attachment":[{"href":"https:\/\/ucm.one\/de\/wp-json\/wp\/v2\/media?parent=57374"}],"wp:term":[{"taxonomy":"category","embeddable":true,"href":"https:\/\/ucm.one\/de\/wp-json\/wp\/v2\/categories?post=57374"},{"taxonomy":"post_tag","embeddable":true,"href":"https:\/\/ucm.one\/de\/wp-json\/wp\/v2\/tags?post=57374"}],"curies":[{"name":"wp","href":"https:\/\/api.w.org\/{rel}","templated":true}]}}