{"id":57224,"date":"2021-10-11T00:01:13","date_gmt":"2021-10-11T00:01:13","guid":{"rendered":"https:\/\/ucm.one\/?p=57224"},"modified":"2023-03-10T09:22:16","modified_gmt":"2023-03-10T09:22:16","slug":"cyst-mit-eva-habermann-und-jason-douglas-am-16-oktober-in-koeln-im-kino","status":"publish","type":"post","link":"https:\/\/ucm.one\/de\/cyst-mit-eva-habermann-und-jason-douglas-am-16-oktober-in-koeln-im-kino\/","title":{"rendered":"&#8222;Cyst&#8220; mit Eva Habermann und Jason Douglas am 16. Oktober in K\u00f6ln im Kino"},"content":{"rendered":"<div class=\"wpb-content-wrapper\"><p>[vc_row][vc_column][vc_column_text]<\/p>\n<div>\n<p>Am 16. Oktober um 19:30 Uhr gibt es die einmalige M\u00f6glichkeit, die Creature-Horror-Kom\u00f6die &#8222;<strong>Cyst<\/strong>&#8220; in K\u00f6ln bei einer exklusiven Kinovorf\u00fchrung auf der gro\u00dfen Leinwand vor dem offiziellen Start zu sehen. Die Vorf\u00fchrung wird pr\u00e4sentiert von der <strong>Filmb\u00f6rse K\u00f6ln<\/strong> und <strong>filmclub 813<\/strong>!<\/p>\n<\/div>\n<p>[\/vc_column_text][\/vc_column][\/vc_row][vc_row][vc_column width=&#8220;3\/4&#8243;][vc_column_text]<\/p>\n<div>\n<p>Hauptdarstellerin <strong>Eva Habermann<\/strong>, die den Film auch mitproduziert hat, und ihr Ensemble-Kollege <strong>Jason Douglas<\/strong>, der sp\u00e4testens seit &#8222;<strong>The Walking Dead<\/strong>&#8220; allen Horrorfans bekannt sein d\u00fcrfte, sind vor Ort und beantworten nach dem Film bei einem Q&amp;A die Fragen des Publikums. Horrorfans k\u00f6nnen sich also auf einen Abend voller Blut, Schleim, Eiter und gutgelaunter Stars freuen!<\/p>\n<\/div>\n<p>[\/vc_column_text][vc_column_text]<\/p>\n<div>\n<p>Die Tickets sind limitiert \u2013 es gibt nur 60 Pl\u00e4tze, Tickets k\u00f6nnen online bestellt werden, Adresse weiter unten. &#8222;<strong>Cyst<\/strong>&#8220; wird am 22. Oktober als Premium-VoD und am 12. November von <span style=\"font-family: 'arial black', sans-serif;\"><strong>UCM.ONE<\/strong><\/span> auf dem Label <strong>B-Spree Pictures<\/strong> als Mediabook, DVD und Blu-ray ver\u00f6ffentlicht.<\/p>\n<\/div>\n<p>[\/vc_column_text][vc_column_text]<\/p>\n<div>\n<p>Mehr Infos zur Vorf\u00fchrung:<\/p>\n<\/div>\n<div>\n<p><strong>Ort:<\/strong> <strong>Filmclub 813<\/strong> in der <strong>Br\u00fccke<\/strong>, Hahnenstra\u00dfe 6, 50667 K\u00f6ln<\/p>\n<\/div>\n<div>\n<p><strong>Eintritt:<\/strong> 12.- Euro, Tickets gibt es hier: cyst@houseofhorrors.events<\/p>\n<\/div>\n<div>\n<p>Einlass \/ Begr\u00fc\u00dfung ab 19:30 Uhr<\/p>\n<\/div>\n<div>\n<p>Beginn des Films 20:00 Uhr<\/p>\n<\/div>\n<div>\n<p>Anschlie\u00dfend Q&amp;A mit <strong>Eva Habermann<\/strong> und <strong>Jason Douglas<\/strong><\/p>\n<\/div>\n<div>\n<p>Es gelten die 3G-Regeln: Geimpft, genesen oder getestet \u2013 Test nicht \u00e4lter als 24 Stunden<\/p>\n<\/div>\n<p>[\/vc_column_text][\/vc_column][vc_column width=&#8220;1\/4&#8243;][vc_single_image image=&#8220;54896&#8243; img_size=&#8220;full&#8220; onclick=&#8220;link_image&#8220;][\/vc_column][\/vc_row][vc_row][vc_column][vc_column_text]<span style=\"font-size: 14pt;\">Und darum geht es:<\/span><\/p>\n<div>\n<p>USA in den 1960ern: Der Hautarzt Dr. Guy (George Hardy) ist besessen davon, auf dem Gebiet der Zytologie einen revolution\u00e4ren Durchbruch zu erzielen. Dazu hat er eine Apparatur entwickelt, die mittels eines Laserstrahls und einer Absaugvorrichtung Zysten jeglicher Gr\u00f6\u00dfe, f\u00fcr den Patienten minimal invasiv, entfernen kann.<\/p>\n<\/div>\n<p>[\/vc_column_text][vc_column_text]<\/p>\n<div>\n<p>Der gro\u00dfe Tag ist gekommen &#8211; nach einem Scheitern bei der ersten Pr\u00e4sentation soll nun die Kommission des Patentamts von der Funktionsweise des Apparates \u00fcberzeugt werden. Krankenschwester Patricia (Eva Habermann), die am eigenen Leibe erfahren hat, dass der Apparat noch lange nicht ausgereift ist und die deshalb heute ihrem letzten Arbeitstag und dem Ende ihrer Schicht entgegenfiebert, assistiert Dr. Guy bei der Demonstration.<\/p>\n<\/div>\n<p>[\/vc_column_text][\/vc_column][\/vc_row][vc_row][vc_column width=&#8220;1\/2&#8243;][vc_single_image image=&#8220;57230&#8243; img_size=&#8220;full&#8220; onclick=&#8220;link_image&#8220;][\/vc_column][vc_column width=&#8220;1\/2&#8243;][vc_single_image image=&#8220;57233&#8243; img_size=&#8220;full&#8220; onclick=&#8220;link_image&#8220;][\/vc_column][\/vc_row][vc_row][vc_column][vc_column_text]Hierzu wurde ein Patient ausgew\u00e4hlt, auf dessen R\u00fccken eine riesige Zyste gewachsen ist. Doch der Eingriff geht schief. Der Patient stirbt und ein riesiges Zystenmonster macht sich auf die Jagd nach jedem, der die Klinik nicht rechtzeitig verlassen konnte. Dabei frisst und absorbiert es die Menschen nach Lust und Laune in einem Blut- und Schleimbad von unvorstellbarem Ausma\u00df\u2026[\/vc_column_text][\/vc_column][\/vc_row][vc_row][vc_column][vc_separator][\/vc_column][\/vc_row][vc_row][vc_column][vc_video link=&#8220;https:\/\/youtu.be\/H6-vZV_HBRc&#8220; title=&#8220;Cyst | Trailer (deutsch) \u1d34\u1d30&#8220;][\/vc_column][\/vc_row][vc_row][vc_column][vc_column_text]Weitere Informationen \u00fcber den Film: <a title=\"Cyst (2020) von Tyler Russell | B-Spree Pictures\" href=\"https:\/\/ucm.one\/de\/cyst\/\">Cyst<\/a>[\/vc_column_text][\/vc_column][\/vc_row]<\/p>\n<\/div>","protected":false},"excerpt":{"rendered":"<p>[vc_row][vc_column][vc_column_text] Am 16. Oktober um 19:30 Uhr gibt es die einmalige M\u00f6glichkeit, die Creature-Horror-Kom\u00f6die &#8222;Cyst&#8220; in K\u00f6ln bei einer exklusiven Kinovorf\u00fchrung auf der gro\u00dfen Leinwand vor dem offiziellen Start zu sehen. Die Vorf\u00fchrung wird pr\u00e4sentiert von der Filmb\u00f6rse K\u00f6ln und filmclub 813! [\/vc_column_text][\/vc_column][\/vc_row][vc_row][vc_column width=&#8220;3\/4&#8243;][vc_column_text] Hauptdarstellerin Eva Habermann, die den Film auch mitproduziert hat, und ihr&hellip;<\/p>\n","protected":false},"author":2,"featured_media":57227,"comment_status":"closed","ping_status":"closed","sticky":false,"template":"","format":"standard","meta":{"_acf_changed":false,"footnotes":""},"categories":[9377,8,10,13,752],"tags":[10487,9380,10483,10478,10479,10484,10485,10481,2332,10486,10480,2804,10482],"class_list":["post-57224","post","type-post","status-publish","format-standard","has-post-thumbnail","hentry","category-b-spree-pictures","category-film","category-kino","category-news","category-verleih","tag-3g-regeln","tag-b-spree-pictures","tag-creature","tag-cyst","tag-eva-habermann","tag-filmboerse-koeln","tag-filmclub-813","tag-george-hardy","tag-horror","tag-house-of-horrors","tag-jason-douglas","tag-komoedie","tag-kreatur","category-9377","category-8","category-10","category-13","category-752","description-off"],"acf":[],"yoast_head":"<!-- This site is optimized with the Yoast SEO plugin v27.5 - https:\/\/yoast.com\/product\/yoast-seo-wordpress\/ -->\n<title>%title%<\/title>\n<meta name=\"description\" content=\"Hauptdarstellerin Eva Haberman und ihr Ensemble-Kollege Jason Douglas (bekannt aus &quot;The Walking Dead&quot;) sind vor Ort mit dabei.\" \/>\n<meta name=\"robots\" content=\"index, follow, max-snippet:-1, max-image-preview:large, max-video-preview:-1\" \/>\n<link rel=\"canonical\" href=\"https:\/\/ucm.one\/de\/cyst-mit-eva-habermann-und-jason-douglas-am-16-oktober-in-koeln-im-kino\/\" \/>\n<meta property=\"og:locale\" content=\"de_DE\" \/>\n<meta property=\"og:type\" content=\"article\" \/>\n<meta property=\"og:title\" content=\"%title%\" \/>\n<meta property=\"og:description\" content=\"Hauptdarstellerin Eva Haberman und ihr Ensemble-Kollege Jason Douglas (bekannt aus &quot;The Walking Dead&quot;) sind vor Ort mit dabei.\" \/>\n<meta property=\"og:url\" content=\"https:\/\/ucm.one\/de\/cyst-mit-eva-habermann-und-jason-douglas-am-16-oktober-in-koeln-im-kino\/\" \/>\n<meta property=\"og:site_name\" content=\"UCM.ONE\" \/>\n<meta property=\"article:published_time\" content=\"2021-10-11T00:01:13+00:00\" \/>\n<meta property=\"article:modified_time\" content=\"2023-03-10T09:22:16+00:00\" \/>\n<meta property=\"og:image\" content=\"https:\/\/ucm.one\/wp-content\/uploads\/2021\/10\/B-Cyst-Kino-Koeln.jpg\" \/>\n\t<meta property=\"og:image:width\" content=\"1920\" \/>\n\t<meta property=\"og:image:height\" content=\"600\" \/>\n\t<meta property=\"og:image:type\" content=\"image\/jpeg\" \/>\n<meta name=\"author\" content=\"Joachim Keil\" \/>\n<meta name=\"twitter:card\" content=\"summary_large_image\" \/>\n<meta name=\"twitter:label1\" content=\"Verfasst von\" \/>\n\t<meta name=\"twitter:data1\" content=\"Joachim Keil\" \/>\n\t<meta name=\"twitter:label2\" content=\"Gesch\u00e4tzte Lesezeit\" \/>\n\t<meta name=\"twitter:data2\" content=\"3\u00a0Minuten\" \/>\n<!-- \/ Yoast SEO plugin. -->","yoast_head_json":{"title":"%title%","description":"Hauptdarstellerin Eva Haberman und ihr Ensemble-Kollege Jason Douglas (bekannt aus \"The Walking Dead\") sind vor Ort mit dabei.","robots":{"index":"index","follow":"follow","max-snippet":"max-snippet:-1","max-image-preview":"max-image-preview:large","max-video-preview":"max-video-preview:-1"},"canonical":"https:\/\/ucm.one\/de\/cyst-mit-eva-habermann-und-jason-douglas-am-16-oktober-in-koeln-im-kino\/","og_locale":"de_DE","og_type":"article","og_title":"%title%","og_description":"Hauptdarstellerin Eva Haberman und ihr Ensemble-Kollege Jason Douglas (bekannt aus \"The Walking Dead\") sind vor Ort mit dabei.","og_url":"https:\/\/ucm.one\/de\/cyst-mit-eva-habermann-und-jason-douglas-am-16-oktober-in-koeln-im-kino\/","og_site_name":"UCM.ONE","article_published_time":"2021-10-11T00:01:13+00:00","article_modified_time":"2023-03-10T09:22:16+00:00","og_image":[{"width":1920,"height":600,"url":"https:\/\/ucm.one\/wp-content\/uploads\/2021\/10\/B-Cyst-Kino-Koeln.jpg","type":"image\/jpeg"}],"author":"Joachim Keil","twitter_card":"summary_large_image","twitter_misc":{"Verfasst von":"Joachim Keil","Gesch\u00e4tzte Lesezeit":"3\u00a0Minuten"},"schema":{"@context":"https:\/\/schema.org","@graph":[{"@type":"Article","@id":"https:\/\/ucm.one\/de\/cyst-mit-eva-habermann-und-jason-douglas-am-16-oktober-in-koeln-im-kino\/#article","isPartOf":{"@id":"https:\/\/ucm.one\/de\/cyst-mit-eva-habermann-und-jason-douglas-am-16-oktober-in-koeln-im-kino\/"},"author":{"name":"Joachim Keil","@id":"https:\/\/ucm.one\/de\/#\/schema\/person\/4b959e467e8acc058836467a0ef8fa50"},"headline":"&#8222;Cyst&#8220; mit Eva Habermann und Jason Douglas am 16. Oktober in K\u00f6ln im Kino","datePublished":"2021-10-11T00:01:13+00:00","dateModified":"2023-03-10T09:22:16+00:00","mainEntityOfPage":{"@id":"https:\/\/ucm.one\/de\/cyst-mit-eva-habermann-und-jason-douglas-am-16-oktober-in-koeln-im-kino\/"},"wordCount":574,"publisher":{"@id":"https:\/\/ucm.one\/de\/#organization"},"image":{"@id":"https:\/\/ucm.one\/de\/cyst-mit-eva-habermann-und-jason-douglas-am-16-oktober-in-koeln-im-kino\/#primaryimage"},"thumbnailUrl":"https:\/\/ucm.one\/wp-content\/uploads\/2021\/10\/B-Cyst-Kino-Koeln.jpg","keywords":["3G-Regeln","B-Spree Pictures","Creature","Cyst","Eva Habermann","Filmb\u00f6rse K\u00f6ln","filmclub 813","George Hardy","Horror","House of Horrors","Jason Douglas","Kom\u00f6die","Kreatur"],"articleSection":["B-Spree Pictures","Film","Kino","News","Verleih"],"inLanguage":"de"},{"@type":"WebPage","@id":"https:\/\/ucm.one\/de\/cyst-mit-eva-habermann-und-jason-douglas-am-16-oktober-in-koeln-im-kino\/","url":"https:\/\/ucm.one\/de\/cyst-mit-eva-habermann-und-jason-douglas-am-16-oktober-in-koeln-im-kino\/","name":"%title%","isPartOf":{"@id":"https:\/\/ucm.one\/de\/#website"},"primaryImageOfPage":{"@id":"https:\/\/ucm.one\/de\/cyst-mit-eva-habermann-und-jason-douglas-am-16-oktober-in-koeln-im-kino\/#primaryimage"},"image":{"@id":"https:\/\/ucm.one\/de\/cyst-mit-eva-habermann-und-jason-douglas-am-16-oktober-in-koeln-im-kino\/#primaryimage"},"thumbnailUrl":"https:\/\/ucm.one\/wp-content\/uploads\/2021\/10\/B-Cyst-Kino-Koeln.jpg","datePublished":"2021-10-11T00:01:13+00:00","dateModified":"2023-03-10T09:22:16+00:00","description":"Hauptdarstellerin Eva Haberman und ihr Ensemble-Kollege Jason Douglas (bekannt aus \"The Walking Dead\") sind vor Ort mit dabei.","breadcrumb":{"@id":"https:\/\/ucm.one\/de\/cyst-mit-eva-habermann-und-jason-douglas-am-16-oktober-in-koeln-im-kino\/#breadcrumb"},"inLanguage":"de","potentialAction":[{"@type":"ReadAction","target":["https:\/\/ucm.one\/de\/cyst-mit-eva-habermann-und-jason-douglas-am-16-oktober-in-koeln-im-kino\/"]}]},{"@type":"ImageObject","inLanguage":"de","@id":"https:\/\/ucm.one\/de\/cyst-mit-eva-habermann-und-jason-douglas-am-16-oktober-in-koeln-im-kino\/#primaryimage","url":"https:\/\/ucm.one\/wp-content\/uploads\/2021\/10\/B-Cyst-Kino-Koeln.jpg","contentUrl":"https:\/\/ucm.one\/wp-content\/uploads\/2021\/10\/B-Cyst-Kino-Koeln.jpg","width":1920,"height":600},{"@type":"BreadcrumbList","@id":"https:\/\/ucm.one\/de\/cyst-mit-eva-habermann-und-jason-douglas-am-16-oktober-in-koeln-im-kino\/#breadcrumb","itemListElement":[{"@type":"ListItem","position":1,"name":"Home","item":"https:\/\/ucm.one\/de\/"},{"@type":"ListItem","position":2,"name":"&#8222;Cyst&#8220; mit Eva Habermann und Jason Douglas am 16. Oktober in K\u00f6ln im Kino"}]},{"@type":"WebSite","@id":"https:\/\/ucm.one\/de\/#website","url":"https:\/\/ucm.one\/de\/","name":"UCM.ONE","description":"","publisher":{"@id":"https:\/\/ucm.one\/de\/#organization"},"potentialAction":[{"@type":"SearchAction","target":{"@type":"EntryPoint","urlTemplate":"https:\/\/ucm.one\/de\/?s={search_term_string}"},"query-input":{"@type":"PropertyValueSpecification","valueRequired":true,"valueName":"search_term_string"}}],"inLanguage":"de"},{"@type":"Organization","@id":"https:\/\/ucm.one\/de\/#organization","name":"UCM.ONE","url":"https:\/\/ucm.one\/de\/","logo":{"@type":"ImageObject","inLanguage":"de","@id":"https:\/\/ucm.one\/de\/#\/schema\/logo\/image\/","url":"https:\/\/ucm.one\/wp-content\/uploads\/2019\/10\/UCM.ONE-Logo-RGB.svg","contentUrl":"https:\/\/ucm.one\/wp-content\/uploads\/2019\/10\/UCM.ONE-Logo-RGB.svg","width":1,"height":1,"caption":"UCM.ONE"},"image":{"@id":"https:\/\/ucm.one\/de\/#\/schema\/logo\/image\/"}},{"@type":"Person","@id":"https:\/\/ucm.one\/de\/#\/schema\/person\/4b959e467e8acc058836467a0ef8fa50","name":"Joachim Keil","image":{"@type":"ImageObject","inLanguage":"de","@id":"https:\/\/secure.gravatar.com\/avatar\/10e1dfd05f2a7a7bc83cd44bae31e01c8ac15f974229211a2b1a49fa0a22fec0?s=96&d=mm&r=g","url":"https:\/\/secure.gravatar.com\/avatar\/10e1dfd05f2a7a7bc83cd44bae31e01c8ac15f974229211a2b1a49fa0a22fec0?s=96&d=mm&r=g","contentUrl":"https:\/\/secure.gravatar.com\/avatar\/10e1dfd05f2a7a7bc83cd44bae31e01c8ac15f974229211a2b1a49fa0a22fec0?s=96&d=mm&r=g","caption":"Joachim Keil"},"sameAs":["https:\/\/ucm.one"]}]}},"_links":{"self":[{"href":"https:\/\/ucm.one\/de\/wp-json\/wp\/v2\/posts\/57224","targetHints":{"allow":["GET"]}}],"collection":[{"href":"https:\/\/ucm.one\/de\/wp-json\/wp\/v2\/posts"}],"about":[{"href":"https:\/\/ucm.one\/de\/wp-json\/wp\/v2\/types\/post"}],"author":[{"embeddable":true,"href":"https:\/\/ucm.one\/de\/wp-json\/wp\/v2\/users\/2"}],"replies":[{"embeddable":true,"href":"https:\/\/ucm.one\/de\/wp-json\/wp\/v2\/comments?post=57224"}],"version-history":[{"count":0,"href":"https:\/\/ucm.one\/de\/wp-json\/wp\/v2\/posts\/57224\/revisions"}],"wp:featuredmedia":[{"embeddable":true,"href":"https:\/\/ucm.one\/de\/wp-json\/wp\/v2\/media\/57227"}],"wp:attachment":[{"href":"https:\/\/ucm.one\/de\/wp-json\/wp\/v2\/media?parent=57224"}],"wp:term":[{"taxonomy":"category","embeddable":true,"href":"https:\/\/ucm.one\/de\/wp-json\/wp\/v2\/categories?post=57224"},{"taxonomy":"post_tag","embeddable":true,"href":"https:\/\/ucm.one\/de\/wp-json\/wp\/v2\/tags?post=57224"}],"curies":[{"name":"wp","href":"https:\/\/api.w.org\/{rel}","templated":true}]}}