{"id":57139,"date":"2021-10-08T03:39:14","date_gmt":"2021-10-08T03:39:14","guid":{"rendered":"https:\/\/ucm.one\/?p=57139"},"modified":"2023-03-09T16:28:03","modified_gmt":"2023-03-09T16:28:03","slug":"tuxedo-veoeffentlicht-die-integrate-ep-auf-dem-label-plastic-city","status":"publish","type":"post","link":"https:\/\/ucm.one\/de\/tuxedo-veoeffentlicht-die-integrate-ep-auf-dem-label-plastic-city\/","title":{"rendered":"Tuxedo ve\u00f6ffentlicht die &#8222;Integrate EP&#8220; auf dem Label Plastic City"},"content":{"rendered":"<div class=\"wpb-content-wrapper\"><p>[vc_row][vc_column][vc_column_text]Die <strong>Plastic City<\/strong> Familie ist international. Aus Polen stammt <strong>Tuxedo<\/strong>, der seit Jahren vielen europ\u00e4ischen Radiostationen als DJ seinen musikalischen Stempel aufdr\u00fcckt. Er besitzt \u00fcber 3.000 Schallplatten, aber vor allen ist es seine eigene Musik, die beeindruckt. Drei Tracks vereint seine neue EP mit dem Titel &#8222;<strong>Integrate<\/strong>&#8222;. &#8222;<strong>Sin<\/strong>&#8222;, &#8222;<strong>Dragon Lore<\/strong>&#8220; und im Mittelpunkt eben der Titel Track &#8222;<strong>Integrate<\/strong>&#8222;.[\/vc_column_text][\/vc_column][\/vc_row][vc_row][vc_column width=&#8220;3\/4&#8220;][vc_column_text]Mit den drei Songs sind <strong>Tuxedo<\/strong> wieder kleine Hymnen f\u00fcr den Dance Floor gelungen. Alles lie\u00dft zun\u00e4chst leicht dahin und baut sich kontinuierlich zu einem Harmonisches Sequenzer Sturm auf. Ein Gef\u00fchl von Gl\u00fcck und Harmonie, das uns alle verbindet, zu einer fetten gemeinsamen europ\u00e4ischen Party.[\/vc_column_text][\/vc_column][vc_column width=&#8220;1\/4&#8243;][vc_empty_space height=&#8220;27px&#8220;][vc_btn title=&#8220;Download \/ Streaming&#8220; style=&#8220;flat&#8220; color=&#8220;sky&#8220; size=&#8220;sm&#8220; align=&#8220;center&#8220; i_icon_fontawesome=&#8220;fas fa-external-link-alt&#8220; button_block=&#8220;true&#8220; add_icon=&#8220;true&#8220; custom_onclick=&#8220;true&#8220; link=&#8220;url:https%3A%2F%2Fsnd.click%2Fintegrate|title:Integrate%20EP|target:_blank&#8220; css=&#8220;.vc_custom_1633737109385{margin-top: -20px !important;}&#8220;][vc_empty_space height=&#8220;20px&#8220;][\/vc_column][\/vc_row][vc_row][vc_column][vc_video link=&#8220;https:\/\/www.youtube.com\/watch?v=6_DoH_qVKaA&#8220; title=&#8220;Tuxedo &#8211; Integrate ( Plastic City Suburbia) | Teaser&#8220;][\/vc_column][\/vc_row][vc_row][vc_column][vc_column_text]Weitere Informationen \u00fcber das Label: <a title=\"Plastic City Suburbia\" href=\"https:\/\/ucm.one\/de\/musik-labels\/plastic-city\/\" target=\"_blank\" rel=\"noopener\">Plastic City Suburbia<\/a>[\/vc_column_text][\/vc_column][\/vc_row]<\/p>\n<\/div>","protected":false},"excerpt":{"rendered":"<p>[vc_row][vc_column][vc_column_text]Die Plastic City Familie ist international. Aus Polen stammt Tuxedo, der seit Jahren vielen europ\u00e4ischen Radiostationen als DJ seinen musikalischen Stempel aufdr\u00fcckt. Er besitzt \u00fcber 3.000 Schallplatten, aber vor allen ist es seine eigene Musik, die beeindruckt. Drei Tracks vereint seine neue EP mit dem Titel &#8222;Integrate&#8222;. &#8222;Sin&#8222;, &#8222;Dragon Lore&#8220; und im Mittelpunkt eben der&hellip;<\/p>\n","protected":false},"author":2,"featured_media":57145,"comment_status":"closed","ping_status":"closed","sticky":false,"template":"","format":"standard","meta":{"_acf_changed":false,"footnotes":""},"categories":[9,13,802,5515],"tags":[2298,10457,2303,5519,2304,2307,2308],"class_list":["post-57139","post","type-post","status-publish","format-standard","has-post-thumbnail","hentry","category-musik","category-news","category-plastic-city","category-plastic-city-suburbia","tag-deep-house","tag-integrate","tag-plastic-city","tag-plastic-city-suburbia","tag-polen","tag-tech-house","tag-tuxedo","category-9","category-13","category-802","category-5515","description-off"],"acf":[],"yoast_head":"<!-- This site is optimized with the Yoast SEO plugin v27.5 - https:\/\/yoast.com\/product\/yoast-seo-wordpress\/ -->\n<title>%title%<\/title>\n<meta name=\"description\" content=\"Aus Polen stammt Tuxedo, der seit Jahren vielen europ\u00e4ischen Radiostationen als DJ seinen musikalischen Stempel aufdr\u00fcckt.\" \/>\n<meta name=\"robots\" content=\"index, follow, max-snippet:-1, max-image-preview:large, max-video-preview:-1\" \/>\n<link rel=\"canonical\" href=\"https:\/\/ucm.one\/de\/tuxedo-veoeffentlicht-die-integrate-ep-auf-dem-label-plastic-city\/\" \/>\n<meta property=\"og:locale\" content=\"de_DE\" \/>\n<meta property=\"og:type\" content=\"article\" \/>\n<meta property=\"og:title\" content=\"%title%\" \/>\n<meta property=\"og:description\" content=\"Aus Polen stammt Tuxedo, der seit Jahren vielen europ\u00e4ischen Radiostationen als DJ seinen musikalischen Stempel aufdr\u00fcckt.\" \/>\n<meta property=\"og:url\" content=\"https:\/\/ucm.one\/de\/tuxedo-veoeffentlicht-die-integrate-ep-auf-dem-label-plastic-city\/\" \/>\n<meta property=\"og:site_name\" content=\"UCM.ONE\" \/>\n<meta property=\"article:published_time\" content=\"2021-10-08T03:39:14+00:00\" \/>\n<meta property=\"article:modified_time\" content=\"2023-03-09T16:28:03+00:00\" \/>\n<meta property=\"og:image\" content=\"https:\/\/ucm.one\/wp-content\/uploads\/2021\/10\/B-Tuxedo-Integrate.jpg\" \/>\n\t<meta property=\"og:image:width\" content=\"1920\" \/>\n\t<meta property=\"og:image:height\" content=\"600\" \/>\n\t<meta property=\"og:image:type\" content=\"image\/jpeg\" \/>\n<meta name=\"author\" content=\"Joachim Keil\" \/>\n<meta name=\"twitter:card\" content=\"summary_large_image\" \/>\n<meta name=\"twitter:label1\" content=\"Verfasst von\" \/>\n\t<meta name=\"twitter:data1\" content=\"Joachim Keil\" \/>\n\t<meta name=\"twitter:label2\" content=\"Gesch\u00e4tzte Lesezeit\" \/>\n\t<meta name=\"twitter:data2\" content=\"1\u00a0Minute\" \/>\n<!-- \/ Yoast SEO plugin. -->","yoast_head_json":{"title":"%title%","description":"Aus Polen stammt Tuxedo, der seit Jahren vielen europ\u00e4ischen Radiostationen als DJ seinen musikalischen Stempel aufdr\u00fcckt.","robots":{"index":"index","follow":"follow","max-snippet":"max-snippet:-1","max-image-preview":"max-image-preview:large","max-video-preview":"max-video-preview:-1"},"canonical":"https:\/\/ucm.one\/de\/tuxedo-veoeffentlicht-die-integrate-ep-auf-dem-label-plastic-city\/","og_locale":"de_DE","og_type":"article","og_title":"%title%","og_description":"Aus Polen stammt Tuxedo, der seit Jahren vielen europ\u00e4ischen Radiostationen als DJ seinen musikalischen Stempel aufdr\u00fcckt.","og_url":"https:\/\/ucm.one\/de\/tuxedo-veoeffentlicht-die-integrate-ep-auf-dem-label-plastic-city\/","og_site_name":"UCM.ONE","article_published_time":"2021-10-08T03:39:14+00:00","article_modified_time":"2023-03-09T16:28:03+00:00","og_image":[{"width":1920,"height":600,"url":"https:\/\/ucm.one\/wp-content\/uploads\/2021\/10\/B-Tuxedo-Integrate.jpg","type":"image\/jpeg"}],"author":"Joachim Keil","twitter_card":"summary_large_image","twitter_misc":{"Verfasst von":"Joachim Keil","Gesch\u00e4tzte Lesezeit":"1\u00a0Minute"},"schema":{"@context":"https:\/\/schema.org","@graph":[{"@type":"Article","@id":"https:\/\/ucm.one\/de\/tuxedo-veoeffentlicht-die-integrate-ep-auf-dem-label-plastic-city\/#article","isPartOf":{"@id":"https:\/\/ucm.one\/de\/tuxedo-veoeffentlicht-die-integrate-ep-auf-dem-label-plastic-city\/"},"author":{"name":"Joachim Keil","@id":"https:\/\/ucm.one\/de\/#\/schema\/person\/4b959e467e8acc058836467a0ef8fa50"},"headline":"Tuxedo ve\u00f6ffentlicht die &#8222;Integrate EP&#8220; auf dem Label Plastic City","datePublished":"2021-10-08T03:39:14+00:00","dateModified":"2023-03-09T16:28:03+00:00","mainEntityOfPage":{"@id":"https:\/\/ucm.one\/de\/tuxedo-veoeffentlicht-die-integrate-ep-auf-dem-label-plastic-city\/"},"wordCount":261,"publisher":{"@id":"https:\/\/ucm.one\/de\/#organization"},"image":{"@id":"https:\/\/ucm.one\/de\/tuxedo-veoeffentlicht-die-integrate-ep-auf-dem-label-plastic-city\/#primaryimage"},"thumbnailUrl":"https:\/\/ucm.one\/wp-content\/uploads\/2021\/10\/B-Tuxedo-Integrate.jpg","keywords":["Deep House","Integrate","Plastic City","Plastic City Suburbia","Polen","Tech-House","Tuxedo"],"articleSection":["Musik","News","Plastic City","Plastic City Suburbia"],"inLanguage":"de"},{"@type":"WebPage","@id":"https:\/\/ucm.one\/de\/tuxedo-veoeffentlicht-die-integrate-ep-auf-dem-label-plastic-city\/","url":"https:\/\/ucm.one\/de\/tuxedo-veoeffentlicht-die-integrate-ep-auf-dem-label-plastic-city\/","name":"%title%","isPartOf":{"@id":"https:\/\/ucm.one\/de\/#website"},"primaryImageOfPage":{"@id":"https:\/\/ucm.one\/de\/tuxedo-veoeffentlicht-die-integrate-ep-auf-dem-label-plastic-city\/#primaryimage"},"image":{"@id":"https:\/\/ucm.one\/de\/tuxedo-veoeffentlicht-die-integrate-ep-auf-dem-label-plastic-city\/#primaryimage"},"thumbnailUrl":"https:\/\/ucm.one\/wp-content\/uploads\/2021\/10\/B-Tuxedo-Integrate.jpg","datePublished":"2021-10-08T03:39:14+00:00","dateModified":"2023-03-09T16:28:03+00:00","description":"Aus Polen stammt Tuxedo, der seit Jahren vielen europ\u00e4ischen Radiostationen als DJ seinen musikalischen Stempel aufdr\u00fcckt.","breadcrumb":{"@id":"https:\/\/ucm.one\/de\/tuxedo-veoeffentlicht-die-integrate-ep-auf-dem-label-plastic-city\/#breadcrumb"},"inLanguage":"de","potentialAction":[{"@type":"ReadAction","target":["https:\/\/ucm.one\/de\/tuxedo-veoeffentlicht-die-integrate-ep-auf-dem-label-plastic-city\/"]}]},{"@type":"ImageObject","inLanguage":"de","@id":"https:\/\/ucm.one\/de\/tuxedo-veoeffentlicht-die-integrate-ep-auf-dem-label-plastic-city\/#primaryimage","url":"https:\/\/ucm.one\/wp-content\/uploads\/2021\/10\/B-Tuxedo-Integrate.jpg","contentUrl":"https:\/\/ucm.one\/wp-content\/uploads\/2021\/10\/B-Tuxedo-Integrate.jpg","width":1920,"height":600},{"@type":"BreadcrumbList","@id":"https:\/\/ucm.one\/de\/tuxedo-veoeffentlicht-die-integrate-ep-auf-dem-label-plastic-city\/#breadcrumb","itemListElement":[{"@type":"ListItem","position":1,"name":"Home","item":"https:\/\/ucm.one\/de\/"},{"@type":"ListItem","position":2,"name":"Tuxedo ve\u00f6ffentlicht die &#8220;Integrate EP&#8221; auf dem Label Plastic City"}]},{"@type":"WebSite","@id":"https:\/\/ucm.one\/de\/#website","url":"https:\/\/ucm.one\/de\/","name":"UCM.ONE","description":"","publisher":{"@id":"https:\/\/ucm.one\/de\/#organization"},"potentialAction":[{"@type":"SearchAction","target":{"@type":"EntryPoint","urlTemplate":"https:\/\/ucm.one\/de\/?s={search_term_string}"},"query-input":{"@type":"PropertyValueSpecification","valueRequired":true,"valueName":"search_term_string"}}],"inLanguage":"de"},{"@type":"Organization","@id":"https:\/\/ucm.one\/de\/#organization","name":"UCM.ONE","url":"https:\/\/ucm.one\/de\/","logo":{"@type":"ImageObject","inLanguage":"de","@id":"https:\/\/ucm.one\/de\/#\/schema\/logo\/image\/","url":"https:\/\/ucm.one\/wp-content\/uploads\/2019\/10\/UCM.ONE-Logo-RGB.svg","contentUrl":"https:\/\/ucm.one\/wp-content\/uploads\/2019\/10\/UCM.ONE-Logo-RGB.svg","width":1,"height":1,"caption":"UCM.ONE"},"image":{"@id":"https:\/\/ucm.one\/de\/#\/schema\/logo\/image\/"}},{"@type":"Person","@id":"https:\/\/ucm.one\/de\/#\/schema\/person\/4b959e467e8acc058836467a0ef8fa50","name":"Joachim Keil","image":{"@type":"ImageObject","inLanguage":"de","@id":"https:\/\/secure.gravatar.com\/avatar\/10e1dfd05f2a7a7bc83cd44bae31e01c8ac15f974229211a2b1a49fa0a22fec0?s=96&d=mm&r=g","url":"https:\/\/secure.gravatar.com\/avatar\/10e1dfd05f2a7a7bc83cd44bae31e01c8ac15f974229211a2b1a49fa0a22fec0?s=96&d=mm&r=g","contentUrl":"https:\/\/secure.gravatar.com\/avatar\/10e1dfd05f2a7a7bc83cd44bae31e01c8ac15f974229211a2b1a49fa0a22fec0?s=96&d=mm&r=g","caption":"Joachim Keil"},"sameAs":["https:\/\/ucm.one"]}]}},"_links":{"self":[{"href":"https:\/\/ucm.one\/de\/wp-json\/wp\/v2\/posts\/57139","targetHints":{"allow":["GET"]}}],"collection":[{"href":"https:\/\/ucm.one\/de\/wp-json\/wp\/v2\/posts"}],"about":[{"href":"https:\/\/ucm.one\/de\/wp-json\/wp\/v2\/types\/post"}],"author":[{"embeddable":true,"href":"https:\/\/ucm.one\/de\/wp-json\/wp\/v2\/users\/2"}],"replies":[{"embeddable":true,"href":"https:\/\/ucm.one\/de\/wp-json\/wp\/v2\/comments?post=57139"}],"version-history":[{"count":0,"href":"https:\/\/ucm.one\/de\/wp-json\/wp\/v2\/posts\/57139\/revisions"}],"wp:featuredmedia":[{"embeddable":true,"href":"https:\/\/ucm.one\/de\/wp-json\/wp\/v2\/media\/57145"}],"wp:attachment":[{"href":"https:\/\/ucm.one\/de\/wp-json\/wp\/v2\/media?parent=57139"}],"wp:term":[{"taxonomy":"category","embeddable":true,"href":"https:\/\/ucm.one\/de\/wp-json\/wp\/v2\/categories?post=57139"},{"taxonomy":"post_tag","embeddable":true,"href":"https:\/\/ucm.one\/de\/wp-json\/wp\/v2\/tags?post=57139"}],"curies":[{"name":"wp","href":"https:\/\/api.w.org\/{rel}","templated":true}]}}