{"id":56366,"date":"2021-09-07T12:37:47","date_gmt":"2021-09-07T12:37:47","guid":{"rendered":"https:\/\/ucm.one\/?p=56366"},"modified":"2023-03-10T09:33:14","modified_gmt":"2023-03-10T09:33:14","slug":"das-17-achtung-berlin-filmfestival-startet-heute-und-hat-zwei-filme-von-darling-berlin-im-programm","status":"publish","type":"post","link":"https:\/\/ucm.one\/de\/das-17-achtung-berlin-filmfestival-startet-heute-und-hat-zwei-filme-von-darling-berlin-im-programm\/","title":{"rendered":"Das 17. achtung berlin Filmfestival startet heute und hat zwei Filme von &#8222;Darling Berlin&#8220; im Programm"},"content":{"rendered":"<div class=\"wpb-content-wrapper\"><p>[vc_row][vc_column][vc_column_text]Das <strong>achtung berlin Filmfestival<\/strong>\u00a0startet heute in der 17. Ausgabe und wird bis zum 12. September viele neue Filme zeigen, die alle etwas mit oder rund um Berlin zu tun haben. Auch von unserem Filmlabel <strong>Darling Berlin<\/strong> sind mit &#8222;<strong>Notes of Berlin<\/strong>&#8220; von <strong>Mariejosephin Schneider<\/strong> sowie &#8222;<strong>Nico<\/strong>&#8220; von\u00a0<strong>Eline Gehring\u00a0<\/strong>zwei Filme mit im Programm. Der Film &#8222;<strong>Nico<\/strong>&#8220;\u00a0\u00a0wird zudem am Dienstag, 07. September 2021, um 20:00 Uhr das <strong>17. achtung berlin Filmfestival<\/strong>\u00a0im <strong>Kino International<\/strong> er\u00f6ffnen.[\/vc_column_text][\/vc_column][\/vc_row][vc_row][vc_column][vc_separator][\/vc_column][\/vc_row][vc_row][vc_column width=&#8220;1\/4&#8243;][vc_single_image image=&#8220;54499&#8243; img_size=&#8220;full&#8220;][\/vc_column][vc_column width=&#8220;3\/4&#8243;][vc_column_text]<span style=\"font-size: 14pt;\"><strong>Notes of Berlin<\/strong> von<\/span> <span style=\"font-size: 14pt;\">Mariejosephin Schneider (2020)<\/span><\/p>\n<p class=\"western\">Ein Tag und eine Nacht in Berlin: Das Karma f\u00e4hrt einen elektrischen Rollstuhl, ein WG-Casting endet mit einer Hausbesetzung, ein Koch und ein entflohener Hund werden zu K\u00f6nigen, alle suchen einen werdenden Vater und ein Hase bringt einen Nerd dazu, endlich seine Nachbarn kennenzulernen. Fahren Berliner Taxis eigentlich bis zum Eiffelturm? Und wer ist die Queen von Berlin? Ein nicht mehr ganz junger \u201cMan with Van\u201d wacht am Morgen verkatert neben dem Flirt der letzten Nacht auf und es d\u00e4mmert ihm, dass es langsam Zeit f\u00fcr eine Ver\u00e4nderung ist. Eine Ur-Berlinerin beschlie\u00dft bei einem bizarren WG-Casting, den ganzen Quatsch nicht mehr l\u00e4nger mitzumachen. All diese Geschichten und noch mehr erz\u00e4hlt \u201cNotes of Berlin\u201d. Inspiriert sind sie von echten Aush\u00e4ngen, die in den Stra\u00dfen der Stadt hingen \u2013 an Laternenpf\u00e4hlen, in Treppenh\u00e4usern, in Hinterh\u00f6fen \u2013, dort von aufmerksamen Berlinern gefunden und auf Joab Nists Kultblog notesofberlin.com ver\u00f6ffentlicht wurden.<\/p>\n<p class=\"western\">Der Film flaniert mit uns durch die Stadt und wirft einen am\u00fcsierten, einf\u00fchlsamen Blick auf Personen und Situationen, die man sonst vielleicht \u00fcbersehen w\u00fcrde. Er ist eine Liebeserkl\u00e4rung an Berlin, zeigt den allt\u00e4glichen Wahnsinn und zuf\u00e4llige Begegnungen und macht die Stadt zur Protagonistin, denn: <em>\u201eDas Herz der Stadt schl\u00e4gt auf der Stra\u00dfe\u201c<\/em>.<\/p>\n<p>[\/vc_column_text][vc_column_text]Weitere Informationen \u00fcber den Film: <a title=\"Notes of Berlin (2020) von Mariejosephin Schneider | Darling Berlin\" href=\"https:\/\/ucm.one\/de\/notes-of-berlin\/\">Notes of Berlin<\/a>[\/vc_column_text][\/vc_column][\/vc_row][vc_row][vc_column][vc_separator][\/vc_column][\/vc_row][vc_row][vc_column width=&#8220;1\/4&#8243;][vc_single_image image=&#8220;56282&#8243; img_size=&#8220;full&#8220;][\/vc_column][vc_column width=&#8220;3\/4&#8243;][vc_column_text]<span style=\"font-size: 14pt;\"><strong>Nico<\/strong> von<\/span> <span style=\"font-size: 14pt;\">Eline Gehring (2021)<\/span><\/p>\n<div class=\"wpb_text_column wpb_content_element \">\n<div class=\"wpb_wrapper\">\n<p>Die selbstbewusste und lebensbejahende Deutsch-Perserin Nico (<strong>Sara Fazilat<\/strong>) liebt ihren Job als Altenpflegerin und ist wegen ihrer lockeren und verst\u00e4ndnisvollen Art bei allen beliebt. Mit ihrer besten Freundin Rosa (<strong>Javeh Asefdjah<\/strong>) genie\u00dft sie den Berliner Sommer, bis ein rassistisch motivierter \u00dcberfall sie pl\u00f6tzlich aus ihrem unbeschwerten Alltag rei\u00dft. Nico wird bewusst, dass sie doch nicht so selbstverst\u00e4ndlich dazugeh\u00f6rt, wie sie immer dachte, und wie viel Rassismus sie tats\u00e4chlich umgibt.<\/p>\n<p>Geplagt von Erinnerungsfetzen an den schrecklichen Angriff, zieht sich Nico immer mehr in sich selbst zur\u00fcck. Nicht nur Rosa verliert den Bezug zu ihr, auch ihre Patient:innen erkennen die einst so fr\u00f6hliche junge Frau nicht wieder. Nico sp\u00fcrt, dass es so nicht weitergehen kann, und wendet sich an den schroffen Karate-Weltmeister Andy (<strong>Andreas Marquardt<\/strong>). Bei ihm beginnt sie ein hartes Trainingsprogramm und schafft es dadurch, ihre Wut zu kanalisieren und ihre eigene St\u00e4rke zu erfahren, doch verliert sie auch die Verbindung zu sich selbst und ihrem alten Leben. Als Nico dann auf die Mazedonierin Ronny (<strong>Sara Klimoska<\/strong>, European Shooting Star 2021) trifft, entwickelt sich eine Verbindung zwischen den beiden Frauen, die Nico dazu veranlasst, den eingeschlagenen Weg in Frage zu stellen.<\/p>\n<\/div>\n<\/div>\n<p>[\/vc_column_text][vc_column_text]Weitere Informationen \u00fcber den Film: <a title=\"Nico\" href=\"https:\/\/ucm.one\/de\/tag\/nico\/\">Nico<\/a>[\/vc_column_text][\/vc_column][\/vc_row][vc_row][vc_column][vc_separator][\/vc_column][\/vc_row][vc_row][vc_column][vc_video link=&#8220;https:\/\/youtu.be\/VD3q0d8mf64&#8243; title=&#8220;17. achtung berlin Filmfestival &#8211; Festivaltrailer 2021&#8243;][\/vc_column][\/vc_row][vc_row][vc_column width=&#8220;1\/2&#8243;][vc_video link=&#8220;https:\/\/youtu.be\/HOn_TsUQEGE&#8220; title=&#8220;Notes of Berlin | Trailer (mit englischen Untertiteln) \u1d34\u1d30&#8220;][\/vc_column][vc_column width=&#8220;1\/2&#8243;][vc_video link=&#8220;https:\/\/youtu.be\/LGXWwpGSUmc&#8220; title=&#8220;Nico | Teaser (mit englischen Untertiteln) \u1d34\u1d30&#8220;][\/vc_column][\/vc_row][vc_row][vc_column][vc_column_text]Weitere Informationen \u00fcber das Festival und das Programm: <a title=\"\" href=\"https:\/\/achtungberlin.de\" target=\"_blank\" rel=\"noopener\">achtung berlin Filmfestival<\/a>[\/vc_column_text][\/vc_column][\/vc_row]<\/p>\n<\/div>","protected":false},"excerpt":{"rendered":"<p>[vc_row][vc_column][vc_column_text]Das achtung berlin Filmfestival\u00a0startet heute in der 17. Ausgabe und wird bis zum 12. September viele neue Filme zeigen, die alle etwas mit oder rund um Berlin zu tun haben. Auch von unserem Filmlabel Darling Berlin sind mit &#8222;Notes of Berlin&#8220; von Mariejosephin Schneider sowie &#8222;Nico&#8220; von\u00a0Eline Gehring\u00a0zwei Filme mit im Programm. Der Film &#8222;Nico&#8220;\u00a0\u00a0wird&hellip;<\/p>\n","protected":false},"author":2,"featured_media":55803,"comment_status":"closed","ping_status":"closed","sticky":false,"template":"","format":"standard","meta":{"_acf_changed":false,"footnotes":""},"categories":[830,8,10,13,752,7528],"tags":[10210,2498,2261,2266,9670,8755,9671,8933,9474,8931,9669],"class_list":["post-56366","post","type-post","status-publish","format-standard","has-post-thumbnail","hentry","category-darling-berlin","category-film","category-kino","category-news","category-verleih","category-weltvertrieb","tag-17-achtung-berlin-filmfestival","tag-achtung-berlin","tag-berlin","tag-darling-berlin","tag-eline-gehring","tag-filmfestival","tag-francy-fabritz","tag-mariejosephin-schneider","tag-nico","tag-notes-of-berlin","tag-sara-fazilat","category-830","category-8","category-10","category-13","category-752","category-7528","description-off"],"acf":[],"yoast_head":"<!-- This site is optimized with the Yoast SEO plugin v27.5 - https:\/\/yoast.com\/product\/yoast-seo-wordpress\/ -->\n<title>%title%<\/title>\n<meta name=\"description\" content=\"Das achtung berlin Filmfestival\u00a0startet heute in der 17. Ausgabe und wird Filme zeigen, die alle etwas mit oder rund um Berlin zu tun haben.\" \/>\n<meta name=\"robots\" content=\"index, follow, max-snippet:-1, max-image-preview:large, max-video-preview:-1\" \/>\n<link rel=\"canonical\" href=\"https:\/\/ucm.one\/de\/das-17-achtung-berlin-filmfestival-startet-heute-und-hat-zwei-filme-von-darling-berlin-im-programm\/\" \/>\n<meta property=\"og:locale\" content=\"de_DE\" \/>\n<meta property=\"og:type\" content=\"article\" \/>\n<meta property=\"og:title\" content=\"%title%\" \/>\n<meta property=\"og:description\" content=\"Das achtung berlin Filmfestival\u00a0startet heute in der 17. Ausgabe und wird Filme zeigen, die alle etwas mit oder rund um Berlin zu tun haben.\" \/>\n<meta property=\"og:url\" content=\"https:\/\/ucm.one\/de\/das-17-achtung-berlin-filmfestival-startet-heute-und-hat-zwei-filme-von-darling-berlin-im-programm\/\" \/>\n<meta property=\"og:site_name\" content=\"UCM.ONE\" \/>\n<meta property=\"article:published_time\" content=\"2021-09-07T12:37:47+00:00\" \/>\n<meta property=\"article:modified_time\" content=\"2023-03-10T09:33:14+00:00\" \/>\n<meta property=\"og:image\" content=\"https:\/\/ucm.one\/wp-content\/uploads\/2021\/08\/B-Achtung-Berlin-Filmgestival-2021.jpg\" \/>\n\t<meta property=\"og:image:width\" content=\"1920\" \/>\n\t<meta property=\"og:image:height\" content=\"600\" \/>\n\t<meta property=\"og:image:type\" content=\"image\/jpeg\" \/>\n<meta name=\"author\" content=\"Joachim Keil\" \/>\n<meta name=\"twitter:card\" content=\"summary_large_image\" \/>\n<meta name=\"twitter:label1\" content=\"Verfasst von\" \/>\n\t<meta name=\"twitter:data1\" content=\"Joachim Keil\" \/>\n\t<meta name=\"twitter:label2\" content=\"Gesch\u00e4tzte Lesezeit\" \/>\n\t<meta name=\"twitter:data2\" content=\"4\u00a0Minuten\" \/>\n<!-- \/ Yoast SEO plugin. -->","yoast_head_json":{"title":"%title%","description":"Das achtung berlin Filmfestival\u00a0startet heute in der 17. Ausgabe und wird Filme zeigen, die alle etwas mit oder rund um Berlin zu tun haben.","robots":{"index":"index","follow":"follow","max-snippet":"max-snippet:-1","max-image-preview":"max-image-preview:large","max-video-preview":"max-video-preview:-1"},"canonical":"https:\/\/ucm.one\/de\/das-17-achtung-berlin-filmfestival-startet-heute-und-hat-zwei-filme-von-darling-berlin-im-programm\/","og_locale":"de_DE","og_type":"article","og_title":"%title%","og_description":"Das achtung berlin Filmfestival\u00a0startet heute in der 17. Ausgabe und wird Filme zeigen, die alle etwas mit oder rund um Berlin zu tun haben.","og_url":"https:\/\/ucm.one\/de\/das-17-achtung-berlin-filmfestival-startet-heute-und-hat-zwei-filme-von-darling-berlin-im-programm\/","og_site_name":"UCM.ONE","article_published_time":"2021-09-07T12:37:47+00:00","article_modified_time":"2023-03-10T09:33:14+00:00","og_image":[{"width":1920,"height":600,"url":"https:\/\/ucm.one\/wp-content\/uploads\/2021\/08\/B-Achtung-Berlin-Filmgestival-2021.jpg","type":"image\/jpeg"}],"author":"Joachim Keil","twitter_card":"summary_large_image","twitter_misc":{"Verfasst von":"Joachim Keil","Gesch\u00e4tzte Lesezeit":"4\u00a0Minuten"},"schema":{"@context":"https:\/\/schema.org","@graph":[{"@type":"Article","@id":"https:\/\/ucm.one\/de\/das-17-achtung-berlin-filmfestival-startet-heute-und-hat-zwei-filme-von-darling-berlin-im-programm\/#article","isPartOf":{"@id":"https:\/\/ucm.one\/de\/das-17-achtung-berlin-filmfestival-startet-heute-und-hat-zwei-filme-von-darling-berlin-im-programm\/"},"author":{"name":"Joachim Keil","@id":"https:\/\/ucm.one\/de\/#\/schema\/person\/4b959e467e8acc058836467a0ef8fa50"},"headline":"Das 17. achtung berlin Filmfestival startet heute und hat zwei Filme von &#8222;Darling Berlin&#8220; im Programm","datePublished":"2021-09-07T12:37:47+00:00","dateModified":"2023-03-10T09:33:14+00:00","mainEntityOfPage":{"@id":"https:\/\/ucm.one\/de\/das-17-achtung-berlin-filmfestival-startet-heute-und-hat-zwei-filme-von-darling-berlin-im-programm\/"},"wordCount":734,"publisher":{"@id":"https:\/\/ucm.one\/de\/#organization"},"image":{"@id":"https:\/\/ucm.one\/de\/das-17-achtung-berlin-filmfestival-startet-heute-und-hat-zwei-filme-von-darling-berlin-im-programm\/#primaryimage"},"thumbnailUrl":"https:\/\/ucm.one\/wp-content\/uploads\/2021\/08\/B-Achtung-Berlin-Filmgestival-2021.jpg","keywords":["17. achtung berlin Filmfestival","achtung berlin","Berlin","Darling Berlin","Eline Gehring","Filmfestival","Francy Fabritz","Mariejosephin Schneider","Nico","Notes of Berlin","Sara Fazilat"],"articleSection":["Darling Berlin","Film","Kino","News","Verleih","Weltvertrieb"],"inLanguage":"de"},{"@type":"WebPage","@id":"https:\/\/ucm.one\/de\/das-17-achtung-berlin-filmfestival-startet-heute-und-hat-zwei-filme-von-darling-berlin-im-programm\/","url":"https:\/\/ucm.one\/de\/das-17-achtung-berlin-filmfestival-startet-heute-und-hat-zwei-filme-von-darling-berlin-im-programm\/","name":"%title%","isPartOf":{"@id":"https:\/\/ucm.one\/de\/#website"},"primaryImageOfPage":{"@id":"https:\/\/ucm.one\/de\/das-17-achtung-berlin-filmfestival-startet-heute-und-hat-zwei-filme-von-darling-berlin-im-programm\/#primaryimage"},"image":{"@id":"https:\/\/ucm.one\/de\/das-17-achtung-berlin-filmfestival-startet-heute-und-hat-zwei-filme-von-darling-berlin-im-programm\/#primaryimage"},"thumbnailUrl":"https:\/\/ucm.one\/wp-content\/uploads\/2021\/08\/B-Achtung-Berlin-Filmgestival-2021.jpg","datePublished":"2021-09-07T12:37:47+00:00","dateModified":"2023-03-10T09:33:14+00:00","description":"Das achtung berlin Filmfestival\u00a0startet heute in der 17. Ausgabe und wird Filme zeigen, die alle etwas mit oder rund um Berlin zu tun haben.","breadcrumb":{"@id":"https:\/\/ucm.one\/de\/das-17-achtung-berlin-filmfestival-startet-heute-und-hat-zwei-filme-von-darling-berlin-im-programm\/#breadcrumb"},"inLanguage":"de","potentialAction":[{"@type":"ReadAction","target":["https:\/\/ucm.one\/de\/das-17-achtung-berlin-filmfestival-startet-heute-und-hat-zwei-filme-von-darling-berlin-im-programm\/"]}]},{"@type":"ImageObject","inLanguage":"de","@id":"https:\/\/ucm.one\/de\/das-17-achtung-berlin-filmfestival-startet-heute-und-hat-zwei-filme-von-darling-berlin-im-programm\/#primaryimage","url":"https:\/\/ucm.one\/wp-content\/uploads\/2021\/08\/B-Achtung-Berlin-Filmgestival-2021.jpg","contentUrl":"https:\/\/ucm.one\/wp-content\/uploads\/2021\/08\/B-Achtung-Berlin-Filmgestival-2021.jpg","width":1920,"height":600},{"@type":"BreadcrumbList","@id":"https:\/\/ucm.one\/de\/das-17-achtung-berlin-filmfestival-startet-heute-und-hat-zwei-filme-von-darling-berlin-im-programm\/#breadcrumb","itemListElement":[{"@type":"ListItem","position":1,"name":"Home","item":"https:\/\/ucm.one\/de\/"},{"@type":"ListItem","position":2,"name":"Das 17. achtung berlin Filmfestival startet heute und hat zwei Filme von &#8222;Darling Berlin&#8220; im Programm"}]},{"@type":"WebSite","@id":"https:\/\/ucm.one\/de\/#website","url":"https:\/\/ucm.one\/de\/","name":"UCM.ONE","description":"","publisher":{"@id":"https:\/\/ucm.one\/de\/#organization"},"potentialAction":[{"@type":"SearchAction","target":{"@type":"EntryPoint","urlTemplate":"https:\/\/ucm.one\/de\/?s={search_term_string}"},"query-input":{"@type":"PropertyValueSpecification","valueRequired":true,"valueName":"search_term_string"}}],"inLanguage":"de"},{"@type":"Organization","@id":"https:\/\/ucm.one\/de\/#organization","name":"UCM.ONE","url":"https:\/\/ucm.one\/de\/","logo":{"@type":"ImageObject","inLanguage":"de","@id":"https:\/\/ucm.one\/de\/#\/schema\/logo\/image\/","url":"https:\/\/ucm.one\/wp-content\/uploads\/2019\/10\/UCM.ONE-Logo-RGB.svg","contentUrl":"https:\/\/ucm.one\/wp-content\/uploads\/2019\/10\/UCM.ONE-Logo-RGB.svg","width":1,"height":1,"caption":"UCM.ONE"},"image":{"@id":"https:\/\/ucm.one\/de\/#\/schema\/logo\/image\/"}},{"@type":"Person","@id":"https:\/\/ucm.one\/de\/#\/schema\/person\/4b959e467e8acc058836467a0ef8fa50","name":"Joachim Keil","image":{"@type":"ImageObject","inLanguage":"de","@id":"https:\/\/secure.gravatar.com\/avatar\/10e1dfd05f2a7a7bc83cd44bae31e01c8ac15f974229211a2b1a49fa0a22fec0?s=96&d=mm&r=g","url":"https:\/\/secure.gravatar.com\/avatar\/10e1dfd05f2a7a7bc83cd44bae31e01c8ac15f974229211a2b1a49fa0a22fec0?s=96&d=mm&r=g","contentUrl":"https:\/\/secure.gravatar.com\/avatar\/10e1dfd05f2a7a7bc83cd44bae31e01c8ac15f974229211a2b1a49fa0a22fec0?s=96&d=mm&r=g","caption":"Joachim Keil"},"sameAs":["https:\/\/ucm.one"]}]}},"_links":{"self":[{"href":"https:\/\/ucm.one\/de\/wp-json\/wp\/v2\/posts\/56366","targetHints":{"allow":["GET"]}}],"collection":[{"href":"https:\/\/ucm.one\/de\/wp-json\/wp\/v2\/posts"}],"about":[{"href":"https:\/\/ucm.one\/de\/wp-json\/wp\/v2\/types\/post"}],"author":[{"embeddable":true,"href":"https:\/\/ucm.one\/de\/wp-json\/wp\/v2\/users\/2"}],"replies":[{"embeddable":true,"href":"https:\/\/ucm.one\/de\/wp-json\/wp\/v2\/comments?post=56366"}],"version-history":[{"count":0,"href":"https:\/\/ucm.one\/de\/wp-json\/wp\/v2\/posts\/56366\/revisions"}],"wp:featuredmedia":[{"embeddable":true,"href":"https:\/\/ucm.one\/de\/wp-json\/wp\/v2\/media\/55803"}],"wp:attachment":[{"href":"https:\/\/ucm.one\/de\/wp-json\/wp\/v2\/media?parent=56366"}],"wp:term":[{"taxonomy":"category","embeddable":true,"href":"https:\/\/ucm.one\/de\/wp-json\/wp\/v2\/categories?post=56366"},{"taxonomy":"post_tag","embeddable":true,"href":"https:\/\/ucm.one\/de\/wp-json\/wp\/v2\/tags?post=56366"}],"curies":[{"name":"wp","href":"https:\/\/api.w.org\/{rel}","templated":true}]}}