{"id":55436,"date":"2021-08-13T03:21:07","date_gmt":"2021-08-13T03:21:07","guid":{"rendered":"https:\/\/ucm.one\/?p=55436"},"modified":"2023-03-09T16:28:02","modified_gmt":"2023-03-09T16:28:02","slug":"juergen-kaisr-veroeffentlicht-neue-ep-the-atmosphere-auf-plastic-city","status":"publish","type":"post","link":"https:\/\/ucm.one\/de\/juergen-kaisr-veroeffentlicht-neue-ep-the-atmosphere-auf-plastic-city\/","title":{"rendered":"J\u00fcrgen Kaisr ver\u00f6ffentlicht neue EP &#8222;The Atmosphere&#8220; auf Plastic City"},"content":{"rendered":"<div class=\"wpb-content-wrapper\"><p>[vc_row][vc_column][vc_column_text]<\/p>\n<div class=\"\">Die Atmosph\u00e4re der Erde sch\u00fctzt uns vor der sch\u00e4dlichen UV- und R\u00f6ntgenstrahlung der Sonne. Ihre Edelgase regulieren die Temperaturen auf der Erde, die Leben erm\u00f6glichen.<\/div>\n<p>[\/vc_column_text][\/vc_column][\/vc_row][vc_row][vc_column width=&#8220;3\/4&#8243;][vc_column_text]<\/p>\n<div class=\"\">\n<div class=\"\">\n<div class=\"\">Die Atmosph\u00e4re bedeutet zudem ein Gef\u00fchl das Musik erzeugen kann.\u00a0Zeit f\u00fcr diesen Ort und das Gef\u00fchl einen Track zu bauen, dachte sich <strong>J\u00fcrgen Kaisr<\/strong>. Und f\u00fcr einen Moment schleicht sich das Gef\u00fchl ein, &#8222;<strong>The Atmosphere<\/strong>&#8220; ist viel mehr ein kleiner Song, die Beats, der Sound und die Vocals erz\u00e4hlen eine Geschichte im klassischen Songwriter-Style.<\/div>\n<\/div>\n<\/div>\n<p>[\/vc_column_text][vc_column_text]<\/p>\n<div class=\"\">\n<div class=\"\">\n<div class=\"\">Seit einem Jahr ver\u00f6ffentlicht <strong>J\u00fcrgen Kaisr<\/strong> seine Singles und EPs auf <strong>Plastic City Suburbia<\/strong> und bei der Vielseitigkeit seiner Tracks merkt man schnell, hier geht es immer nur um Musik, die Suche nach der besten Idee, dem optimalen Sound ohne Schranken im Kopf. Jetzt also <strong>Plastic City<\/strong>&#8230;<\/div>\n<\/div>\n<div class=\"\"><\/div>\n<\/div>\n<p>[\/vc_column_text][vc_column_text]<\/p>\n<div class=\"\">\n<div class=\"\">J\u00fcrgen Kaisr ist auch Filmproduzent und Regisseur, was seine Musik gleichzeitig zu visuellen Abendteuern mit einer Prise Humor vorantreibt. So ist Track zwei der EP &#8222;<strong>The Girls wit the Bell<\/strong>&#8220; wieder ein ganz anderer Trip in eine afrikanische Atmosph\u00e4re.\u00a0Am Ende landen wir bei Track 3 am Lagerfeuer, das wir knistern h\u00f6ren. Dar\u00fcber ein Jazz-Beat mit funky Bass \u00fcber dem die leichten Melodien lodern.<\/div>\n<\/div>\n<div class=\"\"><\/div>\n<p>[\/vc_column_text][\/vc_column][vc_column width=&#8220;1\/4&#8243;][vc_single_image image=&#8220;55442&#8243; img_size=&#8220;full&#8220; onclick=&#8220;link_image&#8220;][vc_btn title=&#8220;Download &amp; Streaming&#8220; style=&#8220;flat&#8220; color=&#8220;sky&#8220; size=&#8220;xs&#8220; align=&#8220;center&#8220; i_icon_fontawesome=&#8220;fas fa-external-link-square-alt&#8220; button_block=&#8220;true&#8220; add_icon=&#8220;true&#8220; link=&#8220;url:https%3A%2F%2Fsnd.click%2Fatmosphere|title:Download%20%26%20Streaming|target:_blank&#8220; css=&#8220;.vc_custom_1629498282394{margin-top: -20px !important;}&#8220;][\/vc_column][\/vc_row][vc_row][vc_column][vc_separator][\/vc_column][\/vc_row][vc_row][vc_column][vc_video link=&#8220;https:\/\/youtu.be\/1BdoJzM54uA&#8220; title=&#8220;J\u00fcrgen Kaisr &#8211; The Atmosphere (Plastic City) | Teaser&#8220;][\/vc_column][\/vc_row][vc_row][vc_column][vc_column_text]Weitere Informationen \u00fcber das Label: <a title=\"Plastic City\" href=\"https:\/\/ucm.one\/de\/musik-labels\/plastic-city\/\">Plastic City<\/a>[\/vc_column_text][\/vc_column][\/vc_row]<\/p>\n<\/div>","protected":false},"excerpt":{"rendered":"<p>[vc_row][vc_column][vc_column_text] Die Atmosph\u00e4re der Erde sch\u00fctzt uns vor der sch\u00e4dlichen UV- und R\u00f6ntgenstrahlung der Sonne. Ihre Edelgase regulieren die Temperaturen auf der Erde, die Leben erm\u00f6glichen. [\/vc_column_text][\/vc_column][\/vc_row][vc_row][vc_column width=&#8220;3\/4&#8243;][vc_column_text] Die Atmosph\u00e4re bedeutet zudem ein Gef\u00fchl das Musik erzeugen kann.\u00a0Zeit f\u00fcr diesen Ort und das Gef\u00fchl einen Track zu bauen, dachte sich J\u00fcrgen Kaisr. Und f\u00fcr einen&hellip;<\/p>\n","protected":false},"author":2,"featured_media":55439,"comment_status":"closed","ping_status":"closed","sticky":false,"template":"","format":"standard","meta":{"_acf_changed":false,"footnotes":""},"categories":[9,13,802],"tags":[2298,10151,8191,2303,5519,2307,10149,10150],"class_list":["post-55436","post","type-post","status-publish","format-standard","has-post-thumbnail","hentry","category-musik","category-news","category-plastic-city","tag-deep-house","tag-funky-bass","tag-juergen-kaisr","tag-plastic-city","tag-plastic-city-suburbia","tag-tech-house","tag-the-atmosphere","tag-the-girls-wit-the-bell","category-9","category-13","category-802","description-off"],"acf":[],"yoast_head":"<!-- This site is optimized with the Yoast SEO plugin v27.5 - https:\/\/yoast.com\/product\/yoast-seo-wordpress\/ -->\n<title>%title%<\/title>\n<meta name=\"description\" content=\"Zeit f\u00fcr neu Titel f\u00fcr Plastic City, dachte sich J\u00fcrgen Kaisr. In &quot;The Atmosphere&quot; erz\u00e4hlt eine Geschichte im klassischen Songwriter-Style.\" \/>\n<meta name=\"robots\" content=\"index, follow, max-snippet:-1, max-image-preview:large, max-video-preview:-1\" \/>\n<link rel=\"canonical\" href=\"https:\/\/ucm.one\/de\/juergen-kaisr-veroeffentlicht-neue-ep-the-atmosphere-auf-plastic-city\/\" \/>\n<meta property=\"og:locale\" content=\"de_DE\" \/>\n<meta property=\"og:type\" content=\"article\" \/>\n<meta property=\"og:title\" content=\"%title%\" \/>\n<meta property=\"og:description\" content=\"Zeit f\u00fcr neu Titel f\u00fcr Plastic City, dachte sich J\u00fcrgen Kaisr. In &quot;The Atmosphere&quot; erz\u00e4hlt eine Geschichte im klassischen Songwriter-Style.\" \/>\n<meta property=\"og:url\" content=\"https:\/\/ucm.one\/de\/juergen-kaisr-veroeffentlicht-neue-ep-the-atmosphere-auf-plastic-city\/\" \/>\n<meta property=\"og:site_name\" content=\"UCM.ONE\" \/>\n<meta property=\"article:published_time\" content=\"2021-08-13T03:21:07+00:00\" \/>\n<meta property=\"article:modified_time\" content=\"2023-03-09T16:28:02+00:00\" \/>\n<meta property=\"og:image\" content=\"https:\/\/ucm.one\/wp-content\/uploads\/2021\/08\/B-Juergen-Kaisr-The-Atmosphere.jpg\" \/>\n\t<meta property=\"og:image:width\" content=\"1920\" \/>\n\t<meta property=\"og:image:height\" content=\"600\" \/>\n\t<meta property=\"og:image:type\" content=\"image\/jpeg\" \/>\n<meta name=\"author\" content=\"Joachim Keil\" \/>\n<meta name=\"twitter:card\" content=\"summary_large_image\" \/>\n<meta name=\"twitter:label1\" content=\"Verfasst von\" \/>\n\t<meta name=\"twitter:data1\" content=\"Joachim Keil\" \/>\n\t<meta name=\"twitter:label2\" content=\"Gesch\u00e4tzte Lesezeit\" \/>\n\t<meta name=\"twitter:data2\" content=\"2\u00a0Minuten\" \/>\n<!-- \/ Yoast SEO plugin. -->","yoast_head_json":{"title":"%title%","description":"Zeit f\u00fcr neu Titel f\u00fcr Plastic City, dachte sich J\u00fcrgen Kaisr. In \"The Atmosphere\" erz\u00e4hlt eine Geschichte im klassischen Songwriter-Style.","robots":{"index":"index","follow":"follow","max-snippet":"max-snippet:-1","max-image-preview":"max-image-preview:large","max-video-preview":"max-video-preview:-1"},"canonical":"https:\/\/ucm.one\/de\/juergen-kaisr-veroeffentlicht-neue-ep-the-atmosphere-auf-plastic-city\/","og_locale":"de_DE","og_type":"article","og_title":"%title%","og_description":"Zeit f\u00fcr neu Titel f\u00fcr Plastic City, dachte sich J\u00fcrgen Kaisr. In \"The Atmosphere\" erz\u00e4hlt eine Geschichte im klassischen Songwriter-Style.","og_url":"https:\/\/ucm.one\/de\/juergen-kaisr-veroeffentlicht-neue-ep-the-atmosphere-auf-plastic-city\/","og_site_name":"UCM.ONE","article_published_time":"2021-08-13T03:21:07+00:00","article_modified_time":"2023-03-09T16:28:02+00:00","og_image":[{"width":1920,"height":600,"url":"https:\/\/ucm.one\/wp-content\/uploads\/2021\/08\/B-Juergen-Kaisr-The-Atmosphere.jpg","type":"image\/jpeg"}],"author":"Joachim Keil","twitter_card":"summary_large_image","twitter_misc":{"Verfasst von":"Joachim Keil","Gesch\u00e4tzte Lesezeit":"2\u00a0Minuten"},"schema":{"@context":"https:\/\/schema.org","@graph":[{"@type":"Article","@id":"https:\/\/ucm.one\/de\/juergen-kaisr-veroeffentlicht-neue-ep-the-atmosphere-auf-plastic-city\/#article","isPartOf":{"@id":"https:\/\/ucm.one\/de\/juergen-kaisr-veroeffentlicht-neue-ep-the-atmosphere-auf-plastic-city\/"},"author":{"name":"Joachim Keil","@id":"https:\/\/ucm.one\/de\/#\/schema\/person\/4b959e467e8acc058836467a0ef8fa50"},"headline":"J\u00fcrgen Kaisr ver\u00f6ffentlicht neue EP &#8222;The Atmosphere&#8220; auf Plastic City","datePublished":"2021-08-13T03:21:07+00:00","dateModified":"2023-03-09T16:28:02+00:00","mainEntityOfPage":{"@id":"https:\/\/ucm.one\/de\/juergen-kaisr-veroeffentlicht-neue-ep-the-atmosphere-auf-plastic-city\/"},"wordCount":379,"publisher":{"@id":"https:\/\/ucm.one\/de\/#organization"},"image":{"@id":"https:\/\/ucm.one\/de\/juergen-kaisr-veroeffentlicht-neue-ep-the-atmosphere-auf-plastic-city\/#primaryimage"},"thumbnailUrl":"https:\/\/ucm.one\/wp-content\/uploads\/2021\/08\/B-Juergen-Kaisr-The-Atmosphere.jpg","keywords":["Deep House","Funky Bass","J\u00fcrgen Kaisr","Plastic City","Plastic City Suburbia","Tech-House","The Atmosphere","The Girls wit the Bell"],"articleSection":["Musik","News","Plastic City"],"inLanguage":"de"},{"@type":"WebPage","@id":"https:\/\/ucm.one\/de\/juergen-kaisr-veroeffentlicht-neue-ep-the-atmosphere-auf-plastic-city\/","url":"https:\/\/ucm.one\/de\/juergen-kaisr-veroeffentlicht-neue-ep-the-atmosphere-auf-plastic-city\/","name":"%title%","isPartOf":{"@id":"https:\/\/ucm.one\/de\/#website"},"primaryImageOfPage":{"@id":"https:\/\/ucm.one\/de\/juergen-kaisr-veroeffentlicht-neue-ep-the-atmosphere-auf-plastic-city\/#primaryimage"},"image":{"@id":"https:\/\/ucm.one\/de\/juergen-kaisr-veroeffentlicht-neue-ep-the-atmosphere-auf-plastic-city\/#primaryimage"},"thumbnailUrl":"https:\/\/ucm.one\/wp-content\/uploads\/2021\/08\/B-Juergen-Kaisr-The-Atmosphere.jpg","datePublished":"2021-08-13T03:21:07+00:00","dateModified":"2023-03-09T16:28:02+00:00","description":"Zeit f\u00fcr neu Titel f\u00fcr Plastic City, dachte sich J\u00fcrgen Kaisr. In \"The Atmosphere\" erz\u00e4hlt eine Geschichte im klassischen Songwriter-Style.","breadcrumb":{"@id":"https:\/\/ucm.one\/de\/juergen-kaisr-veroeffentlicht-neue-ep-the-atmosphere-auf-plastic-city\/#breadcrumb"},"inLanguage":"de","potentialAction":[{"@type":"ReadAction","target":["https:\/\/ucm.one\/de\/juergen-kaisr-veroeffentlicht-neue-ep-the-atmosphere-auf-plastic-city\/"]}]},{"@type":"ImageObject","inLanguage":"de","@id":"https:\/\/ucm.one\/de\/juergen-kaisr-veroeffentlicht-neue-ep-the-atmosphere-auf-plastic-city\/#primaryimage","url":"https:\/\/ucm.one\/wp-content\/uploads\/2021\/08\/B-Juergen-Kaisr-The-Atmosphere.jpg","contentUrl":"https:\/\/ucm.one\/wp-content\/uploads\/2021\/08\/B-Juergen-Kaisr-The-Atmosphere.jpg","width":1920,"height":600},{"@type":"BreadcrumbList","@id":"https:\/\/ucm.one\/de\/juergen-kaisr-veroeffentlicht-neue-ep-the-atmosphere-auf-plastic-city\/#breadcrumb","itemListElement":[{"@type":"ListItem","position":1,"name":"Home","item":"https:\/\/ucm.one\/de\/"},{"@type":"ListItem","position":2,"name":"J\u00fcrgen Kaisr ver\u00f6ffentlicht neue EP &#8222;The Atmosphere&#8220; auf Plastic City"}]},{"@type":"WebSite","@id":"https:\/\/ucm.one\/de\/#website","url":"https:\/\/ucm.one\/de\/","name":"UCM.ONE","description":"","publisher":{"@id":"https:\/\/ucm.one\/de\/#organization"},"potentialAction":[{"@type":"SearchAction","target":{"@type":"EntryPoint","urlTemplate":"https:\/\/ucm.one\/de\/?s={search_term_string}"},"query-input":{"@type":"PropertyValueSpecification","valueRequired":true,"valueName":"search_term_string"}}],"inLanguage":"de"},{"@type":"Organization","@id":"https:\/\/ucm.one\/de\/#organization","name":"UCM.ONE","url":"https:\/\/ucm.one\/de\/","logo":{"@type":"ImageObject","inLanguage":"de","@id":"https:\/\/ucm.one\/de\/#\/schema\/logo\/image\/","url":"https:\/\/ucm.one\/wp-content\/uploads\/2019\/10\/UCM.ONE-Logo-RGB.svg","contentUrl":"https:\/\/ucm.one\/wp-content\/uploads\/2019\/10\/UCM.ONE-Logo-RGB.svg","width":1,"height":1,"caption":"UCM.ONE"},"image":{"@id":"https:\/\/ucm.one\/de\/#\/schema\/logo\/image\/"}},{"@type":"Person","@id":"https:\/\/ucm.one\/de\/#\/schema\/person\/4b959e467e8acc058836467a0ef8fa50","name":"Joachim Keil","image":{"@type":"ImageObject","inLanguage":"de","@id":"https:\/\/secure.gravatar.com\/avatar\/10e1dfd05f2a7a7bc83cd44bae31e01c8ac15f974229211a2b1a49fa0a22fec0?s=96&d=mm&r=g","url":"https:\/\/secure.gravatar.com\/avatar\/10e1dfd05f2a7a7bc83cd44bae31e01c8ac15f974229211a2b1a49fa0a22fec0?s=96&d=mm&r=g","contentUrl":"https:\/\/secure.gravatar.com\/avatar\/10e1dfd05f2a7a7bc83cd44bae31e01c8ac15f974229211a2b1a49fa0a22fec0?s=96&d=mm&r=g","caption":"Joachim Keil"},"sameAs":["https:\/\/ucm.one"]}]}},"_links":{"self":[{"href":"https:\/\/ucm.one\/de\/wp-json\/wp\/v2\/posts\/55436","targetHints":{"allow":["GET"]}}],"collection":[{"href":"https:\/\/ucm.one\/de\/wp-json\/wp\/v2\/posts"}],"about":[{"href":"https:\/\/ucm.one\/de\/wp-json\/wp\/v2\/types\/post"}],"author":[{"embeddable":true,"href":"https:\/\/ucm.one\/de\/wp-json\/wp\/v2\/users\/2"}],"replies":[{"embeddable":true,"href":"https:\/\/ucm.one\/de\/wp-json\/wp\/v2\/comments?post=55436"}],"version-history":[{"count":0,"href":"https:\/\/ucm.one\/de\/wp-json\/wp\/v2\/posts\/55436\/revisions"}],"wp:featuredmedia":[{"embeddable":true,"href":"https:\/\/ucm.one\/de\/wp-json\/wp\/v2\/media\/55439"}],"wp:attachment":[{"href":"https:\/\/ucm.one\/de\/wp-json\/wp\/v2\/media?parent=55436"}],"wp:term":[{"taxonomy":"category","embeddable":true,"href":"https:\/\/ucm.one\/de\/wp-json\/wp\/v2\/categories?post=55436"},{"taxonomy":"post_tag","embeddable":true,"href":"https:\/\/ucm.one\/de\/wp-json\/wp\/v2\/tags?post=55436"}],"curies":[{"name":"wp","href":"https:\/\/api.w.org\/{rel}","templated":true}]}}