{"id":55231,"date":"2021-08-13T08:31:08","date_gmt":"2021-08-13T08:31:08","guid":{"rendered":"https:\/\/ucm.one\/?p=55231"},"modified":"2023-03-10T09:08:35","modified_gmt":"2023-03-10T09:08:35","slug":"symphonic-extreme-metaller-zornheym-unterschreiben-bei-noble-demon","status":"publish","type":"post","link":"https:\/\/ucm.one\/de\/symphonic-extreme-metaller-zornheym-unterschreiben-bei-noble-demon\/","title":{"rendered":"Symphonic Extreme Metaller Zornheym unterschreiben bei Noble Demon!"},"content":{"rendered":"<div class=\"wpb-content-wrapper\"><p>[vc_row][vc_column][vc_column_text]Die Stockholmer Band <strong>Zornheym<\/strong> hat einen weltweiten Vertrag beim deutschen Label <strong>Noble Demon<\/strong> unterschrieben und wird im Oktober ihr zweites Album, mit dem Titel &#8222;<strong>The Zornheim Sleep Experiment<\/strong>&#8222;, ver\u00f6ffentlichen.[\/vc_column_text][vc_row_inner][vc_column_inner width=&#8220;1\/3&#8243;][vc_single_image image=&#8220;55234&#8243; img_size=&#8220;full&#8220; onclick=&#8220;link_image&#8220; css=&#8220;.vc_custom_1629275855188{margin-top: 5px !important;}&#8220;][\/vc_column_inner][vc_column_inner width=&#8220;2\/3&#8243;][vc_column_text]Gegr\u00fcndet und geleitet von Multi-Instrumentalist und Songwriter <strong>Zorn<\/strong>, der nach seinem Ausstieg bei den legend\u00e4ren Black Metallern <strong>Dark Funeral<\/strong> fest entschlossen war, den traditionellen &#8222;Metal-meets-Symphony&#8220;-Ansatz auf den Kopf zu stellen, entwickelte sich <strong>Zornheym<\/strong> schnell von einer ehrgeizigen Idee zu einem musikalischen Konzept, welches von den Schrecken einer psychiatrischen Anstalt und deren Insassen erz\u00e4hlt.[\/vc_column_text][vc_column_text]Das von der Kritik gefeierte Deb\u00fctalbum der Band, &#8222;<strong>Where Hatred Dwells and Darkness Reigns<\/strong>&#8222;, \u00f6ffnete 2017 die T\u00fcren der Einrichtung und stellte das erschreckende Konzept und die grausamen Charaktere darin vor. Vier Jahre sp\u00e4ter und mit 10 neuen Tracks, macht das neue Album von <strong>Zornheym<\/strong>\u00a0da weiter, wo sie mit dem Vorg\u00e4nger aufgeh\u00f6rt haben und l\u00e4dt den H\u00f6rer auf eine verst\u00f6rende Reise in die Tiefen der Anstalt.[\/vc_column_text][vc_column_text]Wieder einmal erschaffen <strong>Zornheym<\/strong>\u00a0ihre ganz eigene Wall of Sound, indem sie einen echten Chor und ein Streichquartett einsetzen und die Geschichte in einer Graphic Novel zum Leben erwecken, welche die Handlung hinter dem Album begleitet und vertieft! &#8222;<strong>The Zornheim Sleep Experiment<\/strong>&#8220; erscheint am <strong>22. Oktober 2021<\/strong> auf CD und Vinyl\u00a0bei <strong>Noble Demon <\/strong>und kann ab heute\u00a0vorbestellt werden.[\/vc_column_text][\/vc_column_inner][\/vc_row_inner][\/vc_column][\/vc_row][vc_row][vc_column width=&#8220;3\/5&#8243;][vc_column_text]Mit der neuen Single und dem dazugeh\u00f6rigen Musikvideo zu &#8222;<strong><span lang=\"EN-GB\">Keep The Devil Away<\/span><\/strong>&#8220; gibt es den ersten musikalischen Eindruck zum neuen Album.[\/vc_column_text][vc_column_text]&#8220;<em>Der Mid-Tempo-Song &#8222;Keep the Devil Away&#8220; ist die erste Einladung zu &#8222;The Zornheim Sleep Experiment&#8220;. Dieser melodische und doch kraftvolle Song f\u00fchrt uns tiefer in die Geschichte der grausamen und ungew\u00f6hnlichen Behandlung, der die Insassen innerhalb der Mauern der schrecklichen Anstalt hinter Zornheym&#8217;s Konzept ausgesetzt sind. Bereite dich auf einen musikalischen Angriff mit Orchestrierung und verheerenden Metal-Riffs vor, der dich an deinem Verstand zweifeln lassen k\u00f6nnte<\/em>&#8222;, kommentiert die Band.[\/vc_column_text][\/vc_column][vc_column width=&#8220;1\/5&#8243;][vc_single_image image=&#8220;55136&#8243; img_size=&#8220;full&#8220; onclick=&#8220;link_image&#8220;][vc_btn title=&#8220;Download \/ Streaming&#8220; style=&#8220;flat&#8220; color=&#8220;sky&#8220; size=&#8220;xs&#8220; align=&#8220;center&#8220; i_icon_fontawesome=&#8220;fas fa-external-link-square-alt&#8220; button_block=&#8220;true&#8220; add_icon=&#8220;true&#8220; link=&#8220;url:https%3A%2F%2Fmusic.nobledemon.com%2Fzornheym|title:Keep%20the%20devil%20away|target:_blank&#8220; css=&#8220;.vc_custom_1629276538501{margin-top: -20px !important;}&#8220;][vc_empty_space height=&#8220;15px&#8220;][\/vc_column][vc_column width=&#8220;1\/5&#8243;][vc_single_image image=&#8220;55080&#8243; img_size=&#8220;full&#8220; onclick=&#8220;link_image&#8220;][vc_btn title=&#8220;Vorbestellen \/ Vormerken&#8220; style=&#8220;flat&#8220; color=&#8220;inverse&#8220; size=&#8220;xs&#8220; align=&#8220;center&#8220; i_icon_fontawesome=&#8220;fas fa-external-link-square-alt&#8220; button_block=&#8220;true&#8220; add_icon=&#8220;true&#8220; link=&#8220;url:https%3A%2F%2Fmusic.nobledemon.com%2Fzornheym|title:The%20Zornheim%20Sleep%20Experiment|target:_blank&#8220; css=&#8220;.vc_custom_1629276843606{margin-top: -20px !important;}&#8220;][vc_empty_space height=&#8220;15px&#8220;][\/vc_column][\/vc_row][vc_row][vc_column][vc_column_text css=&#8220;.vc_custom_1629279674776{margin-bottom: -1px !important;border-bottom-width: -1px !important;padding-bottom: -1px !important;}&#8220;]<span style=\"font-size: 14pt;\">Vinyl-Editionen des Albums<span style=\"font-size: 14pt;\"> &#8222;<\/span><strong>The Zornheim Sleep Experiment<\/strong>&#8222;:<\/span>[\/vc_column_text][vc_empty_space height=&#8220;8px&#8220;][vc_row_inner][vc_column_inner width=&#8220;1\/3&#8243;][vc_single_image image=&#8220;55243&#8243; img_size=&#8220;full&#8220; onclick=&#8220;link_image&#8220;][vc_empty_space height=&#8220;1px&#8220; css=&#8220;.vc_custom_1629280384190{margin-top: -5px !important;}&#8220;][vc_column_text css=&#8220;.vc_custom_1629280469218{margin-top: -25px !important;}&#8220;]<\/p>\n<p style=\"text-align: center;\"><span style=\"font-size: 8pt;\">2&#215;12&#8243; Black Vinyl Gatefolder Edition<\/span><\/p>\n<p>[\/vc_column_text][\/vc_column_inner][vc_column_inner width=&#8220;1\/3&#8243;][vc_single_image image=&#8220;55249&#8243; img_size=&#8220;full&#8220; onclick=&#8220;link_image&#8220;][vc_empty_space height=&#8220;1px&#8220; css=&#8220;.vc_custom_1629280384190{margin-top: -5px !important;}&#8220;][vc_column_text css=&#8220;.vc_custom_1629280720489{margin-top: -25px !important;}&#8220;]<\/p>\n<p style=\"text-align: center;\"><span style=\"font-size: 8pt;\">2&#215;12&#8243; Yellow Marble Vinyl Gatefolder Edition<\/span><\/p>\n<p>[\/vc_column_text][\/vc_column_inner][vc_column_inner width=&#8220;1\/3&#8243;][vc_single_image image=&#8220;55246&#8243; img_size=&#8220;full&#8220; onclick=&#8220;link_image&#8220;][vc_empty_space height=&#8220;1px&#8220; css=&#8220;.vc_custom_1629280384190{margin-top: -5px !important;}&#8220;][vc_column_text css=&#8220;.vc_custom_1629280730736{margin-top: -25px !important;}&#8220;]<\/p>\n<p style=\"text-align: center;\"><span style=\"font-size: 8pt;\">2&#215;12&#8243; Green Splatter Vinyl Gatefolder\u00a0Edition<\/span><\/p>\n<p>[\/vc_column_text][\/vc_column_inner][\/vc_row_inner][\/vc_column][\/vc_row][vc_row][vc_column][vc_separator][\/vc_column][\/vc_row][vc_row][vc_column][vc_video link=&#8220;https:\/\/youtu.be\/XdrH6rw6qKE&#8220; title=&#8220;Zornheym &#8211; Keep The Devil Away (Official Music Video) | Noble Demon&#8220;][\/vc_column][\/vc_row][vc_row][vc_column width=&#8220;1\/2&#8243;][vc_column_text]Mehr Informationen \u00fcber die Band:\u00a0<a title=\"Zornheym | Noble Demon\" href=\"https:\/\/ucm.one\/de\/zornheym\/\">Zornheym<\/a>[\/vc_column_text][\/vc_column][vc_column width=&#8220;1\/2&#8243;][vc_column_text]Mehr Informationen \u00fcber das Label:\u00a0<a title=\"Noble Demon\" href=\"https:\/\/ucm.one\/de\/musik-labels\/noble-demon\/\">Noble Demon<\/a>[\/vc_column_text][\/vc_column][\/vc_row]<\/p>\n<\/div>","protected":false},"excerpt":{"rendered":"<p>[vc_row][vc_column][vc_column_text]Die Stockholmer Band Zornheym hat einen weltweiten Vertrag beim deutschen Label Noble Demon unterschrieben und wird im Oktober ihr zweites Album, mit dem Titel &#8222;The Zornheim Sleep Experiment&#8222;, ver\u00f6ffentlichen.[\/vc_column_text][vc_row_inner][vc_column_inner width=&#8220;1\/3&#8243;][vc_single_image image=&#8220;55234&#8243; img_size=&#8220;full&#8220; onclick=&#8220;link_image&#8220; css=&#8220;.vc_custom_1629275855188{margin-top: 5px !important;}&#8220;][\/vc_column_inner][vc_column_inner width=&#8220;2\/3&#8243;][vc_column_text]Gegr\u00fcndet und geleitet von Multi-Instrumentalist und Songwriter Zorn, der nach seinem Ausstieg bei den legend\u00e4ren Black Metallern Dark Funeral&hellip;<\/p>\n","protected":false},"author":2,"featured_media":55224,"comment_status":"closed","ping_status":"closed","sticky":false,"template":"","format":"standard","meta":{"_acf_changed":false,"footnotes":""},"categories":[9,13,7077],"tags":[7172,7444,7079,7720,10131,10129,10130,10128,8133],"class_list":["post-55231","post","type-post","status-publish","format-standard","has-post-thumbnail","hentry","category-musik","category-news","category-noble-demon","tag-dark-funeral","tag-heavy-metal","tag-noble-demon","tag-schweden","tag-stockholm","tag-the-zornheim-sleep-experiment","tag-where-hatred-dwells-and-darkness-reigns","tag-zorn","tag-zornheym","category-9","category-13","category-7077","description-off"],"acf":[],"yoast_head":"<!-- This site is optimized with the Yoast SEO plugin v27.5 - https:\/\/yoast.com\/product\/yoast-seo-wordpress\/ -->\n<title>%title%<\/title>\n<meta name=\"description\" content=\"Die Stockholmer Band Zornheym wird im Oktober auf Noble Demon ihr zweites Album mit dem Titel &quot;The Zornheim Sleep Experiment&quot; ver\u00f6ffentlichen.\" \/>\n<meta name=\"robots\" content=\"index, follow, max-snippet:-1, max-image-preview:large, max-video-preview:-1\" \/>\n<link rel=\"canonical\" href=\"https:\/\/ucm.one\/de\/symphonic-extreme-metaller-zornheym-unterschreiben-bei-noble-demon\/\" \/>\n<meta property=\"og:locale\" content=\"de_DE\" \/>\n<meta property=\"og:type\" content=\"article\" \/>\n<meta property=\"og:title\" content=\"%title%\" \/>\n<meta property=\"og:description\" content=\"Die Stockholmer Band Zornheym wird im Oktober auf Noble Demon ihr zweites Album mit dem Titel &quot;The Zornheim Sleep Experiment&quot; ver\u00f6ffentlichen.\" \/>\n<meta property=\"og:url\" content=\"https:\/\/ucm.one\/de\/symphonic-extreme-metaller-zornheym-unterschreiben-bei-noble-demon\/\" \/>\n<meta property=\"og:site_name\" content=\"UCM.ONE\" \/>\n<meta property=\"article:published_time\" content=\"2021-08-13T08:31:08+00:00\" \/>\n<meta property=\"article:modified_time\" content=\"2023-03-10T09:08:35+00:00\" \/>\n<meta property=\"og:image\" content=\"https:\/\/ucm.one\/wp-content\/uploads\/2021\/08\/B-ZornheymLogo.jpg\" \/>\n\t<meta property=\"og:image:width\" content=\"1920\" \/>\n\t<meta property=\"og:image:height\" content=\"600\" \/>\n\t<meta property=\"og:image:type\" content=\"image\/jpeg\" \/>\n<meta name=\"author\" content=\"Joachim Keil\" \/>\n<meta name=\"twitter:card\" content=\"summary_large_image\" \/>\n<meta name=\"twitter:label1\" content=\"Verfasst von\" \/>\n\t<meta name=\"twitter:data1\" content=\"Joachim Keil\" \/>\n\t<meta name=\"twitter:label2\" content=\"Gesch\u00e4tzte Lesezeit\" \/>\n\t<meta name=\"twitter:data2\" content=\"4\u00a0Minuten\" \/>\n<!-- \/ Yoast SEO plugin. -->","yoast_head_json":{"title":"%title%","description":"Die Stockholmer Band Zornheym wird im Oktober auf Noble Demon ihr zweites Album mit dem Titel \"The Zornheim Sleep Experiment\" ver\u00f6ffentlichen.","robots":{"index":"index","follow":"follow","max-snippet":"max-snippet:-1","max-image-preview":"max-image-preview:large","max-video-preview":"max-video-preview:-1"},"canonical":"https:\/\/ucm.one\/de\/symphonic-extreme-metaller-zornheym-unterschreiben-bei-noble-demon\/","og_locale":"de_DE","og_type":"article","og_title":"%title%","og_description":"Die Stockholmer Band Zornheym wird im Oktober auf Noble Demon ihr zweites Album mit dem Titel \"The Zornheim Sleep Experiment\" ver\u00f6ffentlichen.","og_url":"https:\/\/ucm.one\/de\/symphonic-extreme-metaller-zornheym-unterschreiben-bei-noble-demon\/","og_site_name":"UCM.ONE","article_published_time":"2021-08-13T08:31:08+00:00","article_modified_time":"2023-03-10T09:08:35+00:00","og_image":[{"width":1920,"height":600,"url":"https:\/\/ucm.one\/wp-content\/uploads\/2021\/08\/B-ZornheymLogo.jpg","type":"image\/jpeg"}],"author":"Joachim Keil","twitter_card":"summary_large_image","twitter_misc":{"Verfasst von":"Joachim Keil","Gesch\u00e4tzte Lesezeit":"4\u00a0Minuten"},"schema":{"@context":"https:\/\/schema.org","@graph":[{"@type":"Article","@id":"https:\/\/ucm.one\/de\/symphonic-extreme-metaller-zornheym-unterschreiben-bei-noble-demon\/#article","isPartOf":{"@id":"https:\/\/ucm.one\/de\/symphonic-extreme-metaller-zornheym-unterschreiben-bei-noble-demon\/"},"author":{"name":"Joachim Keil","@id":"https:\/\/ucm.one\/de\/#\/schema\/person\/4b959e467e8acc058836467a0ef8fa50"},"headline":"Symphonic Extreme Metaller Zornheym unterschreiben bei Noble Demon!","datePublished":"2021-08-13T08:31:08+00:00","dateModified":"2023-03-10T09:08:35+00:00","mainEntityOfPage":{"@id":"https:\/\/ucm.one\/de\/symphonic-extreme-metaller-zornheym-unterschreiben-bei-noble-demon\/"},"wordCount":813,"publisher":{"@id":"https:\/\/ucm.one\/de\/#organization"},"image":{"@id":"https:\/\/ucm.one\/de\/symphonic-extreme-metaller-zornheym-unterschreiben-bei-noble-demon\/#primaryimage"},"thumbnailUrl":"https:\/\/ucm.one\/wp-content\/uploads\/2021\/08\/B-ZornheymLogo.jpg","keywords":["Dark Funeral","Heavy-Metal","Noble Demon","Schweden","Stockholm","The Zornheim Sleep Experiment","Where Hatred Dwells and Darkness Reigns","Zorn","Zornheym"],"articleSection":["Musik","News","Noble Demon"],"inLanguage":"de"},{"@type":"WebPage","@id":"https:\/\/ucm.one\/de\/symphonic-extreme-metaller-zornheym-unterschreiben-bei-noble-demon\/","url":"https:\/\/ucm.one\/de\/symphonic-extreme-metaller-zornheym-unterschreiben-bei-noble-demon\/","name":"%title%","isPartOf":{"@id":"https:\/\/ucm.one\/de\/#website"},"primaryImageOfPage":{"@id":"https:\/\/ucm.one\/de\/symphonic-extreme-metaller-zornheym-unterschreiben-bei-noble-demon\/#primaryimage"},"image":{"@id":"https:\/\/ucm.one\/de\/symphonic-extreme-metaller-zornheym-unterschreiben-bei-noble-demon\/#primaryimage"},"thumbnailUrl":"https:\/\/ucm.one\/wp-content\/uploads\/2021\/08\/B-ZornheymLogo.jpg","datePublished":"2021-08-13T08:31:08+00:00","dateModified":"2023-03-10T09:08:35+00:00","description":"Die Stockholmer Band Zornheym wird im Oktober auf Noble Demon ihr zweites Album mit dem Titel \"The Zornheim Sleep Experiment\" ver\u00f6ffentlichen.","breadcrumb":{"@id":"https:\/\/ucm.one\/de\/symphonic-extreme-metaller-zornheym-unterschreiben-bei-noble-demon\/#breadcrumb"},"inLanguage":"de","potentialAction":[{"@type":"ReadAction","target":["https:\/\/ucm.one\/de\/symphonic-extreme-metaller-zornheym-unterschreiben-bei-noble-demon\/"]}]},{"@type":"ImageObject","inLanguage":"de","@id":"https:\/\/ucm.one\/de\/symphonic-extreme-metaller-zornheym-unterschreiben-bei-noble-demon\/#primaryimage","url":"https:\/\/ucm.one\/wp-content\/uploads\/2021\/08\/B-ZornheymLogo.jpg","contentUrl":"https:\/\/ucm.one\/wp-content\/uploads\/2021\/08\/B-ZornheymLogo.jpg","width":1920,"height":600,"caption":"Left: Steve Joakim (drums) Center top: Scucca (guitars) Center bottom: Bendler (vocals) Right: Zorn (guitars)"},{"@type":"BreadcrumbList","@id":"https:\/\/ucm.one\/de\/symphonic-extreme-metaller-zornheym-unterschreiben-bei-noble-demon\/#breadcrumb","itemListElement":[{"@type":"ListItem","position":1,"name":"Home","item":"https:\/\/ucm.one\/de\/"},{"@type":"ListItem","position":2,"name":"Symphonic Extreme Metaller Zornheym unterschreiben bei Noble Demon!"}]},{"@type":"WebSite","@id":"https:\/\/ucm.one\/de\/#website","url":"https:\/\/ucm.one\/de\/","name":"UCM.ONE","description":"","publisher":{"@id":"https:\/\/ucm.one\/de\/#organization"},"potentialAction":[{"@type":"SearchAction","target":{"@type":"EntryPoint","urlTemplate":"https:\/\/ucm.one\/de\/?s={search_term_string}"},"query-input":{"@type":"PropertyValueSpecification","valueRequired":true,"valueName":"search_term_string"}}],"inLanguage":"de"},{"@type":"Organization","@id":"https:\/\/ucm.one\/de\/#organization","name":"UCM.ONE","url":"https:\/\/ucm.one\/de\/","logo":{"@type":"ImageObject","inLanguage":"de","@id":"https:\/\/ucm.one\/de\/#\/schema\/logo\/image\/","url":"https:\/\/ucm.one\/wp-content\/uploads\/2019\/10\/UCM.ONE-Logo-RGB.svg","contentUrl":"https:\/\/ucm.one\/wp-content\/uploads\/2019\/10\/UCM.ONE-Logo-RGB.svg","width":1,"height":1,"caption":"UCM.ONE"},"image":{"@id":"https:\/\/ucm.one\/de\/#\/schema\/logo\/image\/"}},{"@type":"Person","@id":"https:\/\/ucm.one\/de\/#\/schema\/person\/4b959e467e8acc058836467a0ef8fa50","name":"Joachim Keil","image":{"@type":"ImageObject","inLanguage":"de","@id":"https:\/\/secure.gravatar.com\/avatar\/10e1dfd05f2a7a7bc83cd44bae31e01c8ac15f974229211a2b1a49fa0a22fec0?s=96&d=mm&r=g","url":"https:\/\/secure.gravatar.com\/avatar\/10e1dfd05f2a7a7bc83cd44bae31e01c8ac15f974229211a2b1a49fa0a22fec0?s=96&d=mm&r=g","contentUrl":"https:\/\/secure.gravatar.com\/avatar\/10e1dfd05f2a7a7bc83cd44bae31e01c8ac15f974229211a2b1a49fa0a22fec0?s=96&d=mm&r=g","caption":"Joachim Keil"},"sameAs":["https:\/\/ucm.one"]}]}},"_links":{"self":[{"href":"https:\/\/ucm.one\/de\/wp-json\/wp\/v2\/posts\/55231","targetHints":{"allow":["GET"]}}],"collection":[{"href":"https:\/\/ucm.one\/de\/wp-json\/wp\/v2\/posts"}],"about":[{"href":"https:\/\/ucm.one\/de\/wp-json\/wp\/v2\/types\/post"}],"author":[{"embeddable":true,"href":"https:\/\/ucm.one\/de\/wp-json\/wp\/v2\/users\/2"}],"replies":[{"embeddable":true,"href":"https:\/\/ucm.one\/de\/wp-json\/wp\/v2\/comments?post=55231"}],"version-history":[{"count":0,"href":"https:\/\/ucm.one\/de\/wp-json\/wp\/v2\/posts\/55231\/revisions"}],"wp:featuredmedia":[{"embeddable":true,"href":"https:\/\/ucm.one\/de\/wp-json\/wp\/v2\/media\/55224"}],"wp:attachment":[{"href":"https:\/\/ucm.one\/de\/wp-json\/wp\/v2\/media?parent=55231"}],"wp:term":[{"taxonomy":"category","embeddable":true,"href":"https:\/\/ucm.one\/de\/wp-json\/wp\/v2\/categories?post=55231"},{"taxonomy":"post_tag","embeddable":true,"href":"https:\/\/ucm.one\/de\/wp-json\/wp\/v2\/tags?post=55231"}],"curies":[{"name":"wp","href":"https:\/\/api.w.org\/{rel}","templated":true}]}}