{"id":55053,"date":"2021-08-12T01:40:05","date_gmt":"2021-08-12T01:40:05","guid":{"rendered":"https:\/\/ucm.one\/?p=55053"},"modified":"2023-03-10T09:33:03","modified_gmt":"2023-03-10T09:33:03","slug":"heute-startet-albtraeumer-von-philipp-klinger-in-den-kinos","status":"publish","type":"post","link":"https:\/\/ucm.one\/de\/heute-startet-albtraeumer-von-philipp-klinger-in-den-kinos\/","title":{"rendered":"Heute startet &#8222;Albtr\u00e4umer&#8220; von Philipp Klinger in den Kinos"},"content":{"rendered":"<div class=\"wpb-content-wrapper\"><p>[vc_row][vc_column][vc_column_text]Am 12. August 2021 kommt der bewegende Spielfilm &#8222;<strong>Albtr\u00e4umer<\/strong>&#8220; von Regisseur <strong>Philipp Klinger<\/strong>, ein Coming-of-Age Drama mit Mystery-Elementen, \u00fcber das Label <strong>Artkeim\u00b2\u00a0<\/strong>im Verleih von <span style=\"font-family: 'arial black', sans-serif;\"><strong>UCM.ONE<\/strong><\/span>\u00a0bundesweit ins Kino.[\/vc_column_text][\/vc_column][\/vc_row][vc_row][vc_column width=&#8220;3\/4&#8243;][vc_column_text]<strong>Philipp Klinger<\/strong>, der selbst in einem kleinen Dorf im Schwarzwald aufgewachsen ist, erz\u00e4hlt in seinem Spielfilmdeb\u00fct in gro\u00dfen Bildern von der Enge und Verzweiflung, die das Erwachsenwerden in einer hermetischen Gemeinschaft mit sich bringen kann. Mit <strong>Sarah Mahita<\/strong> (&#8222;<strong>Bonnie &amp; Bonnie<\/strong>&#8222;, &#8222;<strong>Wir sind die Welle<\/strong>&#8222;) und <strong>B\u00e9la Gabor Lenz<\/strong> (&#8222;<strong>Wir sind die Welle<\/strong>&#8222;, &#8222;<strong>Dark<\/strong>&#8222;)\u00a0kann er dabei auf zwei gro\u00dfartige junge Hauptdarsteller setzen, die die inneren Konflikte ihrer Charaktere auf beeindruckende Weise sp\u00fcrbar machen.[\/vc_column_text][vc_column_text]<span style=\"font-size: 14pt;\">Synopsis:<\/span><\/p>\n<p>Seit ihr \u00e4lterer Bruders Dennis vor zwei Jahren in den Tod gesprungen ist, versucht die 17-j\u00e4hrige Rebekka vergeblich, seinen Suizid f\u00fcr sich zu verarbeiten. Ihre Eltern sind vor allem mit dem Aufrechterhalten ihrer b\u00fcrgerlichen Fassade besch\u00e4ftigt und haben, wie auch die Dorfgemeinschaft, l\u00e4ngst einen \u201eSchuldigen\u201c an Dennis\u2018 Tod ausgemacht: Vincent, seinen besten Freund, der damals gemeinsam mit ihm von der Br\u00fccke gesprungen ist und den Sturz wie durch ein Wunder \u00fcberlebt hat.<\/p>\n<p>Als dieser nach langer Abwesenheit in den kleinen Ort im Schwarzwald zur\u00fcckkehrt, rei\u00dfen die alten Wunden wieder auf. Rebekka aber sieht in dem abweisenden Sonderling die einzige M\u00f6glichkeit, endlich zu verstehen, wer ihr Bruder wirklich war.\u00a0Gegen den erbitterten Widerstand von Rebekkas Eltern kommen sich die beiden Jugendlichen n\u00e4her und es entwickelt sich eine st\u00fcrmische Liebesbeziehung, die heilsam, aber auch zunehmend zerst\u00f6rerisch wirkt. Rebekka wird dabei tiefer in die Gef\u00fchlswelt ihres Bruders gezogen, als ihr lieb sein kann. Als die Situation eskaliert, muss sie eine harte Entscheidung treffen.[\/vc_column_text][\/vc_column][vc_column width=&#8220;1\/4&#8243;][vc_single_image image=&#8220;50047&#8243; img_size=&#8220;full&#8220; onclick=&#8220;link_image&#8220;][\/vc_column][\/vc_row][vc_row][vc_column][vc_column_text]&#8220;Albtr\u00e4umer&#8220;ist ein in berauschenden Bildern erz\u00e4hltes und einf\u00fchlsam gespieltes Coming-of-Age-Drama mit Mystery-Elementen, in dem die schmerzhafte Suche einer jungen Frau nach Antworten mit der geistigen und emotionalen Enge ihrer Umgebung kollidiert.<span class=\"Apple-converted-space\">\u00a0<\/span>[\/vc_column_text][\/vc_column][\/vc_row][vc_row][vc_column width=&#8220;1\/2&#8243;][vc_single_image image=&#8220;53801&#8243; img_size=&#8220;full&#8220; onclick=&#8220;link_image&#8220;][\/vc_column][vc_column width=&#8220;1\/2&#8243;][vc_single_image image=&#8220;53853&#8243; img_size=&#8220;full&#8220; onclick=&#8220;link_image&#8220;][\/vc_column][\/vc_row][vc_row][vc_column][vc_video link=&#8220;https:\/\/youtu.be\/9B8oRESBcnw&#8220; title=&#8220;Albtr\u00e4umer | Trailer (deutsch) \u1d34\u1d30&#8220;][\/vc_column][\/vc_row][vc_row][vc_column][vc_column_text]Weitere Informationen \u00fcber den Film: <a title=\"Albtr\u00e4umer (2020) von Philipp Klinger | Artkeim\u00b2\" href=\"https:\/\/ucm.one\/de\/albtraeumer\/\">Albtr\u00e4umer<\/a>[\/vc_column_text][\/vc_column][\/vc_row]<\/p>\n<\/div>","protected":false},"excerpt":{"rendered":"<p>[vc_row][vc_column][vc_column_text]Am 12. August 2021 kommt der bewegende Spielfilm &#8222;Albtr\u00e4umer&#8220; von Regisseur Philipp Klinger, ein Coming-of-Age Drama mit Mystery-Elementen, \u00fcber das Label Artkeim\u00b2\u00a0im Verleih von UCM.ONE\u00a0bundesweit ins Kino.[\/vc_column_text][\/vc_column][\/vc_row][vc_row][vc_column width=&#8220;3\/4&#8243;][vc_column_text]Philipp Klinger, der selbst in einem kleinen Dorf im Schwarzwald aufgewachsen ist, erz\u00e4hlt in seinem Spielfilmdeb\u00fct in gro\u00dfen Bildern von der Enge und Verzweiflung, die das Erwachsenwerden in&hellip;<\/p>\n","protected":false},"author":2,"featured_media":55059,"comment_status":"closed","ping_status":"closed","sticky":false,"template":"","format":"standard","meta":{"_acf_changed":false,"footnotes":""},"categories":[828,8,10,13,752,7528],"tags":[9441,2311,9444,9448,2350,9445,2312,9447,3009,9449,2325,9442,9443,5674,9446],"class_list":["post-55053","post","type-post","status-publish","format-standard","has-post-thumbnail","hentry","category-artkeim","category-film","category-kino","category-news","category-verleih","category-weltvertrieb","tag-albtraeumer","tag-artkeim","tag-bela-gabor-lenz","tag-biberach","tag-city-kino-wedding","tag-dark","tag-festival","tag-hofer-filmtage","tag-kino","tag-kurhaus","tag-netflix","tag-phillip-klinger","tag-sarah-mahita","tag-swr","tag-wir-sind-die-welle","category-828","category-8","category-10","category-13","category-752","category-7528","description-off"],"acf":[],"yoast_head":"<!-- This site is optimized with the Yoast SEO plugin v27.5 - https:\/\/yoast.com\/product\/yoast-seo-wordpress\/ -->\n<title>%title%<\/title>\n<meta name=\"description\" content=\"Am 12. August 2021 kommt der bewegende Spielfilm&quot;Albtr\u00e4umer&quot; von Regisseur Philipp Klinger bundesweit ins Kino.\" \/>\n<meta name=\"robots\" content=\"index, follow, max-snippet:-1, max-image-preview:large, max-video-preview:-1\" \/>\n<link rel=\"canonical\" href=\"https:\/\/ucm.one\/de\/heute-startet-albtraeumer-von-philipp-klinger-in-den-kinos\/\" \/>\n<meta property=\"og:locale\" content=\"de_DE\" \/>\n<meta property=\"og:type\" content=\"article\" \/>\n<meta property=\"og:title\" content=\"%title%\" \/>\n<meta property=\"og:description\" content=\"Am 12. August 2021 kommt der bewegende Spielfilm&quot;Albtr\u00e4umer&quot; von Regisseur Philipp Klinger bundesweit ins Kino.\" \/>\n<meta property=\"og:url\" content=\"https:\/\/ucm.one\/de\/heute-startet-albtraeumer-von-philipp-klinger-in-den-kinos\/\" \/>\n<meta property=\"og:site_name\" content=\"UCM.ONE\" \/>\n<meta property=\"article:published_time\" content=\"2021-08-12T01:40:05+00:00\" \/>\n<meta property=\"article:modified_time\" content=\"2023-03-10T09:33:03+00:00\" \/>\n<meta property=\"og:image\" content=\"https:\/\/ucm.one\/wp-content\/uploads\/2021\/08\/Albtraeumer_Banner_Kinostart.jpg\" \/>\n\t<meta property=\"og:image:width\" content=\"1920\" \/>\n\t<meta property=\"og:image:height\" content=\"600\" \/>\n\t<meta property=\"og:image:type\" content=\"image\/jpeg\" \/>\n<meta name=\"author\" content=\"Joachim Keil\" \/>\n<meta name=\"twitter:card\" content=\"summary_large_image\" \/>\n<meta name=\"twitter:label1\" content=\"Verfasst von\" \/>\n\t<meta name=\"twitter:data1\" content=\"Joachim Keil\" \/>\n\t<meta name=\"twitter:label2\" content=\"Gesch\u00e4tzte Lesezeit\" \/>\n\t<meta name=\"twitter:data2\" content=\"2\u00a0Minuten\" \/>\n<!-- \/ Yoast SEO plugin. -->","yoast_head_json":{"title":"%title%","description":"Am 12. August 2021 kommt der bewegende Spielfilm\"Albtr\u00e4umer\" von Regisseur Philipp Klinger bundesweit ins Kino.","robots":{"index":"index","follow":"follow","max-snippet":"max-snippet:-1","max-image-preview":"max-image-preview:large","max-video-preview":"max-video-preview:-1"},"canonical":"https:\/\/ucm.one\/de\/heute-startet-albtraeumer-von-philipp-klinger-in-den-kinos\/","og_locale":"de_DE","og_type":"article","og_title":"%title%","og_description":"Am 12. August 2021 kommt der bewegende Spielfilm\"Albtr\u00e4umer\" von Regisseur Philipp Klinger bundesweit ins Kino.","og_url":"https:\/\/ucm.one\/de\/heute-startet-albtraeumer-von-philipp-klinger-in-den-kinos\/","og_site_name":"UCM.ONE","article_published_time":"2021-08-12T01:40:05+00:00","article_modified_time":"2023-03-10T09:33:03+00:00","og_image":[{"width":1920,"height":600,"url":"https:\/\/ucm.one\/wp-content\/uploads\/2021\/08\/Albtraeumer_Banner_Kinostart.jpg","type":"image\/jpeg"}],"author":"Joachim Keil","twitter_card":"summary_large_image","twitter_misc":{"Verfasst von":"Joachim Keil","Gesch\u00e4tzte Lesezeit":"2\u00a0Minuten"},"schema":{"@context":"https:\/\/schema.org","@graph":[{"@type":"Article","@id":"https:\/\/ucm.one\/de\/heute-startet-albtraeumer-von-philipp-klinger-in-den-kinos\/#article","isPartOf":{"@id":"https:\/\/ucm.one\/de\/heute-startet-albtraeumer-von-philipp-klinger-in-den-kinos\/"},"author":{"name":"Joachim Keil","@id":"https:\/\/ucm.one\/de\/#\/schema\/person\/4b959e467e8acc058836467a0ef8fa50"},"headline":"Heute startet &#8222;Albtr\u00e4umer&#8220; von Philipp Klinger in den Kinos","datePublished":"2021-08-12T01:40:05+00:00","dateModified":"2023-03-10T09:33:03+00:00","mainEntityOfPage":{"@id":"https:\/\/ucm.one\/de\/heute-startet-albtraeumer-von-philipp-klinger-in-den-kinos\/"},"wordCount":468,"publisher":{"@id":"https:\/\/ucm.one\/de\/#organization"},"image":{"@id":"https:\/\/ucm.one\/de\/heute-startet-albtraeumer-von-philipp-klinger-in-den-kinos\/#primaryimage"},"thumbnailUrl":"https:\/\/ucm.one\/wp-content\/uploads\/2021\/08\/Albtraeumer_Banner_Kinostart.jpg","keywords":["Albtr\u00e4umer","Artkeim\u00b2","B\u00e9la Gabor Lenz","Biberach","City Kino Wedding","Dark","Festival","Hofer Filmtage","Kino","Kurhaus","Netflix","Phillip Klinger","Sarah Mahita","SWR","Wir sind die Welle"],"articleSection":["Artkeim\u00b2","Film","Kino","News","Verleih","Weltvertrieb"],"inLanguage":"de"},{"@type":"WebPage","@id":"https:\/\/ucm.one\/de\/heute-startet-albtraeumer-von-philipp-klinger-in-den-kinos\/","url":"https:\/\/ucm.one\/de\/heute-startet-albtraeumer-von-philipp-klinger-in-den-kinos\/","name":"%title%","isPartOf":{"@id":"https:\/\/ucm.one\/de\/#website"},"primaryImageOfPage":{"@id":"https:\/\/ucm.one\/de\/heute-startet-albtraeumer-von-philipp-klinger-in-den-kinos\/#primaryimage"},"image":{"@id":"https:\/\/ucm.one\/de\/heute-startet-albtraeumer-von-philipp-klinger-in-den-kinos\/#primaryimage"},"thumbnailUrl":"https:\/\/ucm.one\/wp-content\/uploads\/2021\/08\/Albtraeumer_Banner_Kinostart.jpg","datePublished":"2021-08-12T01:40:05+00:00","dateModified":"2023-03-10T09:33:03+00:00","description":"Am 12. August 2021 kommt der bewegende Spielfilm\"Albtr\u00e4umer\" von Regisseur Philipp Klinger bundesweit ins Kino.","breadcrumb":{"@id":"https:\/\/ucm.one\/de\/heute-startet-albtraeumer-von-philipp-klinger-in-den-kinos\/#breadcrumb"},"inLanguage":"de","potentialAction":[{"@type":"ReadAction","target":["https:\/\/ucm.one\/de\/heute-startet-albtraeumer-von-philipp-klinger-in-den-kinos\/"]}]},{"@type":"ImageObject","inLanguage":"de","@id":"https:\/\/ucm.one\/de\/heute-startet-albtraeumer-von-philipp-klinger-in-den-kinos\/#primaryimage","url":"https:\/\/ucm.one\/wp-content\/uploads\/2021\/08\/Albtraeumer_Banner_Kinostart.jpg","contentUrl":"https:\/\/ucm.one\/wp-content\/uploads\/2021\/08\/Albtraeumer_Banner_Kinostart.jpg","width":1920,"height":600},{"@type":"BreadcrumbList","@id":"https:\/\/ucm.one\/de\/heute-startet-albtraeumer-von-philipp-klinger-in-den-kinos\/#breadcrumb","itemListElement":[{"@type":"ListItem","position":1,"name":"Home","item":"https:\/\/ucm.one\/de\/"},{"@type":"ListItem","position":2,"name":"Heute startet &#8220;Albtr\u00e4umer&#8221; von Philipp Klinger in den Kinos"}]},{"@type":"WebSite","@id":"https:\/\/ucm.one\/de\/#website","url":"https:\/\/ucm.one\/de\/","name":"UCM.ONE","description":"","publisher":{"@id":"https:\/\/ucm.one\/de\/#organization"},"potentialAction":[{"@type":"SearchAction","target":{"@type":"EntryPoint","urlTemplate":"https:\/\/ucm.one\/de\/?s={search_term_string}"},"query-input":{"@type":"PropertyValueSpecification","valueRequired":true,"valueName":"search_term_string"}}],"inLanguage":"de"},{"@type":"Organization","@id":"https:\/\/ucm.one\/de\/#organization","name":"UCM.ONE","url":"https:\/\/ucm.one\/de\/","logo":{"@type":"ImageObject","inLanguage":"de","@id":"https:\/\/ucm.one\/de\/#\/schema\/logo\/image\/","url":"https:\/\/ucm.one\/wp-content\/uploads\/2019\/10\/UCM.ONE-Logo-RGB.svg","contentUrl":"https:\/\/ucm.one\/wp-content\/uploads\/2019\/10\/UCM.ONE-Logo-RGB.svg","width":1,"height":1,"caption":"UCM.ONE"},"image":{"@id":"https:\/\/ucm.one\/de\/#\/schema\/logo\/image\/"}},{"@type":"Person","@id":"https:\/\/ucm.one\/de\/#\/schema\/person\/4b959e467e8acc058836467a0ef8fa50","name":"Joachim Keil","image":{"@type":"ImageObject","inLanguage":"de","@id":"https:\/\/secure.gravatar.com\/avatar\/10e1dfd05f2a7a7bc83cd44bae31e01c8ac15f974229211a2b1a49fa0a22fec0?s=96&d=mm&r=g","url":"https:\/\/secure.gravatar.com\/avatar\/10e1dfd05f2a7a7bc83cd44bae31e01c8ac15f974229211a2b1a49fa0a22fec0?s=96&d=mm&r=g","contentUrl":"https:\/\/secure.gravatar.com\/avatar\/10e1dfd05f2a7a7bc83cd44bae31e01c8ac15f974229211a2b1a49fa0a22fec0?s=96&d=mm&r=g","caption":"Joachim Keil"},"sameAs":["https:\/\/ucm.one"]}]}},"_links":{"self":[{"href":"https:\/\/ucm.one\/de\/wp-json\/wp\/v2\/posts\/55053","targetHints":{"allow":["GET"]}}],"collection":[{"href":"https:\/\/ucm.one\/de\/wp-json\/wp\/v2\/posts"}],"about":[{"href":"https:\/\/ucm.one\/de\/wp-json\/wp\/v2\/types\/post"}],"author":[{"embeddable":true,"href":"https:\/\/ucm.one\/de\/wp-json\/wp\/v2\/users\/2"}],"replies":[{"embeddable":true,"href":"https:\/\/ucm.one\/de\/wp-json\/wp\/v2\/comments?post=55053"}],"version-history":[{"count":0,"href":"https:\/\/ucm.one\/de\/wp-json\/wp\/v2\/posts\/55053\/revisions"}],"wp:featuredmedia":[{"embeddable":true,"href":"https:\/\/ucm.one\/de\/wp-json\/wp\/v2\/media\/55059"}],"wp:attachment":[{"href":"https:\/\/ucm.one\/de\/wp-json\/wp\/v2\/media?parent=55053"}],"wp:term":[{"taxonomy":"category","embeddable":true,"href":"https:\/\/ucm.one\/de\/wp-json\/wp\/v2\/categories?post=55053"},{"taxonomy":"post_tag","embeddable":true,"href":"https:\/\/ucm.one\/de\/wp-json\/wp\/v2\/tags?post=55053"}],"curies":[{"name":"wp","href":"https:\/\/api.w.org\/{rel}","templated":true}]}}