{"id":54739,"date":"2021-07-30T20:25:44","date_gmt":"2021-07-30T20:25:44","guid":{"rendered":"https:\/\/ucm.one\/?p=54739"},"modified":"2023-03-09T16:25:48","modified_gmt":"2023-03-09T16:25:48","slug":"mekanikmuzik-von-der-dritte-raum-als-vorbote-des-kommenden-albums-kommit-ab-heute-erhaeltlich","status":"publish","type":"post","link":"https:\/\/ucm.one\/de\/mekanikmuzik-von-der-dritte-raum-als-vorbote-des-kommenden-albums-kommit-ab-heute-erhaeltlich\/","title":{"rendered":"&#8222;Mekanikmuzik&#8220; von &#8222;Der Dritte Raum&#8220; als Vorbote des kommenden Albums &#8222;Kommit&#8220; ab heute erh\u00e4ltlich"},"content":{"rendered":"<div class=\"wpb-content-wrapper\"><p>[vc_row][vc_column][vc_column_text]<\/p>\n<div class=\"\">Der Album-Opener oder die erste Single von einem neuen Album hat f\u00fcr den K\u00fcnstler eine herausragende Bedeutung. Entweder legt man bewusst eine falsche F\u00e4hrte f\u00fcr die n\u00e4chste Stunde oder man gibt einen puren Vorgeschmack auf sein Werk. &#8222;<strong>Mekanikmuzik<\/strong>&#8220; vom kommenden Album &#8222;<strong>Kommit<\/strong>&#8220; von <strong>Der Dritte Raum<\/strong> ist ein Paradebeispiel f\u00fcr letzteres.<\/div>\n<p>[\/vc_column_text][\/vc_column][\/vc_row][vc_row][vc_column width=&#8220;3\/5&#8243;][vc_column_text]<\/p>\n<div class=\"\">\n<div class=\"\">\n<div class=\"\">Der Track, ver\u00f6ffentlicht auf dem Label <strong>Harthouse<\/strong>, verr\u00e4t viel \u00fcber die neue Musik von <strong>Andreas Kr\u00fcger<\/strong>: Sie ist aus einem perfekten Guss. Der Dancefloor wird angew\u00e4rmt, um dann mit einer leichten, fr\u00f6hlichen Melodie bis Minute 7:41 dar\u00fcber zu schweben. Das nimmt einen einfach sofort mit. Alles klingt warm und hell.<\/div>\n<\/div>\n<\/div>\n<p>[\/vc_column_text][vc_column_text]<\/p>\n<div class=\"\">\n<div class=\"\">\n<div class=\"\">\n<div class=\"\">&#8222;<strong>Mekanikmuzik<\/strong>&#8220; verr\u00e4t auch viel \u00fcber die Produktion von <strong>Andreas Kr\u00fcger<\/strong>s Musik. Hier brummt und dampft ein analoger Maschinen Raum. Die Melodie des Tracks wurde mit einer kleinen mechanischen Kinderorgel in aufreibender Kleinarbeit gesammelt und wieder zusammensesetzt.Musik mit Raum und Zeit. Das Niveau und die Qualit\u00e4t der Sound sind \u00fcberirdisch. Am Besten stellt man &#8222;<strong>Mekanikmuzik<\/strong>&#8220; auf Repeat, um die Zeit bis zum Release von &#8222;<b>Kommit<\/b>&#8220; ertr\u00e4glich zu gestallten.<\/div>\n<\/div>\n<\/div>\n<\/div>\n<p>[\/vc_column_text][\/vc_column][vc_column width=&#8220;1\/5&#8243;][vc_single_image image=&#8220;54742&#8243; img_size=&#8220;full&#8220; onclick=&#8220;link_image&#8220;][vc_btn title=&#8220;Download &amp; Streaming&#8220; style=&#8220;flat&#8220; color=&#8220;sky&#8220; size=&#8220;xs&#8220; align=&#8220;center&#8220; i_icon_fontawesome=&#8220;fas fa-external-link-square-alt&#8220; button_block=&#8220;true&#8220; add_icon=&#8220;true&#8220; link=&#8220;url:https%3A%2F%2Fsnd.click%2Fmekanikmuzik|title:Download%20%26%20Streaming|target:_blank&#8220; css=&#8220;.vc_custom_1627675524443{margin-top: -25px !important;}&#8220;][\/vc_column][vc_column width=&#8220;1\/5&#8243;][vc_single_image image=&#8220;54745&#8243; img_size=&#8220;full&#8220; onclick=&#8220;link_image&#8220;][vc_btn title=&#8220;Vorverkauf &amp; Vormerken&#8220; style=&#8220;flat&#8220; color=&#8220;inverse&#8220; size=&#8220;xs&#8220; align=&#8220;center&#8220; i_icon_fontawesome=&#8220;fas fa-external-link-square-alt&#8220; button_block=&#8220;true&#8220; add_icon=&#8220;true&#8220; link=&#8220;url:https%3A%2F%2Fsnd.click%2FKommit|title:Download%20%26%20Streaming|target:_blank&#8220; css=&#8220;.vc_custom_1627675702196{margin-top: -25px !important;}&#8220;][\/vc_column][\/vc_row][vc_row][vc_column][vc_column_text]<\/p>\n<div class=\"\">\n<div class=\"\">\n<div class=\"\">\n<div class=\"\">Die Single &#8222;<strong>Mekanikmuzik<\/strong>&#8220; bietet oben drauf noch zwei Remixe von <strong>Rico Puestel<\/strong>. Der erste mit &#8222;<strong>Tempo<\/strong>&#8220; f\u00fcr den Dancefloor, der andere mit einer fragileren &#8222;<strong>Statik<\/strong>&#8222;, angelegt als wilder industrial Trip mit lauten <strong>Kraftwerk<\/strong>-Anleihen.<\/div>\n<\/div>\n<div class=\"\"><\/div>\n<\/div>\n<\/div>\n<p>[\/vc_column_text][vc_separator][\/vc_column][\/vc_row][vc_row][vc_column][vc_video link=&#8220;https:\/\/youtu.be\/Z3lNoZZzOFk&#8220; title=&#8220;Der Dritte Raum &#8211; Mekanikmuzik (Tempo) | Harthouse&#8220;][\/vc_column][\/vc_row][vc_row][vc_column][vc_column_text]Weitere Informationen \u00fcber das Label: <a title=\"Harthouse\" href=\"https:\/\/ucm.one\/de\/musik-labels\/harthouse\/\">Harthouse<\/a>[\/vc_column_text][\/vc_column][\/vc_row]<\/p>\n<\/div>","protected":false},"excerpt":{"rendered":"<p>[vc_row][vc_column][vc_column_text] Der Album-Opener oder die erste Single von einem neuen Album hat f\u00fcr den K\u00fcnstler eine herausragende Bedeutung. Entweder legt man bewusst eine falsche F\u00e4hrte f\u00fcr die n\u00e4chste Stunde oder man gibt einen puren Vorgeschmack auf sein Werk. &#8222;Mekanikmuzik&#8220; vom kommenden Album &#8222;Kommit&#8220; von Der Dritte Raum ist ein Paradebeispiel f\u00fcr letzteres. [\/vc_column_text][\/vc_column][\/vc_row][vc_row][vc_column width=&#8220;3\/5&#8243;][vc_column_text] Der&hellip;<\/p>\n","protected":false},"author":2,"featured_media":54751,"comment_status":"closed","ping_status":"closed","sticky":false,"template":"","format":"standard","meta":{"_acf_changed":false,"footnotes":""},"categories":[793,9,13],"tags":[2422,2261,2357,10096,10095,9320,2361,4657],"class_list":["post-54739","post","type-post","status-publish","format-standard","has-post-thumbnail","hentry","category-harthouse-de","category-musik","category-news","tag-andreas-krueger","tag-berlin","tag-der-dritte-raum","tag-kommit","tag-mekanikmuzik","tag-rico-puestel","tag-techno","tag-the-third-room-en","category-793","category-9","category-13","description-off"],"acf":[],"yoast_head":"<!-- This site is optimized with the Yoast SEO plugin v27.5 - https:\/\/yoast.com\/product\/yoast-seo-wordpress\/ -->\n<title>%title%<\/title>\n<meta name=\"description\" content=\"&quot;Mekanikmuzik&quot; vom kommenden Album &quot;Kommit&quot; von Der Dritte Raum ist ein Vorbote f\u00fcr das, was uns Mitte September 2021 erwarten wird.\" \/>\n<meta name=\"robots\" content=\"index, follow, max-snippet:-1, max-image-preview:large, max-video-preview:-1\" \/>\n<link rel=\"canonical\" href=\"https:\/\/ucm.one\/de\/mekanikmuzik-von-der-dritte-raum-als-vorbote-des-kommenden-albums-kommit-ab-heute-erhaeltlich\/\" \/>\n<meta property=\"og:locale\" content=\"de_DE\" \/>\n<meta property=\"og:type\" content=\"article\" \/>\n<meta property=\"og:title\" content=\"%title%\" \/>\n<meta property=\"og:description\" content=\"&quot;Mekanikmuzik&quot; vom kommenden Album &quot;Kommit&quot; von Der Dritte Raum ist ein Vorbote f\u00fcr das, was uns Mitte September 2021 erwarten wird.\" \/>\n<meta property=\"og:url\" content=\"https:\/\/ucm.one\/de\/mekanikmuzik-von-der-dritte-raum-als-vorbote-des-kommenden-albums-kommit-ab-heute-erhaeltlich\/\" \/>\n<meta property=\"og:site_name\" content=\"UCM.ONE\" \/>\n<meta property=\"article:published_time\" content=\"2021-07-30T20:25:44+00:00\" \/>\n<meta property=\"article:modified_time\" content=\"2023-03-09T16:25:48+00:00\" \/>\n<meta property=\"og:image\" content=\"https:\/\/ucm.one\/wp-content\/uploads\/2021\/07\/B-Der-Dritte-Raum-Mekanikmuzik-Banner.jpg\" \/>\n\t<meta property=\"og:image:width\" content=\"1920\" \/>\n\t<meta property=\"og:image:height\" content=\"600\" \/>\n\t<meta property=\"og:image:type\" content=\"image\/jpeg\" \/>\n<meta name=\"author\" content=\"Joachim Keil\" \/>\n<meta name=\"twitter:card\" content=\"summary_large_image\" \/>\n<meta name=\"twitter:label1\" content=\"Verfasst von\" \/>\n\t<meta name=\"twitter:data1\" content=\"Joachim Keil\" \/>\n\t<meta name=\"twitter:label2\" content=\"Gesch\u00e4tzte Lesezeit\" \/>\n\t<meta name=\"twitter:data2\" content=\"2\u00a0Minuten\" \/>\n<!-- \/ Yoast SEO plugin. -->","yoast_head_json":{"title":"%title%","description":"\"Mekanikmuzik\" vom kommenden Album \"Kommit\" von Der Dritte Raum ist ein Vorbote f\u00fcr das, was uns Mitte September 2021 erwarten wird.","robots":{"index":"index","follow":"follow","max-snippet":"max-snippet:-1","max-image-preview":"max-image-preview:large","max-video-preview":"max-video-preview:-1"},"canonical":"https:\/\/ucm.one\/de\/mekanikmuzik-von-der-dritte-raum-als-vorbote-des-kommenden-albums-kommit-ab-heute-erhaeltlich\/","og_locale":"de_DE","og_type":"article","og_title":"%title%","og_description":"\"Mekanikmuzik\" vom kommenden Album \"Kommit\" von Der Dritte Raum ist ein Vorbote f\u00fcr das, was uns Mitte September 2021 erwarten wird.","og_url":"https:\/\/ucm.one\/de\/mekanikmuzik-von-der-dritte-raum-als-vorbote-des-kommenden-albums-kommit-ab-heute-erhaeltlich\/","og_site_name":"UCM.ONE","article_published_time":"2021-07-30T20:25:44+00:00","article_modified_time":"2023-03-09T16:25:48+00:00","og_image":[{"width":1920,"height":600,"url":"https:\/\/ucm.one\/wp-content\/uploads\/2021\/07\/B-Der-Dritte-Raum-Mekanikmuzik-Banner.jpg","type":"image\/jpeg"}],"author":"Joachim Keil","twitter_card":"summary_large_image","twitter_misc":{"Verfasst von":"Joachim Keil","Gesch\u00e4tzte Lesezeit":"2\u00a0Minuten"},"schema":{"@context":"https:\/\/schema.org","@graph":[{"@type":"Article","@id":"https:\/\/ucm.one\/de\/mekanikmuzik-von-der-dritte-raum-als-vorbote-des-kommenden-albums-kommit-ab-heute-erhaeltlich\/#article","isPartOf":{"@id":"https:\/\/ucm.one\/de\/mekanikmuzik-von-der-dritte-raum-als-vorbote-des-kommenden-albums-kommit-ab-heute-erhaeltlich\/"},"author":{"name":"Joachim Keil","@id":"https:\/\/ucm.one\/de\/#\/schema\/person\/4b959e467e8acc058836467a0ef8fa50"},"headline":"&#8222;Mekanikmuzik&#8220; von &#8222;Der Dritte Raum&#8220; als Vorbote des kommenden Albums &#8222;Kommit&#8220; ab heute erh\u00e4ltlich","datePublished":"2021-07-30T20:25:44+00:00","dateModified":"2023-03-09T16:25:48+00:00","mainEntityOfPage":{"@id":"https:\/\/ucm.one\/de\/mekanikmuzik-von-der-dritte-raum-als-vorbote-des-kommenden-albums-kommit-ab-heute-erhaeltlich\/"},"wordCount":448,"publisher":{"@id":"https:\/\/ucm.one\/de\/#organization"},"image":{"@id":"https:\/\/ucm.one\/de\/mekanikmuzik-von-der-dritte-raum-als-vorbote-des-kommenden-albums-kommit-ab-heute-erhaeltlich\/#primaryimage"},"thumbnailUrl":"https:\/\/ucm.one\/wp-content\/uploads\/2021\/07\/B-Der-Dritte-Raum-Mekanikmuzik-Banner.jpg","keywords":["Andreas Kr\u00fcger","Berlin","Der Dritte Raum","Kommit","Mekanikmuzik","Rico Puestel","Techno","The Third Room"],"articleSection":["Harthouse","Musik","News"],"inLanguage":"de"},{"@type":"WebPage","@id":"https:\/\/ucm.one\/de\/mekanikmuzik-von-der-dritte-raum-als-vorbote-des-kommenden-albums-kommit-ab-heute-erhaeltlich\/","url":"https:\/\/ucm.one\/de\/mekanikmuzik-von-der-dritte-raum-als-vorbote-des-kommenden-albums-kommit-ab-heute-erhaeltlich\/","name":"%title%","isPartOf":{"@id":"https:\/\/ucm.one\/de\/#website"},"primaryImageOfPage":{"@id":"https:\/\/ucm.one\/de\/mekanikmuzik-von-der-dritte-raum-als-vorbote-des-kommenden-albums-kommit-ab-heute-erhaeltlich\/#primaryimage"},"image":{"@id":"https:\/\/ucm.one\/de\/mekanikmuzik-von-der-dritte-raum-als-vorbote-des-kommenden-albums-kommit-ab-heute-erhaeltlich\/#primaryimage"},"thumbnailUrl":"https:\/\/ucm.one\/wp-content\/uploads\/2021\/07\/B-Der-Dritte-Raum-Mekanikmuzik-Banner.jpg","datePublished":"2021-07-30T20:25:44+00:00","dateModified":"2023-03-09T16:25:48+00:00","description":"\"Mekanikmuzik\" vom kommenden Album \"Kommit\" von Der Dritte Raum ist ein Vorbote f\u00fcr das, was uns Mitte September 2021 erwarten wird.","breadcrumb":{"@id":"https:\/\/ucm.one\/de\/mekanikmuzik-von-der-dritte-raum-als-vorbote-des-kommenden-albums-kommit-ab-heute-erhaeltlich\/#breadcrumb"},"inLanguage":"de","potentialAction":[{"@type":"ReadAction","target":["https:\/\/ucm.one\/de\/mekanikmuzik-von-der-dritte-raum-als-vorbote-des-kommenden-albums-kommit-ab-heute-erhaeltlich\/"]}]},{"@type":"ImageObject","inLanguage":"de","@id":"https:\/\/ucm.one\/de\/mekanikmuzik-von-der-dritte-raum-als-vorbote-des-kommenden-albums-kommit-ab-heute-erhaeltlich\/#primaryimage","url":"https:\/\/ucm.one\/wp-content\/uploads\/2021\/07\/B-Der-Dritte-Raum-Mekanikmuzik-Banner.jpg","contentUrl":"https:\/\/ucm.one\/wp-content\/uploads\/2021\/07\/B-Der-Dritte-Raum-Mekanikmuzik-Banner.jpg","width":1920,"height":600},{"@type":"BreadcrumbList","@id":"https:\/\/ucm.one\/de\/mekanikmuzik-von-der-dritte-raum-als-vorbote-des-kommenden-albums-kommit-ab-heute-erhaeltlich\/#breadcrumb","itemListElement":[{"@type":"ListItem","position":1,"name":"Home","item":"https:\/\/ucm.one\/de\/"},{"@type":"ListItem","position":2,"name":"&#8222;Mekanikmuzik&#8220; von &#8222;Der Dritte Raum&#8220; als Vorbote des kommenden Albums &#8222;Kommit&#8220; ab heute erh\u00e4ltlich"}]},{"@type":"WebSite","@id":"https:\/\/ucm.one\/de\/#website","url":"https:\/\/ucm.one\/de\/","name":"UCM.ONE","description":"","publisher":{"@id":"https:\/\/ucm.one\/de\/#organization"},"potentialAction":[{"@type":"SearchAction","target":{"@type":"EntryPoint","urlTemplate":"https:\/\/ucm.one\/de\/?s={search_term_string}"},"query-input":{"@type":"PropertyValueSpecification","valueRequired":true,"valueName":"search_term_string"}}],"inLanguage":"de"},{"@type":"Organization","@id":"https:\/\/ucm.one\/de\/#organization","name":"UCM.ONE","url":"https:\/\/ucm.one\/de\/","logo":{"@type":"ImageObject","inLanguage":"de","@id":"https:\/\/ucm.one\/de\/#\/schema\/logo\/image\/","url":"https:\/\/ucm.one\/wp-content\/uploads\/2019\/10\/UCM.ONE-Logo-RGB.svg","contentUrl":"https:\/\/ucm.one\/wp-content\/uploads\/2019\/10\/UCM.ONE-Logo-RGB.svg","width":1,"height":1,"caption":"UCM.ONE"},"image":{"@id":"https:\/\/ucm.one\/de\/#\/schema\/logo\/image\/"}},{"@type":"Person","@id":"https:\/\/ucm.one\/de\/#\/schema\/person\/4b959e467e8acc058836467a0ef8fa50","name":"Joachim Keil","image":{"@type":"ImageObject","inLanguage":"de","@id":"https:\/\/secure.gravatar.com\/avatar\/10e1dfd05f2a7a7bc83cd44bae31e01c8ac15f974229211a2b1a49fa0a22fec0?s=96&d=mm&r=g","url":"https:\/\/secure.gravatar.com\/avatar\/10e1dfd05f2a7a7bc83cd44bae31e01c8ac15f974229211a2b1a49fa0a22fec0?s=96&d=mm&r=g","contentUrl":"https:\/\/secure.gravatar.com\/avatar\/10e1dfd05f2a7a7bc83cd44bae31e01c8ac15f974229211a2b1a49fa0a22fec0?s=96&d=mm&r=g","caption":"Joachim Keil"},"sameAs":["https:\/\/ucm.one"]}]}},"_links":{"self":[{"href":"https:\/\/ucm.one\/de\/wp-json\/wp\/v2\/posts\/54739","targetHints":{"allow":["GET"]}}],"collection":[{"href":"https:\/\/ucm.one\/de\/wp-json\/wp\/v2\/posts"}],"about":[{"href":"https:\/\/ucm.one\/de\/wp-json\/wp\/v2\/types\/post"}],"author":[{"embeddable":true,"href":"https:\/\/ucm.one\/de\/wp-json\/wp\/v2\/users\/2"}],"replies":[{"embeddable":true,"href":"https:\/\/ucm.one\/de\/wp-json\/wp\/v2\/comments?post=54739"}],"version-history":[{"count":0,"href":"https:\/\/ucm.one\/de\/wp-json\/wp\/v2\/posts\/54739\/revisions"}],"wp:featuredmedia":[{"embeddable":true,"href":"https:\/\/ucm.one\/de\/wp-json\/wp\/v2\/media\/54751"}],"wp:attachment":[{"href":"https:\/\/ucm.one\/de\/wp-json\/wp\/v2\/media?parent=54739"}],"wp:term":[{"taxonomy":"category","embeddable":true,"href":"https:\/\/ucm.one\/de\/wp-json\/wp\/v2\/categories?post=54739"},{"taxonomy":"post_tag","embeddable":true,"href":"https:\/\/ucm.one\/de\/wp-json\/wp\/v2\/tags?post=54739"}],"curies":[{"name":"wp","href":"https:\/\/api.w.org\/{rel}","templated":true}]}}