{"id":53562,"date":"2021-06-07T20:06:59","date_gmt":"2021-06-07T20:06:59","guid":{"rendered":"https:\/\/ucm.one\/?p=53562"},"modified":"2023-03-09T16:23:17","modified_gmt":"2023-03-09T16:23:17","slug":"heute-abend-open-air-kino-preview-los-reyes-koenigliche-streuner-in-der-alten-muenze-in-berlin","status":"publish","type":"post","link":"https:\/\/ucm.one\/de\/heute-abend-open-air-kino-preview-los-reyes-koenigliche-streuner-in-der-alten-muenze-in-berlin\/","title":{"rendered":"Heute Abend Open Air Kino Preview  &#8222;Los Reyes  &#8211; K\u00f6nigliche Streuner&#8220; in der Alten M\u00fcnze in Berlin"},"content":{"rendered":"<div class=\"wpb-content-wrapper\"><p>[vc_row][vc_column][vc_column_text]Der gefeierte Dokumentarfilm &#8222;<strong>Los Reyes &#8211; K\u00f6nigliche Streuner<\/strong>&#8220; er\u00f6ffnet heute Abend um 21:45 Uhr die Freiluftkino-Saison des <strong>Mobile Kino<\/strong> in der Alten M\u00fcnze, Molkenmarkt 2, in Berlin Mitte.<span class=\"Apple-converted-space\">\u00a0<\/span>Die beiden Regisseurin\u00a0<strong>Bettina Perut<\/strong> &amp; Regisseur <strong>Iv\u00e1n Osnovikoff\u00a0<\/strong>werden per Video f\u00fcr ein Filmgespr\u00e4ch und Q&amp;A aus Chile dazugeschaltet.[\/vc_column_text][vc_column_text]Tickets und weitere Informationen k\u00f6nnen hier gefunden werden: <a title=\"Open Air Preview | Los Reyes (OmeU)\" href=\"https:\/\/fb.me\/e\/2dIoghR8j\" target=\"_blank\" rel=\"noopener\">Open Air Preview | Los Reyes (OmeU)<\/a>[\/vc_column_text][\/vc_column][\/vc_row][vc_row][vc_column width=&#8220;1\/2&#8243;][vc_single_image image=&#8220;51891&#8243; img_size=&#8220;full&#8220;][\/vc_column][vc_column width=&#8220;1\/2&#8243;][vc_single_image image=&#8220;51885&#8243; img_size=&#8220;full&#8220;][\/vc_column][\/vc_row][vc_row][vc_column][vc_column_text]<span style=\"font-size: 14pt;\">Darum geht\u2018s:<\/span><\/p>\n<p>Los Reyes (&#8222;Die K\u00f6nige&#8220;) ist der \u00e4lteste Skatepark in der chilenischen Hauptstadt Santiago. Dieser Film aber handelt nicht in erster Linie von den Skatern, sondern von den wahren K\u00f6nigen dieses Mikrokosmos: Futbol und Chola, zwei unzertrennlichen streunenden Hunden, die zwischen rasenden Skateboards und l\u00e4rmenden Teenagern im Park ihr Zuhause gefunden haben. Die j\u00fcngere und lebhaftere Chola liebt es, mit den B\u00e4llen zu spielen, die \u00fcberall herumliegen. Futbol, der \u00e4ltere von den beiden, tr\u00e4gt st\u00e4ndig irgendetwas im Maul herum und findet gro\u00dfen Spa\u00df daran, Dinge durch die Gegend zu schleppen und anzunagen.\u00a0Die Teenager um sie herum kommen aus sehr unterschiedlichen, manchmal schwierigen Verh\u00e4ltnissen. Sie haben alle ihre eigenen Geschichten und Probleme, die man im Hintergrund in ihren Gespr\u00e4chen mitverfolgt, w\u00e4hrend die Kamera die subtile Interaktion zwischen den beiden Hunden einf\u00e4ngt, wie sie schlummern, einem Ball nachjagen oder einfach nur herumschn\u00fcffeln.[\/vc_column_text][vc_column_text]&#8220;<b>Los Reyes &#8211; K\u00f6nigliche Streuner<\/b>&#8220;\u00a0ist ein meditativer, fast m\u00e4rchenhafter und gleichzeitig sehr ergreifender Dokumentarfilm, der nur durch die Beobachtung zweier Hunde eine ganze Welt erz\u00e4hlt.<span class=\"Apple-converted-space\">\u00a0<\/span>[\/vc_column_text][\/vc_column][\/vc_row][vc_row][vc_column][vc_single_image image=&#8220;30511&#8243; img_size=&#8220;full&#8220; onclick=&#8220;link_image&#8220;][\/vc_column][\/vc_row][vc_row][vc_column][vc_column_text]<span style=\"font-family: Arial, sans-serif;\">&#8222;<strong>Los Reyes &#8211; K\u00f6nigliche Streuner<\/strong>&#8220;\u00a0<\/span>wird am 8. Juli 2021 im Vertrieb von <span style=\"font-family: 'arial black', sans-serif;\"><strong>UCM.ONE<\/strong><\/span> auf dem Label <strong>NONFY Documentaries<\/strong> bundesweit ins Kino gebracht.<span class=\"Apple-converted-space\">\u00a0<\/span>[\/vc_column_text][vc_separator][\/vc_column][\/vc_row][vc_row][vc_column][vc_video link=&#8220;https:\/\/youtu.be\/XieuhArZ_uU&#8220; title=&#8220;Los Reyes &#8211; K\u00f6nigliche Streuner | Trailer \u1d34\u1d30&#8220;][\/vc_column][\/vc_row][vc_row][vc_column][vc_column_text]Weitere Informationen \u00fcber die Dokumentation: <a title=\"Los Reyes - K\u00f6nigliche Streuner (2018) von Bettina Perut &amp; Iv\u00e1n Osnovikoff | NONFY Documentaries\" href=\"https:\/\/ucm.one\/de\/los-reyes\/\">Los Reyes &#8211; K\u00f6nigliche Streuner<\/a>[\/vc_column_text][\/vc_column][\/vc_row]<\/p>\n<\/div>","protected":false},"excerpt":{"rendered":"<p>[vc_row][vc_column][vc_column_text]Der gefeierte Dokumentarfilm &#8222;Los Reyes &#8211; K\u00f6nigliche Streuner&#8220; er\u00f6ffnet heute Abend um 21:45 Uhr die Freiluftkino-Saison des Mobile Kino in der Alten M\u00fcnze, Molkenmarkt 2, in Berlin Mitte.\u00a0Die beiden Regisseurin\u00a0Bettina Perut &amp; Regisseur Iv\u00e1n Osnovikoff\u00a0werden per Video f\u00fcr ein Filmgespr\u00e4ch und Q&amp;A aus Chile dazugeschaltet.[\/vc_column_text][vc_column_text]Tickets und weitere Informationen k\u00f6nnen hier gefunden werden: Open Air Preview&hellip;<\/p>\n","protected":false},"author":2,"featured_media":53565,"comment_status":"closed","ping_status":"closed","sticky":false,"template":"","format":"standard","meta":{"_acf_changed":false,"footnotes":""},"categories":[6267,8,10,13,4587,752],"tags":[9620,9963,5951,5953,4594,9964,5952,9617,5950,6934,4603,2510,9965,9618,9619,9621,5954,5955],"class_list":["post-53562","post","type-post","status-publish","format-standard","has-post-thumbnail","hentry","category-dokumentarfilm","category-film","category-kino","category-news","category-nonfy-documentaries","category-verleih","tag-adolfo-mesias","tag-alte-muenze","tag-bettina-perut","tag-chile","tag-dirk-manthey","tag-freiluftkino","tag-ivan-osnovikoff","tag-koenigliche-streuner","tag-los-reyes","tag-mobile-kino","tag-nonfy-documentaries","tag-open-air","tag-open-air-kino","tag-pablo-valdes","tag-santiago","tag-skateboard","tag-skatepark","tag-skater","category-6267","category-8","category-10","category-13","category-4587","category-752","description-off"],"acf":[],"yoast_head":"<!-- This site is optimized with the Yoast SEO plugin v27.5 - https:\/\/yoast.com\/product\/yoast-seo-wordpress\/ -->\n<title>%title%<\/title>\n<meta name=\"description\" content=\"Der Film &quot;Los Reyes - K\u00f6nigliche Streuner&quot; wird auf der Filmlabel NONFY Documentaries \u00fcber den Verleih UCM.ONE am 10.06.2021 in die Kinos kommen.\" \/>\n<meta name=\"robots\" content=\"index, follow, max-snippet:-1, max-image-preview:large, max-video-preview:-1\" \/>\n<link rel=\"canonical\" href=\"https:\/\/ucm.one\/de\/heute-abend-open-air-kino-preview-los-reyes-koenigliche-streuner-in-der-alten-muenze-in-berlin\/\" \/>\n<meta property=\"og:locale\" content=\"de_DE\" \/>\n<meta property=\"og:type\" content=\"article\" \/>\n<meta property=\"og:title\" content=\"%title%\" \/>\n<meta property=\"og:description\" content=\"Der Film &quot;Los Reyes - K\u00f6nigliche Streuner&quot; wird auf der Filmlabel NONFY Documentaries \u00fcber den Verleih UCM.ONE am 10.06.2021 in die Kinos kommen.\" \/>\n<meta property=\"og:url\" content=\"https:\/\/ucm.one\/de\/heute-abend-open-air-kino-preview-los-reyes-koenigliche-streuner-in-der-alten-muenze-in-berlin\/\" \/>\n<meta property=\"og:site_name\" content=\"UCM.ONE\" \/>\n<meta property=\"article:published_time\" content=\"2021-06-07T20:06:59+00:00\" \/>\n<meta property=\"article:modified_time\" content=\"2023-03-09T16:23:17+00:00\" \/>\n<meta property=\"og:image\" content=\"https:\/\/ucm.one\/wp-content\/uploads\/2021\/06\/LosReyes_Banner_210607.jpg\" \/>\n\t<meta property=\"og:image:width\" content=\"1920\" \/>\n\t<meta property=\"og:image:height\" content=\"600\" \/>\n\t<meta property=\"og:image:type\" content=\"image\/jpeg\" \/>\n<meta name=\"author\" content=\"Joachim Keil\" \/>\n<meta name=\"twitter:card\" content=\"summary_large_image\" \/>\n<meta name=\"twitter:label1\" content=\"Verfasst von\" \/>\n\t<meta name=\"twitter:data1\" content=\"Joachim Keil\" \/>\n\t<meta name=\"twitter:label2\" content=\"Gesch\u00e4tzte Lesezeit\" \/>\n\t<meta name=\"twitter:data2\" content=\"2\u00a0Minuten\" \/>\n<!-- \/ Yoast SEO plugin. -->","yoast_head_json":{"title":"%title%","description":"Der Film \"Los Reyes - K\u00f6nigliche Streuner\" wird auf der Filmlabel NONFY Documentaries \u00fcber den Verleih UCM.ONE am 10.06.2021 in die Kinos kommen.","robots":{"index":"index","follow":"follow","max-snippet":"max-snippet:-1","max-image-preview":"max-image-preview:large","max-video-preview":"max-video-preview:-1"},"canonical":"https:\/\/ucm.one\/de\/heute-abend-open-air-kino-preview-los-reyes-koenigliche-streuner-in-der-alten-muenze-in-berlin\/","og_locale":"de_DE","og_type":"article","og_title":"%title%","og_description":"Der Film \"Los Reyes - K\u00f6nigliche Streuner\" wird auf der Filmlabel NONFY Documentaries \u00fcber den Verleih UCM.ONE am 10.06.2021 in die Kinos kommen.","og_url":"https:\/\/ucm.one\/de\/heute-abend-open-air-kino-preview-los-reyes-koenigliche-streuner-in-der-alten-muenze-in-berlin\/","og_site_name":"UCM.ONE","article_published_time":"2021-06-07T20:06:59+00:00","article_modified_time":"2023-03-09T16:23:17+00:00","og_image":[{"width":1920,"height":600,"url":"https:\/\/ucm.one\/wp-content\/uploads\/2021\/06\/LosReyes_Banner_210607.jpg","type":"image\/jpeg"}],"author":"Joachim Keil","twitter_card":"summary_large_image","twitter_misc":{"Verfasst von":"Joachim Keil","Gesch\u00e4tzte Lesezeit":"2\u00a0Minuten"},"schema":{"@context":"https:\/\/schema.org","@graph":[{"@type":"Article","@id":"https:\/\/ucm.one\/de\/heute-abend-open-air-kino-preview-los-reyes-koenigliche-streuner-in-der-alten-muenze-in-berlin\/#article","isPartOf":{"@id":"https:\/\/ucm.one\/de\/heute-abend-open-air-kino-preview-los-reyes-koenigliche-streuner-in-der-alten-muenze-in-berlin\/"},"author":{"name":"Joachim Keil","@id":"https:\/\/ucm.one\/de\/#\/schema\/person\/4b959e467e8acc058836467a0ef8fa50"},"headline":"Heute Abend Open Air Kino Preview &#8222;Los Reyes &#8211; K\u00f6nigliche Streuner&#8220; in der Alten M\u00fcnze in Berlin","datePublished":"2021-06-07T20:06:59+00:00","dateModified":"2023-03-09T16:23:17+00:00","mainEntityOfPage":{"@id":"https:\/\/ucm.one\/de\/heute-abend-open-air-kino-preview-los-reyes-koenigliche-streuner-in-der-alten-muenze-in-berlin\/"},"wordCount":447,"publisher":{"@id":"https:\/\/ucm.one\/de\/#organization"},"image":{"@id":"https:\/\/ucm.one\/de\/heute-abend-open-air-kino-preview-los-reyes-koenigliche-streuner-in-der-alten-muenze-in-berlin\/#primaryimage"},"thumbnailUrl":"https:\/\/ucm.one\/wp-content\/uploads\/2021\/06\/LosReyes_Banner_210607.jpg","keywords":["Adolfo Mes\u00edas","Alte M\u00fcnze","Bettina Perut","Chile","Dirk Manthey","Freiluftkino","Ivan Osnovikoff","K\u00f6nigliche Streuner","Los Reyes","Mobile Kino","NONFY Documentaries","Open Air","Open Air Kino","Pablo Vald\u00e9s","Santiago","Skateboard","Skatepark","Skater"],"articleSection":["Dokumentarfilm","Film","Kino","News","NONFY Documentaries","Verleih"],"inLanguage":"de"},{"@type":"WebPage","@id":"https:\/\/ucm.one\/de\/heute-abend-open-air-kino-preview-los-reyes-koenigliche-streuner-in-der-alten-muenze-in-berlin\/","url":"https:\/\/ucm.one\/de\/heute-abend-open-air-kino-preview-los-reyes-koenigliche-streuner-in-der-alten-muenze-in-berlin\/","name":"%title%","isPartOf":{"@id":"https:\/\/ucm.one\/de\/#website"},"primaryImageOfPage":{"@id":"https:\/\/ucm.one\/de\/heute-abend-open-air-kino-preview-los-reyes-koenigliche-streuner-in-der-alten-muenze-in-berlin\/#primaryimage"},"image":{"@id":"https:\/\/ucm.one\/de\/heute-abend-open-air-kino-preview-los-reyes-koenigliche-streuner-in-der-alten-muenze-in-berlin\/#primaryimage"},"thumbnailUrl":"https:\/\/ucm.one\/wp-content\/uploads\/2021\/06\/LosReyes_Banner_210607.jpg","datePublished":"2021-06-07T20:06:59+00:00","dateModified":"2023-03-09T16:23:17+00:00","description":"Der Film \"Los Reyes - K\u00f6nigliche Streuner\" wird auf der Filmlabel NONFY Documentaries \u00fcber den Verleih UCM.ONE am 10.06.2021 in die Kinos kommen.","breadcrumb":{"@id":"https:\/\/ucm.one\/de\/heute-abend-open-air-kino-preview-los-reyes-koenigliche-streuner-in-der-alten-muenze-in-berlin\/#breadcrumb"},"inLanguage":"de","potentialAction":[{"@type":"ReadAction","target":["https:\/\/ucm.one\/de\/heute-abend-open-air-kino-preview-los-reyes-koenigliche-streuner-in-der-alten-muenze-in-berlin\/"]}]},{"@type":"ImageObject","inLanguage":"de","@id":"https:\/\/ucm.one\/de\/heute-abend-open-air-kino-preview-los-reyes-koenigliche-streuner-in-der-alten-muenze-in-berlin\/#primaryimage","url":"https:\/\/ucm.one\/wp-content\/uploads\/2021\/06\/LosReyes_Banner_210607.jpg","contentUrl":"https:\/\/ucm.one\/wp-content\/uploads\/2021\/06\/LosReyes_Banner_210607.jpg","width":1920,"height":600},{"@type":"BreadcrumbList","@id":"https:\/\/ucm.one\/de\/heute-abend-open-air-kino-preview-los-reyes-koenigliche-streuner-in-der-alten-muenze-in-berlin\/#breadcrumb","itemListElement":[{"@type":"ListItem","position":1,"name":"Home","item":"https:\/\/ucm.one\/de\/"},{"@type":"ListItem","position":2,"name":"Heute Abend Open Air Kino Preview &#8222;Los Reyes &#8211; K\u00f6nigliche Streuner&#8220; in der Alten M\u00fcnze in Berlin"}]},{"@type":"WebSite","@id":"https:\/\/ucm.one\/de\/#website","url":"https:\/\/ucm.one\/de\/","name":"UCM.ONE","description":"","publisher":{"@id":"https:\/\/ucm.one\/de\/#organization"},"potentialAction":[{"@type":"SearchAction","target":{"@type":"EntryPoint","urlTemplate":"https:\/\/ucm.one\/de\/?s={search_term_string}"},"query-input":{"@type":"PropertyValueSpecification","valueRequired":true,"valueName":"search_term_string"}}],"inLanguage":"de"},{"@type":"Organization","@id":"https:\/\/ucm.one\/de\/#organization","name":"UCM.ONE","url":"https:\/\/ucm.one\/de\/","logo":{"@type":"ImageObject","inLanguage":"de","@id":"https:\/\/ucm.one\/de\/#\/schema\/logo\/image\/","url":"https:\/\/ucm.one\/wp-content\/uploads\/2019\/10\/UCM.ONE-Logo-RGB.svg","contentUrl":"https:\/\/ucm.one\/wp-content\/uploads\/2019\/10\/UCM.ONE-Logo-RGB.svg","width":1,"height":1,"caption":"UCM.ONE"},"image":{"@id":"https:\/\/ucm.one\/de\/#\/schema\/logo\/image\/"}},{"@type":"Person","@id":"https:\/\/ucm.one\/de\/#\/schema\/person\/4b959e467e8acc058836467a0ef8fa50","name":"Joachim Keil","image":{"@type":"ImageObject","inLanguage":"de","@id":"https:\/\/secure.gravatar.com\/avatar\/10e1dfd05f2a7a7bc83cd44bae31e01c8ac15f974229211a2b1a49fa0a22fec0?s=96&d=mm&r=g","url":"https:\/\/secure.gravatar.com\/avatar\/10e1dfd05f2a7a7bc83cd44bae31e01c8ac15f974229211a2b1a49fa0a22fec0?s=96&d=mm&r=g","contentUrl":"https:\/\/secure.gravatar.com\/avatar\/10e1dfd05f2a7a7bc83cd44bae31e01c8ac15f974229211a2b1a49fa0a22fec0?s=96&d=mm&r=g","caption":"Joachim Keil"},"sameAs":["https:\/\/ucm.one"]}]}},"_links":{"self":[{"href":"https:\/\/ucm.one\/de\/wp-json\/wp\/v2\/posts\/53562","targetHints":{"allow":["GET"]}}],"collection":[{"href":"https:\/\/ucm.one\/de\/wp-json\/wp\/v2\/posts"}],"about":[{"href":"https:\/\/ucm.one\/de\/wp-json\/wp\/v2\/types\/post"}],"author":[{"embeddable":true,"href":"https:\/\/ucm.one\/de\/wp-json\/wp\/v2\/users\/2"}],"replies":[{"embeddable":true,"href":"https:\/\/ucm.one\/de\/wp-json\/wp\/v2\/comments?post=53562"}],"version-history":[{"count":0,"href":"https:\/\/ucm.one\/de\/wp-json\/wp\/v2\/posts\/53562\/revisions"}],"wp:featuredmedia":[{"embeddable":true,"href":"https:\/\/ucm.one\/de\/wp-json\/wp\/v2\/media\/53565"}],"wp:attachment":[{"href":"https:\/\/ucm.one\/de\/wp-json\/wp\/v2\/media?parent=53562"}],"wp:term":[{"taxonomy":"category","embeddable":true,"href":"https:\/\/ucm.one\/de\/wp-json\/wp\/v2\/categories?post=53562"},{"taxonomy":"post_tag","embeddable":true,"href":"https:\/\/ucm.one\/de\/wp-json\/wp\/v2\/tags?post=53562"}],"curies":[{"name":"wp","href":"https:\/\/api.w.org\/{rel}","templated":true}]}}