{"id":52364,"date":"2021-04-30T01:35:39","date_gmt":"2021-04-30T01:35:39","guid":{"rendered":"https:\/\/ucm.one\/?p=52364"},"modified":"2021-11-05T21:42:16","modified_gmt":"2021-11-05T21:42:16","slug":"ab-heute-ist-das-neue-album-the-lead-plastic-city-suburbia-von-matthieu-b-erhaeltlich","status":"publish","type":"post","link":"https:\/\/ucm.one\/de\/ab-heute-ist-das-neue-album-the-lead-plastic-city-suburbia-von-matthieu-b-erhaeltlich\/","title":{"rendered":"Ab heute ist das neue Album &#8222;The Lead&#8220; (Plastic City Suburbia) von Matthieu B. erh\u00e4ltlich"},"content":{"rendered":"<div class=\"wpb-content-wrapper\"><p>[vc_row][vc_column width=&#8220;4\/5&#8243;][vc_column_text]<\/p>\n<div class=\"\">\n<div class=\"\">\n<div class=\"\"><strong>Matthieu B.<\/strong>&#8217;s neues Album &#8222;<strong>The Lead<\/strong>&#8220; erscheint heute! 11gro\u00dfartige Deephouse Titel zeigen einmal mehr die Produktionsf\u00e4higkeiten unseres <strong>Plastic City Radio Show<\/strong> Hosts aus Frankreich. Sein Talent, seine Gef\u00fchle und Gedanken in seine Tracks umzuwandeln, ist au\u00dfergew\u00f6hnlich und es ist immer eine Freude, seine neuen Produktionen zu h\u00f6ren &#8230; Gro\u00dfartige Arbeit, Buddy!<\/div>\n<\/div>\n<div class=\"\"><\/div>\n<\/div>\n<p>[\/vc_column_text][\/vc_column][vc_column width=&#8220;1\/5&#8243;][vc_empty_space height=&#8220;10px&#8220;][vc_btn title=&#8220;Download \/ Streaming&#8220; style=&#8220;flat&#8220; color=&#8220;sky&#8220; size=&#8220;xs&#8220; align=&#8220;center&#8220; i_icon_fontawesome=&#8220;fas fa-external-link-square-alt&#8220; add_icon=&#8220;true&#8220; link=&#8220;url:https%3A%2F%2Fsnd.click%2FTheLead|title:Matthieu%20B&#8217;s%20%22The%20Lead%22|target:_blank&#8220;][\/vc_column][\/vc_row][vc_row][vc_column][vc_empty_space height=&#8220;15px&#8220;][vc_separator][vc_video link=&#8220;https:\/\/youtu.be\/Jo72yzFASWw&#8220; title=&#8220;Matthieu B. &#8211; The Lead | Plastic City Suburbia&#8220;][\/vc_column][\/vc_row]<\/p>\n<\/div>","protected":false},"excerpt":{"rendered":"<p>[vc_row][vc_column width=&#8220;4\/5&#8243;][vc_column_text] Matthieu B.&#8217;s neues Album &#8222;The Lead&#8220; erscheint heute! 11gro\u00dfartige Deephouse Titel zeigen einmal mehr die Produktionsf\u00e4higkeiten unseres Plastic City Radio Show Hosts aus Frankreich. Sein Talent, seine Gef\u00fchle und Gedanken in seine Tracks umzuwandeln, ist au\u00dfergew\u00f6hnlich und es ist immer eine Freude, seine neuen Produktionen zu h\u00f6ren &#8230; Gro\u00dfartige Arbeit, Buddy! [\/vc_column_text][\/vc_column][vc_column width=&#8220;1\/5&#8243;][vc_empty_space&hellip;<\/p>\n","protected":false},"author":2,"featured_media":52370,"comment_status":"closed","ping_status":"closed","sticky":false,"template":"","format":"standard","meta":{"_acf_changed":false,"footnotes":""},"categories":[9,13,8225,5515],"tags":[2298,2755,2823,2303,2796,5519,2307,9706],"class_list":["post-52364","post","type-post","status-publish","format-standard","has-post-thumbnail","hentry","category-musik","category-news","category-plastic-city-radio-show-en","category-plastic-city-suburbia","tag-deep-house","tag-house-music","tag-matthieu-b","tag-plastic-city","tag-plastic-city-radio-show","tag-plastic-city-suburbia","tag-tech-house","tag-the-lead-de","category-9","category-13","category-8225","category-5515","description-off"],"acf":[],"yoast_head":"<!-- This site is optimized with the Yoast SEO plugin v27.5 - https:\/\/yoast.com\/product\/yoast-seo-wordpress\/ -->\n<title>%title%<\/title>\n<meta name=\"description\" content=\"11gro\u00dfartige Deephouse Titel zeigen einmal mehr die Produktionsf\u00e4higkeiten unseres Plastic City Radio Show Hosts aus Frankreich.\" \/>\n<meta name=\"robots\" content=\"index, follow, max-snippet:-1, max-image-preview:large, max-video-preview:-1\" \/>\n<link rel=\"canonical\" href=\"https:\/\/ucm.one\/de\/ab-heute-ist-das-neue-album-the-lead-plastic-city-suburbia-von-matthieu-b-erhaeltlich\/\" \/>\n<meta property=\"og:locale\" content=\"de_DE\" \/>\n<meta property=\"og:type\" content=\"article\" \/>\n<meta property=\"og:title\" content=\"%title%\" \/>\n<meta property=\"og:description\" content=\"11gro\u00dfartige Deephouse Titel zeigen einmal mehr die Produktionsf\u00e4higkeiten unseres Plastic City Radio Show Hosts aus Frankreich.\" \/>\n<meta property=\"og:url\" content=\"https:\/\/ucm.one\/de\/ab-heute-ist-das-neue-album-the-lead-plastic-city-suburbia-von-matthieu-b-erhaeltlich\/\" \/>\n<meta property=\"og:site_name\" content=\"UCM.ONE\" \/>\n<meta property=\"article:published_time\" content=\"2021-04-30T01:35:39+00:00\" \/>\n<meta property=\"article:modified_time\" content=\"2021-11-05T21:42:16+00:00\" \/>\n<meta property=\"og:image\" content=\"https:\/\/ucm.one\/wp-content\/uploads\/2021\/04\/B-Matthieu-B.-The-Lead.jpg\" \/>\n\t<meta property=\"og:image:width\" content=\"1920\" \/>\n\t<meta property=\"og:image:height\" content=\"600\" \/>\n\t<meta property=\"og:image:type\" content=\"image\/jpeg\" \/>\n<meta name=\"author\" content=\"Joachim Keil\" \/>\n<meta name=\"twitter:card\" content=\"summary_large_image\" \/>\n<meta name=\"twitter:label1\" content=\"Verfasst von\" \/>\n\t<meta name=\"twitter:data1\" content=\"Joachim Keil\" \/>\n\t<meta name=\"twitter:label2\" content=\"Gesch\u00e4tzte Lesezeit\" \/>\n\t<meta name=\"twitter:data2\" content=\"1\u00a0Minute\" \/>\n<!-- \/ Yoast SEO plugin. -->","yoast_head_json":{"title":"%title%","description":"11gro\u00dfartige Deephouse Titel zeigen einmal mehr die Produktionsf\u00e4higkeiten unseres Plastic City Radio Show Hosts aus Frankreich.","robots":{"index":"index","follow":"follow","max-snippet":"max-snippet:-1","max-image-preview":"max-image-preview:large","max-video-preview":"max-video-preview:-1"},"canonical":"https:\/\/ucm.one\/de\/ab-heute-ist-das-neue-album-the-lead-plastic-city-suburbia-von-matthieu-b-erhaeltlich\/","og_locale":"de_DE","og_type":"article","og_title":"%title%","og_description":"11gro\u00dfartige Deephouse Titel zeigen einmal mehr die Produktionsf\u00e4higkeiten unseres Plastic City Radio Show Hosts aus Frankreich.","og_url":"https:\/\/ucm.one\/de\/ab-heute-ist-das-neue-album-the-lead-plastic-city-suburbia-von-matthieu-b-erhaeltlich\/","og_site_name":"UCM.ONE","article_published_time":"2021-04-30T01:35:39+00:00","article_modified_time":"2021-11-05T21:42:16+00:00","og_image":[{"width":1920,"height":600,"url":"https:\/\/ucm.one\/wp-content\/uploads\/2021\/04\/B-Matthieu-B.-The-Lead.jpg","type":"image\/jpeg"}],"author":"Joachim Keil","twitter_card":"summary_large_image","twitter_misc":{"Verfasst von":"Joachim Keil","Gesch\u00e4tzte Lesezeit":"1\u00a0Minute"},"schema":{"@context":"https:\/\/schema.org","@graph":[{"@type":"Article","@id":"https:\/\/ucm.one\/de\/ab-heute-ist-das-neue-album-the-lead-plastic-city-suburbia-von-matthieu-b-erhaeltlich\/#article","isPartOf":{"@id":"https:\/\/ucm.one\/de\/ab-heute-ist-das-neue-album-the-lead-plastic-city-suburbia-von-matthieu-b-erhaeltlich\/"},"author":{"name":"Joachim Keil","@id":"https:\/\/ucm.one\/de\/#\/schema\/person\/4b959e467e8acc058836467a0ef8fa50"},"headline":"Ab heute ist das neue Album &#8222;The Lead&#8220; (Plastic City Suburbia) von Matthieu B. erh\u00e4ltlich","datePublished":"2021-04-30T01:35:39+00:00","dateModified":"2021-11-05T21:42:16+00:00","mainEntityOfPage":{"@id":"https:\/\/ucm.one\/de\/ab-heute-ist-das-neue-album-the-lead-plastic-city-suburbia-von-matthieu-b-erhaeltlich\/"},"wordCount":168,"publisher":{"@id":"https:\/\/ucm.one\/de\/#organization"},"image":{"@id":"https:\/\/ucm.one\/de\/ab-heute-ist-das-neue-album-the-lead-plastic-city-suburbia-von-matthieu-b-erhaeltlich\/#primaryimage"},"thumbnailUrl":"https:\/\/ucm.one\/wp-content\/uploads\/2021\/04\/B-Matthieu-B.-The-Lead.jpg","keywords":["Deep House","House Music","Matthieu B.","Plastic City","Plastic City Radio Show","Plastic City Suburbia","Tech-House","The Lead"],"articleSection":["Musik","News","Plastic City Radio Show","Plastic City Suburbia"],"inLanguage":"de"},{"@type":"WebPage","@id":"https:\/\/ucm.one\/de\/ab-heute-ist-das-neue-album-the-lead-plastic-city-suburbia-von-matthieu-b-erhaeltlich\/","url":"https:\/\/ucm.one\/de\/ab-heute-ist-das-neue-album-the-lead-plastic-city-suburbia-von-matthieu-b-erhaeltlich\/","name":"%title%","isPartOf":{"@id":"https:\/\/ucm.one\/de\/#website"},"primaryImageOfPage":{"@id":"https:\/\/ucm.one\/de\/ab-heute-ist-das-neue-album-the-lead-plastic-city-suburbia-von-matthieu-b-erhaeltlich\/#primaryimage"},"image":{"@id":"https:\/\/ucm.one\/de\/ab-heute-ist-das-neue-album-the-lead-plastic-city-suburbia-von-matthieu-b-erhaeltlich\/#primaryimage"},"thumbnailUrl":"https:\/\/ucm.one\/wp-content\/uploads\/2021\/04\/B-Matthieu-B.-The-Lead.jpg","datePublished":"2021-04-30T01:35:39+00:00","dateModified":"2021-11-05T21:42:16+00:00","description":"11gro\u00dfartige Deephouse Titel zeigen einmal mehr die Produktionsf\u00e4higkeiten unseres Plastic City Radio Show Hosts aus Frankreich.","breadcrumb":{"@id":"https:\/\/ucm.one\/de\/ab-heute-ist-das-neue-album-the-lead-plastic-city-suburbia-von-matthieu-b-erhaeltlich\/#breadcrumb"},"inLanguage":"de","potentialAction":[{"@type":"ReadAction","target":["https:\/\/ucm.one\/de\/ab-heute-ist-das-neue-album-the-lead-plastic-city-suburbia-von-matthieu-b-erhaeltlich\/"]}]},{"@type":"ImageObject","inLanguage":"de","@id":"https:\/\/ucm.one\/de\/ab-heute-ist-das-neue-album-the-lead-plastic-city-suburbia-von-matthieu-b-erhaeltlich\/#primaryimage","url":"https:\/\/ucm.one\/wp-content\/uploads\/2021\/04\/B-Matthieu-B.-The-Lead.jpg","contentUrl":"https:\/\/ucm.one\/wp-content\/uploads\/2021\/04\/B-Matthieu-B.-The-Lead.jpg","width":1920,"height":600},{"@type":"BreadcrumbList","@id":"https:\/\/ucm.one\/de\/ab-heute-ist-das-neue-album-the-lead-plastic-city-suburbia-von-matthieu-b-erhaeltlich\/#breadcrumb","itemListElement":[{"@type":"ListItem","position":1,"name":"Home","item":"https:\/\/ucm.one\/de\/"},{"@type":"ListItem","position":2,"name":"Ab heute ist das neue Album &#8220;The Lead&#8221; (Plastic City Suburbia) von Matthieu B. erh\u00e4ltlich"}]},{"@type":"WebSite","@id":"https:\/\/ucm.one\/de\/#website","url":"https:\/\/ucm.one\/de\/","name":"UCM.ONE","description":"","publisher":{"@id":"https:\/\/ucm.one\/de\/#organization"},"potentialAction":[{"@type":"SearchAction","target":{"@type":"EntryPoint","urlTemplate":"https:\/\/ucm.one\/de\/?s={search_term_string}"},"query-input":{"@type":"PropertyValueSpecification","valueRequired":true,"valueName":"search_term_string"}}],"inLanguage":"de"},{"@type":"Organization","@id":"https:\/\/ucm.one\/de\/#organization","name":"UCM.ONE","url":"https:\/\/ucm.one\/de\/","logo":{"@type":"ImageObject","inLanguage":"de","@id":"https:\/\/ucm.one\/de\/#\/schema\/logo\/image\/","url":"https:\/\/ucm.one\/wp-content\/uploads\/2019\/10\/UCM.ONE-Logo-RGB.svg","contentUrl":"https:\/\/ucm.one\/wp-content\/uploads\/2019\/10\/UCM.ONE-Logo-RGB.svg","width":1,"height":1,"caption":"UCM.ONE"},"image":{"@id":"https:\/\/ucm.one\/de\/#\/schema\/logo\/image\/"}},{"@type":"Person","@id":"https:\/\/ucm.one\/de\/#\/schema\/person\/4b959e467e8acc058836467a0ef8fa50","name":"Joachim Keil","image":{"@type":"ImageObject","inLanguage":"de","@id":"https:\/\/secure.gravatar.com\/avatar\/10e1dfd05f2a7a7bc83cd44bae31e01c8ac15f974229211a2b1a49fa0a22fec0?s=96&d=mm&r=g","url":"https:\/\/secure.gravatar.com\/avatar\/10e1dfd05f2a7a7bc83cd44bae31e01c8ac15f974229211a2b1a49fa0a22fec0?s=96&d=mm&r=g","contentUrl":"https:\/\/secure.gravatar.com\/avatar\/10e1dfd05f2a7a7bc83cd44bae31e01c8ac15f974229211a2b1a49fa0a22fec0?s=96&d=mm&r=g","caption":"Joachim Keil"},"sameAs":["https:\/\/ucm.one"]}]}},"_links":{"self":[{"href":"https:\/\/ucm.one\/de\/wp-json\/wp\/v2\/posts\/52364","targetHints":{"allow":["GET"]}}],"collection":[{"href":"https:\/\/ucm.one\/de\/wp-json\/wp\/v2\/posts"}],"about":[{"href":"https:\/\/ucm.one\/de\/wp-json\/wp\/v2\/types\/post"}],"author":[{"embeddable":true,"href":"https:\/\/ucm.one\/de\/wp-json\/wp\/v2\/users\/2"}],"replies":[{"embeddable":true,"href":"https:\/\/ucm.one\/de\/wp-json\/wp\/v2\/comments?post=52364"}],"version-history":[{"count":0,"href":"https:\/\/ucm.one\/de\/wp-json\/wp\/v2\/posts\/52364\/revisions"}],"wp:featuredmedia":[{"embeddable":true,"href":"https:\/\/ucm.one\/de\/wp-json\/wp\/v2\/media\/52370"}],"wp:attachment":[{"href":"https:\/\/ucm.one\/de\/wp-json\/wp\/v2\/media?parent=52364"}],"wp:term":[{"taxonomy":"category","embeddable":true,"href":"https:\/\/ucm.one\/de\/wp-json\/wp\/v2\/categories?post=52364"},{"taxonomy":"post_tag","embeddable":true,"href":"https:\/\/ucm.one\/de\/wp-json\/wp\/v2\/tags?post=52364"}],"curies":[{"name":"wp","href":"https:\/\/api.w.org\/{rel}","templated":true}]}}