{"id":52187,"date":"2021-05-06T15:02:47","date_gmt":"2021-05-06T15:02:47","guid":{"rendered":"https:\/\/ucm.one\/?p=52187"},"modified":"2021-05-14T13:57:04","modified_gmt":"2021-05-14T13:57:04","slug":"sara-fazilat-bei-den-first-steps-fuer-den-no-fear-award-nominiert","status":"publish","type":"post","link":"https:\/\/ucm.one\/de\/sara-fazilat-bei-den-first-steps-fuer-den-no-fear-award-nominiert\/","title":{"rendered":"Sara Fazilat bei den &#8222;First Steps&#8220; f\u00fcr den &#8222;No Fear Award&#8220; nominiert"},"content":{"rendered":"<div class=\"wpb-content-wrapper\"><p>[vc_row][vc_column][vc_column_text]Mit riesiger Freude d\u00fcrfen wir jetzt bekanntgeben, dass <strong>Sara Fazilat<\/strong>, Produzentin, Hauptdarstellerin und Ko-Autorin von &#8222;<strong>Nico<\/strong>&#8222;, bei den &#8222;<strong>First Steps<\/strong>&#8220; f\u00fcr den &#8222;<strong>No Fear Award<\/strong>&#8220; nominiert wurde.\u00a0Wir gratulieren herzlich und dr\u00fccken Sara ganz fest die Daumen! Die Preisverleihung wird am 21. Juni 2021 stattfinden.[\/vc_column_text][\/vc_column][\/vc_row][vc_row][vc_column width=&#8220;3\/4&#8243;][vc_column_text]&#8220;<strong>Nico<\/strong>&#8222;, ein packendes, aber auch humorvolles Drama, soll voraussichtlich im 4. Quartal 2021 im Verleih von <span style=\"font-family: 'arial black', sans-serif;\"><strong>UCM.ONE<\/strong><\/span> auf dem Label <strong>Darling Berlin<\/strong> ins Kino kommen.[\/vc_column_text][vc_column_text]Der <strong>No Fear Award<\/strong> wurde 2012 erstmalig vergeben, der Preis soll dauerhaft an den vision\u00e4ren Mitbegr\u00fcnder von <strong>First Steps<\/strong>, <strong>Bernd Eichinger<\/strong>, erinnern. Der <strong>No Fear Award<\/strong> w\u00fcrdigt <strong>Bernd Eichinger<\/strong> in seiner mutigen, unerschrockenen Art zu produzieren und f\u00fcr Stoffe zu k\u00e4mpfen: ohne Angst. <strong>Katja<\/strong> und <strong>Nina Eichinger<\/strong>, den Stifterinnen des Preises, ist es wichtig, in seiner Tradition starke Stimmen unter den jungen Produktionsstudent\u00b7innen mit diesem Preis auszuzeichnen.[\/vc_column_text][vc_column_text]<span style=\"font-size: 14pt;\">Aus der Jurybegr\u00fcndung:<\/span><\/p>\n<p><em>\u201eDie diesj\u00e4hrigen NO FEAR Nominierten haben auf ganz unterschiedliche Weise ihre Abschlussfilme realisiert. Was sie verbindet, ist der unbeirrbare Glaube an das Projekt.\u00a0[\u2026]\u00a0Sara Fazilat ist nicht nur Produzentin von NICO, sondern spielt zudem die Hauptrolle und das beides atemberaubend gut. Mit einer beeindruckenden Selbstverst\u00e4ndlichkeit wechselt sie zwischen den Rollen vor und hinter der Kamera, beeinflusst sowohl Handlung als auch Stil des Films stark. Dabei steht zu jedem Zeitpunkt die Dringlichkeit der divers erz\u00e4hlten Frauenbilder im Vordergrund. Dies spiegelt sich auch in der klar darauf ausgerichteten Zusammenstellung von Team und Cast wider und beweist einmal mehr, wie lohnend eine konsequente Haltung ist.\u201c<\/em>[\/vc_column_text][\/vc_column][vc_column width=&#8220;1\/4&#8243;][vc_single_image image=&#8220;52192&#8243; img_size=&#8220;full&#8220; onclick=&#8220;link_image&#8220;][\/vc_column][\/vc_row][vc_row][vc_column][vc_column_text]<span style=\"font-size: 14pt;\">Inhalt des Films:<\/span><\/p>\n<p>Die selbstbewusste und lebensbejahende Deutsch-Perserin Nico (Sara Fazilat) liebt ihren Job als Altenpflegerin und ist wegen ihrer lockeren und verst\u00e4ndnisvollen Art bei allen beliebt. Mit ihrer besten Freundin Rosa (Javeh Asefdjah) genie\u00dft sie den Berliner Sommer, bis ein rassistisch motivierter \u00dcberfall sie pl\u00f6tzlich aus ihrem unbeschwerten Alltag rei\u00dft. Nico wird bewusst, dass sie doch nicht so selbstverst\u00e4ndlich dazugeh\u00f6rt, wie sie immer dachte, und wie viel Rassismus sie tats\u00e4chlich umgibt.\u00a0Geplagt von Erinnerungsfetzen an den schrecklichen \u00dcberfall, zieht sich Nico immer mehr in sich selbst zur\u00fcck. Nicht nur Rosa verliert den Bezug zu ihr, auch ihre Patient:innen erkennen die einst so fr\u00f6hliche junge Frau nicht wieder. Nico sp\u00fcrt, dass es so nicht weitergehen kann, und wendet sich an den schroffen Karate-Weltmeister Andy (Andreas Marquardt). Bei ihm beginnt sie ein hartes Trainingsprogramm und schafft es dadurch, ihre Wut zu kanalisieren und ihre eigene St\u00e4rke zu erfahren, doch verliert sie auch die Verbindung zu sich selbst und ihrem alten Leben. Als Nico dann auf die Mazedonierin Ronny trifft, entwickelt sich eine Verbindung zwischen den beiden Frauen, die Nico dazu veranlasst, den eingeschlagenen Weg in Frage zu stellen.[\/vc_column_text][vc_column_text]&#8220;<strong>Nico<\/strong>&#8220; ist ein wichtiger und bewegender Film, dessen mitrei\u00dfende Hauptdarstellerin das Publikum jeden Moment ihres schmerzhaften Heilungsprozesses mitf\u00fchlen l\u00e4sst. Daher ist es sicherlich auch kein Zufall, dass\u00a0<strong>Sara Fazit<\/strong> schon beim diesj\u00e4hrigen\u00a0<strong>Filmfestival Max Oph\u00fcls Preis<\/strong>\u00a0f\u00fcr ihre Rolle in &#8222;<strong>Nico<\/strong>&#8220; den &#8222;<strong>Preis der besten Schauspielerin<\/strong>&#8220; gewinnen konnte.[\/vc_column_text][\/vc_column][\/vc_row][vc_row][vc_column][vc_column_text]Weitere Informationen zur Nominierung: <a title=\"\" href=\"https:\/\/www.firststeps.de\/wettbewerb\/nominierte-2021\/no-fear-award\/\" target=\"_blank\" rel=\"noopener\">First Steps &#8211; Der Deutsche Nachwuchspreis 2021<\/a>[\/vc_column_text][\/vc_column][\/vc_row]<\/p>\n<\/div>","protected":false},"excerpt":{"rendered":"<p>[vc_row][vc_column][vc_column_text]Mit riesiger Freude d\u00fcrfen wir jetzt bekanntgeben, dass Sara Fazilat, Produzentin, Hauptdarstellerin und Ko-Autorin von &#8222;Nico&#8222;, bei den &#8222;First Steps&#8220; f\u00fcr den &#8222;No Fear Award&#8220; nominiert wurde.\u00a0Wir gratulieren herzlich und dr\u00fccken Sara ganz fest die Daumen! Die Preisverleihung wird am 21. Juni 2021 stattfinden.[\/vc_column_text][\/vc_column][\/vc_row][vc_row][vc_column width=&#8220;3\/4&#8243;][vc_column_text]&#8220;Nico&#8222;, ein packendes, aber auch humorvolles Drama, soll voraussichtlich im 4.&hellip;<\/p>\n","protected":false},"author":2,"featured_media":52189,"comment_status":"closed","ping_status":"closed","sticky":false,"template":"","format":"standard","meta":{"_acf_changed":false,"footnotes":""},"categories":[830,8,10,13,752,7528],"tags":[9676,9675,2266,9670,2971,9722,9671,9672,9474,9674,9669],"class_list":["post-52187","post","type-post","status-publish","format-standard","has-post-thumbnail","hentry","category-darling-berlin","category-film","category-kino","category-news","category-verleih","category-weltvertrieb","tag-andreas-marquardt","tag-bernd-eichinger","tag-darling-berlin","tag-eline-gehring","tag-first-step-award","tag-first-steps-awards","tag-francy-fabritz","tag-javeh-asefdja","tag-nico","tag-no-fear","tag-sara-fazilat","category-830","category-8","category-10","category-13","category-752","category-7528","description-off"],"acf":[],"yoast_head":"<!-- This site is optimized with the Yoast SEO plugin v27.5 - https:\/\/yoast.com\/product\/yoast-seo-wordpress\/ -->\n<title>%title%<\/title>\n<meta name=\"description\" content=\"Mit riesiger Freude d\u00fcrfen wir bekanntgeben, dass Sara Fazilat von &quot;Nico&quot;, bei den &quot;First Steps&quot; f\u00fcr den &quot;No Fear Award&quot; nominiert wurde.\" \/>\n<meta name=\"robots\" content=\"index, follow, max-snippet:-1, max-image-preview:large, max-video-preview:-1\" \/>\n<link rel=\"canonical\" href=\"https:\/\/ucm.one\/de\/sara-fazilat-bei-den-first-steps-fuer-den-no-fear-award-nominiert\/\" \/>\n<meta property=\"og:locale\" content=\"de_DE\" \/>\n<meta property=\"og:type\" content=\"article\" \/>\n<meta property=\"og:title\" content=\"%title%\" \/>\n<meta property=\"og:description\" content=\"Mit riesiger Freude d\u00fcrfen wir bekanntgeben, dass Sara Fazilat von &quot;Nico&quot;, bei den &quot;First Steps&quot; f\u00fcr den &quot;No Fear Award&quot; nominiert wurde.\" \/>\n<meta property=\"og:url\" content=\"https:\/\/ucm.one\/de\/sara-fazilat-bei-den-first-steps-fuer-den-no-fear-award-nominiert\/\" \/>\n<meta property=\"og:site_name\" content=\"UCM.ONE\" \/>\n<meta property=\"article:published_time\" content=\"2021-05-06T15:02:47+00:00\" \/>\n<meta property=\"article:modified_time\" content=\"2021-05-14T13:57:04+00:00\" \/>\n<meta property=\"og:image\" content=\"https:\/\/ucm.one\/wp-content\/uploads\/2021\/05\/B-Sara-Fazilat-No-Fear-Award.jpg\" \/>\n\t<meta property=\"og:image:width\" content=\"1920\" \/>\n\t<meta property=\"og:image:height\" content=\"600\" \/>\n\t<meta property=\"og:image:type\" content=\"image\/jpeg\" \/>\n<meta name=\"author\" content=\"Joachim Keil\" \/>\n<meta name=\"twitter:card\" content=\"summary_large_image\" \/>\n<meta name=\"twitter:label1\" content=\"Verfasst von\" \/>\n\t<meta name=\"twitter:data1\" content=\"Joachim Keil\" \/>\n\t<meta name=\"twitter:label2\" content=\"Gesch\u00e4tzte Lesezeit\" \/>\n\t<meta name=\"twitter:data2\" content=\"3\u00a0Minuten\" \/>\n<!-- \/ Yoast SEO plugin. -->","yoast_head_json":{"title":"%title%","description":"Mit riesiger Freude d\u00fcrfen wir bekanntgeben, dass Sara Fazilat von \"Nico\", bei den \"First Steps\" f\u00fcr den \"No Fear Award\" nominiert wurde.","robots":{"index":"index","follow":"follow","max-snippet":"max-snippet:-1","max-image-preview":"max-image-preview:large","max-video-preview":"max-video-preview:-1"},"canonical":"https:\/\/ucm.one\/de\/sara-fazilat-bei-den-first-steps-fuer-den-no-fear-award-nominiert\/","og_locale":"de_DE","og_type":"article","og_title":"%title%","og_description":"Mit riesiger Freude d\u00fcrfen wir bekanntgeben, dass Sara Fazilat von \"Nico\", bei den \"First Steps\" f\u00fcr den \"No Fear Award\" nominiert wurde.","og_url":"https:\/\/ucm.one\/de\/sara-fazilat-bei-den-first-steps-fuer-den-no-fear-award-nominiert\/","og_site_name":"UCM.ONE","article_published_time":"2021-05-06T15:02:47+00:00","article_modified_time":"2021-05-14T13:57:04+00:00","og_image":[{"width":1920,"height":600,"url":"https:\/\/ucm.one\/wp-content\/uploads\/2021\/05\/B-Sara-Fazilat-No-Fear-Award.jpg","type":"image\/jpeg"}],"author":"Joachim Keil","twitter_card":"summary_large_image","twitter_misc":{"Verfasst von":"Joachim Keil","Gesch\u00e4tzte Lesezeit":"3\u00a0Minuten"},"schema":{"@context":"https:\/\/schema.org","@graph":[{"@type":"Article","@id":"https:\/\/ucm.one\/de\/sara-fazilat-bei-den-first-steps-fuer-den-no-fear-award-nominiert\/#article","isPartOf":{"@id":"https:\/\/ucm.one\/de\/sara-fazilat-bei-den-first-steps-fuer-den-no-fear-award-nominiert\/"},"author":{"name":"Joachim Keil","@id":"https:\/\/ucm.one\/de\/#\/schema\/person\/4b959e467e8acc058836467a0ef8fa50"},"headline":"Sara Fazilat bei den &#8222;First Steps&#8220; f\u00fcr den &#8222;No Fear Award&#8220; nominiert","datePublished":"2021-05-06T15:02:47+00:00","dateModified":"2021-05-14T13:57:04+00:00","mainEntityOfPage":{"@id":"https:\/\/ucm.one\/de\/sara-fazilat-bei-den-first-steps-fuer-den-no-fear-award-nominiert\/"},"wordCount":617,"publisher":{"@id":"https:\/\/ucm.one\/de\/#organization"},"image":{"@id":"https:\/\/ucm.one\/de\/sara-fazilat-bei-den-first-steps-fuer-den-no-fear-award-nominiert\/#primaryimage"},"thumbnailUrl":"https:\/\/ucm.one\/wp-content\/uploads\/2021\/05\/B-Sara-Fazilat-No-Fear-Award.jpg","keywords":["Andreas Marquardt","Bernd Eichinger","Darling Berlin","Eline Gehring","First Step Award","First Steps Awards","Francy Fabritz","Javeh Asefdja","Nico","No Fear","Sara Fazilat"],"articleSection":["Darling Berlin","Film","Kino","News","Verleih","Weltvertrieb"],"inLanguage":"de"},{"@type":"WebPage","@id":"https:\/\/ucm.one\/de\/sara-fazilat-bei-den-first-steps-fuer-den-no-fear-award-nominiert\/","url":"https:\/\/ucm.one\/de\/sara-fazilat-bei-den-first-steps-fuer-den-no-fear-award-nominiert\/","name":"%title%","isPartOf":{"@id":"https:\/\/ucm.one\/de\/#website"},"primaryImageOfPage":{"@id":"https:\/\/ucm.one\/de\/sara-fazilat-bei-den-first-steps-fuer-den-no-fear-award-nominiert\/#primaryimage"},"image":{"@id":"https:\/\/ucm.one\/de\/sara-fazilat-bei-den-first-steps-fuer-den-no-fear-award-nominiert\/#primaryimage"},"thumbnailUrl":"https:\/\/ucm.one\/wp-content\/uploads\/2021\/05\/B-Sara-Fazilat-No-Fear-Award.jpg","datePublished":"2021-05-06T15:02:47+00:00","dateModified":"2021-05-14T13:57:04+00:00","description":"Mit riesiger Freude d\u00fcrfen wir bekanntgeben, dass Sara Fazilat von \"Nico\", bei den \"First Steps\" f\u00fcr den \"No Fear Award\" nominiert wurde.","breadcrumb":{"@id":"https:\/\/ucm.one\/de\/sara-fazilat-bei-den-first-steps-fuer-den-no-fear-award-nominiert\/#breadcrumb"},"inLanguage":"de","potentialAction":[{"@type":"ReadAction","target":["https:\/\/ucm.one\/de\/sara-fazilat-bei-den-first-steps-fuer-den-no-fear-award-nominiert\/"]}]},{"@type":"ImageObject","inLanguage":"de","@id":"https:\/\/ucm.one\/de\/sara-fazilat-bei-den-first-steps-fuer-den-no-fear-award-nominiert\/#primaryimage","url":"https:\/\/ucm.one\/wp-content\/uploads\/2021\/05\/B-Sara-Fazilat-No-Fear-Award.jpg","contentUrl":"https:\/\/ucm.one\/wp-content\/uploads\/2021\/05\/B-Sara-Fazilat-No-Fear-Award.jpg","width":1920,"height":600},{"@type":"BreadcrumbList","@id":"https:\/\/ucm.one\/de\/sara-fazilat-bei-den-first-steps-fuer-den-no-fear-award-nominiert\/#breadcrumb","itemListElement":[{"@type":"ListItem","position":1,"name":"Home","item":"https:\/\/ucm.one\/de\/"},{"@type":"ListItem","position":2,"name":"Sara Fazilat bei den &#8222;First Steps&#8220; f\u00fcr den &#8222;No Fear Award&#8220; nominiert"}]},{"@type":"WebSite","@id":"https:\/\/ucm.one\/de\/#website","url":"https:\/\/ucm.one\/de\/","name":"UCM.ONE","description":"","publisher":{"@id":"https:\/\/ucm.one\/de\/#organization"},"potentialAction":[{"@type":"SearchAction","target":{"@type":"EntryPoint","urlTemplate":"https:\/\/ucm.one\/de\/?s={search_term_string}"},"query-input":{"@type":"PropertyValueSpecification","valueRequired":true,"valueName":"search_term_string"}}],"inLanguage":"de"},{"@type":"Organization","@id":"https:\/\/ucm.one\/de\/#organization","name":"UCM.ONE","url":"https:\/\/ucm.one\/de\/","logo":{"@type":"ImageObject","inLanguage":"de","@id":"https:\/\/ucm.one\/de\/#\/schema\/logo\/image\/","url":"https:\/\/ucm.one\/wp-content\/uploads\/2019\/10\/UCM.ONE-Logo-RGB.svg","contentUrl":"https:\/\/ucm.one\/wp-content\/uploads\/2019\/10\/UCM.ONE-Logo-RGB.svg","width":1,"height":1,"caption":"UCM.ONE"},"image":{"@id":"https:\/\/ucm.one\/de\/#\/schema\/logo\/image\/"}},{"@type":"Person","@id":"https:\/\/ucm.one\/de\/#\/schema\/person\/4b959e467e8acc058836467a0ef8fa50","name":"Joachim Keil","image":{"@type":"ImageObject","inLanguage":"de","@id":"https:\/\/secure.gravatar.com\/avatar\/10e1dfd05f2a7a7bc83cd44bae31e01c8ac15f974229211a2b1a49fa0a22fec0?s=96&d=mm&r=g","url":"https:\/\/secure.gravatar.com\/avatar\/10e1dfd05f2a7a7bc83cd44bae31e01c8ac15f974229211a2b1a49fa0a22fec0?s=96&d=mm&r=g","contentUrl":"https:\/\/secure.gravatar.com\/avatar\/10e1dfd05f2a7a7bc83cd44bae31e01c8ac15f974229211a2b1a49fa0a22fec0?s=96&d=mm&r=g","caption":"Joachim Keil"},"sameAs":["https:\/\/ucm.one"]}]}},"_links":{"self":[{"href":"https:\/\/ucm.one\/de\/wp-json\/wp\/v2\/posts\/52187","targetHints":{"allow":["GET"]}}],"collection":[{"href":"https:\/\/ucm.one\/de\/wp-json\/wp\/v2\/posts"}],"about":[{"href":"https:\/\/ucm.one\/de\/wp-json\/wp\/v2\/types\/post"}],"author":[{"embeddable":true,"href":"https:\/\/ucm.one\/de\/wp-json\/wp\/v2\/users\/2"}],"replies":[{"embeddable":true,"href":"https:\/\/ucm.one\/de\/wp-json\/wp\/v2\/comments?post=52187"}],"version-history":[{"count":0,"href":"https:\/\/ucm.one\/de\/wp-json\/wp\/v2\/posts\/52187\/revisions"}],"wp:featuredmedia":[{"embeddable":true,"href":"https:\/\/ucm.one\/de\/wp-json\/wp\/v2\/media\/52189"}],"wp:attachment":[{"href":"https:\/\/ucm.one\/de\/wp-json\/wp\/v2\/media?parent=52187"}],"wp:term":[{"taxonomy":"category","embeddable":true,"href":"https:\/\/ucm.one\/de\/wp-json\/wp\/v2\/categories?post=52187"},{"taxonomy":"post_tag","embeddable":true,"href":"https:\/\/ucm.one\/de\/wp-json\/wp\/v2\/tags?post=52187"}],"curies":[{"name":"wp","href":"https:\/\/api.w.org\/{rel}","templated":true}]}}