{"id":50131,"date":"2020-12-21T20:17:43","date_gmt":"2020-12-21T20:17:43","guid":{"rendered":"https:\/\/ucm.one\/?p=50131"},"modified":"2021-02-28T20:40:11","modified_gmt":"2021-02-28T20:40:11","slug":"kinostart-des-films-notes-of-berlin-darling-berlin-wird-aufgrund-der-corona-pandemie-verschoben","status":"publish","type":"post","link":"https:\/\/ucm.one\/de\/kinostart-des-films-notes-of-berlin-darling-berlin-wird-aufgrund-der-corona-pandemie-verschoben\/","title":{"rendered":"Kinostart des Films &#8222;Notes of Berlin&#8220; (Darling Berlin) wird Aufgrund der Corona-Pandemie verschoben"},"content":{"rendered":"<div class=\"wpb-content-wrapper\"><p>[vc_row][vc_column][vc_column_text]Aufgrund der Corona-bedingten Schlie\u00dfung der Kinos auf unbestimmte Zeit sehen wir uns gezwungen, den Kinostarttermin des Spielfilms &#8222;<strong>Notes of Berlin<\/strong>&#8220;\u00a0von Regisseurin <strong>Mariejosephin Schneider<\/strong>, der f\u00fcr den <strong>14. Januar 2021<\/strong> vorgesehen war, zu verschieben. Wir hoffen, Anfang des neuen Jahres einen neuen Termin, voraussichtlich im <strong>April oder Mai\u00a02021<\/strong>, festsetzen zu k\u00f6nnen.[\/vc_column_text][\/vc_column][\/vc_row][vc_row][vc_column width=&#8220;2\/3&#8243;][vc_column_text]Der Film auf dem Label <strong>Darling Berlin<\/strong>\u00a0im Verleih von <span style=\"font-family: 'arial black', sans-serif;\"><strong>UCM.ONE<\/strong><\/span>\u00a0feierte im Oktober beim <strong>Internationalen Filmfestival in Warschau<\/strong> seine Weltpremiere und wurde bei seiner Deutschlandpremiere bei den <strong>42. Biberacher Filmfestspielen<\/strong> mit drei \u201e<strong>Bibern<\/strong>\u201c ausgezeichnet, n\u00e4mlich als <strong>Bester Deb\u00fctfilm<\/strong>, mit dem <strong>Publikumspreis<\/strong> und dem <strong>Preis der Sch\u00fclerjury<\/strong>.[\/vc_column_text][vc_column_text]Der Episodenfilm erz\u00e4hlt vierzehn komische, traurige und skurrile Geschichten aus 24 Stunden im Leben der Hauptstadt. Die Episoden werden dabei von den f\u00fcr das Berliner Stadtbild so typischen Aush\u00e4ngen verbunden, die die pure Alltagskultur der Stadt widerspiegeln. Diese Aush\u00e4nge werden von <strong>Joab Nist<\/strong> seit 2010 auf seinem Blog <a title=\"\" href=\"http:\/\/notesofberlin.com\" target=\"_blank\" rel=\"noopener noreferrer\">notesofberlin.com<\/a> gesammelt und wurden so weit \u00fcber die Stadtgrenzen hinaus bekannt.[\/vc_column_text][vc_column_text]<span style=\"font-size: 14pt;\">Synopsis<\/span><\/p>\n<p>Ein Tag und eine Nacht in Berlin: Das Karma f\u00e4hrt einen elektrischen Rollstuhl, ein WG-Casting endet mit einer Hausbesetzung, ein Koch und ein entflohener Hund werden zu K\u00f6nigen, alle suchen einen werdenden Vater und ein Hase bringt einen Nerd dazu, endlich seine Nachbarn kennenzulernen. Fahren Berliner Taxis eigentlich bis zum Eiffelturm? Und wer ist die Queen von Berlin?\u00a0All diese Geschichten und noch mehr erz\u00e4hlt &#8222;<strong>Notes of Berlin<\/strong>&#8222;. Inspiriert sind sie von echten Aush\u00e4ngen, die in den Stra\u00dfen der Stadt hingen &#8211; an Laternenpf\u00e4hlen, in Treppenh\u00e4usern, in Hinterh\u00f6fen -, dort von aufmerksamen Berlinern gefunden und auf <strong>Joab Nist<\/strong>s Kultblog <strong>notesofberlin.com<\/strong> ver\u00f6ffentlicht wurden.\u00a0Der Film flaniert mit uns durch die Stadt und wirft einen am\u00fcsierten, einf\u00fchlsamen Blick auf Personen und Situationen, die man sonst vielleicht \u00fcbersehen w\u00fcrde. Er ist eine Liebeserkl\u00e4rung an Berlin, zeigt den allt\u00e4glichen Wahnsinn und zuf\u00e4llige Begegnungen und macht die Stadt zur Protagonistin, denn: <em>\u201eDas Herz der Stadt schl\u00e4gt auf der Stra\u00dfe\u201c<\/em>.[\/vc_column_text][\/vc_column][vc_column width=&#8220;1\/3&#8243;][vc_single_image image=&#8220;47406&#8243; img_size=&#8220;full&#8220; onclick=&#8220;link_image&#8220;][\/vc_column][\/vc_row][vc_row][vc_column width=&#8220;1\/2&#8243;][vc_single_image image=&#8220;46214&#8243; img_size=&#8220;full&#8220; onclick=&#8220;link_image&#8220;][\/vc_column][vc_column width=&#8220;1\/2&#8243;][vc_single_image image=&#8220;46218&#8243; img_size=&#8220;full&#8220; onclick=&#8220;link_image&#8220;][\/vc_column][\/vc_row][vc_row][vc_column][vc_separator][\/vc_column][\/vc_row][vc_row][vc_column][vc_video link=&#8220;https:\/\/youtu.be\/HOn_TsUQEGE&#8220; title=&#8220;Notes of Berlin | Trailer (deutsch) \u1d34\u1d30&#8220;][\/vc_column][\/vc_row]<\/p>\n<\/div>","protected":false},"excerpt":{"rendered":"<p>[vc_row][vc_column][vc_column_text]Aufgrund der Corona-bedingten Schlie\u00dfung der Kinos auf unbestimmte Zeit sehen wir uns gezwungen, den Kinostarttermin des Spielfilms &#8222;Notes of Berlin&#8220;\u00a0von Regisseurin Mariejosephin Schneider, der f\u00fcr den 14. Januar 2021 vorgesehen war, zu verschieben. Wir hoffen, Anfang des neuen Jahres einen neuen Termin, voraussichtlich im April oder Mai\u00a02021, festsetzen zu k\u00f6nnen.[\/vc_column_text][\/vc_column][\/vc_row][vc_row][vc_column width=&#8220;2\/3&#8243;][vc_column_text]Der Film auf dem Label&hellip;<\/p>\n","protected":false},"author":2,"featured_media":50140,"comment_status":"closed","ping_status":"closed","sticky":false,"template":"","format":"standard","meta":{"_acf_changed":false,"footnotes":""},"categories":[8,10,13,752],"tags":[2261,8939,7635,7691,2266,8932,8933,8937,8931,8934,8936,2515,8938,8935],"class_list":["post-50131","post","type-post","status-publish","format-standard","has-post-thumbnail","hentry","category-film","category-kino","category-news","category-verleih","tag-berlin","tag-biberacher-filmfestspiele","tag-corona","tag-covid-19","tag-darling-berlin","tag-joab-nist","tag-mariejosephin-schneider","tag-nachbarn","tag-notes-of-berlin","tag-notesofberlin","tag-strasse","tag-tom-lass","tag-warschau-international-film-festival","tag-zettel","category-8","category-10","category-13","category-752","description-off"],"acf":[],"yoast_head":"<!-- This site is optimized with the Yoast SEO plugin v27.5 - https:\/\/yoast.com\/product\/yoast-seo-wordpress\/ -->\n<title>%title%<\/title>\n<meta name=\"description\" content=\"Aufgrund der Corona-bedingten Schlie\u00dfung der Kinos sehen wir uns gezwungen, den Kinostart von &quot;Notes of Berlin&quot;\u00a0von Regisseurin Mariejosephin Schneider zu verschieben.\" \/>\n<meta name=\"robots\" content=\"index, follow, max-snippet:-1, max-image-preview:large, max-video-preview:-1\" \/>\n<link rel=\"canonical\" href=\"https:\/\/ucm.one\/de\/kinostart-des-films-notes-of-berlin-darling-berlin-wird-aufgrund-der-corona-pandemie-verschoben\/\" \/>\n<meta property=\"og:locale\" content=\"de_DE\" \/>\n<meta property=\"og:type\" content=\"article\" \/>\n<meta property=\"og:title\" content=\"%title%\" \/>\n<meta property=\"og:description\" content=\"Aufgrund der Corona-bedingten Schlie\u00dfung der Kinos sehen wir uns gezwungen, den Kinostart von &quot;Notes of Berlin&quot;\u00a0von Regisseurin Mariejosephin Schneider zu verschieben.\" \/>\n<meta property=\"og:url\" content=\"https:\/\/ucm.one\/de\/kinostart-des-films-notes-of-berlin-darling-berlin-wird-aufgrund-der-corona-pandemie-verschoben\/\" \/>\n<meta property=\"og:site_name\" content=\"UCM.ONE\" \/>\n<meta property=\"article:published_time\" content=\"2020-12-21T20:17:43+00:00\" \/>\n<meta property=\"article:modified_time\" content=\"2021-02-28T20:40:11+00:00\" \/>\n<meta property=\"og:image\" content=\"https:\/\/ucm.one\/wp-content\/uploads\/2020\/12\/notes-of-berlin-banner-artwork4.jpg\" \/>\n\t<meta property=\"og:image:width\" content=\"1920\" \/>\n\t<meta property=\"og:image:height\" content=\"600\" \/>\n\t<meta property=\"og:image:type\" content=\"image\/jpeg\" \/>\n<meta name=\"author\" content=\"Joachim Keil\" \/>\n<meta name=\"twitter:card\" content=\"summary_large_image\" \/>\n<meta name=\"twitter:label1\" content=\"Verfasst von\" \/>\n\t<meta name=\"twitter:data1\" content=\"Joachim Keil\" \/>\n\t<meta name=\"twitter:label2\" content=\"Gesch\u00e4tzte Lesezeit\" \/>\n\t<meta name=\"twitter:data2\" content=\"2\u00a0Minuten\" \/>\n<!-- \/ Yoast SEO plugin. -->","yoast_head_json":{"title":"%title%","description":"Aufgrund der Corona-bedingten Schlie\u00dfung der Kinos sehen wir uns gezwungen, den Kinostart von \"Notes of Berlin\"\u00a0von Regisseurin Mariejosephin Schneider zu verschieben.","robots":{"index":"index","follow":"follow","max-snippet":"max-snippet:-1","max-image-preview":"max-image-preview:large","max-video-preview":"max-video-preview:-1"},"canonical":"https:\/\/ucm.one\/de\/kinostart-des-films-notes-of-berlin-darling-berlin-wird-aufgrund-der-corona-pandemie-verschoben\/","og_locale":"de_DE","og_type":"article","og_title":"%title%","og_description":"Aufgrund der Corona-bedingten Schlie\u00dfung der Kinos sehen wir uns gezwungen, den Kinostart von \"Notes of Berlin\"\u00a0von Regisseurin Mariejosephin Schneider zu verschieben.","og_url":"https:\/\/ucm.one\/de\/kinostart-des-films-notes-of-berlin-darling-berlin-wird-aufgrund-der-corona-pandemie-verschoben\/","og_site_name":"UCM.ONE","article_published_time":"2020-12-21T20:17:43+00:00","article_modified_time":"2021-02-28T20:40:11+00:00","og_image":[{"width":1920,"height":600,"url":"https:\/\/ucm.one\/wp-content\/uploads\/2020\/12\/notes-of-berlin-banner-artwork4.jpg","type":"image\/jpeg"}],"author":"Joachim Keil","twitter_card":"summary_large_image","twitter_misc":{"Verfasst von":"Joachim Keil","Gesch\u00e4tzte Lesezeit":"2\u00a0Minuten"},"schema":{"@context":"https:\/\/schema.org","@graph":[{"@type":"Article","@id":"https:\/\/ucm.one\/de\/kinostart-des-films-notes-of-berlin-darling-berlin-wird-aufgrund-der-corona-pandemie-verschoben\/#article","isPartOf":{"@id":"https:\/\/ucm.one\/de\/kinostart-des-films-notes-of-berlin-darling-berlin-wird-aufgrund-der-corona-pandemie-verschoben\/"},"author":{"name":"Joachim Keil","@id":"https:\/\/ucm.one\/de\/#\/schema\/person\/4b959e467e8acc058836467a0ef8fa50"},"headline":"Kinostart des Films &#8222;Notes of Berlin&#8220; (Darling Berlin) wird Aufgrund der Corona-Pandemie verschoben","datePublished":"2020-12-21T20:17:43+00:00","dateModified":"2021-02-28T20:40:11+00:00","mainEntityOfPage":{"@id":"https:\/\/ucm.one\/de\/kinostart-des-films-notes-of-berlin-darling-berlin-wird-aufgrund-der-corona-pandemie-verschoben\/"},"wordCount":472,"publisher":{"@id":"https:\/\/ucm.one\/de\/#organization"},"image":{"@id":"https:\/\/ucm.one\/de\/kinostart-des-films-notes-of-berlin-darling-berlin-wird-aufgrund-der-corona-pandemie-verschoben\/#primaryimage"},"thumbnailUrl":"https:\/\/ucm.one\/wp-content\/uploads\/2020\/12\/notes-of-berlin-banner-artwork4.jpg","keywords":["Berlin","Biberacher Filmfestspiele","Corona","Covid-19","Darling Berlin","Joab Nist","Mariejosephin Schneider","Nachbarn","Notes of Berlin","notesofberlin","Stra\u00dfe","Tom Lass","Warschau International Film Festival","Zettel"],"articleSection":["Film","Kino","News","Verleih"],"inLanguage":"de"},{"@type":"WebPage","@id":"https:\/\/ucm.one\/de\/kinostart-des-films-notes-of-berlin-darling-berlin-wird-aufgrund-der-corona-pandemie-verschoben\/","url":"https:\/\/ucm.one\/de\/kinostart-des-films-notes-of-berlin-darling-berlin-wird-aufgrund-der-corona-pandemie-verschoben\/","name":"%title%","isPartOf":{"@id":"https:\/\/ucm.one\/de\/#website"},"primaryImageOfPage":{"@id":"https:\/\/ucm.one\/de\/kinostart-des-films-notes-of-berlin-darling-berlin-wird-aufgrund-der-corona-pandemie-verschoben\/#primaryimage"},"image":{"@id":"https:\/\/ucm.one\/de\/kinostart-des-films-notes-of-berlin-darling-berlin-wird-aufgrund-der-corona-pandemie-verschoben\/#primaryimage"},"thumbnailUrl":"https:\/\/ucm.one\/wp-content\/uploads\/2020\/12\/notes-of-berlin-banner-artwork4.jpg","datePublished":"2020-12-21T20:17:43+00:00","dateModified":"2021-02-28T20:40:11+00:00","description":"Aufgrund der Corona-bedingten Schlie\u00dfung der Kinos sehen wir uns gezwungen, den Kinostart von \"Notes of Berlin\"\u00a0von Regisseurin Mariejosephin Schneider zu verschieben.","breadcrumb":{"@id":"https:\/\/ucm.one\/de\/kinostart-des-films-notes-of-berlin-darling-berlin-wird-aufgrund-der-corona-pandemie-verschoben\/#breadcrumb"},"inLanguage":"de","potentialAction":[{"@type":"ReadAction","target":["https:\/\/ucm.one\/de\/kinostart-des-films-notes-of-berlin-darling-berlin-wird-aufgrund-der-corona-pandemie-verschoben\/"]}]},{"@type":"ImageObject","inLanguage":"de","@id":"https:\/\/ucm.one\/de\/kinostart-des-films-notes-of-berlin-darling-berlin-wird-aufgrund-der-corona-pandemie-verschoben\/#primaryimage","url":"https:\/\/ucm.one\/wp-content\/uploads\/2020\/12\/notes-of-berlin-banner-artwork4.jpg","contentUrl":"https:\/\/ucm.one\/wp-content\/uploads\/2020\/12\/notes-of-berlin-banner-artwork4.jpg","width":1920,"height":600},{"@type":"BreadcrumbList","@id":"https:\/\/ucm.one\/de\/kinostart-des-films-notes-of-berlin-darling-berlin-wird-aufgrund-der-corona-pandemie-verschoben\/#breadcrumb","itemListElement":[{"@type":"ListItem","position":1,"name":"Home","item":"https:\/\/ucm.one\/de\/"},{"@type":"ListItem","position":2,"name":"Kinostart des Films &#8222;Notes of Berlin&#8220; (Darling Berlin) wird Aufgrund der Corona-Pandemie verschoben"}]},{"@type":"WebSite","@id":"https:\/\/ucm.one\/de\/#website","url":"https:\/\/ucm.one\/de\/","name":"UCM.ONE","description":"","publisher":{"@id":"https:\/\/ucm.one\/de\/#organization"},"potentialAction":[{"@type":"SearchAction","target":{"@type":"EntryPoint","urlTemplate":"https:\/\/ucm.one\/de\/?s={search_term_string}"},"query-input":{"@type":"PropertyValueSpecification","valueRequired":true,"valueName":"search_term_string"}}],"inLanguage":"de"},{"@type":"Organization","@id":"https:\/\/ucm.one\/de\/#organization","name":"UCM.ONE","url":"https:\/\/ucm.one\/de\/","logo":{"@type":"ImageObject","inLanguage":"de","@id":"https:\/\/ucm.one\/de\/#\/schema\/logo\/image\/","url":"https:\/\/ucm.one\/wp-content\/uploads\/2019\/10\/UCM.ONE-Logo-RGB.svg","contentUrl":"https:\/\/ucm.one\/wp-content\/uploads\/2019\/10\/UCM.ONE-Logo-RGB.svg","width":1,"height":1,"caption":"UCM.ONE"},"image":{"@id":"https:\/\/ucm.one\/de\/#\/schema\/logo\/image\/"}},{"@type":"Person","@id":"https:\/\/ucm.one\/de\/#\/schema\/person\/4b959e467e8acc058836467a0ef8fa50","name":"Joachim Keil","image":{"@type":"ImageObject","inLanguage":"de","@id":"https:\/\/secure.gravatar.com\/avatar\/10e1dfd05f2a7a7bc83cd44bae31e01c8ac15f974229211a2b1a49fa0a22fec0?s=96&d=mm&r=g","url":"https:\/\/secure.gravatar.com\/avatar\/10e1dfd05f2a7a7bc83cd44bae31e01c8ac15f974229211a2b1a49fa0a22fec0?s=96&d=mm&r=g","contentUrl":"https:\/\/secure.gravatar.com\/avatar\/10e1dfd05f2a7a7bc83cd44bae31e01c8ac15f974229211a2b1a49fa0a22fec0?s=96&d=mm&r=g","caption":"Joachim Keil"},"sameAs":["https:\/\/ucm.one"]}]}},"_links":{"self":[{"href":"https:\/\/ucm.one\/de\/wp-json\/wp\/v2\/posts\/50131","targetHints":{"allow":["GET"]}}],"collection":[{"href":"https:\/\/ucm.one\/de\/wp-json\/wp\/v2\/posts"}],"about":[{"href":"https:\/\/ucm.one\/de\/wp-json\/wp\/v2\/types\/post"}],"author":[{"embeddable":true,"href":"https:\/\/ucm.one\/de\/wp-json\/wp\/v2\/users\/2"}],"replies":[{"embeddable":true,"href":"https:\/\/ucm.one\/de\/wp-json\/wp\/v2\/comments?post=50131"}],"version-history":[{"count":0,"href":"https:\/\/ucm.one\/de\/wp-json\/wp\/v2\/posts\/50131\/revisions"}],"wp:featuredmedia":[{"embeddable":true,"href":"https:\/\/ucm.one\/de\/wp-json\/wp\/v2\/media\/50140"}],"wp:attachment":[{"href":"https:\/\/ucm.one\/de\/wp-json\/wp\/v2\/media?parent=50131"}],"wp:term":[{"taxonomy":"category","embeddable":true,"href":"https:\/\/ucm.one\/de\/wp-json\/wp\/v2\/categories?post=50131"},{"taxonomy":"post_tag","embeddable":true,"href":"https:\/\/ucm.one\/de\/wp-json\/wp\/v2\/tags?post=50131"}],"curies":[{"name":"wp","href":"https:\/\/api.w.org\/{rel}","templated":true}]}}