{"id":47693,"date":"2020-12-16T00:17:37","date_gmt":"2020-12-16T00:17:37","guid":{"rendered":"https:\/\/ucm.one\/?p=47693"},"modified":"2023-03-10T09:06:21","modified_gmt":"2023-03-10T09:06:21","slug":"rueckenwind-von-vorn-von-philipp-eichholtz-darling-berlin-berlin-sayang-berlin-teerak-film-5","status":"publish","type":"post","link":"https:\/\/ucm.one\/de\/rueckenwind-von-vorn-von-philipp-eichholtz-darling-berlin-berlin-sayang-berlin-teerak-film-5\/","title":{"rendered":"R\u00fcckenwind von vorn (von Philipp Eichholtz) | Darling, Berlin! Berlin, Sayang! Berlin, Teerak! \u2022 Film 5"},"content":{"rendered":"<div class=\"wpb-content-wrapper\"><p>[vc_row][vc_column][vc_column_text]Der f\u00fcnfte Film beim <b>Darling, Berlin! Berlin, Sayang! Berlin, Teerak! <\/b>Online\u00a0Festival ist &#8222;<strong>R\u00fcckenwind von vorn<\/strong>&#8220; von <strong>Philipp Eichholtz<\/strong>, Im Film begleiten wir die Berlinerin Charlie, die es verdammt schwer findet, die Erwartungen ihres Umfelds und ihre eigenen auseinander zu halten. Ihr Freund Marco m\u00f6chte ein Kind, und ihr Kollege Gerry mutma\u00dft ganz ungefragt: \u201eF\u00fcnf Jahre zusammen? Na, da seid ihr doch bestimmt bald zu dritt\u2026?\u201c\u00a0Doch Charlie ist sich \u00fcberhaupt nicht sicher: Ist das sch\u00f6n, ein Kind zu haben, oder verschwindet sie selbst dabei mit ihren Bed\u00fcrfnissen? Allgemeiner gefragt: Ist Erwachsen werden einfach \u2013 und Erwachsen sein schwer?[\/vc_column_text][\/vc_column][\/vc_row][vc_row][vc_column width=&#8220;1\/2&#8243;][vc_video link=&#8220;https:\/\/youtu.be\/zKXTSeiibeo&#8220; title=&#8220;R\u00fcckenwind von vorn | Trailer (deutsch) \u1d34\u1d30&#8220;][\/vc_column][vc_column width=&#8220;1\/2&#8243;][vc_video link=&#8220;https:\/\/youtu.be\/4K2gyOgXBNo&#8220; title=&#8220;Darling, Berlin! Berlin Sayang! Berlin, Teerak! | Festival Trailer&#8220;][\/vc_column][\/vc_row][vc_row][vc_column][vc_separator][vc_column_text css=&#8220;.vc_custom_1608077854833{margin-bottom: -15px !important;}&#8220;]Der nachfolgende Film ist nur vom <strong>16.12 &#8211; \u00a027.12.2020<\/strong>\u00a0in Indonesien, Thailand (ab 19:00 Uhr) sowie Malaysia (ab 20.00 Uhr) im Rahmen des Festivals zu sehen:[\/vc_column_text][vc_empty_space height=&#8220;30px&#8220;][\/vc_column][\/vc_row][vc_row][vc_column][vc_video link=&#8220;https:\/\/youtu.be\/HWa8n8zbMas&#8220; title=&#8220;R\u00fcckenwind von vorn | Ganzer Film (deutsch) `{`with English subtitles`}` \u1d34\u1d30 | Ab 16.12.2020, 19 Uhr&#8220;][\/vc_column][\/vc_row][vc_row][vc_column][vc_column_text]Weitere Informationen \u00fcber das Festival und das Programm: \u00a0<a title=\"Darling, Berlin! Berlin, Sayang! Berlin, Teerak!\" href=\"https:\/\/ucm.one\/de\/darling-berlin-sayang-teerak\/\">Darling, Berlin! Berlin, Sayang! Berlin, Teerak!<\/a><\/p>\n<p>Weitere Informationen zum Film:\u00a0<a title=\"R\u00fcckenwind von vorn\" href=\"https:\/\/ucm.one\/de\/rueckenwind-von-vorn\/\">R\u00fcckenwind von vorn<\/a>[\/vc_column_text][\/vc_column][\/vc_row]<\/p>\n<\/div>","protected":false},"excerpt":{"rendered":"<p>[vc_row][vc_column][vc_column_text]Der f\u00fcnfte Film beim Darling, Berlin! Berlin, Sayang! Berlin, Teerak! Online\u00a0Festival ist &#8222;R\u00fcckenwind von vorn&#8220; von Philipp Eichholtz, Im Film begleiten wir die Berlinerin Charlie, die es verdammt schwer findet, die Erwartungen ihres Umfelds und ihre eigenen auseinander zu halten. Ihr Freund Marco m\u00f6chte ein Kind, und ihr Kollege Gerry mutma\u00dft ganz ungefragt: \u201eF\u00fcnf Jahre&hellip;<\/p>\n","protected":false},"author":2,"featured_media":47696,"comment_status":"closed","ping_status":"closed","sticky":false,"template":"","format":"standard","meta":{"_acf_changed":false,"footnotes":""},"categories":[830,8,13],"tags":[2700,2652,2702,2261,2266,2312,4848,9021,2661,9020,2373,2376,2513,2708,8597,5655,2709],"class_list":["post-47693","post","type-post","status-publish","format-standard","has-post-thumbnail","hentry","category-darling-berlin","category-film","category-news","tag-aleksandar-radenkovic","tag-amelie-kiefer","tag-away-you-go","tag-berlin","tag-darling-berlin","tag-festival","tag-goethe-institut","tag-indonesien","tag-karin-hanczewski","tag-malaysia","tag-martina-schoene-radunski","tag-philipp-eichholtz","tag-rueckenwind-von-vorn","tag-ruth-bickelhaupt","tag-thailand","tag-ucmp","tag-victoria-schulz","category-830","category-8","category-13","description-off"],"acf":[],"yoast_head":"<!-- This site is optimized with the Yoast SEO plugin v27.5 - https:\/\/yoast.com\/product\/yoast-seo-wordpress\/ -->\n<title>R\u00fcckenwind von vorn (von Philipp Eichholtz) | Darling, Berlin! Berlin, Sayang! Berlin, Teerak! \u2022 Film 5 - UCM.ONE<\/title>\n<meta name=\"description\" content=\"Der f\u00fcnfte Film beim Darling, Berlin! Berlin, Sayang! Berlin, Teerak! Online\u00a0Festival ist &quot;R\u00fcckenwind von vorn&quot; von Philipp Eichholtz,\" \/>\n<meta name=\"robots\" content=\"index, follow, max-snippet:-1, max-image-preview:large, max-video-preview:-1\" \/>\n<link rel=\"canonical\" href=\"https:\/\/ucm.one\/de\/rueckenwind-von-vorn-von-philipp-eichholtz-darling-berlin-berlin-sayang-berlin-teerak-film-5\/\" \/>\n<meta property=\"og:locale\" content=\"de_DE\" \/>\n<meta property=\"og:type\" content=\"article\" \/>\n<meta property=\"og:title\" content=\"R\u00fcckenwind von vorn (von Philipp Eichholtz) | Darling, Berlin! Berlin, Sayang! Berlin, Teerak! \u2022 Film 5 - UCM.ONE\" \/>\n<meta property=\"og:description\" content=\"Der f\u00fcnfte Film beim Darling, Berlin! Berlin, Sayang! Berlin, Teerak! Online\u00a0Festival ist &quot;R\u00fcckenwind von vorn&quot; von Philipp Eichholtz,\" \/>\n<meta property=\"og:url\" content=\"https:\/\/ucm.one\/de\/rueckenwind-von-vorn-von-philipp-eichholtz-darling-berlin-berlin-sayang-berlin-teerak-film-5\/\" \/>\n<meta property=\"og:site_name\" content=\"UCM.ONE\" \/>\n<meta property=\"article:published_time\" content=\"2020-12-16T00:17:37+00:00\" \/>\n<meta property=\"article:modified_time\" content=\"2023-03-10T09:06:21+00:00\" \/>\n<meta property=\"og:image\" content=\"https:\/\/ucm.one\/wp-content\/uploads\/2020\/12\/B-Ruckenwind-von-vorn-2020-GI.jpeg\" \/>\n\t<meta property=\"og:image:width\" content=\"1920\" \/>\n\t<meta property=\"og:image:height\" content=\"600\" \/>\n\t<meta property=\"og:image:type\" content=\"image\/jpeg\" \/>\n<meta name=\"author\" content=\"Joachim Keil\" \/>\n<meta name=\"twitter:card\" content=\"summary_large_image\" \/>\n<meta name=\"twitter:label1\" content=\"Verfasst von\" \/>\n\t<meta name=\"twitter:data1\" content=\"Joachim Keil\" \/>\n\t<meta name=\"twitter:label2\" content=\"Gesch\u00e4tzte Lesezeit\" \/>\n\t<meta name=\"twitter:data2\" content=\"1\u00a0Minute\" \/>\n<!-- \/ Yoast SEO plugin. -->","yoast_head_json":{"title":"R\u00fcckenwind von vorn (von Philipp Eichholtz) | Darling, Berlin! Berlin, Sayang! Berlin, Teerak! \u2022 Film 5 - UCM.ONE","description":"Der f\u00fcnfte Film beim Darling, Berlin! Berlin, Sayang! Berlin, Teerak! Online\u00a0Festival ist \"R\u00fcckenwind von vorn\" von Philipp Eichholtz,","robots":{"index":"index","follow":"follow","max-snippet":"max-snippet:-1","max-image-preview":"max-image-preview:large","max-video-preview":"max-video-preview:-1"},"canonical":"https:\/\/ucm.one\/de\/rueckenwind-von-vorn-von-philipp-eichholtz-darling-berlin-berlin-sayang-berlin-teerak-film-5\/","og_locale":"de_DE","og_type":"article","og_title":"R\u00fcckenwind von vorn (von Philipp Eichholtz) | Darling, Berlin! Berlin, Sayang! Berlin, Teerak! \u2022 Film 5 - UCM.ONE","og_description":"Der f\u00fcnfte Film beim Darling, Berlin! Berlin, Sayang! Berlin, Teerak! Online\u00a0Festival ist \"R\u00fcckenwind von vorn\" von Philipp Eichholtz,","og_url":"https:\/\/ucm.one\/de\/rueckenwind-von-vorn-von-philipp-eichholtz-darling-berlin-berlin-sayang-berlin-teerak-film-5\/","og_site_name":"UCM.ONE","article_published_time":"2020-12-16T00:17:37+00:00","article_modified_time":"2023-03-10T09:06:21+00:00","og_image":[{"width":1920,"height":600,"url":"https:\/\/ucm.one\/wp-content\/uploads\/2020\/12\/B-Ruckenwind-von-vorn-2020-GI.jpeg","type":"image\/jpeg"}],"author":"Joachim Keil","twitter_card":"summary_large_image","twitter_misc":{"Verfasst von":"Joachim Keil","Gesch\u00e4tzte Lesezeit":"1\u00a0Minute"},"schema":{"@context":"https:\/\/schema.org","@graph":[{"@type":"Article","@id":"https:\/\/ucm.one\/de\/rueckenwind-von-vorn-von-philipp-eichholtz-darling-berlin-berlin-sayang-berlin-teerak-film-5\/#article","isPartOf":{"@id":"https:\/\/ucm.one\/de\/rueckenwind-von-vorn-von-philipp-eichholtz-darling-berlin-berlin-sayang-berlin-teerak-film-5\/"},"author":{"name":"Joachim Keil","@id":"https:\/\/ucm.one\/de\/#\/schema\/person\/4b959e467e8acc058836467a0ef8fa50"},"headline":"R\u00fcckenwind von vorn (von Philipp Eichholtz) | Darling, Berlin! Berlin, Sayang! Berlin, Teerak! \u2022 Film 5","datePublished":"2020-12-16T00:17:37+00:00","dateModified":"2023-03-10T09:06:21+00:00","mainEntityOfPage":{"@id":"https:\/\/ucm.one\/de\/rueckenwind-von-vorn-von-philipp-eichholtz-darling-berlin-berlin-sayang-berlin-teerak-film-5\/"},"wordCount":294,"publisher":{"@id":"https:\/\/ucm.one\/de\/#organization"},"image":{"@id":"https:\/\/ucm.one\/de\/rueckenwind-von-vorn-von-philipp-eichholtz-darling-berlin-berlin-sayang-berlin-teerak-film-5\/#primaryimage"},"thumbnailUrl":"https:\/\/ucm.one\/wp-content\/uploads\/2020\/12\/B-Ruckenwind-von-vorn-2020-GI.jpeg","keywords":["Aleksandar Radenkovic","Amelie Kiefer","Away You Go","Berlin","Darling Berlin","Festival","Goethe-Institut","Indonesien","Karin Hanczewski","Malaysia","Martina Sch\u00f6ne-Radunski","Philipp Eichholtz","R\u00fcckenwind von vorn","Ruth Bickelhaupt","Thailand","UCMP","Victoria Schulz"],"articleSection":["Darling Berlin","Film","News"],"inLanguage":"de"},{"@type":"WebPage","@id":"https:\/\/ucm.one\/de\/rueckenwind-von-vorn-von-philipp-eichholtz-darling-berlin-berlin-sayang-berlin-teerak-film-5\/","url":"https:\/\/ucm.one\/de\/rueckenwind-von-vorn-von-philipp-eichholtz-darling-berlin-berlin-sayang-berlin-teerak-film-5\/","name":"R\u00fcckenwind von vorn (von Philipp Eichholtz) | Darling, Berlin! Berlin, Sayang! Berlin, Teerak! \u2022 Film 5 - UCM.ONE","isPartOf":{"@id":"https:\/\/ucm.one\/de\/#website"},"primaryImageOfPage":{"@id":"https:\/\/ucm.one\/de\/rueckenwind-von-vorn-von-philipp-eichholtz-darling-berlin-berlin-sayang-berlin-teerak-film-5\/#primaryimage"},"image":{"@id":"https:\/\/ucm.one\/de\/rueckenwind-von-vorn-von-philipp-eichholtz-darling-berlin-berlin-sayang-berlin-teerak-film-5\/#primaryimage"},"thumbnailUrl":"https:\/\/ucm.one\/wp-content\/uploads\/2020\/12\/B-Ruckenwind-von-vorn-2020-GI.jpeg","datePublished":"2020-12-16T00:17:37+00:00","dateModified":"2023-03-10T09:06:21+00:00","description":"Der f\u00fcnfte Film beim Darling, Berlin! Berlin, Sayang! Berlin, Teerak! Online\u00a0Festival ist \"R\u00fcckenwind von vorn\" von Philipp Eichholtz,","breadcrumb":{"@id":"https:\/\/ucm.one\/de\/rueckenwind-von-vorn-von-philipp-eichholtz-darling-berlin-berlin-sayang-berlin-teerak-film-5\/#breadcrumb"},"inLanguage":"de","potentialAction":[{"@type":"ReadAction","target":["https:\/\/ucm.one\/de\/rueckenwind-von-vorn-von-philipp-eichholtz-darling-berlin-berlin-sayang-berlin-teerak-film-5\/"]}]},{"@type":"ImageObject","inLanguage":"de","@id":"https:\/\/ucm.one\/de\/rueckenwind-von-vorn-von-philipp-eichholtz-darling-berlin-berlin-sayang-berlin-teerak-film-5\/#primaryimage","url":"https:\/\/ucm.one\/wp-content\/uploads\/2020\/12\/B-Ruckenwind-von-vorn-2020-GI.jpeg","contentUrl":"https:\/\/ucm.one\/wp-content\/uploads\/2020\/12\/B-Ruckenwind-von-vorn-2020-GI.jpeg","width":1920,"height":600},{"@type":"BreadcrumbList","@id":"https:\/\/ucm.one\/de\/rueckenwind-von-vorn-von-philipp-eichholtz-darling-berlin-berlin-sayang-berlin-teerak-film-5\/#breadcrumb","itemListElement":[{"@type":"ListItem","position":1,"name":"Home","item":"https:\/\/ucm.one\/de\/"},{"@type":"ListItem","position":2,"name":"R\u00fcckenwind von vorn (von Philipp Eichholtz) | Darling, Berlin! Berlin, Sayang! Berlin, Teerak! \u2022 Film 5"}]},{"@type":"WebSite","@id":"https:\/\/ucm.one\/de\/#website","url":"https:\/\/ucm.one\/de\/","name":"UCM.ONE","description":"","publisher":{"@id":"https:\/\/ucm.one\/de\/#organization"},"potentialAction":[{"@type":"SearchAction","target":{"@type":"EntryPoint","urlTemplate":"https:\/\/ucm.one\/de\/?s={search_term_string}"},"query-input":{"@type":"PropertyValueSpecification","valueRequired":true,"valueName":"search_term_string"}}],"inLanguage":"de"},{"@type":"Organization","@id":"https:\/\/ucm.one\/de\/#organization","name":"UCM.ONE","url":"https:\/\/ucm.one\/de\/","logo":{"@type":"ImageObject","inLanguage":"de","@id":"https:\/\/ucm.one\/de\/#\/schema\/logo\/image\/","url":"https:\/\/ucm.one\/wp-content\/uploads\/2019\/10\/UCM.ONE-Logo-RGB.svg","contentUrl":"https:\/\/ucm.one\/wp-content\/uploads\/2019\/10\/UCM.ONE-Logo-RGB.svg","width":1,"height":1,"caption":"UCM.ONE"},"image":{"@id":"https:\/\/ucm.one\/de\/#\/schema\/logo\/image\/"}},{"@type":"Person","@id":"https:\/\/ucm.one\/de\/#\/schema\/person\/4b959e467e8acc058836467a0ef8fa50","name":"Joachim Keil","image":{"@type":"ImageObject","inLanguage":"de","@id":"https:\/\/secure.gravatar.com\/avatar\/10e1dfd05f2a7a7bc83cd44bae31e01c8ac15f974229211a2b1a49fa0a22fec0?s=96&d=mm&r=g","url":"https:\/\/secure.gravatar.com\/avatar\/10e1dfd05f2a7a7bc83cd44bae31e01c8ac15f974229211a2b1a49fa0a22fec0?s=96&d=mm&r=g","contentUrl":"https:\/\/secure.gravatar.com\/avatar\/10e1dfd05f2a7a7bc83cd44bae31e01c8ac15f974229211a2b1a49fa0a22fec0?s=96&d=mm&r=g","caption":"Joachim Keil"},"sameAs":["https:\/\/ucm.one"]}]}},"_links":{"self":[{"href":"https:\/\/ucm.one\/de\/wp-json\/wp\/v2\/posts\/47693","targetHints":{"allow":["GET"]}}],"collection":[{"href":"https:\/\/ucm.one\/de\/wp-json\/wp\/v2\/posts"}],"about":[{"href":"https:\/\/ucm.one\/de\/wp-json\/wp\/v2\/types\/post"}],"author":[{"embeddable":true,"href":"https:\/\/ucm.one\/de\/wp-json\/wp\/v2\/users\/2"}],"replies":[{"embeddable":true,"href":"https:\/\/ucm.one\/de\/wp-json\/wp\/v2\/comments?post=47693"}],"version-history":[{"count":0,"href":"https:\/\/ucm.one\/de\/wp-json\/wp\/v2\/posts\/47693\/revisions"}],"wp:featuredmedia":[{"embeddable":true,"href":"https:\/\/ucm.one\/de\/wp-json\/wp\/v2\/media\/47696"}],"wp:attachment":[{"href":"https:\/\/ucm.one\/de\/wp-json\/wp\/v2\/media?parent=47693"}],"wp:term":[{"taxonomy":"category","embeddable":true,"href":"https:\/\/ucm.one\/de\/wp-json\/wp\/v2\/categories?post=47693"},{"taxonomy":"post_tag","embeddable":true,"href":"https:\/\/ucm.one\/de\/wp-json\/wp\/v2\/tags?post=47693"}],"curies":[{"name":"wp","href":"https:\/\/api.w.org\/{rel}","templated":true}]}}