{"id":47502,"date":"2020-12-11T20:02:10","date_gmt":"2020-12-11T20:02:10","guid":{"rendered":"https:\/\/ucm.one\/?p=47502"},"modified":"2020-12-12T20:20:33","modified_gmt":"2020-12-12T20:20:33","slug":"ab-heute-ist-das-album-llama-doble-von-gabriel-sordo-auf-dem-label-plastic-city-erhaeltlich","status":"publish","type":"post","link":"https:\/\/ucm.one\/de\/ab-heute-ist-das-album-llama-doble-von-gabriel-sordo-auf-dem-label-plastic-city-erhaeltlich\/","title":{"rendered":"Ab heute ist das Album &#8222;Llama Doble&#8220; von Gabriel Sordo auf dem Label Plastic City erh\u00e4ltlich"},"content":{"rendered":"<div class=\"wpb-content-wrapper\"><p>[vc_row][vc_column width=&#8220;3\/4&#8243;][vc_column_text]Mexikos Vorzeigesohn und &#8222;House Hero&#8220;\u00a0<strong>Gabriel Sordo<\/strong> bedarf keiner Vorstellung. Dieser K\u00fcnstler hat sich seine stattliche Reputation durch Ver\u00f6ffentlichungen auf zahlreichen renommierten Labels erarbeitet. Und wer bereits mit dem Sound dieses Herren vertraut ist, d\u00fcrfte mit Freuden die Bekanntgabe der nun anstehende Ver\u00f6ffentlichung seines neuen Albums &#8222;<strong>Llama Doble<\/strong>&#8220; vernehmen.[\/vc_column_text][vc_column_text]Da der Groove bereits in Sordos DNA verankert zu sein scheint, verwundert es nicht, dass das Album eine wahre Offenbarung f\u00fcr all uns Groove Junkies darstellt. Nach einer sanften Einf\u00fchrung \u00a0mit dem Track &#8222;E<strong>dad Media<\/strong>&#8222;, gespickt mit luftig leichten Elementen, gefolgt von &#8222;<strong>Efimera<\/strong>&#8220; mit seinem unwiderstehlichen Swing zieht <strong>Gabriel Sordo<\/strong> das Tempo feinf\u00fchlig an.[\/vc_column_text][vc_column_text]<\/p>\n<div class=\"\">\n<div class=\"\">Beim Anh\u00f6ren von Tracks wie &#8222;<strong>Luminaria<\/strong>&#8222;, &#8222;<strong>Osio Vertical<\/strong>&#8220; oder auch &#8222;<strong>Estimulos<\/strong>&#8220; in Zusammenarbeit mit <strong>Mike D.<\/strong> wird dem geschulten H\u00f6rer direkt klar, warum Sordos Musik regelm\u00e4\u00dfig von Zauberern \u00e0 la <strong>Jamie Jones<\/strong> und <strong>Seth Troxler<\/strong> unterst\u00fctzt wird.<\/div>\n<\/div>\n<p>[\/vc_column_text][\/vc_column][vc_column width=&#8220;1\/4&#8243;][vc_single_image image=&#8220;47510&#8243; img_size=&#8220;full&#8220; onclick=&#8220;link_image&#8220;][\/vc_column][\/vc_row][vc_row][vc_column][vc_column_text]Die F\u00e4higkeit seine Tracks so vollmundig und satt klingen zu lassen doch gleichzeitig so puristisch und klar zu halten scheint Sordos Geheimrezept zu sein. Und wir lieben es!\u00a0Tracks wie &#8222;<strong>Seda<\/strong>&#8222;, &#8222;<strong>Sonido Central<\/strong>&#8220; und &#8222;<strong>Boys<\/strong>&#8220; mit ihrem ungezwungenen, coolen und sexy Ansatz werden dieses Album weltweit in die Charts treiben und <strong>Gabriel Sordo<\/strong>s Beliebtheit weiter steigern.[\/vc_column_text][\/vc_column][\/vc_row][vc_row][vc_column width=&#8220;1\/4&#8243;][vc_btn title=&#8220;Apple Music&#8220; color=&#8220;sky&#8220; size=&#8220;sm&#8220; align=&#8220;center&#8220; i_icon_fontawesome=&#8220;fab fa-apple&#8220; button_block=&#8220;true&#8220; add_icon=&#8220;true&#8220; link=&#8220;url:https%3A%2F%2Fmusic.apple.com%2Fde%2Falbum%2Fllama-doble%2F1539235090|title:Apple%20Music|target:_blank&#8220; css=&#8220;.vc_custom_1607804164595{margin-top: -10px !important;}&#8220;][\/vc_column][vc_column width=&#8220;1\/4&#8243;][vc_btn title=&#8220;Spotify&#8220; color=&#8220;sky&#8220; size=&#8220;sm&#8220; align=&#8220;center&#8220; i_icon_fontawesome=&#8220;fab fa-spotify&#8220; button_block=&#8220;true&#8220; add_icon=&#8220;true&#8220; link=&#8220;url:https%3A%2F%2Fopen.spotify.com%2Falbum%2F5tuIP0n70NdPSUXvIAwwpT%3Fsi%3DF5CU-i5hTqysjiHNgx13GA|title:Spotify|target:_blank&#8220; css=&#8220;.vc_custom_1607804180528{margin-top: -10px !important;}&#8220;][\/vc_column][vc_column width=&#8220;1\/4&#8243;][vc_btn title=&#8220;Amazon Music&#8220; color=&#8220;sky&#8220; size=&#8220;sm&#8220; align=&#8220;center&#8220; i_icon_fontawesome=&#8220;fab fa-amazon&#8220; button_block=&#8220;true&#8220; add_icon=&#8220;true&#8220; link=&#8220;url:https%3A%2F%2Fwww.amazon.de%2Fgp%2Fproduct%2FB08MXD45Z5|title:Amazon%20Music|target:_blank&#8220; css=&#8220;.vc_custom_1607804319801{margin-top: -10px !important;}&#8220;][\/vc_column][vc_column width=&#8220;1\/4&#8243;][vc_btn title=&#8220;Beatport&#8220; color=&#8220;sky&#8220; size=&#8220;sm&#8220; align=&#8220;center&#8220; i_icon_fontawesome=&#8220;fas fa-headphones&#8220; button_block=&#8220;true&#8220; add_icon=&#8220;true&#8220; link=&#8220;url:https%3A%2F%2Fwww.beatport.com%2Frelease%2Fllama-doble%2F3186505|title:Beatport|target:_blank&#8220; css=&#8220;.vc_custom_1607804137890{margin-top: -10px !important;}&#8220;][\/vc_column][\/vc_row][vc_row][vc_column][vc_empty_space height=&#8220;10px&#8220;][vc_separator][vc_empty_space height=&#8220;20px&#8220;][\/vc_column][\/vc_row][vc_row][vc_column width=&#8220;1\/2&#8243;][vc_video link=&#8220;https:\/\/youtu.be\/JgJ0AoU0OCA&#8220; title=&#8220;Gabriel Sordo &#8211; Llama Doble (Plastic City) Albumteaser&#8220;][\/vc_column][vc_column width=&#8220;1\/2&#8243;][vc_video link=&#8220;https:\/\/youtu.be\/I6o-SInGv1I&#8220; title=&#8220;Gabriel Sordo &#8211; Efimera (Plastic City) Teaser&#8220;][\/vc_column][\/vc_row][vc_row][vc_column width=&#8220;1\/2&#8243;][vc_video link=&#8220;https:\/\/youtu.be\/jua1zmX7z_U&#8220; title=&#8220;Gabriel Sordo &#8211; Migracion Pantera (Plastic City) Teaser&#8220;][\/vc_column][vc_column width=&#8220;1\/2&#8243;][vc_video link=&#8220;https:\/\/youtu.be\/SO_M9FzkVdo&#8220; title=&#8220;Gabriel Sordo &#8211; Dietetico (Plastic City) Teaser&#8220;][\/vc_column][\/vc_row]<\/p>\n<\/div>","protected":false},"excerpt":{"rendered":"<p>[vc_row][vc_column width=&#8220;3\/4&#8243;][vc_column_text]Mexikos Vorzeigesohn und &#8222;House Hero&#8220;\u00a0Gabriel Sordo bedarf keiner Vorstellung. Dieser K\u00fcnstler hat sich seine stattliche Reputation durch Ver\u00f6ffentlichungen auf zahlreichen renommierten Labels erarbeitet. Und wer bereits mit dem Sound dieses Herren vertraut ist, d\u00fcrfte mit Freuden die Bekanntgabe der nun anstehende Ver\u00f6ffentlichung seines neuen Albums &#8222;Llama Doble&#8220; vernehmen.[\/vc_column_text][vc_column_text]Da der Groove bereits in Sordos DNA&hellip;<\/p>\n","protected":false},"author":2,"featured_media":47507,"comment_status":"closed","ping_status":"closed","sticky":false,"template":"","format":"standard","meta":{"_acf_changed":false,"footnotes":""},"categories":[9,13,802],"tags":[2356,8983,2298,9054,6507,8984,8982,8278,8989,9055,9056,2303,2307],"class_list":["post-47502","post","type-post","status-publish","format-standard","has-post-thumbnail","hentry","category-musik","category-news","category-plastic-city","tag-beatport","tag-crosstown-rebels","tag-deep-house","tag-estimulos","tag-gabriel-sordo","tag-get-physical","tag-hot-creations","tag-jamie-jones","tag-llama-doble","tag-mexico-de","tag-mike-d","tag-plastic-city","tag-tech-house","category-9","category-13","category-802","description-off"],"acf":[],"yoast_head":"<!-- This site is optimized with the Yoast SEO plugin v27.5 - https:\/\/yoast.com\/product\/yoast-seo-wordpress\/ -->\n<title>Ab heute ist das Album &quot;Llama Doble&quot; von Gabriel Sordo auf dem Label Plastic City erh\u00e4ltlich - UCM.ONE<\/title>\n<meta name=\"description\" content=\"Gabriel Sordo hat sich seine stattliche Reputation durch Ver\u00f6ffentlichungen auf zahlreichen renommierten Labels erarbeitet.\" \/>\n<meta name=\"robots\" content=\"index, follow, max-snippet:-1, max-image-preview:large, max-video-preview:-1\" \/>\n<link rel=\"canonical\" href=\"https:\/\/ucm.one\/de\/ab-heute-ist-das-album-llama-doble-von-gabriel-sordo-auf-dem-label-plastic-city-erhaeltlich\/\" \/>\n<meta property=\"og:locale\" content=\"de_DE\" \/>\n<meta property=\"og:type\" content=\"article\" \/>\n<meta property=\"og:title\" content=\"Ab heute ist das Album &quot;Llama Doble&quot; von Gabriel Sordo auf dem Label Plastic City erh\u00e4ltlich - UCM.ONE\" \/>\n<meta property=\"og:description\" content=\"Gabriel Sordo hat sich seine stattliche Reputation durch Ver\u00f6ffentlichungen auf zahlreichen renommierten Labels erarbeitet.\" \/>\n<meta property=\"og:url\" content=\"https:\/\/ucm.one\/de\/ab-heute-ist-das-album-llama-doble-von-gabriel-sordo-auf-dem-label-plastic-city-erhaeltlich\/\" \/>\n<meta property=\"og:site_name\" content=\"UCM.ONE\" \/>\n<meta property=\"article:published_time\" content=\"2020-12-11T20:02:10+00:00\" \/>\n<meta property=\"article:modified_time\" content=\"2020-12-12T20:20:33+00:00\" \/>\n<meta property=\"og:image\" content=\"https:\/\/ucm.one\/wp-content\/uploads\/2020\/12\/B-Gabriel-Sordo-Llama-Doble_1920x600px_300dpi.jpeg\" \/>\n\t<meta property=\"og:image:width\" content=\"1920\" \/>\n\t<meta property=\"og:image:height\" content=\"600\" \/>\n\t<meta property=\"og:image:type\" content=\"image\/jpeg\" \/>\n<meta name=\"author\" content=\"Joachim Keil\" \/>\n<meta name=\"twitter:card\" content=\"summary_large_image\" \/>\n<meta name=\"twitter:label1\" content=\"Verfasst von\" \/>\n\t<meta name=\"twitter:data1\" content=\"Joachim Keil\" \/>\n\t<meta name=\"twitter:label2\" content=\"Gesch\u00e4tzte Lesezeit\" \/>\n\t<meta name=\"twitter:data2\" content=\"3\u00a0Minuten\" \/>\n<!-- \/ Yoast SEO plugin. -->","yoast_head_json":{"title":"Ab heute ist das Album \"Llama Doble\" von Gabriel Sordo auf dem Label Plastic City erh\u00e4ltlich - UCM.ONE","description":"Gabriel Sordo hat sich seine stattliche Reputation durch Ver\u00f6ffentlichungen auf zahlreichen renommierten Labels erarbeitet.","robots":{"index":"index","follow":"follow","max-snippet":"max-snippet:-1","max-image-preview":"max-image-preview:large","max-video-preview":"max-video-preview:-1"},"canonical":"https:\/\/ucm.one\/de\/ab-heute-ist-das-album-llama-doble-von-gabriel-sordo-auf-dem-label-plastic-city-erhaeltlich\/","og_locale":"de_DE","og_type":"article","og_title":"Ab heute ist das Album \"Llama Doble\" von Gabriel Sordo auf dem Label Plastic City erh\u00e4ltlich - UCM.ONE","og_description":"Gabriel Sordo hat sich seine stattliche Reputation durch Ver\u00f6ffentlichungen auf zahlreichen renommierten Labels erarbeitet.","og_url":"https:\/\/ucm.one\/de\/ab-heute-ist-das-album-llama-doble-von-gabriel-sordo-auf-dem-label-plastic-city-erhaeltlich\/","og_site_name":"UCM.ONE","article_published_time":"2020-12-11T20:02:10+00:00","article_modified_time":"2020-12-12T20:20:33+00:00","og_image":[{"width":1920,"height":600,"url":"https:\/\/ucm.one\/wp-content\/uploads\/2020\/12\/B-Gabriel-Sordo-Llama-Doble_1920x600px_300dpi.jpeg","type":"image\/jpeg"}],"author":"Joachim Keil","twitter_card":"summary_large_image","twitter_misc":{"Verfasst von":"Joachim Keil","Gesch\u00e4tzte Lesezeit":"3\u00a0Minuten"},"schema":{"@context":"https:\/\/schema.org","@graph":[{"@type":"Article","@id":"https:\/\/ucm.one\/de\/ab-heute-ist-das-album-llama-doble-von-gabriel-sordo-auf-dem-label-plastic-city-erhaeltlich\/#article","isPartOf":{"@id":"https:\/\/ucm.one\/de\/ab-heute-ist-das-album-llama-doble-von-gabriel-sordo-auf-dem-label-plastic-city-erhaeltlich\/"},"author":{"name":"Joachim Keil","@id":"https:\/\/ucm.one\/de\/#\/schema\/person\/4b959e467e8acc058836467a0ef8fa50"},"headline":"Ab heute ist das Album &#8222;Llama Doble&#8220; von Gabriel Sordo auf dem Label Plastic City erh\u00e4ltlich","datePublished":"2020-12-11T20:02:10+00:00","dateModified":"2020-12-12T20:20:33+00:00","mainEntityOfPage":{"@id":"https:\/\/ucm.one\/de\/ab-heute-ist-das-album-llama-doble-von-gabriel-sordo-auf-dem-label-plastic-city-erhaeltlich\/"},"wordCount":609,"publisher":{"@id":"https:\/\/ucm.one\/de\/#organization"},"image":{"@id":"https:\/\/ucm.one\/de\/ab-heute-ist-das-album-llama-doble-von-gabriel-sordo-auf-dem-label-plastic-city-erhaeltlich\/#primaryimage"},"thumbnailUrl":"https:\/\/ucm.one\/wp-content\/uploads\/2020\/12\/B-Gabriel-Sordo-Llama-Doble_1920x600px_300dpi.jpeg","keywords":["Beatport","Crosstown Rebels","Deep House","Estimulos","Gabriel Sordo","Get Physical","Hot Creations","Jamie Jones","Llama Doble","Mexico","Mike D.","Plastic City","Tech-House"],"articleSection":["Musik","News","Plastic City"],"inLanguage":"de"},{"@type":"WebPage","@id":"https:\/\/ucm.one\/de\/ab-heute-ist-das-album-llama-doble-von-gabriel-sordo-auf-dem-label-plastic-city-erhaeltlich\/","url":"https:\/\/ucm.one\/de\/ab-heute-ist-das-album-llama-doble-von-gabriel-sordo-auf-dem-label-plastic-city-erhaeltlich\/","name":"Ab heute ist das Album \"Llama Doble\" von Gabriel Sordo auf dem Label Plastic City erh\u00e4ltlich - UCM.ONE","isPartOf":{"@id":"https:\/\/ucm.one\/de\/#website"},"primaryImageOfPage":{"@id":"https:\/\/ucm.one\/de\/ab-heute-ist-das-album-llama-doble-von-gabriel-sordo-auf-dem-label-plastic-city-erhaeltlich\/#primaryimage"},"image":{"@id":"https:\/\/ucm.one\/de\/ab-heute-ist-das-album-llama-doble-von-gabriel-sordo-auf-dem-label-plastic-city-erhaeltlich\/#primaryimage"},"thumbnailUrl":"https:\/\/ucm.one\/wp-content\/uploads\/2020\/12\/B-Gabriel-Sordo-Llama-Doble_1920x600px_300dpi.jpeg","datePublished":"2020-12-11T20:02:10+00:00","dateModified":"2020-12-12T20:20:33+00:00","description":"Gabriel Sordo hat sich seine stattliche Reputation durch Ver\u00f6ffentlichungen auf zahlreichen renommierten Labels erarbeitet.","breadcrumb":{"@id":"https:\/\/ucm.one\/de\/ab-heute-ist-das-album-llama-doble-von-gabriel-sordo-auf-dem-label-plastic-city-erhaeltlich\/#breadcrumb"},"inLanguage":"de","potentialAction":[{"@type":"ReadAction","target":["https:\/\/ucm.one\/de\/ab-heute-ist-das-album-llama-doble-von-gabriel-sordo-auf-dem-label-plastic-city-erhaeltlich\/"]}]},{"@type":"ImageObject","inLanguage":"de","@id":"https:\/\/ucm.one\/de\/ab-heute-ist-das-album-llama-doble-von-gabriel-sordo-auf-dem-label-plastic-city-erhaeltlich\/#primaryimage","url":"https:\/\/ucm.one\/wp-content\/uploads\/2020\/12\/B-Gabriel-Sordo-Llama-Doble_1920x600px_300dpi.jpeg","contentUrl":"https:\/\/ucm.one\/wp-content\/uploads\/2020\/12\/B-Gabriel-Sordo-Llama-Doble_1920x600px_300dpi.jpeg","width":1920,"height":600},{"@type":"BreadcrumbList","@id":"https:\/\/ucm.one\/de\/ab-heute-ist-das-album-llama-doble-von-gabriel-sordo-auf-dem-label-plastic-city-erhaeltlich\/#breadcrumb","itemListElement":[{"@type":"ListItem","position":1,"name":"Home","item":"https:\/\/ucm.one\/de\/"},{"@type":"ListItem","position":2,"name":"Ab heute ist das Album &#8222;Llama Doble&#8220; von Gabriel Sordo auf dem Label Plastic City erh\u00e4ltlich"}]},{"@type":"WebSite","@id":"https:\/\/ucm.one\/de\/#website","url":"https:\/\/ucm.one\/de\/","name":"UCM.ONE","description":"","publisher":{"@id":"https:\/\/ucm.one\/de\/#organization"},"potentialAction":[{"@type":"SearchAction","target":{"@type":"EntryPoint","urlTemplate":"https:\/\/ucm.one\/de\/?s={search_term_string}"},"query-input":{"@type":"PropertyValueSpecification","valueRequired":true,"valueName":"search_term_string"}}],"inLanguage":"de"},{"@type":"Organization","@id":"https:\/\/ucm.one\/de\/#organization","name":"UCM.ONE","url":"https:\/\/ucm.one\/de\/","logo":{"@type":"ImageObject","inLanguage":"de","@id":"https:\/\/ucm.one\/de\/#\/schema\/logo\/image\/","url":"https:\/\/ucm.one\/wp-content\/uploads\/2019\/10\/UCM.ONE-Logo-RGB.svg","contentUrl":"https:\/\/ucm.one\/wp-content\/uploads\/2019\/10\/UCM.ONE-Logo-RGB.svg","width":1,"height":1,"caption":"UCM.ONE"},"image":{"@id":"https:\/\/ucm.one\/de\/#\/schema\/logo\/image\/"}},{"@type":"Person","@id":"https:\/\/ucm.one\/de\/#\/schema\/person\/4b959e467e8acc058836467a0ef8fa50","name":"Joachim Keil","image":{"@type":"ImageObject","inLanguage":"de","@id":"https:\/\/secure.gravatar.com\/avatar\/10e1dfd05f2a7a7bc83cd44bae31e01c8ac15f974229211a2b1a49fa0a22fec0?s=96&d=mm&r=g","url":"https:\/\/secure.gravatar.com\/avatar\/10e1dfd05f2a7a7bc83cd44bae31e01c8ac15f974229211a2b1a49fa0a22fec0?s=96&d=mm&r=g","contentUrl":"https:\/\/secure.gravatar.com\/avatar\/10e1dfd05f2a7a7bc83cd44bae31e01c8ac15f974229211a2b1a49fa0a22fec0?s=96&d=mm&r=g","caption":"Joachim Keil"},"sameAs":["https:\/\/ucm.one"]}]}},"_links":{"self":[{"href":"https:\/\/ucm.one\/de\/wp-json\/wp\/v2\/posts\/47502","targetHints":{"allow":["GET"]}}],"collection":[{"href":"https:\/\/ucm.one\/de\/wp-json\/wp\/v2\/posts"}],"about":[{"href":"https:\/\/ucm.one\/de\/wp-json\/wp\/v2\/types\/post"}],"author":[{"embeddable":true,"href":"https:\/\/ucm.one\/de\/wp-json\/wp\/v2\/users\/2"}],"replies":[{"embeddable":true,"href":"https:\/\/ucm.one\/de\/wp-json\/wp\/v2\/comments?post=47502"}],"version-history":[{"count":0,"href":"https:\/\/ucm.one\/de\/wp-json\/wp\/v2\/posts\/47502\/revisions"}],"wp:featuredmedia":[{"embeddable":true,"href":"https:\/\/ucm.one\/de\/wp-json\/wp\/v2\/media\/47507"}],"wp:attachment":[{"href":"https:\/\/ucm.one\/de\/wp-json\/wp\/v2\/media?parent=47502"}],"wp:term":[{"taxonomy":"category","embeddable":true,"href":"https:\/\/ucm.one\/de\/wp-json\/wp\/v2\/categories?post=47502"},{"taxonomy":"post_tag","embeddable":true,"href":"https:\/\/ucm.one\/de\/wp-json\/wp\/v2\/tags?post=47502"}],"curies":[{"name":"wp","href":"https:\/\/api.w.org\/{rel}","templated":true}]}}