{"id":47454,"date":"2020-12-10T11:03:03","date_gmt":"2020-12-10T11:03:03","guid":{"rendered":"https:\/\/ucm.one\/?p=47454"},"modified":"2021-04-21T19:14:10","modified_gmt":"2021-04-21T19:14:10","slug":"der-film-live-von-lisa-charlotte-friederich-feiert-heute-seinen-virtuellen-kinostart","status":"publish","type":"post","link":"https:\/\/ucm.one\/de\/der-film-live-von-lisa-charlotte-friederich-feiert-heute-seinen-virtuellen-kinostart\/","title":{"rendered":"Der Film &#8222;Live&#8220; von Lisa Charlotte Friederich feiert heute seinen &#8222;virtuellen Kinostart&#8220;"},"content":{"rendered":"<div class=\"wpb-content-wrapper\"><p>[vc_row][vc_column width=&#8220;3\/4&#8243;][vc_column_text]Wegen der beschlossenen bundesweiten Verl\u00e4ngerung der Corona-Ma\u00dfnahmen kann der Kinostart von &#8222;<strong>Live<\/strong>&#8220; von Regisseurin <strong>Lisa Charlotte Friederich<\/strong> leider nicht wie geplant auf der gro\u00dfen Leinwand stattfinden. Ironie des Schicksals: Der Film, der auf dem Filmlabel <strong>Artkeim\u00b2<\/strong> ver\u00f6ffentlich wird, spielt in einer dystopischen Zukunft, in der sich die Gesellschaft im kompletten Lockdown befindet \u2013 eine Situation, die bei der Weltpremiere des Films im Januar 2020 noch als extrem weit hergeholt bezeichnet wurde![\/vc_column_text][vc_column_text]<span style=\"font-family: 'arial black', sans-serif;\"><strong>UCM.ONE<\/strong><\/span> hat sich daher f\u00fcr den <em>\u201e<strong>virtuellen Kinostart<\/strong>\u201c<\/em>\u00a0 u.a. mit der Plattform <a title=\"\" href=\"https:\/\/www.kino-on-demand.com\" target=\"_blank\" rel=\"noopener\"><strong>Kino on Demand<\/strong><\/a>\u00a0zusammengetan, wo der Spielfilm ab dem vorgesehenen Kino-Starttermin, dem 10. Dezember 2020, zum Preis von 4,99 \u20ac jeweils innerhalb von 48 Stunden abrufbar sein wird.[\/vc_column_text][vc_column_text]F\u00fcr <strong>Kino on Demand<\/strong> muss kein Abo abgeschlossen werden, sondern man kann Filme einzeln abrufen. Beim ersten und jedem f\u00fcnften Filmabruf erh\u00e4lt man einen Kinogutschein in H\u00f6he von 5 \u20ac f\u00fcrs Lieblingskino, das man beim Ausleihen des Films vorher ausw\u00e4hlen kann. So profitiert auch die Kinolandschaft von dem Kinostart im virtuellen Raum.[\/vc_column_text][vc_column_text]Eine \u00dcbersicht der teilnehmenden Kinos findet sich hier: <a title=\"Kino on Demand\" href=\"https:\/\/www.kino-on-demand.com\/cinemas\" target=\"_blank\" rel=\"noopener\">www.kino-on-demand.com\/cinemas<\/a>. Zudem gibt es noch verschiedene Geschenkgutschein-Pakete. W\u00e4hlt man das Lieblingskino-Paket, gehen noch einmal zus\u00e4tzlich 5 \u20ac direkt ans ausgew\u00e4hlte Kino.[\/vc_column_text][\/vc_column][vc_column width=&#8220;1\/4&#8243;][vc_single_image image=&#8220;45695&#8243; img_size=&#8220;full&#8220; onclick=&#8220;link_image&#8220;][\/vc_column][\/vc_row][vc_row][vc_column][vc_column_text]&#8220;<strong>Live<\/strong>&#8220; kann ab heute auch auf allen weiteren einschl\u00e4gigen VoD-Portalen wie u.a.\u00a0<strong>Apple TV<\/strong>, <strong>Amazon Prime Video<\/strong>, <strong>Videoload<\/strong>, <strong>maxdome<\/strong>\u00a0und <strong>Vimeo<\/strong>\u00a0abgerufen werden. Wir hoffen nat\u00fcrlich, dass der Film, sobald die Kinos wieder \u00f6ffnen k\u00f6nnen, auch noch das <em>&#8222;<strong>Licht der Kinos\u00e4le<\/strong>&#8222;<\/em> erblicken wird.[\/vc_column_text][\/vc_column][\/vc_row][vc_row][vc_column width=&#8220;1\/2&#8243;][vc_single_image image=&#8220;46326&#8243; img_size=&#8220;full&#8220; onclick=&#8220;link_image&#8220;][\/vc_column][vc_column width=&#8220;1\/2&#8243;][vc_single_image image=&#8220;46328&#8243; img_size=&#8220;full&#8220; onclick=&#8220;link_image&#8220;][\/vc_column][\/vc_row][vc_row][vc_column][vc_column_text]Im Deb\u00fctfilm von <strong>Lisa Charlotte Friederich<\/strong> findet Kultur seit Jahren nur noch im virtuellen Raum statt und menschliche Zusammenk\u00fcnfte sind strengstens untersagt. Diese best\u00fcrzenden und zur Zeit der Entstehung des Films nicht vorhersehbare Parallelen zur momentanen Situation machen den Film hochaktuell. Allerdings ist es keine Pandemie, sondern die Gefahr von Terroranschl\u00e4gen, die in &#8222;<strong>Live<\/strong>&#8220; das \u00f6ffentliche Leben lahmgelegt hat. &#8222;<strong>Live<\/strong>&#8220; spielt in einer nahen Zukunft und verbindet Science-Fiction-Elemente und einen klassischen Geschwisterkonflikt zu einem spannenden Drama voller mitrei\u00dfender Musik und feierte seine Weltpremiere Anfang des Jahres beim <strong>Max Oph\u00fcls Preis<\/strong>. Seitdem wurde er erfolgreich bei deutschen und internationalen Filmfestivals gezeigt und erhielt mehrere Auszeichnungen.[\/vc_column_text][\/vc_column][\/vc_row][vc_row][vc_column width=&#8220;1\/2&#8243;][vc_single_image image=&#8220;46318&#8243; img_size=&#8220;full&#8220; onclick=&#8220;link_image&#8220;][\/vc_column][vc_column width=&#8220;1\/2&#8243;][vc_single_image image=&#8220;46324&#8243; img_size=&#8220;full&#8220; onclick=&#8220;link_image&#8220;][\/vc_column][\/vc_row][vc_row][vc_column][vc_column_text]<span style=\"font-size: 14pt;\">Synopsis:<\/span><\/p>\n<p>Die Welt in einer nahen Zukunft: Die Zahl der Terroranschl\u00e4ge hat so drastisch zugenommen, dass Begegnungen mit anderen Menschen und jede Form von kulturellem Leben nur noch im virtuellen Raum stattfinden. \u00d6ffentliche Versammlungen sind aus Sicherheitsgr\u00fcnden verboten. Es gibt keine Konzerte mehr, keine Superm\u00e4rkte, kein Theater, keine Kneipen. Die Psychologin Claire betreut \u00dcberlebende von Terroranschl\u00e4gen. Als sie eines Tages bei einem Patienten eine Eintrittskarte, einen analogen Fetzen Papier findet, bricht sie aus ihrem Leben in Isolation aus. Getrieben von dem Bed\u00fcrfnis nach Gemeinschaft plant sie mit ihrem Bruder Aurel, einem Star-Trompeter, der seit Jahren nur vor virtuellem Publikum stand, ein geheimes Live-Konzert vor echten, physisch anwesenden Menschen. Mit Hilfe der Hacker Ada und Maximus gelingt es ihnen allen Widrigkeiten zum Trotz, ihren Plan zu verwirklichen. Als kurz darauf die Mutter des Geschwisterpaares auftaucht, bricht ein uralter Konflikt auf, der Claire vor eine un\u00fcberwindlichen Gegnerin stellt: sie selbst.[\/vc_column_text][vc_single_image image=&#8220;46257&#8243; img_size=&#8220;full&#8220; onclick=&#8220;link_image&#8220;][vc_column_text]&#8220;<strong>Live<\/strong>&#8220; ist ein erschreckend aktueller Film, der mit seiner k\u00fchlen \u00c4sthetik, au\u00dfergew\u00f6hnlichen, bewegenden Musik und einem gro\u00dfartigen Schauspielerensemble unter die Haut geht.[\/vc_column_text][vc_row_inner][vc_column_inner width=&#8220;1\/5&#8243;][vc_btn title=&#8220;Kino on Demand&#8220; color=&#8220;sky&#8220; size=&#8220;sm&#8220; align=&#8220;center&#8220; i_icon_fontawesome=&#8220;far fa-play-circle&#8220; button_block=&#8220;true&#8220; add_icon=&#8220;true&#8220; link=&#8220;url:https%3A%2F%2Fwww.kino-on-demand.com%2Fmovies%2Flive|title:Kino%20On%20Demand|target:_blank&#8220;][\/vc_column_inner][vc_column_inner width=&#8220;1\/5&#8243;][vc_btn title=&#8220;Apple TV&#8220; color=&#8220;sky&#8220; size=&#8220;sm&#8220; align=&#8220;center&#8220; i_icon_fontawesome=&#8220;fab fa-apple&#8220; button_block=&#8220;true&#8220; add_icon=&#8220;true&#8220; link=&#8220;url:https%3A%2F%2Ftv.apple.com%2Fde%2Fmovie%2Flive%2Fumc.cmc.6y5vq1y3v2ykjhnrkp7dj3dpa|title:Live|target:_blank&#8220;][\/vc_column_inner][vc_column_inner width=&#8220;1\/5&#8243;][vc_btn title=&#8220;Prime Video&#8220; color=&#8220;sky&#8220; size=&#8220;sm&#8220; align=&#8220;center&#8220; i_icon_fontawesome=&#8220;fab fa-amazon&#8220; button_block=&#8220;true&#8220; add_icon=&#8220;true&#8220; link=&#8220;url:https%3A%2F%2Fwww.amazon.de%2FLive-Christine-Chapman%2Fdp%2FB08PG3MNL7%2Fref%3Dsr_1_1%3F__mk_de_DE%3D%C3%85M%C3%85%C5%BD%C3%95%C3%91%26dchild%3D1%26keywords%3Dlive%2Bfilm%2Blisa%26qid%3D1607598852%26s%3Dinstant-video%26sr%3D1-1|title:Prime%20Video|target:_blank&#8220;][\/vc_column_inner][vc_column_inner width=&#8220;1\/5&#8243;][vc_btn title=&#8220;Videoload&#8220; color=&#8220;sky&#8220; size=&#8220;sm&#8220; align=&#8220;center&#8220; i_icon_fontawesome=&#8220;fas fa-play-circle&#8220; button_block=&#8220;true&#8220; add_icon=&#8220;true&#8220; link=&#8220;url:https%3A%2F%2Fwww.videoload.de%2Ffilm%2Flive%2FGN_MV015635190000|title:Videoload|target:_blank&#8220;][\/vc_column_inner][vc_column_inner width=&#8220;1\/5&#8243;][vc_btn title=&#8220;Vimeo&#8220; color=&#8220;sky&#8220; size=&#8220;sm&#8220; align=&#8220;center&#8220; i_icon_fontawesome=&#8220;fab fa-vimeo-v&#8220; button_block=&#8220;true&#8220; add_icon=&#8220;true&#8220; link=&#8220;url:https%3A%2F%2Fvimeo.com%2Fondemand%2Flivefilm|title:Vimeo|target:_blank&#8220;][\/vc_column_inner][\/vc_row_inner][vc_empty_space height=&#8220;15px&#8220;][vc_separator][\/vc_column][\/vc_row][vc_row][vc_column width=&#8220;1\/2&#8243;][vc_video link=&#8220;https:\/\/youtu.be\/WrgQxMbZwgo&#8220; title=&#8220;Live | Kino Trailer (deutsch) \u1d34\u1d30&#8220;][\/vc_column][vc_column width=&#8220;1\/2&#8243;][vc_video link=&#8220;https:\/\/youtu.be\/PMZYmN-84dU&#8220; title=&#8220;Urs Sp\u00f6rri \u00fcber den Spielfilm &#8222;Live&#8222;&#8220;][\/vc_column][\/vc_row][vc_row][vc_column][vc_column_text]Weiter Informationen \u00fcber den Film: <a title=\"\" href=\"\/de\/live-film\/\">Live<\/a>[\/vc_column_text][\/vc_column][\/vc_row]<\/p>\n<\/div>","protected":false},"excerpt":{"rendered":"<p>[vc_row][vc_column width=&#8220;3\/4&#8243;][vc_column_text]Wegen der beschlossenen bundesweiten Verl\u00e4ngerung der Corona-Ma\u00dfnahmen kann der Kinostart von &#8222;Live&#8220; von Regisseurin Lisa Charlotte Friederich leider nicht wie geplant auf der gro\u00dfen Leinwand stattfinden. Ironie des Schicksals: Der Film, der auf dem Filmlabel Artkeim\u00b2 ver\u00f6ffentlich wird, spielt in einer dystopischen Zukunft, in der sich die Gesellschaft im kompletten Lockdown befindet \u2013 eine&hellip;<\/p>\n","protected":false},"author":2,"featured_media":47465,"comment_status":"closed","ping_status":"closed","sticky":false,"template":"","format":"standard","meta":{"_acf_changed":false,"footnotes":""},"categories":[828,8,10,13,752,7528],"tags":[8901,2311,8902,8903,7635,7691,8909,8910,8905,8900,8896,8018,8911,8898,3173,8897,8907,8904,8908,8899,8906],"class_list":["post-47454","post","type-post","status-publish","format-standard","has-post-thumbnail","hentry","category-artkeim","category-film","category-kino","category-news","category-verleih","category-weltvertrieb","tag-anton-spieker","tag-artkeim","tag-christine-chapman","tag-corbinian-deller","tag-corona","tag-covid-19","tag-feras-zarka","tag-heimat-europa-filmfeststspiele","tag-julian-greis","tag-karoline-marie-reinke","tag-lisa-charlotte-friedrich","tag-live-de","tag-live-film","tag-lockdown","tag-max-ophuels","tag-rike-huy","tag-sithembile-menck","tag-sonja-dengler","tag-tanja-von-oertzen","tag-terror","tag-ulrike-knospe","category-828","category-8","category-10","category-13","category-752","category-7528","description-off"],"acf":[],"yoast_head":"<!-- This site is optimized with the Yoast SEO plugin v27.5 - https:\/\/yoast.com\/product\/yoast-seo-wordpress\/ -->\n<title>%title%<\/title>\n<meta name=\"description\" content=\"Wegen der beschlossenen Corona-Ma\u00dfnahmen kann der Kinostart von &quot;Live&quot; von Regisseurin Lisa Charlotte Friederich leider nicht auf der Leinwand stattfinden.\" \/>\n<meta name=\"robots\" content=\"index, follow, max-snippet:-1, max-image-preview:large, max-video-preview:-1\" \/>\n<link rel=\"canonical\" href=\"https:\/\/ucm.one\/de\/der-film-live-von-lisa-charlotte-friederich-feiert-heute-seinen-virtuellen-kinostart\/\" \/>\n<meta property=\"og:locale\" content=\"de_DE\" \/>\n<meta property=\"og:type\" content=\"article\" \/>\n<meta property=\"og:title\" content=\"%title%\" \/>\n<meta property=\"og:description\" content=\"Wegen der beschlossenen Corona-Ma\u00dfnahmen kann der Kinostart von &quot;Live&quot; von Regisseurin Lisa Charlotte Friederich leider nicht auf der Leinwand stattfinden.\" \/>\n<meta property=\"og:url\" content=\"https:\/\/ucm.one\/de\/der-film-live-von-lisa-charlotte-friederich-feiert-heute-seinen-virtuellen-kinostart\/\" \/>\n<meta property=\"og:site_name\" content=\"UCM.ONE\" \/>\n<meta property=\"article:published_time\" content=\"2020-12-10T11:03:03+00:00\" \/>\n<meta property=\"article:modified_time\" content=\"2021-04-21T19:14:10+00:00\" \/>\n<meta property=\"og:image\" content=\"https:\/\/ucm.one\/wp-content\/uploads\/2020\/12\/live-banner3_1920x600.jpg\" \/>\n\t<meta property=\"og:image:width\" content=\"1920\" \/>\n\t<meta property=\"og:image:height\" content=\"600\" \/>\n\t<meta property=\"og:image:type\" content=\"image\/jpeg\" \/>\n<meta name=\"author\" content=\"Joachim Keil\" \/>\n<meta name=\"twitter:card\" content=\"summary_large_image\" \/>\n<meta name=\"twitter:label1\" content=\"Verfasst von\" \/>\n\t<meta name=\"twitter:data1\" content=\"Joachim Keil\" \/>\n\t<meta name=\"twitter:label2\" content=\"Gesch\u00e4tzte Lesezeit\" \/>\n\t<meta name=\"twitter:data2\" content=\"5\u00a0Minuten\" \/>\n<!-- \/ Yoast SEO plugin. -->","yoast_head_json":{"title":"%title%","description":"Wegen der beschlossenen Corona-Ma\u00dfnahmen kann der Kinostart von \"Live\" von Regisseurin Lisa Charlotte Friederich leider nicht auf der Leinwand stattfinden.","robots":{"index":"index","follow":"follow","max-snippet":"max-snippet:-1","max-image-preview":"max-image-preview:large","max-video-preview":"max-video-preview:-1"},"canonical":"https:\/\/ucm.one\/de\/der-film-live-von-lisa-charlotte-friederich-feiert-heute-seinen-virtuellen-kinostart\/","og_locale":"de_DE","og_type":"article","og_title":"%title%","og_description":"Wegen der beschlossenen Corona-Ma\u00dfnahmen kann der Kinostart von \"Live\" von Regisseurin Lisa Charlotte Friederich leider nicht auf der Leinwand stattfinden.","og_url":"https:\/\/ucm.one\/de\/der-film-live-von-lisa-charlotte-friederich-feiert-heute-seinen-virtuellen-kinostart\/","og_site_name":"UCM.ONE","article_published_time":"2020-12-10T11:03:03+00:00","article_modified_time":"2021-04-21T19:14:10+00:00","og_image":[{"width":1920,"height":600,"url":"https:\/\/ucm.one\/wp-content\/uploads\/2020\/12\/live-banner3_1920x600.jpg","type":"image\/jpeg"}],"author":"Joachim Keil","twitter_card":"summary_large_image","twitter_misc":{"Verfasst von":"Joachim Keil","Gesch\u00e4tzte Lesezeit":"5\u00a0Minuten"},"schema":{"@context":"https:\/\/schema.org","@graph":[{"@type":"Article","@id":"https:\/\/ucm.one\/de\/der-film-live-von-lisa-charlotte-friederich-feiert-heute-seinen-virtuellen-kinostart\/#article","isPartOf":{"@id":"https:\/\/ucm.one\/de\/der-film-live-von-lisa-charlotte-friederich-feiert-heute-seinen-virtuellen-kinostart\/"},"author":{"name":"Joachim Keil","@id":"https:\/\/ucm.one\/de\/#\/schema\/person\/4b959e467e8acc058836467a0ef8fa50"},"headline":"Der Film &#8222;Live&#8220; von Lisa Charlotte Friederich feiert heute seinen &#8222;virtuellen Kinostart&#8220;","datePublished":"2020-12-10T11:03:03+00:00","dateModified":"2021-04-21T19:14:10+00:00","mainEntityOfPage":{"@id":"https:\/\/ucm.one\/de\/der-film-live-von-lisa-charlotte-friederich-feiert-heute-seinen-virtuellen-kinostart\/"},"wordCount":1057,"publisher":{"@id":"https:\/\/ucm.one\/de\/#organization"},"image":{"@id":"https:\/\/ucm.one\/de\/der-film-live-von-lisa-charlotte-friederich-feiert-heute-seinen-virtuellen-kinostart\/#primaryimage"},"thumbnailUrl":"https:\/\/ucm.one\/wp-content\/uploads\/2020\/12\/live-banner3_1920x600.jpg","keywords":["Anton Spieker","Artkeim\u00b2","Christine Chapman","Corbinian Deller","Corona","Covid-19","Feras Zarka","Heimat Europa Filmfeststspiele","Julian Greis","Karoline Marie Reinke","Lisa Charlotte Friedrich","Live","Live (Film)","Lockdown","Max Oph\u00fcls","Rike Huy","Sithembile Menck","Sonja Dengler","Tanja von Oertzen","Terror","Ulrike Knospe"],"articleSection":["Artkeim\u00b2","Film","Kino","News","Verleih","Weltvertrieb"],"inLanguage":"de"},{"@type":"WebPage","@id":"https:\/\/ucm.one\/de\/der-film-live-von-lisa-charlotte-friederich-feiert-heute-seinen-virtuellen-kinostart\/","url":"https:\/\/ucm.one\/de\/der-film-live-von-lisa-charlotte-friederich-feiert-heute-seinen-virtuellen-kinostart\/","name":"%title%","isPartOf":{"@id":"https:\/\/ucm.one\/de\/#website"},"primaryImageOfPage":{"@id":"https:\/\/ucm.one\/de\/der-film-live-von-lisa-charlotte-friederich-feiert-heute-seinen-virtuellen-kinostart\/#primaryimage"},"image":{"@id":"https:\/\/ucm.one\/de\/der-film-live-von-lisa-charlotte-friederich-feiert-heute-seinen-virtuellen-kinostart\/#primaryimage"},"thumbnailUrl":"https:\/\/ucm.one\/wp-content\/uploads\/2020\/12\/live-banner3_1920x600.jpg","datePublished":"2020-12-10T11:03:03+00:00","dateModified":"2021-04-21T19:14:10+00:00","description":"Wegen der beschlossenen Corona-Ma\u00dfnahmen kann der Kinostart von \"Live\" von Regisseurin Lisa Charlotte Friederich leider nicht auf der Leinwand stattfinden.","breadcrumb":{"@id":"https:\/\/ucm.one\/de\/der-film-live-von-lisa-charlotte-friederich-feiert-heute-seinen-virtuellen-kinostart\/#breadcrumb"},"inLanguage":"de","potentialAction":[{"@type":"ReadAction","target":["https:\/\/ucm.one\/de\/der-film-live-von-lisa-charlotte-friederich-feiert-heute-seinen-virtuellen-kinostart\/"]}]},{"@type":"ImageObject","inLanguage":"de","@id":"https:\/\/ucm.one\/de\/der-film-live-von-lisa-charlotte-friederich-feiert-heute-seinen-virtuellen-kinostart\/#primaryimage","url":"https:\/\/ucm.one\/wp-content\/uploads\/2020\/12\/live-banner3_1920x600.jpg","contentUrl":"https:\/\/ucm.one\/wp-content\/uploads\/2020\/12\/live-banner3_1920x600.jpg","width":1920,"height":600},{"@type":"BreadcrumbList","@id":"https:\/\/ucm.one\/de\/der-film-live-von-lisa-charlotte-friederich-feiert-heute-seinen-virtuellen-kinostart\/#breadcrumb","itemListElement":[{"@type":"ListItem","position":1,"name":"Home","item":"https:\/\/ucm.one\/de\/"},{"@type":"ListItem","position":2,"name":"Der Film &#8220;Live&#8221; von Lisa Charlotte Friederich feiert heute seinen &#8220;virtuellen Kinostart&#8221;"}]},{"@type":"WebSite","@id":"https:\/\/ucm.one\/de\/#website","url":"https:\/\/ucm.one\/de\/","name":"UCM.ONE","description":"","publisher":{"@id":"https:\/\/ucm.one\/de\/#organization"},"potentialAction":[{"@type":"SearchAction","target":{"@type":"EntryPoint","urlTemplate":"https:\/\/ucm.one\/de\/?s={search_term_string}"},"query-input":{"@type":"PropertyValueSpecification","valueRequired":true,"valueName":"search_term_string"}}],"inLanguage":"de"},{"@type":"Organization","@id":"https:\/\/ucm.one\/de\/#organization","name":"UCM.ONE","url":"https:\/\/ucm.one\/de\/","logo":{"@type":"ImageObject","inLanguage":"de","@id":"https:\/\/ucm.one\/de\/#\/schema\/logo\/image\/","url":"https:\/\/ucm.one\/wp-content\/uploads\/2019\/10\/UCM.ONE-Logo-RGB.svg","contentUrl":"https:\/\/ucm.one\/wp-content\/uploads\/2019\/10\/UCM.ONE-Logo-RGB.svg","width":1,"height":1,"caption":"UCM.ONE"},"image":{"@id":"https:\/\/ucm.one\/de\/#\/schema\/logo\/image\/"}},{"@type":"Person","@id":"https:\/\/ucm.one\/de\/#\/schema\/person\/4b959e467e8acc058836467a0ef8fa50","name":"Joachim Keil","image":{"@type":"ImageObject","inLanguage":"de","@id":"https:\/\/secure.gravatar.com\/avatar\/10e1dfd05f2a7a7bc83cd44bae31e01c8ac15f974229211a2b1a49fa0a22fec0?s=96&d=mm&r=g","url":"https:\/\/secure.gravatar.com\/avatar\/10e1dfd05f2a7a7bc83cd44bae31e01c8ac15f974229211a2b1a49fa0a22fec0?s=96&d=mm&r=g","contentUrl":"https:\/\/secure.gravatar.com\/avatar\/10e1dfd05f2a7a7bc83cd44bae31e01c8ac15f974229211a2b1a49fa0a22fec0?s=96&d=mm&r=g","caption":"Joachim Keil"},"sameAs":["https:\/\/ucm.one"]}]}},"_links":{"self":[{"href":"https:\/\/ucm.one\/de\/wp-json\/wp\/v2\/posts\/47454","targetHints":{"allow":["GET"]}}],"collection":[{"href":"https:\/\/ucm.one\/de\/wp-json\/wp\/v2\/posts"}],"about":[{"href":"https:\/\/ucm.one\/de\/wp-json\/wp\/v2\/types\/post"}],"author":[{"embeddable":true,"href":"https:\/\/ucm.one\/de\/wp-json\/wp\/v2\/users\/2"}],"replies":[{"embeddable":true,"href":"https:\/\/ucm.one\/de\/wp-json\/wp\/v2\/comments?post=47454"}],"version-history":[{"count":0,"href":"https:\/\/ucm.one\/de\/wp-json\/wp\/v2\/posts\/47454\/revisions"}],"wp:featuredmedia":[{"embeddable":true,"href":"https:\/\/ucm.one\/de\/wp-json\/wp\/v2\/media\/47465"}],"wp:attachment":[{"href":"https:\/\/ucm.one\/de\/wp-json\/wp\/v2\/media?parent=47454"}],"wp:term":[{"taxonomy":"category","embeddable":true,"href":"https:\/\/ucm.one\/de\/wp-json\/wp\/v2\/categories?post=47454"},{"taxonomy":"post_tag","embeddable":true,"href":"https:\/\/ucm.one\/de\/wp-json\/wp\/v2\/tags?post=47454"}],"curies":[{"name":"wp","href":"https:\/\/api.w.org\/{rel}","templated":true}]}}