{"id":47197,"date":"2020-10-20T11:40:45","date_gmt":"2020-10-20T11:40:45","guid":{"rendered":"https:\/\/ucm.one\/?p=47197"},"modified":"2020-12-02T12:16:26","modified_gmt":"2020-12-02T12:16:26","slug":"abschied-von-der-grossen-schauspielerin-tanja-von-oertzen-offizierin-bausch-im-film-live","status":"publish","type":"post","link":"https:\/\/ucm.one\/de\/abschied-von-der-grossen-schauspielerin-tanja-von-oertzen-offizierin-bausch-im-film-live\/","title":{"rendered":"Abschied von der gro\u00dfen Schauspielerin Tanja von Oertzen (\u201eOffizierin Bausch\u201c im Film &#8222;Live&#8220;)"},"content":{"rendered":"<div class=\"wpb-content-wrapper\"><p>[vc_row][vc_column][vc_column_text]Am 16. Oktober ist die Schauspielerin <strong>Tanja von Oertzen<\/strong> im Alter von 70 Jahren in Heidelberg gestorben. Geboren wurde sie 1950 in Moskau. Nach dem Abitur an einem s\u00fcddeutschen Internat zog es sie auf die B\u00fchne. In Stuttgart studierte sie zun\u00e4chst Ballett bei John Cranko, dann ging sie an die HMDK, um ins Schauspielfach zu wechseln. Dort lernte sie den 30 Jahre \u00e4lteren Regisseur <strong>Peter Palitzsch<\/strong> kennen, den sie sp\u00e4ter heiratete. Ihre zahlreichen Engagements f\u00fchrten sie u.a. an das Schauspiel Frankfurt, das D\u00fcsseldorfer Schauspielhaus, das Residenztheater M\u00fcnchen, das Theater Basel und das Berliner Ensemble. Sie spielte von Emilia Galotti bis Prospero viele gro\u00dfe Rollen der Weltliteratur und arbeitete mit bedeutenden Regisseuren ihrer Generation wie <strong>Wolfgang Engel<\/strong>, <strong>Dieter Jendreyko<\/strong>, <strong>Hans Neuenfels<\/strong> und <strong>Jossi Wieler<\/strong>.[\/vc_column_text][\/vc_column][\/vc_row][vc_row][vc_column width=&#8220;3\/4&#8243;][vc_column_text]In <strong>Lisa Charlotte Friederich<\/strong>s Deb\u00fctfilm &#8222;<strong>Live&#8220;<\/strong>, den <span style=\"font-family: 'arial black', sans-serif;\"><strong>UCM.ONE<\/strong><\/span> unter dem Label <strong>Artkeim\u00b2<\/strong> ver\u00f6ffentlicht, spielte sie ihre letzte Filmrolle. Die Regisseurin hatte zu ihr ein sehr pers\u00f6nliches Verh\u00e4ltnis. Schon als Sch\u00fclerin hatte Lisa sie in Heidelberg auf der B\u00fchne gesehen und sie eines Abends &#8211; als Mutprobe &#8211; zusammen mit einer Freundin in einer Kneipe angesprochen. <em>\u201eIch habe ihr erz\u00e4hlt, dass ich Schauspielerin werden will; sie hat mir damals sehr viel Mut gemacht, indem sie gesagt hat, dass sie sich das bei mir vorstellen kann. Wir sind lose in Kontakt geblieben, und als ich tats\u00e4chlich die Aufnahmepr\u00fcfung an der Schauspielschule bestanden habe, waren wir danach ein Bier trinken. Sie wurde dann sogar meine Rollenlehrerin. Ich habe von ihr wahnsinnig viel \u00fcber den Umgang mit Sprache gelernt. Niemand konnte <strong>H\u00f6lderlin<\/strong> oder <strong>Gottfried Benn<\/strong> so lesen wie sie.\u201c<\/em>[\/vc_column_text][vc_column_text]Der Kontakt riss auch nach der Schauspielschule nicht ab, bei Friederichs Besuchen in der Heidelberger Heimat stand, wann immer m\u00f6glich, ein gemeinsames Treffen in von Oertzens Stammcaf\u00e9 auf dem Plan. Als die Regisseurin das Drehbuch f\u00fcr &#8222;<strong>Live<\/strong>&#8220; geschrieben hat, wollte sie ihre Mentorin unbedingt dabei haben und schrieb f\u00fcr sie die Rolle der Offizierin. <em>\u201eSie hatte zum Gl\u00fcck Lust und hat zugesagt. Der Drehtag mit ihr war ein richtig harter Nachtdreh mit viel Regen. Das muss sehr anstrengend f\u00fcr sie gewesen sein. Sie hatte trotzdem gro\u00dfe Lust, weiter mit uns zu arbeiten. Wir haben vor zwei Wochen die F\u00f6rderzusage f\u00fcr ein Kurzfilmprojekt mit ihr bekommen, das wir zu dritt, also Rike, Tanja und ich, beantragt hatten; da war sie leider schon nicht mehr am Leben. Ich habe sie im September noch gesehen, sie war ein bisschen schwach wie immer, aber ansonsten sehr fr\u00f6hlich und hatte Lust auf unser Kurzfilmprojekt. Ihr pl\u00f6tzlicher Tod kam sehr unerwartet, und Rike und ich vermissen sie sehr.\u201c<\/em>[\/vc_column_text][\/vc_column][vc_column width=&#8220;1\/4&#8243;][vc_single_image image=&#8220;45695&#8243; img_size=&#8220;full&#8220; onclick=&#8220;link_image&#8220;][\/vc_column][\/vc_row][vc_row][vc_column][vc_video link=&#8220;https:\/\/youtu.be\/WrgQxMbZwgo&#8220; title=&#8220;Live | Kino Trailer (deutsch) \u1d34\u1d30&#8220;][\/vc_column][\/vc_row][vc_row][vc_column][vc_column_text]Weiter Informationen \u00fcber den Film: <a title=\"\" href=\"\/de\/live-film\/\">Live<\/a>[\/vc_column_text][\/vc_column][\/vc_row]<\/p>\n<\/div>","protected":false},"excerpt":{"rendered":"<p>[vc_row][vc_column][vc_column_text]Am 16. Oktober ist die Schauspielerin Tanja von Oertzen im Alter von 70 Jahren in Heidelberg gestorben. Geboren wurde sie 1950 in Moskau. Nach dem Abitur an einem s\u00fcddeutschen Internat zog es sie auf die B\u00fchne. In Stuttgart studierte sie zun\u00e4chst Ballett bei John Cranko, dann ging sie an die HMDK, um ins Schauspielfach zu&hellip;<\/p>\n","protected":false},"author":2,"featured_media":47199,"comment_status":"closed","ping_status":"closed","sticky":false,"template":"","format":"standard","meta":{"_acf_changed":false,"footnotes":""},"categories":[828,8,10,13],"tags":[2311,9062,9063,4589,9064,8896,8911,6141,9060,8897,8908,9061],"class_list":["post-47197","post","type-post","status-publish","format-standard","has-post-thumbnail","hentry","category-artkeim","category-film","category-kino","category-news","tag-artkeim","tag-dieter-jendreyko","tag-hans-neuenfels","tag-heidelberg","tag-jossi-wieler","tag-lisa-charlotte-friedrich","tag-live-film","tag-moskau","tag-peter-palitzsch","tag-rike-huy","tag-tanja-von-oertzen","tag-wolfgang-engel","category-828","category-8","category-10","category-13","description-off"],"acf":[],"yoast_head":"<!-- This site is optimized with the Yoast SEO plugin v27.5 - https:\/\/yoast.com\/product\/yoast-seo-wordpress\/ -->\n<title>Abschied von der gro\u00dfen Schauspielerin Tanja von Oertzen (\u201eOffizierin Bausch\u201c im Film &quot;Live&quot;) - UCM.ONE<\/title>\n<meta name=\"description\" content=\"Am 16. Oktober ist die Schauspielerin Tanja von Oertzen im Alter von 70 Jahren in Heidelberg gestorben. Geboren wurde sie 1950 in Moskau.\" \/>\n<meta name=\"robots\" content=\"index, follow, max-snippet:-1, max-image-preview:large, max-video-preview:-1\" \/>\n<link rel=\"canonical\" href=\"https:\/\/ucm.one\/de\/abschied-von-der-grossen-schauspielerin-tanja-von-oertzen-offizierin-bausch-im-film-live\/\" \/>\n<meta property=\"og:locale\" content=\"de_DE\" \/>\n<meta property=\"og:type\" content=\"article\" \/>\n<meta property=\"og:title\" content=\"Abschied von der gro\u00dfen Schauspielerin Tanja von Oertzen (\u201eOffizierin Bausch\u201c im Film &quot;Live&quot;) - UCM.ONE\" \/>\n<meta property=\"og:description\" content=\"Am 16. Oktober ist die Schauspielerin Tanja von Oertzen im Alter von 70 Jahren in Heidelberg gestorben. Geboren wurde sie 1950 in Moskau.\" \/>\n<meta property=\"og:url\" content=\"https:\/\/ucm.one\/de\/abschied-von-der-grossen-schauspielerin-tanja-von-oertzen-offizierin-bausch-im-film-live\/\" \/>\n<meta property=\"og:site_name\" content=\"UCM.ONE\" \/>\n<meta property=\"article:published_time\" content=\"2020-10-20T11:40:45+00:00\" \/>\n<meta property=\"article:modified_time\" content=\"2020-12-02T12:16:26+00:00\" \/>\n<meta property=\"og:image\" content=\"https:\/\/ucm.one\/wp-content\/uploads\/2020\/12\/TanjavonOertzen_Trauerbanner.jpg\" \/>\n\t<meta property=\"og:image:width\" content=\"1920\" \/>\n\t<meta property=\"og:image:height\" content=\"600\" \/>\n\t<meta property=\"og:image:type\" content=\"image\/jpeg\" \/>\n<meta name=\"author\" content=\"Joachim Keil\" \/>\n<meta name=\"twitter:card\" content=\"summary_large_image\" \/>\n<meta name=\"twitter:label1\" content=\"Verfasst von\" \/>\n\t<meta name=\"twitter:data1\" content=\"Joachim Keil\" \/>\n\t<meta name=\"twitter:label2\" content=\"Gesch\u00e4tzte Lesezeit\" \/>\n\t<meta name=\"twitter:data2\" content=\"3\u00a0Minuten\" \/>\n<!-- \/ Yoast SEO plugin. -->","yoast_head_json":{"title":"Abschied von der gro\u00dfen Schauspielerin Tanja von Oertzen (\u201eOffizierin Bausch\u201c im Film \"Live\") - UCM.ONE","description":"Am 16. Oktober ist die Schauspielerin Tanja von Oertzen im Alter von 70 Jahren in Heidelberg gestorben. Geboren wurde sie 1950 in Moskau.","robots":{"index":"index","follow":"follow","max-snippet":"max-snippet:-1","max-image-preview":"max-image-preview:large","max-video-preview":"max-video-preview:-1"},"canonical":"https:\/\/ucm.one\/de\/abschied-von-der-grossen-schauspielerin-tanja-von-oertzen-offizierin-bausch-im-film-live\/","og_locale":"de_DE","og_type":"article","og_title":"Abschied von der gro\u00dfen Schauspielerin Tanja von Oertzen (\u201eOffizierin Bausch\u201c im Film \"Live\") - UCM.ONE","og_description":"Am 16. Oktober ist die Schauspielerin Tanja von Oertzen im Alter von 70 Jahren in Heidelberg gestorben. Geboren wurde sie 1950 in Moskau.","og_url":"https:\/\/ucm.one\/de\/abschied-von-der-grossen-schauspielerin-tanja-von-oertzen-offizierin-bausch-im-film-live\/","og_site_name":"UCM.ONE","article_published_time":"2020-10-20T11:40:45+00:00","article_modified_time":"2020-12-02T12:16:26+00:00","og_image":[{"width":1920,"height":600,"url":"https:\/\/ucm.one\/wp-content\/uploads\/2020\/12\/TanjavonOertzen_Trauerbanner.jpg","type":"image\/jpeg"}],"author":"Joachim Keil","twitter_card":"summary_large_image","twitter_misc":{"Verfasst von":"Joachim Keil","Gesch\u00e4tzte Lesezeit":"3\u00a0Minuten"},"schema":{"@context":"https:\/\/schema.org","@graph":[{"@type":"Article","@id":"https:\/\/ucm.one\/de\/abschied-von-der-grossen-schauspielerin-tanja-von-oertzen-offizierin-bausch-im-film-live\/#article","isPartOf":{"@id":"https:\/\/ucm.one\/de\/abschied-von-der-grossen-schauspielerin-tanja-von-oertzen-offizierin-bausch-im-film-live\/"},"author":{"name":"Joachim Keil","@id":"https:\/\/ucm.one\/de\/#\/schema\/person\/4b959e467e8acc058836467a0ef8fa50"},"headline":"Abschied von der gro\u00dfen Schauspielerin Tanja von Oertzen (\u201eOffizierin Bausch\u201c im Film &#8222;Live&#8220;)","datePublished":"2020-10-20T11:40:45+00:00","dateModified":"2020-12-02T12:16:26+00:00","mainEntityOfPage":{"@id":"https:\/\/ucm.one\/de\/abschied-von-der-grossen-schauspielerin-tanja-von-oertzen-offizierin-bausch-im-film-live\/"},"wordCount":550,"publisher":{"@id":"https:\/\/ucm.one\/de\/#organization"},"image":{"@id":"https:\/\/ucm.one\/de\/abschied-von-der-grossen-schauspielerin-tanja-von-oertzen-offizierin-bausch-im-film-live\/#primaryimage"},"thumbnailUrl":"https:\/\/ucm.one\/wp-content\/uploads\/2020\/12\/TanjavonOertzen_Trauerbanner.jpg","keywords":["Artkeim\u00b2","Dieter Jendreyko","Hans Neuenfels","Heidelberg","Jossi Wieler","Lisa Charlotte Friedrich","Live (Film)","Moskau","Peter Palitzsch","Rike Huy","Tanja von Oertzen","Wolfgang Engel"],"articleSection":["Artkeim\u00b2","Film","Kino","News"],"inLanguage":"de"},{"@type":"WebPage","@id":"https:\/\/ucm.one\/de\/abschied-von-der-grossen-schauspielerin-tanja-von-oertzen-offizierin-bausch-im-film-live\/","url":"https:\/\/ucm.one\/de\/abschied-von-der-grossen-schauspielerin-tanja-von-oertzen-offizierin-bausch-im-film-live\/","name":"Abschied von der gro\u00dfen Schauspielerin Tanja von Oertzen (\u201eOffizierin Bausch\u201c im Film \"Live\") - UCM.ONE","isPartOf":{"@id":"https:\/\/ucm.one\/de\/#website"},"primaryImageOfPage":{"@id":"https:\/\/ucm.one\/de\/abschied-von-der-grossen-schauspielerin-tanja-von-oertzen-offizierin-bausch-im-film-live\/#primaryimage"},"image":{"@id":"https:\/\/ucm.one\/de\/abschied-von-der-grossen-schauspielerin-tanja-von-oertzen-offizierin-bausch-im-film-live\/#primaryimage"},"thumbnailUrl":"https:\/\/ucm.one\/wp-content\/uploads\/2020\/12\/TanjavonOertzen_Trauerbanner.jpg","datePublished":"2020-10-20T11:40:45+00:00","dateModified":"2020-12-02T12:16:26+00:00","description":"Am 16. Oktober ist die Schauspielerin Tanja von Oertzen im Alter von 70 Jahren in Heidelberg gestorben. Geboren wurde sie 1950 in Moskau.","breadcrumb":{"@id":"https:\/\/ucm.one\/de\/abschied-von-der-grossen-schauspielerin-tanja-von-oertzen-offizierin-bausch-im-film-live\/#breadcrumb"},"inLanguage":"de","potentialAction":[{"@type":"ReadAction","target":["https:\/\/ucm.one\/de\/abschied-von-der-grossen-schauspielerin-tanja-von-oertzen-offizierin-bausch-im-film-live\/"]}]},{"@type":"ImageObject","inLanguage":"de","@id":"https:\/\/ucm.one\/de\/abschied-von-der-grossen-schauspielerin-tanja-von-oertzen-offizierin-bausch-im-film-live\/#primaryimage","url":"https:\/\/ucm.one\/wp-content\/uploads\/2020\/12\/TanjavonOertzen_Trauerbanner.jpg","contentUrl":"https:\/\/ucm.one\/wp-content\/uploads\/2020\/12\/TanjavonOertzen_Trauerbanner.jpg","width":1920,"height":600},{"@type":"BreadcrumbList","@id":"https:\/\/ucm.one\/de\/abschied-von-der-grossen-schauspielerin-tanja-von-oertzen-offizierin-bausch-im-film-live\/#breadcrumb","itemListElement":[{"@type":"ListItem","position":1,"name":"Home","item":"https:\/\/ucm.one\/de\/"},{"@type":"ListItem","position":2,"name":"Abschied von der gro\u00dfen Schauspielerin Tanja von Oertzen (\u201eOffizierin Bausch\u201c im Film &#8220;Live&#8221;)"}]},{"@type":"WebSite","@id":"https:\/\/ucm.one\/de\/#website","url":"https:\/\/ucm.one\/de\/","name":"UCM.ONE","description":"","publisher":{"@id":"https:\/\/ucm.one\/de\/#organization"},"potentialAction":[{"@type":"SearchAction","target":{"@type":"EntryPoint","urlTemplate":"https:\/\/ucm.one\/de\/?s={search_term_string}"},"query-input":{"@type":"PropertyValueSpecification","valueRequired":true,"valueName":"search_term_string"}}],"inLanguage":"de"},{"@type":"Organization","@id":"https:\/\/ucm.one\/de\/#organization","name":"UCM.ONE","url":"https:\/\/ucm.one\/de\/","logo":{"@type":"ImageObject","inLanguage":"de","@id":"https:\/\/ucm.one\/de\/#\/schema\/logo\/image\/","url":"https:\/\/ucm.one\/wp-content\/uploads\/2019\/10\/UCM.ONE-Logo-RGB.svg","contentUrl":"https:\/\/ucm.one\/wp-content\/uploads\/2019\/10\/UCM.ONE-Logo-RGB.svg","width":1,"height":1,"caption":"UCM.ONE"},"image":{"@id":"https:\/\/ucm.one\/de\/#\/schema\/logo\/image\/"}},{"@type":"Person","@id":"https:\/\/ucm.one\/de\/#\/schema\/person\/4b959e467e8acc058836467a0ef8fa50","name":"Joachim Keil","image":{"@type":"ImageObject","inLanguage":"de","@id":"https:\/\/secure.gravatar.com\/avatar\/10e1dfd05f2a7a7bc83cd44bae31e01c8ac15f974229211a2b1a49fa0a22fec0?s=96&d=mm&r=g","url":"https:\/\/secure.gravatar.com\/avatar\/10e1dfd05f2a7a7bc83cd44bae31e01c8ac15f974229211a2b1a49fa0a22fec0?s=96&d=mm&r=g","contentUrl":"https:\/\/secure.gravatar.com\/avatar\/10e1dfd05f2a7a7bc83cd44bae31e01c8ac15f974229211a2b1a49fa0a22fec0?s=96&d=mm&r=g","caption":"Joachim Keil"},"sameAs":["https:\/\/ucm.one"]}]}},"_links":{"self":[{"href":"https:\/\/ucm.one\/de\/wp-json\/wp\/v2\/posts\/47197","targetHints":{"allow":["GET"]}}],"collection":[{"href":"https:\/\/ucm.one\/de\/wp-json\/wp\/v2\/posts"}],"about":[{"href":"https:\/\/ucm.one\/de\/wp-json\/wp\/v2\/types\/post"}],"author":[{"embeddable":true,"href":"https:\/\/ucm.one\/de\/wp-json\/wp\/v2\/users\/2"}],"replies":[{"embeddable":true,"href":"https:\/\/ucm.one\/de\/wp-json\/wp\/v2\/comments?post=47197"}],"version-history":[{"count":0,"href":"https:\/\/ucm.one\/de\/wp-json\/wp\/v2\/posts\/47197\/revisions"}],"wp:featuredmedia":[{"embeddable":true,"href":"https:\/\/ucm.one\/de\/wp-json\/wp\/v2\/media\/47199"}],"wp:attachment":[{"href":"https:\/\/ucm.one\/de\/wp-json\/wp\/v2\/media?parent=47197"}],"wp:term":[{"taxonomy":"category","embeddable":true,"href":"https:\/\/ucm.one\/de\/wp-json\/wp\/v2\/categories?post=47197"},{"taxonomy":"post_tag","embeddable":true,"href":"https:\/\/ucm.one\/de\/wp-json\/wp\/v2\/tags?post=47197"}],"curies":[{"name":"wp","href":"https:\/\/api.w.org\/{rel}","templated":true}]}}