{"id":46209,"date":"2020-10-28T18:52:28","date_gmt":"2020-10-28T18:52:28","guid":{"rendered":"https:\/\/ucm.one\/?p=46209"},"modified":"2020-10-29T01:59:45","modified_gmt":"2020-10-29T01:59:45","slug":"der-film-notes-of-berlin-darling-berlin-feiert-seine-deutschlandpremiere-am-31-oktober-in-biberach","status":"publish","type":"post","link":"https:\/\/ucm.one\/de\/der-film-notes-of-berlin-darling-berlin-feiert-seine-deutschlandpremiere-am-31-oktober-in-biberach\/","title":{"rendered":"Der Film &#8222;Notes of Berlin&#8220; (Darling Berlin) feiert seine Deutschlandpremiere am 31. Oktober in Biberach"},"content":{"rendered":"<div class=\"wpb-content-wrapper\"><p>[vc_row][vc_column][vc_column_text]Der Spielfilm &#8222;<strong>Notes of Berlin<\/strong>&#8220; von Regisseurin <strong>Mariejosephin Schneider<\/strong>\u00a0wird am 14. Januar 2021 auf dem Filmlabel <strong>Darling Berlin<\/strong> im Verleih von <span style=\"font-family: 'arial black', sans-serif;\"><strong>UCM.ONE\u00a0<\/strong><\/span>bundesweit im Kino startet. Der Film hatte am 10. Oktober 2020 seine Weltpremiere beim <strong>Warschau International Film Festival<\/strong> und wird am 31. Oktober 2020 bei den <strong>Biberacher Filmfestspielen<\/strong> seine Deutschlandpremiere feiern.[\/vc_column_text][vc_column_text]Der Episodenfilm erz\u00e4hlt vierzehn komische, traurige und skurrile Geschichten aus 24 Stunden im Leben der Hauptstadt. Die Episoden werden dabei von den f\u00fcr das Berliner Stadtbild so typischen Aush\u00e4ngen verbunden, die die pure Alltagskultur der Stadt widerspiegeln. Diese Aush\u00e4nge werden von <strong>Joab Nist<\/strong> seit 2010 auf seinem Blog <a title=\"\" href=\"http:\/\/notesofberlin.com\" target=\"_blank\" rel=\"noopener noreferrer\">notesofberlin.com<\/a> gesammelt und wurden so weit \u00fcber die Stadtgrenzen hinaus bekannt.[\/vc_column_text][\/vc_column][\/vc_row][vc_row][vc_column width=&#8220;1\/3&#8243;][vc_single_image image=&#8220;46212&#8243; img_size=&#8220;full&#8220; onclick=&#8220;link_image&#8220;][\/vc_column][vc_column width=&#8220;1\/3&#8243;][vc_single_image image=&#8220;46214&#8243; img_size=&#8220;full&#8220; onclick=&#8220;link_image&#8220;][\/vc_column][vc_column width=&#8220;1\/3&#8243;][vc_single_image image=&#8220;46218&#8243; img_size=&#8220;full&#8220; onclick=&#8220;link_image&#8220;][\/vc_column][\/vc_row][vc_row][vc_column][vc_column_text]Ein Tag und eine Nacht in Berlin: Das Karma f\u00e4hrt einen elektrischen Rollstuhl, ein WG-Casting endet mit einer Hausbesetzung, ein Koch und ein entflohener Hund werden zu K\u00f6nigen, alle suchen einen werdenden Vater und ein Hase bringt einen Nerd dazu, endlich seine Nachbarn kennenzulernen. Fahren Berliner Taxis eigentlich bis zum Eiffelturm? Und wer ist die Queen von Berlin?\u00a0All diese Geschichten und noch mehr erz\u00e4hlt &#8222;<strong>Notes of Berlin<\/strong>&#8222;. Inspiriert sind sie von echten Aush\u00e4ngen, die in den Stra\u00dfen der Stadt hingen &#8211; an Laternenpf\u00e4hlen, in Treppenh\u00e4usern, in Hinterh\u00f6fen -, dort von aufmerksamen Berlinern gefunden und auf <strong>Joab Nist<\/strong>s Kultblog <strong>notesofberlin.com<\/strong> ver\u00f6ffentlicht wurden.\u00a0Der Film flaniert mit uns durch die Stadt und wirft einen am\u00fcsierten, einf\u00fchlsamen Blick auf Personen und Situationen, die man sonst vielleicht \u00fcbersehen w\u00fcrde. Er ist eine Liebeserkl\u00e4rung an Berlin, zeigt den allt\u00e4glichen Wahnsinn und zuf\u00e4llige Begegnungen und macht die Stadt zur Protagonistin, denn: <em>\u201eDas Herz der Stadt schl\u00e4gt auf der Stra\u00dfe\u201c<\/em>.[\/vc_column_text][\/vc_column][\/vc_row][vc_row][vc_column width=&#8220;1\/2&#8243;][vc_video link=&#8220;https:\/\/youtu.be\/6lwXNG9E_cg&#8220;][\/vc_column][vc_column width=&#8220;1\/2&#8243;][vc_video link=&#8220;https:\/\/youtu.be\/lm4F1WnbrQI&#8220;][\/vc_column][\/vc_row]<\/p>\n<\/div>","protected":false},"excerpt":{"rendered":"<p>[vc_row][vc_column][vc_column_text]Der Spielfilm &#8222;Notes of Berlin&#8220; von Regisseurin Mariejosephin Schneider\u00a0wird am 14. Januar 2021 auf dem Filmlabel Darling Berlin im Verleih von UCM.ONE\u00a0bundesweit im Kino startet. Der Film hatte am 10. Oktober 2020 seine Weltpremiere beim Warschau International Film Festival und wird am 31. Oktober 2020 bei den Biberacher Filmfestspielen seine Deutschlandpremiere feiern.[\/vc_column_text][vc_column_text]Der Episodenfilm erz\u00e4hlt vierzehn&hellip;<\/p>\n","protected":false},"author":2,"featured_media":46210,"comment_status":"closed","ping_status":"closed","sticky":false,"template":"","format":"standard","meta":{"_acf_changed":false,"footnotes":""},"categories":[830,8,10,13,752],"tags":[2261,8939,2266,8932,8933,8937,8931,8934,8936,2515,8938,8935],"class_list":["post-46209","post","type-post","status-publish","format-standard","has-post-thumbnail","hentry","category-darling-berlin","category-film","category-kino","category-news","category-verleih","tag-berlin","tag-biberacher-filmfestspiele","tag-darling-berlin","tag-joab-nist","tag-mariejosephin-schneider","tag-nachbarn","tag-notes-of-berlin","tag-notesofberlin","tag-strasse","tag-tom-lass","tag-warschau-international-film-festival","tag-zettel","category-830","category-8","category-10","category-13","category-752","description-off"],"acf":[],"yoast_head":"<!-- This site is optimized with the Yoast SEO plugin v27.5 - https:\/\/yoast.com\/product\/yoast-seo-wordpress\/ -->\n<title>Der Film &quot;Notes of Berlin&quot; (Darling Berlin) feiert seine Deutschlandpremiere am 31. Oktober in Biberach - UCM.ONE<\/title>\n<meta name=\"description\" content=\"Der Spielfilm &quot;Notes of Berlin&quot; von Regisseurin Mariejosephin Schneider\u00a0wird am 14. Januar 2021 im Verleih von UCM.ONE\u00a0bundesweit im Kino startet.\" \/>\n<meta name=\"robots\" content=\"index, follow, max-snippet:-1, max-image-preview:large, max-video-preview:-1\" \/>\n<link rel=\"canonical\" href=\"https:\/\/ucm.one\/de\/der-film-notes-of-berlin-darling-berlin-feiert-seine-deutschlandpremiere-am-31-oktober-in-biberach\/\" \/>\n<meta property=\"og:locale\" content=\"de_DE\" \/>\n<meta property=\"og:type\" content=\"article\" \/>\n<meta property=\"og:title\" content=\"Der Film &quot;Notes of Berlin&quot; (Darling Berlin) feiert seine Deutschlandpremiere am 31. Oktober in Biberach - UCM.ONE\" \/>\n<meta property=\"og:description\" content=\"Der Spielfilm &quot;Notes of Berlin&quot; von Regisseurin Mariejosephin Schneider\u00a0wird am 14. Januar 2021 im Verleih von UCM.ONE\u00a0bundesweit im Kino startet.\" \/>\n<meta property=\"og:url\" content=\"https:\/\/ucm.one\/de\/der-film-notes-of-berlin-darling-berlin-feiert-seine-deutschlandpremiere-am-31-oktober-in-biberach\/\" \/>\n<meta property=\"og:site_name\" content=\"UCM.ONE\" \/>\n<meta property=\"article:published_time\" content=\"2020-10-28T18:52:28+00:00\" \/>\n<meta property=\"article:modified_time\" content=\"2020-10-29T01:59:45+00:00\" \/>\n<meta property=\"og:image\" content=\"https:\/\/ucm.one\/wp-content\/uploads\/2020\/10\/notes-of-berlin-banner-artwork1.jpg\" \/>\n\t<meta property=\"og:image:width\" content=\"1920\" \/>\n\t<meta property=\"og:image:height\" content=\"600\" \/>\n\t<meta property=\"og:image:type\" content=\"image\/jpeg\" \/>\n<meta name=\"author\" content=\"Joachim Keil\" \/>\n<meta name=\"twitter:card\" content=\"summary_large_image\" \/>\n<meta name=\"twitter:label1\" content=\"Verfasst von\" \/>\n\t<meta name=\"twitter:data1\" content=\"Joachim Keil\" \/>\n\t<meta name=\"twitter:label2\" content=\"Gesch\u00e4tzte Lesezeit\" \/>\n\t<meta name=\"twitter:data2\" content=\"2\u00a0Minuten\" \/>\n<!-- \/ Yoast SEO plugin. -->","yoast_head_json":{"title":"Der Film \"Notes of Berlin\" (Darling Berlin) feiert seine Deutschlandpremiere am 31. Oktober in Biberach - UCM.ONE","description":"Der Spielfilm \"Notes of Berlin\" von Regisseurin Mariejosephin Schneider\u00a0wird am 14. Januar 2021 im Verleih von UCM.ONE\u00a0bundesweit im Kino startet.","robots":{"index":"index","follow":"follow","max-snippet":"max-snippet:-1","max-image-preview":"max-image-preview:large","max-video-preview":"max-video-preview:-1"},"canonical":"https:\/\/ucm.one\/de\/der-film-notes-of-berlin-darling-berlin-feiert-seine-deutschlandpremiere-am-31-oktober-in-biberach\/","og_locale":"de_DE","og_type":"article","og_title":"Der Film \"Notes of Berlin\" (Darling Berlin) feiert seine Deutschlandpremiere am 31. Oktober in Biberach - UCM.ONE","og_description":"Der Spielfilm \"Notes of Berlin\" von Regisseurin Mariejosephin Schneider\u00a0wird am 14. Januar 2021 im Verleih von UCM.ONE\u00a0bundesweit im Kino startet.","og_url":"https:\/\/ucm.one\/de\/der-film-notes-of-berlin-darling-berlin-feiert-seine-deutschlandpremiere-am-31-oktober-in-biberach\/","og_site_name":"UCM.ONE","article_published_time":"2020-10-28T18:52:28+00:00","article_modified_time":"2020-10-29T01:59:45+00:00","og_image":[{"width":1920,"height":600,"url":"https:\/\/ucm.one\/wp-content\/uploads\/2020\/10\/notes-of-berlin-banner-artwork1.jpg","type":"image\/jpeg"}],"author":"Joachim Keil","twitter_card":"summary_large_image","twitter_misc":{"Verfasst von":"Joachim Keil","Gesch\u00e4tzte Lesezeit":"2\u00a0Minuten"},"schema":{"@context":"https:\/\/schema.org","@graph":[{"@type":"Article","@id":"https:\/\/ucm.one\/de\/der-film-notes-of-berlin-darling-berlin-feiert-seine-deutschlandpremiere-am-31-oktober-in-biberach\/#article","isPartOf":{"@id":"https:\/\/ucm.one\/de\/der-film-notes-of-berlin-darling-berlin-feiert-seine-deutschlandpremiere-am-31-oktober-in-biberach\/"},"author":{"name":"Joachim Keil","@id":"https:\/\/ucm.one\/de\/#\/schema\/person\/4b959e467e8acc058836467a0ef8fa50"},"headline":"Der Film &#8222;Notes of Berlin&#8220; (Darling Berlin) feiert seine Deutschlandpremiere am 31. Oktober in Biberach","datePublished":"2020-10-28T18:52:28+00:00","dateModified":"2020-10-29T01:59:45+00:00","mainEntityOfPage":{"@id":"https:\/\/ucm.one\/de\/der-film-notes-of-berlin-darling-berlin-feiert-seine-deutschlandpremiere-am-31-oktober-in-biberach\/"},"wordCount":412,"publisher":{"@id":"https:\/\/ucm.one\/de\/#organization"},"image":{"@id":"https:\/\/ucm.one\/de\/der-film-notes-of-berlin-darling-berlin-feiert-seine-deutschlandpremiere-am-31-oktober-in-biberach\/#primaryimage"},"thumbnailUrl":"https:\/\/ucm.one\/wp-content\/uploads\/2020\/10\/notes-of-berlin-banner-artwork1.jpg","keywords":["Berlin","Biberacher Filmfestspiele","Darling Berlin","Joab Nist","Mariejosephin Schneider","Nachbarn","Notes of Berlin","notesofberlin","Stra\u00dfe","Tom Lass","Warschau International Film Festival","Zettel"],"articleSection":["Darling Berlin","Film","Kino","News","Verleih"],"inLanguage":"de"},{"@type":"WebPage","@id":"https:\/\/ucm.one\/de\/der-film-notes-of-berlin-darling-berlin-feiert-seine-deutschlandpremiere-am-31-oktober-in-biberach\/","url":"https:\/\/ucm.one\/de\/der-film-notes-of-berlin-darling-berlin-feiert-seine-deutschlandpremiere-am-31-oktober-in-biberach\/","name":"Der Film \"Notes of Berlin\" (Darling Berlin) feiert seine Deutschlandpremiere am 31. Oktober in Biberach - UCM.ONE","isPartOf":{"@id":"https:\/\/ucm.one\/de\/#website"},"primaryImageOfPage":{"@id":"https:\/\/ucm.one\/de\/der-film-notes-of-berlin-darling-berlin-feiert-seine-deutschlandpremiere-am-31-oktober-in-biberach\/#primaryimage"},"image":{"@id":"https:\/\/ucm.one\/de\/der-film-notes-of-berlin-darling-berlin-feiert-seine-deutschlandpremiere-am-31-oktober-in-biberach\/#primaryimage"},"thumbnailUrl":"https:\/\/ucm.one\/wp-content\/uploads\/2020\/10\/notes-of-berlin-banner-artwork1.jpg","datePublished":"2020-10-28T18:52:28+00:00","dateModified":"2020-10-29T01:59:45+00:00","description":"Der Spielfilm \"Notes of Berlin\" von Regisseurin Mariejosephin Schneider\u00a0wird am 14. Januar 2021 im Verleih von UCM.ONE\u00a0bundesweit im Kino startet.","breadcrumb":{"@id":"https:\/\/ucm.one\/de\/der-film-notes-of-berlin-darling-berlin-feiert-seine-deutschlandpremiere-am-31-oktober-in-biberach\/#breadcrumb"},"inLanguage":"de","potentialAction":[{"@type":"ReadAction","target":["https:\/\/ucm.one\/de\/der-film-notes-of-berlin-darling-berlin-feiert-seine-deutschlandpremiere-am-31-oktober-in-biberach\/"]}]},{"@type":"ImageObject","inLanguage":"de","@id":"https:\/\/ucm.one\/de\/der-film-notes-of-berlin-darling-berlin-feiert-seine-deutschlandpremiere-am-31-oktober-in-biberach\/#primaryimage","url":"https:\/\/ucm.one\/wp-content\/uploads\/2020\/10\/notes-of-berlin-banner-artwork1.jpg","contentUrl":"https:\/\/ucm.one\/wp-content\/uploads\/2020\/10\/notes-of-berlin-banner-artwork1.jpg","width":1920,"height":600},{"@type":"BreadcrumbList","@id":"https:\/\/ucm.one\/de\/der-film-notes-of-berlin-darling-berlin-feiert-seine-deutschlandpremiere-am-31-oktober-in-biberach\/#breadcrumb","itemListElement":[{"@type":"ListItem","position":1,"name":"Home","item":"https:\/\/ucm.one\/de\/"},{"@type":"ListItem","position":2,"name":"Der Film &#8220;Notes of Berlin&#8221; (Darling Berlin) feiert seine Deutschlandpremiere am 31. Oktober in Biberach"}]},{"@type":"WebSite","@id":"https:\/\/ucm.one\/de\/#website","url":"https:\/\/ucm.one\/de\/","name":"UCM.ONE","description":"","publisher":{"@id":"https:\/\/ucm.one\/de\/#organization"},"potentialAction":[{"@type":"SearchAction","target":{"@type":"EntryPoint","urlTemplate":"https:\/\/ucm.one\/de\/?s={search_term_string}"},"query-input":{"@type":"PropertyValueSpecification","valueRequired":true,"valueName":"search_term_string"}}],"inLanguage":"de"},{"@type":"Organization","@id":"https:\/\/ucm.one\/de\/#organization","name":"UCM.ONE","url":"https:\/\/ucm.one\/de\/","logo":{"@type":"ImageObject","inLanguage":"de","@id":"https:\/\/ucm.one\/de\/#\/schema\/logo\/image\/","url":"https:\/\/ucm.one\/wp-content\/uploads\/2019\/10\/UCM.ONE-Logo-RGB.svg","contentUrl":"https:\/\/ucm.one\/wp-content\/uploads\/2019\/10\/UCM.ONE-Logo-RGB.svg","width":1,"height":1,"caption":"UCM.ONE"},"image":{"@id":"https:\/\/ucm.one\/de\/#\/schema\/logo\/image\/"}},{"@type":"Person","@id":"https:\/\/ucm.one\/de\/#\/schema\/person\/4b959e467e8acc058836467a0ef8fa50","name":"Joachim Keil","image":{"@type":"ImageObject","inLanguage":"de","@id":"https:\/\/secure.gravatar.com\/avatar\/10e1dfd05f2a7a7bc83cd44bae31e01c8ac15f974229211a2b1a49fa0a22fec0?s=96&d=mm&r=g","url":"https:\/\/secure.gravatar.com\/avatar\/10e1dfd05f2a7a7bc83cd44bae31e01c8ac15f974229211a2b1a49fa0a22fec0?s=96&d=mm&r=g","contentUrl":"https:\/\/secure.gravatar.com\/avatar\/10e1dfd05f2a7a7bc83cd44bae31e01c8ac15f974229211a2b1a49fa0a22fec0?s=96&d=mm&r=g","caption":"Joachim Keil"},"sameAs":["https:\/\/ucm.one"]}]}},"_links":{"self":[{"href":"https:\/\/ucm.one\/de\/wp-json\/wp\/v2\/posts\/46209","targetHints":{"allow":["GET"]}}],"collection":[{"href":"https:\/\/ucm.one\/de\/wp-json\/wp\/v2\/posts"}],"about":[{"href":"https:\/\/ucm.one\/de\/wp-json\/wp\/v2\/types\/post"}],"author":[{"embeddable":true,"href":"https:\/\/ucm.one\/de\/wp-json\/wp\/v2\/users\/2"}],"replies":[{"embeddable":true,"href":"https:\/\/ucm.one\/de\/wp-json\/wp\/v2\/comments?post=46209"}],"version-history":[{"count":0,"href":"https:\/\/ucm.one\/de\/wp-json\/wp\/v2\/posts\/46209\/revisions"}],"wp:featuredmedia":[{"embeddable":true,"href":"https:\/\/ucm.one\/de\/wp-json\/wp\/v2\/media\/46210"}],"wp:attachment":[{"href":"https:\/\/ucm.one\/de\/wp-json\/wp\/v2\/media?parent=46209"}],"wp:term":[{"taxonomy":"category","embeddable":true,"href":"https:\/\/ucm.one\/de\/wp-json\/wp\/v2\/categories?post=46209"},{"taxonomy":"post_tag","embeddable":true,"href":"https:\/\/ucm.one\/de\/wp-json\/wp\/v2\/tags?post=46209"}],"curies":[{"name":"wp","href":"https:\/\/api.w.org\/{rel}","templated":true}]}}