{"id":44805,"date":"2020-09-16T09:00:37","date_gmt":"2020-09-16T09:00:37","guid":{"rendered":"https:\/\/ucm.one\/?p=44805"},"modified":"2020-09-18T21:48:12","modified_gmt":"2020-09-18T21:48:12","slug":"darling-berlin-wieder-einer-der-hauptpartner-des-achtung-berlin-filmfestivals-2020","status":"publish","type":"post","link":"https:\/\/ucm.one\/de\/darling-berlin-wieder-einer-der-hauptpartner-des-achtung-berlin-filmfestivals-2020\/","title":{"rendered":"Darling Berlin wieder einer der Hauptpartner des achtung berlin Filmfestivals 2020"},"content":{"rendered":"<div class=\"wpb-content-wrapper\"><p>[vc_row][vc_column][vc_column_text]<\/p>\n<div class=\"wpb_text_column wpb_content_element \">\n<div class=\"wpb_wrapper\">\n<div class=\"\"><span class=\"\">Schon zum 5. Mal unterst\u00fctzt das Filmlabel<strong> Darling Berlin<\/strong>\u00a0das <strong>achtung berlin Filmfestival<\/strong> als einer der Hauptpartner und verleiht zusammen mit dem Produktionsfirma\u00a0<span style=\"font-family: 'arial black', sans-serif;\"><strong>UCMP<\/strong><\/span> die Preise f\u00fcr die <strong>Beste Schauspielerin<\/strong> und den <strong>besten Schauspieler<\/strong> auf dem Festival.<\/span><\/div>\n<\/div>\n<\/div>\n<p>[\/vc_column_text][vc_column_text]Den Festivalleitern <strong>Sebastian Brose<\/strong> und <strong>Hajo Sch\u00e4fer<\/strong> ist es gemeinsam mit <strong>Regina Kr\u00e4h<\/strong> und ihrer Programmkommission sowie ihrem Festivalteam unter gro\u00dfem pers\u00f6nlichen Einsatz gelungen, trotz der kurzfristigen Absage f\u00fcr den gewohnten April-Termin das Festivalprogramm zu bewahren und geeignete Ma\u00dfnahmen vorzubereiten, so dass der Wettbewerb (Spielfilme, Dokumentarfilme, Kurz- und Mittellange Filme) wie urspr\u00fcnglich geplant, nun vom 16. &#8211; 20 September 2020, stattfinden kann.[\/vc_column_text][\/vc_column][\/vc_row][vc_row][vc_column width=&#8220;1\/2&#8243;][vc_column_text]<\/p>\n<h3>Festivalleiter Sebastian Brose und Hajo Sch\u00e4fer \u00fcber den Neustart:<\/h3>\n<p><em>\u201eDieses Jahr ist f\u00fcr jeden von uns eine au\u00dfergew\u00f6hnliche Herausforderung. Unter diesen Umst\u00e4nden unser Festival trotz allem stattfinden zu lassen, ist f\u00fcr uns ein wichtiges Anliegen. Wir m\u00f6chten unseren Beitrag geben, das Kino und die gro\u00dfe Leinwand zu feiern. Deshalb haben wir uns entschlossen, unser Programm nicht zu ver\u00e4ndern, nicht zu schauen, welche Filme durch unsere Verschiebung bereits in die Kinos gekommen sind und welche nicht.\u00a0<\/em>[\/vc_column_text][vc_column_text]<em>Wir sind stolz auf das Programm, das wir f\u00fcr 2020 zusammengestellt haben und freuen uns, dass wir so voraussichtlich alle vorgesehenen Filmpreise vergeben k\u00f6nnen. Und wir freuen uns, dass die Filmteams mit uns am gleichen Strang ziehen und wir im September bis auf wenige Ausnahmen das Festival-Programm wie urspr\u00fcnglich geplant pr\u00e4sentieren k\u00f6nnen.\u201c<\/em>[\/vc_column_text][\/vc_column][vc_column width=&#8220;1\/2&#8243;][vc_single_image image=&#8220;44809&#8243; img_size=&#8220;full&#8220;][\/vc_column][\/vc_row][vc_row][vc_column][vc_column_text]S\u00e4mtliche Filme der Wettbewerbe und Nebensektionen werden im f\u00fcnft\u00e4gigen Festival-Zeitraum pr\u00e4sentiert. Durch das verk\u00fcrzte Zeitfenster wird es allerdings weniger Wiederholungs-Vorf\u00fchrungen geben.[\/vc_column_text][\/vc_column][\/vc_row][vc_row][vc_column][vc_column_text]Weiteren Informationen zum Festival und dem Programm: <a href=\"https:\/\/achtungberlin.de\/\">achtung berlin &#8211; light edition 2020<\/a>[\/vc_column_text][\/vc_column][\/vc_row][vc_row][vc_column][vc_video link=&#8220;https:\/\/youtu.be\/GX5OZr2QRKo&#8220; title=&#8220;achtung berlin Filmfestival (Light Edition 2020) | Trailer&#8220;][\/vc_column][\/vc_row]<\/p>\n<\/div>","protected":false},"excerpt":{"rendered":"<p>[vc_row][vc_column][vc_column_text] Schon zum 5. Mal unterst\u00fctzt das Filmlabel Darling Berlin\u00a0das achtung berlin Filmfestival als einer der Hauptpartner und verleiht zusammen mit dem Produktionsfirma\u00a0UCMP die Preise f\u00fcr die Beste Schauspielerin und den besten Schauspieler auf dem Festival. [\/vc_column_text][vc_column_text]Den Festivalleitern Sebastian Brose und Hajo Sch\u00e4fer ist es gemeinsam mit Regina Kr\u00e4h und ihrer Programmkommission sowie ihrem Festivalteam&hellip;<\/p>\n","protected":false},"author":2,"featured_media":44806,"comment_status":"closed","ping_status":"closed","sticky":false,"template":"","format":"standard","meta":{"_acf_changed":false,"footnotes":""},"categories":[830,8,5590,10,13],"tags":[7345,2498,8757,2261,7635,7691,2266,8755,3119,8754,3122],"class_list":["post-44805","post","type-post","status-publish","format-standard","has-post-thumbnail","hentry","category-darling-berlin","category-film","category-firma","category-kino","category-news","tag-7345","tag-achtung-berlin","tag-achtung-berlin-fimfestival","tag-berlin","tag-corona","tag-covid-19","tag-darling-berlin","tag-filmfestival","tag-hajo-schaefer","tag-light-edition","tag-sebastian-brose","category-830","category-8","category-5590","category-10","category-13","description-off"],"acf":[],"yoast_head":"<!-- This site is optimized with the Yoast SEO plugin v27.5 - https:\/\/yoast.com\/product\/yoast-seo-wordpress\/ -->\n<title>Darling Berlin wieder einer der Hauptpartner des achtung berlin Filmfestivals 2020 - UCM.ONE<\/title>\n<meta name=\"description\" content=\"Schon zum 5. Mal unterst\u00fctzt das berliner Filmlabel Darling Berlin\u00a0das achtung berlin Filmfestival als einer der Hauptpartner.\" \/>\n<meta name=\"robots\" content=\"index, follow, max-snippet:-1, max-image-preview:large, max-video-preview:-1\" \/>\n<link rel=\"canonical\" href=\"https:\/\/ucm.one\/de\/darling-berlin-wieder-einer-der-hauptpartner-des-achtung-berlin-filmfestivals-2020\/\" \/>\n<meta property=\"og:locale\" content=\"de_DE\" \/>\n<meta property=\"og:type\" content=\"article\" \/>\n<meta property=\"og:title\" content=\"Darling Berlin wieder einer der Hauptpartner des achtung berlin Filmfestivals 2020 - UCM.ONE\" \/>\n<meta property=\"og:description\" content=\"Schon zum 5. Mal unterst\u00fctzt das berliner Filmlabel Darling Berlin\u00a0das achtung berlin Filmfestival als einer der Hauptpartner.\" \/>\n<meta property=\"og:url\" content=\"https:\/\/ucm.one\/de\/darling-berlin-wieder-einer-der-hauptpartner-des-achtung-berlin-filmfestivals-2020\/\" \/>\n<meta property=\"og:site_name\" content=\"UCM.ONE\" \/>\n<meta property=\"article:published_time\" content=\"2020-09-16T09:00:37+00:00\" \/>\n<meta property=\"article:modified_time\" content=\"2020-09-18T21:48:12+00:00\" \/>\n<meta property=\"og:image\" content=\"https:\/\/ucm.one\/wp-content\/uploads\/2020\/09\/B-Acjtung-Berlin-2020-2a.jpg\" \/>\n\t<meta property=\"og:image:width\" content=\"1920\" \/>\n\t<meta property=\"og:image:height\" content=\"600\" \/>\n\t<meta property=\"og:image:type\" content=\"image\/jpeg\" \/>\n<meta name=\"author\" content=\"Joachim Keil\" \/>\n<meta name=\"twitter:card\" content=\"summary_large_image\" \/>\n<meta name=\"twitter:label1\" content=\"Verfasst von\" \/>\n\t<meta name=\"twitter:data1\" content=\"Joachim Keil\" \/>\n\t<meta name=\"twitter:label2\" content=\"Gesch\u00e4tzte Lesezeit\" \/>\n\t<meta name=\"twitter:data2\" content=\"2\u00a0Minuten\" \/>\n<!-- \/ Yoast SEO plugin. -->","yoast_head_json":{"title":"Darling Berlin wieder einer der Hauptpartner des achtung berlin Filmfestivals 2020 - UCM.ONE","description":"Schon zum 5. Mal unterst\u00fctzt das berliner Filmlabel Darling Berlin\u00a0das achtung berlin Filmfestival als einer der Hauptpartner.","robots":{"index":"index","follow":"follow","max-snippet":"max-snippet:-1","max-image-preview":"max-image-preview:large","max-video-preview":"max-video-preview:-1"},"canonical":"https:\/\/ucm.one\/de\/darling-berlin-wieder-einer-der-hauptpartner-des-achtung-berlin-filmfestivals-2020\/","og_locale":"de_DE","og_type":"article","og_title":"Darling Berlin wieder einer der Hauptpartner des achtung berlin Filmfestivals 2020 - UCM.ONE","og_description":"Schon zum 5. Mal unterst\u00fctzt das berliner Filmlabel Darling Berlin\u00a0das achtung berlin Filmfestival als einer der Hauptpartner.","og_url":"https:\/\/ucm.one\/de\/darling-berlin-wieder-einer-der-hauptpartner-des-achtung-berlin-filmfestivals-2020\/","og_site_name":"UCM.ONE","article_published_time":"2020-09-16T09:00:37+00:00","article_modified_time":"2020-09-18T21:48:12+00:00","og_image":[{"width":1920,"height":600,"url":"https:\/\/ucm.one\/wp-content\/uploads\/2020\/09\/B-Acjtung-Berlin-2020-2a.jpg","type":"image\/jpeg"}],"author":"Joachim Keil","twitter_card":"summary_large_image","twitter_misc":{"Verfasst von":"Joachim Keil","Gesch\u00e4tzte Lesezeit":"2\u00a0Minuten"},"schema":{"@context":"https:\/\/schema.org","@graph":[{"@type":"Article","@id":"https:\/\/ucm.one\/de\/darling-berlin-wieder-einer-der-hauptpartner-des-achtung-berlin-filmfestivals-2020\/#article","isPartOf":{"@id":"https:\/\/ucm.one\/de\/darling-berlin-wieder-einer-der-hauptpartner-des-achtung-berlin-filmfestivals-2020\/"},"author":{"name":"Joachim Keil","@id":"https:\/\/ucm.one\/de\/#\/schema\/person\/4b959e467e8acc058836467a0ef8fa50"},"headline":"Darling Berlin wieder einer der Hauptpartner des achtung berlin Filmfestivals 2020","datePublished":"2020-09-16T09:00:37+00:00","dateModified":"2020-09-18T21:48:12+00:00","mainEntityOfPage":{"@id":"https:\/\/ucm.one\/de\/darling-berlin-wieder-einer-der-hauptpartner-des-achtung-berlin-filmfestivals-2020\/"},"wordCount":398,"publisher":{"@id":"https:\/\/ucm.one\/de\/#organization"},"image":{"@id":"https:\/\/ucm.one\/de\/darling-berlin-wieder-einer-der-hauptpartner-des-achtung-berlin-filmfestivals-2020\/#primaryimage"},"thumbnailUrl":"https:\/\/ucm.one\/wp-content\/uploads\/2020\/09\/B-Acjtung-Berlin-2020-2a.jpg","keywords":["2020","achtung berlin","achtung berlin fimfestival","Berlin","Corona","Covid-19","Darling Berlin","Filmfestival","Hajo Sch\u00e4fer","light edition","Sebastian Brose"],"articleSection":["Darling Berlin","Film","Firma","Kino","News"],"inLanguage":"de"},{"@type":"WebPage","@id":"https:\/\/ucm.one\/de\/darling-berlin-wieder-einer-der-hauptpartner-des-achtung-berlin-filmfestivals-2020\/","url":"https:\/\/ucm.one\/de\/darling-berlin-wieder-einer-der-hauptpartner-des-achtung-berlin-filmfestivals-2020\/","name":"Darling Berlin wieder einer der Hauptpartner des achtung berlin Filmfestivals 2020 - UCM.ONE","isPartOf":{"@id":"https:\/\/ucm.one\/de\/#website"},"primaryImageOfPage":{"@id":"https:\/\/ucm.one\/de\/darling-berlin-wieder-einer-der-hauptpartner-des-achtung-berlin-filmfestivals-2020\/#primaryimage"},"image":{"@id":"https:\/\/ucm.one\/de\/darling-berlin-wieder-einer-der-hauptpartner-des-achtung-berlin-filmfestivals-2020\/#primaryimage"},"thumbnailUrl":"https:\/\/ucm.one\/wp-content\/uploads\/2020\/09\/B-Acjtung-Berlin-2020-2a.jpg","datePublished":"2020-09-16T09:00:37+00:00","dateModified":"2020-09-18T21:48:12+00:00","description":"Schon zum 5. Mal unterst\u00fctzt das berliner Filmlabel Darling Berlin\u00a0das achtung berlin Filmfestival als einer der Hauptpartner.","breadcrumb":{"@id":"https:\/\/ucm.one\/de\/darling-berlin-wieder-einer-der-hauptpartner-des-achtung-berlin-filmfestivals-2020\/#breadcrumb"},"inLanguage":"de","potentialAction":[{"@type":"ReadAction","target":["https:\/\/ucm.one\/de\/darling-berlin-wieder-einer-der-hauptpartner-des-achtung-berlin-filmfestivals-2020\/"]}]},{"@type":"ImageObject","inLanguage":"de","@id":"https:\/\/ucm.one\/de\/darling-berlin-wieder-einer-der-hauptpartner-des-achtung-berlin-filmfestivals-2020\/#primaryimage","url":"https:\/\/ucm.one\/wp-content\/uploads\/2020\/09\/B-Acjtung-Berlin-2020-2a.jpg","contentUrl":"https:\/\/ucm.one\/wp-content\/uploads\/2020\/09\/B-Acjtung-Berlin-2020-2a.jpg","width":1920,"height":600},{"@type":"BreadcrumbList","@id":"https:\/\/ucm.one\/de\/darling-berlin-wieder-einer-der-hauptpartner-des-achtung-berlin-filmfestivals-2020\/#breadcrumb","itemListElement":[{"@type":"ListItem","position":1,"name":"Home","item":"https:\/\/ucm.one\/de\/"},{"@type":"ListItem","position":2,"name":"Darling Berlin wieder einer der Hauptpartner des achtung berlin Filmfestivals 2020"}]},{"@type":"WebSite","@id":"https:\/\/ucm.one\/de\/#website","url":"https:\/\/ucm.one\/de\/","name":"UCM.ONE","description":"","publisher":{"@id":"https:\/\/ucm.one\/de\/#organization"},"potentialAction":[{"@type":"SearchAction","target":{"@type":"EntryPoint","urlTemplate":"https:\/\/ucm.one\/de\/?s={search_term_string}"},"query-input":{"@type":"PropertyValueSpecification","valueRequired":true,"valueName":"search_term_string"}}],"inLanguage":"de"},{"@type":"Organization","@id":"https:\/\/ucm.one\/de\/#organization","name":"UCM.ONE","url":"https:\/\/ucm.one\/de\/","logo":{"@type":"ImageObject","inLanguage":"de","@id":"https:\/\/ucm.one\/de\/#\/schema\/logo\/image\/","url":"https:\/\/ucm.one\/wp-content\/uploads\/2019\/10\/UCM.ONE-Logo-RGB.svg","contentUrl":"https:\/\/ucm.one\/wp-content\/uploads\/2019\/10\/UCM.ONE-Logo-RGB.svg","width":1,"height":1,"caption":"UCM.ONE"},"image":{"@id":"https:\/\/ucm.one\/de\/#\/schema\/logo\/image\/"}},{"@type":"Person","@id":"https:\/\/ucm.one\/de\/#\/schema\/person\/4b959e467e8acc058836467a0ef8fa50","name":"Joachim Keil","image":{"@type":"ImageObject","inLanguage":"de","@id":"https:\/\/secure.gravatar.com\/avatar\/10e1dfd05f2a7a7bc83cd44bae31e01c8ac15f974229211a2b1a49fa0a22fec0?s=96&d=mm&r=g","url":"https:\/\/secure.gravatar.com\/avatar\/10e1dfd05f2a7a7bc83cd44bae31e01c8ac15f974229211a2b1a49fa0a22fec0?s=96&d=mm&r=g","contentUrl":"https:\/\/secure.gravatar.com\/avatar\/10e1dfd05f2a7a7bc83cd44bae31e01c8ac15f974229211a2b1a49fa0a22fec0?s=96&d=mm&r=g","caption":"Joachim Keil"},"sameAs":["https:\/\/ucm.one"]}]}},"_links":{"self":[{"href":"https:\/\/ucm.one\/de\/wp-json\/wp\/v2\/posts\/44805","targetHints":{"allow":["GET"]}}],"collection":[{"href":"https:\/\/ucm.one\/de\/wp-json\/wp\/v2\/posts"}],"about":[{"href":"https:\/\/ucm.one\/de\/wp-json\/wp\/v2\/types\/post"}],"author":[{"embeddable":true,"href":"https:\/\/ucm.one\/de\/wp-json\/wp\/v2\/users\/2"}],"replies":[{"embeddable":true,"href":"https:\/\/ucm.one\/de\/wp-json\/wp\/v2\/comments?post=44805"}],"version-history":[{"count":0,"href":"https:\/\/ucm.one\/de\/wp-json\/wp\/v2\/posts\/44805\/revisions"}],"wp:featuredmedia":[{"embeddable":true,"href":"https:\/\/ucm.one\/de\/wp-json\/wp\/v2\/media\/44806"}],"wp:attachment":[{"href":"https:\/\/ucm.one\/de\/wp-json\/wp\/v2\/media?parent=44805"}],"wp:term":[{"taxonomy":"category","embeddable":true,"href":"https:\/\/ucm.one\/de\/wp-json\/wp\/v2\/categories?post=44805"},{"taxonomy":"post_tag","embeddable":true,"href":"https:\/\/ucm.one\/de\/wp-json\/wp\/v2\/tags?post=44805"}],"curies":[{"name":"wp","href":"https:\/\/api.w.org\/{rel}","templated":true}]}}