{"id":43729,"date":"2020-08-03T05:50:49","date_gmt":"2020-08-03T05:50:49","guid":{"rendered":"https:\/\/ucm.one\/?p=43729"},"modified":"2023-03-09T16:40:52","modified_gmt":"2023-03-09T16:40:52","slug":"the-fare-von-d-c-hamilton-startet-am-27-august-2020-auf-dem-filmlabel-artkeim%c2%b2-bundesweit-in-den-kinos","status":"publish","type":"post","link":"https:\/\/ucm.one\/de\/the-fare-von-d-c-hamilton-startet-am-27-august-2020-auf-dem-filmlabel-artkeim%c2%b2-bundesweit-in-den-kinos\/","title":{"rendered":"&#8222;The Fare&#8220; von D.C. Hamilton startet am 27. August 2020 auf dem Filmlabel Artkeim\u00b2 bundesweit in den Kinos"},"content":{"rendered":"<div class=\"wpb-content-wrapper\"><p>[vc_row][vc_column width=&#8220;3\/4&#8243;][vc_column_text]Nach einer l\u00e4ngeren <em>&#8222;Corona-Zwangspause&#8220;<\/em>\u00a0im Kinoverleih bringt <span style=\"font-family: 'arial black', sans-serif;\"><strong>UCM.ONE<\/strong> <\/span>den Film &#8222;<strong>The Fare<\/strong>&#8220; von <strong>D.H. Hamilton <\/strong>\u00fcber das Filmlabel <strong>Artkeim\u00b2<\/strong>\u00a0am 27. August 2020 bundesweit in die Kinos.[\/vc_column_text][vc_column_text]Der Film, eine Art Kammerspiel in einem Taxi, verbindet auf einzigartige Weise Mystery im Stil von \u201e<strong>Twilight Zone<\/strong>\u201c mit einer packenden Liebesgeschichte und stellt auf ungew\u00f6hnliche Art die gro\u00dfen Fragen des Lebens. Die Hauptdarstellerin <strong>Brinna Kelly<\/strong> schrieb auch das Drehbuch und \u00fcberzeugt an der Seite ihres Co-Stars <strong>Gino Anthony Pesi<\/strong> als geheimnisumwobener Fahrgast auf einer n\u00e4chtlichen Taxifahrt durch eine einsame W\u00fcstenlandschaft.[\/vc_column_text][vc_column_text]<\/p>\n<h3>Inhaltsangabe:<\/h3>\n<p>Der des Lebens \u00fcberdr\u00fcssige Harris f\u00e4hrt sein altmodisches Taxi durch eine \u00f6de, menschenleere Landschaft. Nur die Stimme seines Chefs, der sich immer wieder \u00fcber Funk meldet, leistet ihm Gesellschaft. Als er den Auftrag bekommt, einen Fahrgast abzuholen, steigt die bezaubernde Penny in sein Taxi. Ein Flirt beginnt zwischen den beiden, der aber endet, als sie an ihrem Ziel angekommen ist und aussteigt. Als Harris jedoch seinen Taxameter zur\u00fcckstellt, wird er pl\u00f6tzlich an den Moment zur\u00fccktransportiert, an dem sie bei ihm eingestiegen ist, und die Fahrt beginnt von vorne. Harris und Penny finden sich in einer Zeitschleife gefangen und versuchen, diesem R\u00e4tsel auf die Spur zu kommen.[\/vc_column_text][\/vc_column][vc_column width=&#8220;1\/4&#8243;][vc_single_image image=&#8220;42574&#8243; img_size=&#8220;full&#8220; onclick=&#8220;link_image&#8220;][vc_empty_space height=&#8220;12px&#8220;][\/vc_column][\/vc_row][vc_row][vc_column][vc_column_text]W\u00e4hrend der scheinbar immer gleichen Fahrt auf einsamer Strecke werden Geheimnisse enth\u00fcllt, Wahrheiten kommen ans Licht und Harris\u2018 Leben wird unwiderruflich ver\u00e4ndert.[\/vc_column_text][\/vc_column][\/vc_row][vc_row][vc_column][vc_video link=&#8220;https:\/\/youtu.be\/MoUToZscpbk&#8220; title=&#8220;The Fare | Kino Trailer (deutsch) \u1d34\u1d30&#8220;][\/vc_column][\/vc_row][vc_row][vc_column][vc_column_text]Weiter Informationen \u00fcber den Film: <a title=\"The Fare (2018) von D.C. Hamilton | Artkeim\u00b2\" href=\"https:\/\/ucm.one\/de\/the-fare\/\">The Fare<\/a>[\/vc_column_text][\/vc_column][\/vc_row]<\/p>\n<\/div>","protected":false},"excerpt":{"rendered":"<p>[vc_row][vc_column width=&#8220;3\/4&#8243;][vc_column_text]Nach einer l\u00e4ngeren &#8222;Corona-Zwangspause&#8220;\u00a0im Kinoverleih bringt UCM.ONE den Film &#8222;The Fare&#8220; von D.H. Hamilton \u00fcber das Filmlabel Artkeim\u00b2\u00a0am 27. August 2020 bundesweit in die Kinos.[\/vc_column_text][vc_column_text]Der Film, eine Art Kammerspiel in einem Taxi, verbindet auf einzigartige Weise Mystery im Stil von \u201eTwilight Zone\u201c mit einer packenden Liebesgeschichte und stellt auf ungew\u00f6hnliche Art die gro\u00dfen Fragen&hellip;<\/p>\n","protected":false},"author":2,"featured_media":43730,"comment_status":"closed","ping_status":"closed","sticky":false,"template":"","format":"standard","meta":{"_acf_changed":false,"footnotes":""},"categories":[828,8,13,752,7528],"tags":[2311,8562,7637,7691,8560,8561,8563,8566,8564,8567,3009,8565,3010,8568,8559,8569,3301],"class_list":["post-43729","post","type-post","status-publish","format-standard","has-post-thumbnail","hentry","category-artkeim","category-film","category-news","category-verleih","category-weltvertrieb","tag-artkeim","tag-brinna-kelly","tag-coronavirus","tag-covid-19","tag-d-h-hamilton","tag-gino-anthony-pesi","tag-jason-stuart","tag-jeff-blum","tag-jon-jacobs","tag-josh-harrison","tag-kino","tag-matt-fontana","tag-mystery","tag-taeglich-gruesst-das-murmeltier","tag-the-fare","tag-the-twilight-zone","tag-thriller","category-828","category-8","category-13","category-752","category-7528","description-off"],"acf":[],"yoast_head":"<!-- This site is optimized with the Yoast SEO plugin v27.5 - https:\/\/yoast.com\/product\/yoast-seo-wordpress\/ -->\n<title>&quot;The Fare&quot; von D.C. Hamilton startet am 27. August 2020 auf dem Filmlabel Artkeim\u00b2 bundesweit in den Kinos - UCM.ONE<\/title>\n<meta name=\"description\" content=\"Nach einer l\u00e4ngeren &quot;Corona-Zwangspause&quot;\u00a0im Kinoverleih bringt UCM.ONE den Film &quot;The Fare&quot; von D.H. Hamilton\u00a0am 27. August 2020 bundesweit in die Kinos.\" \/>\n<meta name=\"robots\" content=\"index, follow, max-snippet:-1, max-image-preview:large, max-video-preview:-1\" \/>\n<link rel=\"canonical\" href=\"https:\/\/ucm.one\/de\/the-fare-von-d-c-hamilton-startet-am-27-august-2020-auf-dem-filmlabel-artkeim%c2%b2-bundesweit-in-den-kinos\/\" \/>\n<meta property=\"og:locale\" content=\"de_DE\" \/>\n<meta property=\"og:type\" content=\"article\" \/>\n<meta property=\"og:title\" content=\"&quot;The Fare&quot; von D.C. Hamilton startet am 27. August 2020 auf dem Filmlabel Artkeim\u00b2 bundesweit in den Kinos - UCM.ONE\" \/>\n<meta property=\"og:description\" content=\"Nach einer l\u00e4ngeren &quot;Corona-Zwangspause&quot;\u00a0im Kinoverleih bringt UCM.ONE den Film &quot;The Fare&quot; von D.H. Hamilton\u00a0am 27. August 2020 bundesweit in die Kinos.\" \/>\n<meta property=\"og:url\" content=\"https:\/\/ucm.one\/de\/the-fare-von-d-c-hamilton-startet-am-27-august-2020-auf-dem-filmlabel-artkeim%c2%b2-bundesweit-in-den-kinos\/\" \/>\n<meta property=\"og:site_name\" content=\"UCM.ONE\" \/>\n<meta property=\"article:published_time\" content=\"2020-08-03T05:50:49+00:00\" \/>\n<meta property=\"article:modified_time\" content=\"2023-03-09T16:40:52+00:00\" \/>\n<meta property=\"og:image\" content=\"https:\/\/ucm.one\/wp-content\/uploads\/2020\/08\/B-The-Fare-News-200803.jpg\" \/>\n\t<meta property=\"og:image:width\" content=\"1920\" \/>\n\t<meta property=\"og:image:height\" content=\"602\" \/>\n\t<meta property=\"og:image:type\" content=\"image\/jpeg\" \/>\n<meta name=\"author\" content=\"Joachim Keil\" \/>\n<meta name=\"twitter:card\" content=\"summary_large_image\" \/>\n<meta name=\"twitter:label1\" content=\"Verfasst von\" \/>\n\t<meta name=\"twitter:data1\" content=\"Joachim Keil\" \/>\n\t<meta name=\"twitter:label2\" content=\"Gesch\u00e4tzte Lesezeit\" \/>\n\t<meta name=\"twitter:data2\" content=\"2\u00a0Minuten\" \/>\n<!-- \/ Yoast SEO plugin. -->","yoast_head_json":{"title":"\"The Fare\" von D.C. Hamilton startet am 27. August 2020 auf dem Filmlabel Artkeim\u00b2 bundesweit in den Kinos - UCM.ONE","description":"Nach einer l\u00e4ngeren \"Corona-Zwangspause\"\u00a0im Kinoverleih bringt UCM.ONE den Film \"The Fare\" von D.H. Hamilton\u00a0am 27. August 2020 bundesweit in die Kinos.","robots":{"index":"index","follow":"follow","max-snippet":"max-snippet:-1","max-image-preview":"max-image-preview:large","max-video-preview":"max-video-preview:-1"},"canonical":"https:\/\/ucm.one\/de\/the-fare-von-d-c-hamilton-startet-am-27-august-2020-auf-dem-filmlabel-artkeim%c2%b2-bundesweit-in-den-kinos\/","og_locale":"de_DE","og_type":"article","og_title":"\"The Fare\" von D.C. Hamilton startet am 27. August 2020 auf dem Filmlabel Artkeim\u00b2 bundesweit in den Kinos - UCM.ONE","og_description":"Nach einer l\u00e4ngeren \"Corona-Zwangspause\"\u00a0im Kinoverleih bringt UCM.ONE den Film \"The Fare\" von D.H. Hamilton\u00a0am 27. August 2020 bundesweit in die Kinos.","og_url":"https:\/\/ucm.one\/de\/the-fare-von-d-c-hamilton-startet-am-27-august-2020-auf-dem-filmlabel-artkeim%c2%b2-bundesweit-in-den-kinos\/","og_site_name":"UCM.ONE","article_published_time":"2020-08-03T05:50:49+00:00","article_modified_time":"2023-03-09T16:40:52+00:00","og_image":[{"width":1920,"height":602,"url":"https:\/\/ucm.one\/wp-content\/uploads\/2020\/08\/B-The-Fare-News-200803.jpg","type":"image\/jpeg"}],"author":"Joachim Keil","twitter_card":"summary_large_image","twitter_misc":{"Verfasst von":"Joachim Keil","Gesch\u00e4tzte Lesezeit":"2\u00a0Minuten"},"schema":{"@context":"https:\/\/schema.org","@graph":[{"@type":"Article","@id":"https:\/\/ucm.one\/de\/the-fare-von-d-c-hamilton-startet-am-27-august-2020-auf-dem-filmlabel-artkeim%c2%b2-bundesweit-in-den-kinos\/#article","isPartOf":{"@id":"https:\/\/ucm.one\/de\/the-fare-von-d-c-hamilton-startet-am-27-august-2020-auf-dem-filmlabel-artkeim%c2%b2-bundesweit-in-den-kinos\/"},"author":{"name":"Joachim Keil","@id":"https:\/\/ucm.one\/de\/#\/schema\/person\/4b959e467e8acc058836467a0ef8fa50"},"headline":"&#8222;The Fare&#8220; von D.C. Hamilton startet am 27. August 2020 auf dem Filmlabel Artkeim\u00b2 bundesweit in den Kinos","datePublished":"2020-08-03T05:50:49+00:00","dateModified":"2023-03-09T16:40:52+00:00","mainEntityOfPage":{"@id":"https:\/\/ucm.one\/de\/the-fare-von-d-c-hamilton-startet-am-27-august-2020-auf-dem-filmlabel-artkeim%c2%b2-bundesweit-in-den-kinos\/"},"wordCount":351,"publisher":{"@id":"https:\/\/ucm.one\/de\/#organization"},"image":{"@id":"https:\/\/ucm.one\/de\/the-fare-von-d-c-hamilton-startet-am-27-august-2020-auf-dem-filmlabel-artkeim%c2%b2-bundesweit-in-den-kinos\/#primaryimage"},"thumbnailUrl":"https:\/\/ucm.one\/wp-content\/uploads\/2020\/08\/B-The-Fare-News-200803.jpg","keywords":["Artkeim\u00b2","Brinna Kelly","Coronavirus","Covid-19","D.H. Hamilton","Gino Anthony Pesi","Jason Stuart","Jeff Blum","Jon Jacobs","Josh Harrison","Kino","Matt Fontana","Mystery","T\u00e4glich gr\u00fc\u00dft das Murmeltier","The Fare","The Twilight Zone","Thriller"],"articleSection":["Artkeim\u00b2","Film","News","Verleih","Weltvertrieb"],"inLanguage":"de"},{"@type":"WebPage","@id":"https:\/\/ucm.one\/de\/the-fare-von-d-c-hamilton-startet-am-27-august-2020-auf-dem-filmlabel-artkeim%c2%b2-bundesweit-in-den-kinos\/","url":"https:\/\/ucm.one\/de\/the-fare-von-d-c-hamilton-startet-am-27-august-2020-auf-dem-filmlabel-artkeim%c2%b2-bundesweit-in-den-kinos\/","name":"\"The Fare\" von D.C. Hamilton startet am 27. August 2020 auf dem Filmlabel Artkeim\u00b2 bundesweit in den Kinos - UCM.ONE","isPartOf":{"@id":"https:\/\/ucm.one\/de\/#website"},"primaryImageOfPage":{"@id":"https:\/\/ucm.one\/de\/the-fare-von-d-c-hamilton-startet-am-27-august-2020-auf-dem-filmlabel-artkeim%c2%b2-bundesweit-in-den-kinos\/#primaryimage"},"image":{"@id":"https:\/\/ucm.one\/de\/the-fare-von-d-c-hamilton-startet-am-27-august-2020-auf-dem-filmlabel-artkeim%c2%b2-bundesweit-in-den-kinos\/#primaryimage"},"thumbnailUrl":"https:\/\/ucm.one\/wp-content\/uploads\/2020\/08\/B-The-Fare-News-200803.jpg","datePublished":"2020-08-03T05:50:49+00:00","dateModified":"2023-03-09T16:40:52+00:00","description":"Nach einer l\u00e4ngeren \"Corona-Zwangspause\"\u00a0im Kinoverleih bringt UCM.ONE den Film \"The Fare\" von D.H. Hamilton\u00a0am 27. August 2020 bundesweit in die Kinos.","breadcrumb":{"@id":"https:\/\/ucm.one\/de\/the-fare-von-d-c-hamilton-startet-am-27-august-2020-auf-dem-filmlabel-artkeim%c2%b2-bundesweit-in-den-kinos\/#breadcrumb"},"inLanguage":"de","potentialAction":[{"@type":"ReadAction","target":["https:\/\/ucm.one\/de\/the-fare-von-d-c-hamilton-startet-am-27-august-2020-auf-dem-filmlabel-artkeim%c2%b2-bundesweit-in-den-kinos\/"]}]},{"@type":"ImageObject","inLanguage":"de","@id":"https:\/\/ucm.one\/de\/the-fare-von-d-c-hamilton-startet-am-27-august-2020-auf-dem-filmlabel-artkeim%c2%b2-bundesweit-in-den-kinos\/#primaryimage","url":"https:\/\/ucm.one\/wp-content\/uploads\/2020\/08\/B-The-Fare-News-200803.jpg","contentUrl":"https:\/\/ucm.one\/wp-content\/uploads\/2020\/08\/B-The-Fare-News-200803.jpg","width":1920,"height":602},{"@type":"BreadcrumbList","@id":"https:\/\/ucm.one\/de\/the-fare-von-d-c-hamilton-startet-am-27-august-2020-auf-dem-filmlabel-artkeim%c2%b2-bundesweit-in-den-kinos\/#breadcrumb","itemListElement":[{"@type":"ListItem","position":1,"name":"Home","item":"https:\/\/ucm.one\/de\/"},{"@type":"ListItem","position":2,"name":"&#8222;The Fare&#8220; von D.C. Hamilton startet am 27. August 2020 auf dem Filmlabel Artkeim\u00b2 bundesweit in den Kinos"}]},{"@type":"WebSite","@id":"https:\/\/ucm.one\/de\/#website","url":"https:\/\/ucm.one\/de\/","name":"UCM.ONE","description":"","publisher":{"@id":"https:\/\/ucm.one\/de\/#organization"},"potentialAction":[{"@type":"SearchAction","target":{"@type":"EntryPoint","urlTemplate":"https:\/\/ucm.one\/de\/?s={search_term_string}"},"query-input":{"@type":"PropertyValueSpecification","valueRequired":true,"valueName":"search_term_string"}}],"inLanguage":"de"},{"@type":"Organization","@id":"https:\/\/ucm.one\/de\/#organization","name":"UCM.ONE","url":"https:\/\/ucm.one\/de\/","logo":{"@type":"ImageObject","inLanguage":"de","@id":"https:\/\/ucm.one\/de\/#\/schema\/logo\/image\/","url":"https:\/\/ucm.one\/wp-content\/uploads\/2019\/10\/UCM.ONE-Logo-RGB.svg","contentUrl":"https:\/\/ucm.one\/wp-content\/uploads\/2019\/10\/UCM.ONE-Logo-RGB.svg","width":1,"height":1,"caption":"UCM.ONE"},"image":{"@id":"https:\/\/ucm.one\/de\/#\/schema\/logo\/image\/"}},{"@type":"Person","@id":"https:\/\/ucm.one\/de\/#\/schema\/person\/4b959e467e8acc058836467a0ef8fa50","name":"Joachim Keil","image":{"@type":"ImageObject","inLanguage":"de","@id":"https:\/\/secure.gravatar.com\/avatar\/10e1dfd05f2a7a7bc83cd44bae31e01c8ac15f974229211a2b1a49fa0a22fec0?s=96&d=mm&r=g","url":"https:\/\/secure.gravatar.com\/avatar\/10e1dfd05f2a7a7bc83cd44bae31e01c8ac15f974229211a2b1a49fa0a22fec0?s=96&d=mm&r=g","contentUrl":"https:\/\/secure.gravatar.com\/avatar\/10e1dfd05f2a7a7bc83cd44bae31e01c8ac15f974229211a2b1a49fa0a22fec0?s=96&d=mm&r=g","caption":"Joachim Keil"},"sameAs":["https:\/\/ucm.one"]}]}},"_links":{"self":[{"href":"https:\/\/ucm.one\/de\/wp-json\/wp\/v2\/posts\/43729","targetHints":{"allow":["GET"]}}],"collection":[{"href":"https:\/\/ucm.one\/de\/wp-json\/wp\/v2\/posts"}],"about":[{"href":"https:\/\/ucm.one\/de\/wp-json\/wp\/v2\/types\/post"}],"author":[{"embeddable":true,"href":"https:\/\/ucm.one\/de\/wp-json\/wp\/v2\/users\/2"}],"replies":[{"embeddable":true,"href":"https:\/\/ucm.one\/de\/wp-json\/wp\/v2\/comments?post=43729"}],"version-history":[{"count":0,"href":"https:\/\/ucm.one\/de\/wp-json\/wp\/v2\/posts\/43729\/revisions"}],"wp:featuredmedia":[{"embeddable":true,"href":"https:\/\/ucm.one\/de\/wp-json\/wp\/v2\/media\/43730"}],"wp:attachment":[{"href":"https:\/\/ucm.one\/de\/wp-json\/wp\/v2\/media?parent=43729"}],"wp:term":[{"taxonomy":"category","embeddable":true,"href":"https:\/\/ucm.one\/de\/wp-json\/wp\/v2\/categories?post=43729"},{"taxonomy":"post_tag","embeddable":true,"href":"https:\/\/ucm.one\/de\/wp-json\/wp\/v2\/tags?post=43729"}],"curies":[{"name":"wp","href":"https:\/\/api.w.org\/{rel}","templated":true}]}}