{"id":43049,"date":"2020-07-16T20:48:55","date_gmt":"2020-07-16T20:48:55","guid":{"rendered":"https:\/\/ucm.one\/?p=43049"},"modified":"2020-07-18T00:18:50","modified_gmt":"2020-07-18T00:18:50","slug":"the-hidden-city-nonfy-documentaries-ab-jetzt-bei-amazon-prime-video-zu-sehen","status":"publish","type":"post","link":"https:\/\/ucm.one\/de\/the-hidden-city-nonfy-documentaries-ab-jetzt-bei-amazon-prime-video-zu-sehen\/","title":{"rendered":"&#8222;The Hidden City&#8220; (NONFY Documentaries) ab jetzt bei Amazon Prime Video zu sehen"},"content":{"rendered":"<div class=\"wpb-content-wrapper\"><p>[vc_row][vc_column width=&#8220;4\/5&#8243;][vc_column_text]Die Dokumentation &#8222;<strong>The Hidden City<\/strong>&#8220; (Original Titel auf spanisch: &#8222;<strong>La ciudad oculta<\/strong>&#8222;)\u00a0von Regisseur <strong>V\u00edctor Moreno<\/strong>, besch\u00e4ftigt sich mit der Welt unter unseren F\u00fc\u00dfen. Hierf\u00fcr begibt er sich in unentdeckte Tunnel, U-Bahn-Stationen und Abwasserkan\u00e4le in der spanischen Metropole Madrid. Ab heute kann die preisgekr\u00f6nte Dokumentation in Deutschland, \u00d6sterreich und in der Schweiz auf dem Filmlabel <strong>NONFY Documentaries<\/strong> bei <strong>Amazon Prime Video<\/strong> gesehen werden.[\/vc_column_text][vc_column_text]Der urbane Unterbauch ist ein lebendiger Organismus, ein durch und durch funktionales System \u2013 er ist aber auch ein symbolischer Ort: das Unterbewusstsein der Stadt.[\/vc_column_text][vc_column_text]<\/p>\n<h3>Preise:<\/h3>\n<p><strong>2018\u00a0Seville European Film Festival:\u00a0<\/strong>Beste Kamera<span class=\"Apple-converted-space\">\u00a0-&gt; Jos\u00e9 \u00c1ngel Alay\u00f3n, V\u00edctor Moreno <\/span><\/p>\n<p><strong>2019 Seoul Eco Film Festival:\u00a0<\/strong>Jury Preis Spezial<span class=\"Apple-converted-space\">\u00a0-&gt; V\u00edctor Moreno <\/span><\/p>\n<p><strong>2019\u00a0Las Palmas Film Festival:<\/strong> Richard Leacock Award f\u00fcr den besten Film -&gt; V\u00edctor Moreno[\/vc_column_text][\/vc_column][vc_column width=&#8220;1\/5&#8243;][vc_single_image image=&#8220;34138&#8243; img_size=&#8220;full&#8220; onclick=&#8220;link_image&#8220;][vc_btn title=&#8220;Prime Video&#8220; color=&#8220;sky&#8220; size=&#8220;xs&#8220; align=&#8220;center&#8220; i_icon_fontawesome=&#8220;fab fa-amazon&#8220; button_block=&#8220;true&#8220; add_icon=&#8220;true&#8220; link=&#8220;url:https%3A%2F%2Fwww.amazon.de%2FHidden-City-OV-V%25C3%25ADctor-Moreno%2Fdp%2FB08D5L5VJ6%2Fref%3Dsr_1_1%3F__mk_de_DE%3D%C3%85M%C3%85%C5%BD%C3%95%C3%91%26dchild%3D1%26keywords%3Dthe%2Bhidden%2Bcity%26qid%3D1595030910%26s%3Dinstant-video%26sr%3D1-1|title:Amazon%20Prime%20Video|target:%20_blank|&#8220; css=&#8220;.vc_custom_1595030997881{margin-top: -20px !important;}&#8220;][vc_empty_space height=&#8220;15px&#8220;][\/vc_column][\/vc_row][vc_row][vc_column][vc_video link=&#8220;https:\/\/youtu.be\/bCFNtNt8Sko&#8220; title=&#8220;The Hidden City | Trailer \u1d34\u1d30&#8220;][\/vc_column][\/vc_row][vc_row][vc_column][vc_column_text]Weitere Informationen \u00fcber die Dokumentation: <a href=\"\/de\/kinoverleih\/katalogfilme\/#the-hidden-city\">The Hidden City<\/a>[\/vc_column_text][\/vc_column][\/vc_row]<\/p>\n<\/div>","protected":false},"excerpt":{"rendered":"<p>[vc_row][vc_column width=&#8220;4\/5&#8243;][vc_column_text]Die Dokumentation &#8222;The Hidden City&#8220; (Original Titel auf spanisch: &#8222;La ciudad oculta&#8222;)\u00a0von Regisseur V\u00edctor Moreno, besch\u00e4ftigt sich mit der Welt unter unseren F\u00fc\u00dfen. Hierf\u00fcr begibt er sich in unentdeckte Tunnel, U-Bahn-Stationen und Abwasserkan\u00e4le in der spanischen Metropole Madrid. Ab heute kann die preisgekr\u00f6nte Dokumentation in Deutschland, \u00d6sterreich und in der Schweiz auf dem Filmlabel&hellip;<\/p>\n","protected":false},"author":2,"featured_media":43054,"comment_status":"closed","ping_status":"closed","sticky":false,"template":"","format":"standard","meta":{"_acf_changed":false,"footnotes":""},"categories":[6267,8,13,4587],"tags":[4594,3341,6582,6587,6590,6583,4602,4603,4758,6586,6589,6588,6584,6585],"class_list":["post-43049","post","type-post","status-publish","format-standard","has-post-thumbnail","hentry","category-dokumentarfilm","category-film","category-news","category-nonfy-documentaries","tag-dirk-manthey","tag-dokumentation","tag-jose-angel-alayon","tag-la-ciudad-oculta","tag-las-palmas-film-festival","tag-nayra-sanz-fuentes","tag-nonfy","tag-nonfy-documentaries","tag-prime-video","tag-rodrigo-rodriguez","tag-seoul-eco-film-festival","tag-seville-european-film-festival","tag-the-hidden-city","tag-victor-moreno","category-6267","category-8","category-13","category-4587","description-off"],"acf":[],"yoast_head":"<!-- This site is optimized with the Yoast SEO plugin v27.5 - https:\/\/yoast.com\/product\/yoast-seo-wordpress\/ -->\n<title>&quot;The Hidden City&quot; (NONFY Documentaries) ab jetzt bei Amazon Prime Video zu sehen - UCM.ONE<\/title>\n<meta name=\"description\" content=\"Die preisgekr\u00f6nte Dokumentation \u201cThe Hidden City\u201d von Regisseur V\u00edctor Moreno ist ab jetzt u.a. bei Amazon Video zu sehen.\" \/>\n<meta name=\"robots\" content=\"index, follow, max-snippet:-1, max-image-preview:large, max-video-preview:-1\" \/>\n<link rel=\"canonical\" href=\"https:\/\/ucm.one\/de\/the-hidden-city-nonfy-documentaries-ab-jetzt-bei-amazon-prime-video-zu-sehen\/\" \/>\n<meta property=\"og:locale\" content=\"de_DE\" \/>\n<meta property=\"og:type\" content=\"article\" \/>\n<meta property=\"og:title\" content=\"&quot;The Hidden City&quot; (NONFY Documentaries) ab jetzt bei Amazon Prime Video zu sehen - UCM.ONE\" \/>\n<meta property=\"og:description\" content=\"Die preisgekr\u00f6nte Dokumentation \u201cThe Hidden City\u201d von Regisseur V\u00edctor Moreno ist ab jetzt u.a. bei Amazon Video zu sehen.\" \/>\n<meta property=\"og:url\" content=\"https:\/\/ucm.one\/de\/the-hidden-city-nonfy-documentaries-ab-jetzt-bei-amazon-prime-video-zu-sehen\/\" \/>\n<meta property=\"og:site_name\" content=\"UCM.ONE\" \/>\n<meta property=\"article:published_time\" content=\"2020-07-16T20:48:55+00:00\" \/>\n<meta property=\"article:modified_time\" content=\"2020-07-18T00:18:50+00:00\" \/>\n<meta property=\"og:image\" content=\"https:\/\/ucm.one\/wp-content\/uploads\/2020\/07\/B-The-Hidden-City-VoD-1.jpg\" \/>\n\t<meta property=\"og:image:width\" content=\"1920\" \/>\n\t<meta property=\"og:image:height\" content=\"600\" \/>\n\t<meta property=\"og:image:type\" content=\"image\/jpeg\" \/>\n<meta name=\"author\" content=\"Joachim Keil\" \/>\n<meta name=\"twitter:card\" content=\"summary_large_image\" \/>\n<meta name=\"twitter:label1\" content=\"Verfasst von\" \/>\n\t<meta name=\"twitter:data1\" content=\"Joachim Keil\" \/>\n\t<meta name=\"twitter:label2\" content=\"Gesch\u00e4tzte Lesezeit\" \/>\n\t<meta name=\"twitter:data2\" content=\"2\u00a0Minuten\" \/>\n<!-- \/ Yoast SEO plugin. -->","yoast_head_json":{"title":"\"The Hidden City\" (NONFY Documentaries) ab jetzt bei Amazon Prime Video zu sehen - UCM.ONE","description":"Die preisgekr\u00f6nte Dokumentation \u201cThe Hidden City\u201d von Regisseur V\u00edctor Moreno ist ab jetzt u.a. bei Amazon Video zu sehen.","robots":{"index":"index","follow":"follow","max-snippet":"max-snippet:-1","max-image-preview":"max-image-preview:large","max-video-preview":"max-video-preview:-1"},"canonical":"https:\/\/ucm.one\/de\/the-hidden-city-nonfy-documentaries-ab-jetzt-bei-amazon-prime-video-zu-sehen\/","og_locale":"de_DE","og_type":"article","og_title":"\"The Hidden City\" (NONFY Documentaries) ab jetzt bei Amazon Prime Video zu sehen - UCM.ONE","og_description":"Die preisgekr\u00f6nte Dokumentation \u201cThe Hidden City\u201d von Regisseur V\u00edctor Moreno ist ab jetzt u.a. bei Amazon Video zu sehen.","og_url":"https:\/\/ucm.one\/de\/the-hidden-city-nonfy-documentaries-ab-jetzt-bei-amazon-prime-video-zu-sehen\/","og_site_name":"UCM.ONE","article_published_time":"2020-07-16T20:48:55+00:00","article_modified_time":"2020-07-18T00:18:50+00:00","og_image":[{"width":1920,"height":600,"url":"https:\/\/ucm.one\/wp-content\/uploads\/2020\/07\/B-The-Hidden-City-VoD-1.jpg","type":"image\/jpeg"}],"author":"Joachim Keil","twitter_card":"summary_large_image","twitter_misc":{"Verfasst von":"Joachim Keil","Gesch\u00e4tzte Lesezeit":"2\u00a0Minuten"},"schema":{"@context":"https:\/\/schema.org","@graph":[{"@type":"Article","@id":"https:\/\/ucm.one\/de\/the-hidden-city-nonfy-documentaries-ab-jetzt-bei-amazon-prime-video-zu-sehen\/#article","isPartOf":{"@id":"https:\/\/ucm.one\/de\/the-hidden-city-nonfy-documentaries-ab-jetzt-bei-amazon-prime-video-zu-sehen\/"},"author":{"name":"Joachim Keil","@id":"https:\/\/ucm.one\/de\/#\/schema\/person\/4b959e467e8acc058836467a0ef8fa50"},"headline":"&#8222;The Hidden City&#8220; (NONFY Documentaries) ab jetzt bei Amazon Prime Video zu sehen","datePublished":"2020-07-16T20:48:55+00:00","dateModified":"2020-07-18T00:18:50+00:00","mainEntityOfPage":{"@id":"https:\/\/ucm.one\/de\/the-hidden-city-nonfy-documentaries-ab-jetzt-bei-amazon-prime-video-zu-sehen\/"},"wordCount":319,"publisher":{"@id":"https:\/\/ucm.one\/de\/#organization"},"image":{"@id":"https:\/\/ucm.one\/de\/the-hidden-city-nonfy-documentaries-ab-jetzt-bei-amazon-prime-video-zu-sehen\/#primaryimage"},"thumbnailUrl":"https:\/\/ucm.one\/wp-content\/uploads\/2020\/07\/B-The-Hidden-City-VoD-1.jpg","keywords":["Dirk Manthey","Dokumentation","Jos\u00e9 \u00c1ngel Alay\u00f3n","La ciudad oculta","Las Palmas Film Festival","Nayra Sanz Fuentes","NONFY","NONFY Documentaries","Prime Video","Rodrigo Rodr\u00edguez","Seoul Eco Film Festival","Seville European Film Festival","The Hidden City","V\u00edctor Moreno"],"articleSection":["Dokumentarfilm","Film","News","NONFY Documentaries"],"inLanguage":"de"},{"@type":"WebPage","@id":"https:\/\/ucm.one\/de\/the-hidden-city-nonfy-documentaries-ab-jetzt-bei-amazon-prime-video-zu-sehen\/","url":"https:\/\/ucm.one\/de\/the-hidden-city-nonfy-documentaries-ab-jetzt-bei-amazon-prime-video-zu-sehen\/","name":"\"The Hidden City\" (NONFY Documentaries) ab jetzt bei Amazon Prime Video zu sehen - UCM.ONE","isPartOf":{"@id":"https:\/\/ucm.one\/de\/#website"},"primaryImageOfPage":{"@id":"https:\/\/ucm.one\/de\/the-hidden-city-nonfy-documentaries-ab-jetzt-bei-amazon-prime-video-zu-sehen\/#primaryimage"},"image":{"@id":"https:\/\/ucm.one\/de\/the-hidden-city-nonfy-documentaries-ab-jetzt-bei-amazon-prime-video-zu-sehen\/#primaryimage"},"thumbnailUrl":"https:\/\/ucm.one\/wp-content\/uploads\/2020\/07\/B-The-Hidden-City-VoD-1.jpg","datePublished":"2020-07-16T20:48:55+00:00","dateModified":"2020-07-18T00:18:50+00:00","description":"Die preisgekr\u00f6nte Dokumentation \u201cThe Hidden City\u201d von Regisseur V\u00edctor Moreno ist ab jetzt u.a. bei Amazon Video zu sehen.","breadcrumb":{"@id":"https:\/\/ucm.one\/de\/the-hidden-city-nonfy-documentaries-ab-jetzt-bei-amazon-prime-video-zu-sehen\/#breadcrumb"},"inLanguage":"de","potentialAction":[{"@type":"ReadAction","target":["https:\/\/ucm.one\/de\/the-hidden-city-nonfy-documentaries-ab-jetzt-bei-amazon-prime-video-zu-sehen\/"]}]},{"@type":"ImageObject","inLanguage":"de","@id":"https:\/\/ucm.one\/de\/the-hidden-city-nonfy-documentaries-ab-jetzt-bei-amazon-prime-video-zu-sehen\/#primaryimage","url":"https:\/\/ucm.one\/wp-content\/uploads\/2020\/07\/B-The-Hidden-City-VoD-1.jpg","contentUrl":"https:\/\/ucm.one\/wp-content\/uploads\/2020\/07\/B-The-Hidden-City-VoD-1.jpg","width":1920,"height":600},{"@type":"BreadcrumbList","@id":"https:\/\/ucm.one\/de\/the-hidden-city-nonfy-documentaries-ab-jetzt-bei-amazon-prime-video-zu-sehen\/#breadcrumb","itemListElement":[{"@type":"ListItem","position":1,"name":"Home","item":"https:\/\/ucm.one\/de\/"},{"@type":"ListItem","position":2,"name":"&#8222;The Hidden City&#8220; (NONFY Documentaries) ab jetzt bei Amazon Prime Video zu sehen"}]},{"@type":"WebSite","@id":"https:\/\/ucm.one\/de\/#website","url":"https:\/\/ucm.one\/de\/","name":"UCM.ONE","description":"","publisher":{"@id":"https:\/\/ucm.one\/de\/#organization"},"potentialAction":[{"@type":"SearchAction","target":{"@type":"EntryPoint","urlTemplate":"https:\/\/ucm.one\/de\/?s={search_term_string}"},"query-input":{"@type":"PropertyValueSpecification","valueRequired":true,"valueName":"search_term_string"}}],"inLanguage":"de"},{"@type":"Organization","@id":"https:\/\/ucm.one\/de\/#organization","name":"UCM.ONE","url":"https:\/\/ucm.one\/de\/","logo":{"@type":"ImageObject","inLanguage":"de","@id":"https:\/\/ucm.one\/de\/#\/schema\/logo\/image\/","url":"https:\/\/ucm.one\/wp-content\/uploads\/2019\/10\/UCM.ONE-Logo-RGB.svg","contentUrl":"https:\/\/ucm.one\/wp-content\/uploads\/2019\/10\/UCM.ONE-Logo-RGB.svg","width":1,"height":1,"caption":"UCM.ONE"},"image":{"@id":"https:\/\/ucm.one\/de\/#\/schema\/logo\/image\/"}},{"@type":"Person","@id":"https:\/\/ucm.one\/de\/#\/schema\/person\/4b959e467e8acc058836467a0ef8fa50","name":"Joachim Keil","image":{"@type":"ImageObject","inLanguage":"de","@id":"https:\/\/secure.gravatar.com\/avatar\/10e1dfd05f2a7a7bc83cd44bae31e01c8ac15f974229211a2b1a49fa0a22fec0?s=96&d=mm&r=g","url":"https:\/\/secure.gravatar.com\/avatar\/10e1dfd05f2a7a7bc83cd44bae31e01c8ac15f974229211a2b1a49fa0a22fec0?s=96&d=mm&r=g","contentUrl":"https:\/\/secure.gravatar.com\/avatar\/10e1dfd05f2a7a7bc83cd44bae31e01c8ac15f974229211a2b1a49fa0a22fec0?s=96&d=mm&r=g","caption":"Joachim Keil"},"sameAs":["https:\/\/ucm.one"]}]}},"_links":{"self":[{"href":"https:\/\/ucm.one\/de\/wp-json\/wp\/v2\/posts\/43049","targetHints":{"allow":["GET"]}}],"collection":[{"href":"https:\/\/ucm.one\/de\/wp-json\/wp\/v2\/posts"}],"about":[{"href":"https:\/\/ucm.one\/de\/wp-json\/wp\/v2\/types\/post"}],"author":[{"embeddable":true,"href":"https:\/\/ucm.one\/de\/wp-json\/wp\/v2\/users\/2"}],"replies":[{"embeddable":true,"href":"https:\/\/ucm.one\/de\/wp-json\/wp\/v2\/comments?post=43049"}],"version-history":[{"count":0,"href":"https:\/\/ucm.one\/de\/wp-json\/wp\/v2\/posts\/43049\/revisions"}],"wp:featuredmedia":[{"embeddable":true,"href":"https:\/\/ucm.one\/de\/wp-json\/wp\/v2\/media\/43054"}],"wp:attachment":[{"href":"https:\/\/ucm.one\/de\/wp-json\/wp\/v2\/media?parent=43049"}],"wp:term":[{"taxonomy":"category","embeddable":true,"href":"https:\/\/ucm.one\/de\/wp-json\/wp\/v2\/categories?post=43049"},{"taxonomy":"post_tag","embeddable":true,"href":"https:\/\/ucm.one\/de\/wp-json\/wp\/v2\/tags?post=43049"}],"curies":[{"name":"wp","href":"https:\/\/api.w.org\/{rel}","templated":true}]}}