{"id":416649,"date":"2026-04-22T23:48:48","date_gmt":"2026-04-22T23:48:48","guid":{"rendered":"https:\/\/ucm.one\/?p=416649"},"modified":"2026-04-26T16:37:13","modified_gmt":"2026-04-26T16:37:13","slug":"grain-of-pain-veroeffentlichen-neues-lyric-video-zur-single-if-morning-never-comes-noble-demon","status":"publish","type":"post","link":"https:\/\/ucm.one\/de\/grain-of-pain-veroeffentlichen-neues-lyric-video-zur-single-if-morning-never-comes-noble-demon\/","title":{"rendered":"\ud83c\udfb5 &#8222;Grain of Pain&#8220; ver\u00f6ffentlichen neues Lyric-Video zur Single &#8222;If Morning Never Comes&#8220; (Noble Demon)"},"content":{"rendered":"<div class=\"wpb-content-wrapper\"><p>[vc_row][vc_column][vc_column_text css=&#8220;&#8220;]<strong>&#8222;Behind Us All&#8220;<\/strong>, das zweite Studioalbum der finnischen Doom Metal Band <strong>Grain of Pain<\/strong>, wurde im M\u00e4rz \u00fcber <strong>Noble Demon<\/strong> ver\u00f6ffentlicht. Anl\u00e4sslich der Ver\u00f6ffentlichung hat die Band nun zudem ein animiertes Lyric-Video zum Track <strong>&#8222;If Morning Never Comes&#8220; (feat. Kirsten J\u00f8rgensen)<\/strong> ver\u00f6ffentlicht,[\/vc_column_text][\/vc_column][vc_column width=&#8220;3\/5&#8243;][vc_column_text css=&#8220;&#8220;]Mit <strong>&#8222;Behind Us All&#8220;<\/strong> f\u00fchren <strong data-start=\"113\" data-end=\"130\">Grain of Pain<\/strong> ihre charakteristische Mischung aus Doom und Death Metal zu neuen emotionalen Tiefen. Das Album vereint wuchtige H\u00e4rte mit intensiver Melodik und einer d\u00fcsteren, immersiven Atmosph\u00e4re und pr\u00e4sentiert einen kraftvollen, ausgereiften Sound, der noch lange nach dem letzten Ton nachhallt.[\/vc_column_text][vc_column_text css=&#8220;&#8220;]Die Band aus Finnland wird von <strong data-start=\"452\" data-end=\"468\">Timo Solonen<\/strong> geleitet, der f\u00fcr Songwriting, Gitarre und Vocals verantwortlich ist. <strong data-start=\"539\" data-end=\"554\">Lars Eikind<\/strong> (<strong>Before The Dawn<\/strong>) steuert Bass und Cleangesang bei und verleiht dem Sound eine zus\u00e4tzliche, markante melodische Dimension, die die dynamische Bandbreite der Kompositionen noch st\u00e4rker hervorhebt.[\/vc_column_text][vc_column_text css=&#8220;&#8220;]Unterst\u00fctzt wird das Album von renommierten Musikern:\u00a0<strong data-start=\"816\" data-end=\"830\">Juho R\u00e4ih\u00e4<\/strong> (Gitarre, zus\u00e4tzliche Screams) und <strong data-start=\"866\" data-end=\"887\">Juuso Raatikainen<\/strong> (Schlagzeug), beide bekannt durch ihre Arbeit mit <strong>Swallow the Sun<\/strong>. <strong>&#8222;Behind Us All&#8220;<\/strong> wurde von <strong>Juho R\u00e4ih\u00e4<\/strong> bei <strong>SoundSpiral Audio<\/strong> produziert, aufgenommen, gemixt und gemastert, wodurch ein konsistentes und kraftvolles Klangerlebnis \u00fcber das gesamte Album hinweg garantiert wird.[\/vc_column_text][\/vc_column][vc_column width=&#8220;1\/5&#8243;][vc_single_image image=&#8220;416652&#8243; img_size=&#8220;full&#8220; onclick=&#8220;link_image&#8220; css=&#8220;&#8220;][vc_btn title=&#8220;If Morning Never Comes<br \/>\n2026\u30fbSingle&#8220; shape=&#8220;square&#8220; color=&#8220;white&#8220; size=&#8220;xs&#8220; align=&#8220;center&#8220; css=&#8220;.vc_custom_1777218031634{margin-top: -35px !important;}&#8220; button_block=&#8220;true&#8220; link=&#8220;url:https%3A%2F%2Fmusic.nobledemon.com%2Fbehind|title:Behind%20Us%20All|target:_blank&#8220;][vc_btn title=&#8220;Dowload \/ Streaming&#8220; style=&#8220;flat&#8220; color=&#8220;sky&#8220; size=&#8220;xs&#8220; align=&#8220;center&#8220; i_icon_fontawesome=&#8220;fa fa-solid fa-square-arrow-up-right&#8220; css=&#8220;.vc_custom_1774803780488{margin-top: -20px !important;}&#8220; button_block=&#8220;true&#8220; add_icon=&#8220;true&#8220; link=&#8220;url:https%3A%2F%2Fmusic.nobledemon.com%2Fbehind|title:Behind%20Us%20All|target:_blank&#8220;][\/vc_column][vc_column width=&#8220;1\/5&#8243;][vc_single_image image=&#8220;414925&#8243; img_size=&#8220;full&#8220; onclick=&#8220;link_image&#8220; css=&#8220;&#8220;][vc_btn title=&#8220;Behind Us All<br \/>\n2026\u30fbAlbum&#8220; shape=&#8220;square&#8220; color=&#8220;white&#8220; size=&#8220;xs&#8220; align=&#8220;center&#8220; css=&#8220;.vc_custom_1774803797620{margin-top: -35px !important;}&#8220; button_block=&#8220;true&#8220; link=&#8220;url:https%3A%2F%2Fmusic.nobledemon.com%2Fbehind|title:Behind%20Us%20All|target:_blank&#8220;][vc_btn title=&#8220;Dowload \/ Streaming&#8220; style=&#8220;flat&#8220; color=&#8220;sky&#8220; size=&#8220;xs&#8220; align=&#8220;center&#8220; i_icon_fontawesome=&#8220;fa fa-solid fa-square-arrow-up-right&#8220; css=&#8220;.vc_custom_1774803780488{margin-top: -20px !important;}&#8220; button_block=&#8220;true&#8220; add_icon=&#8220;true&#8220; link=&#8220;url:https%3A%2F%2Fmusic.nobledemon.com%2Fbehind|title:Behind%20Us%20All|target:_blank&#8220;][vc_btn title=&#8220;Shop&#8220; style=&#8220;flat&#8220; color=&#8220;juicy-pink&#8220; size=&#8220;xs&#8220; align=&#8220;center&#8220; i_icon_fontawesome=&#8220;fa fa-solid fa-cart-shopping&#8220; css=&#8220;.vc_custom_1770506485336{margin-top: -15px !important;}&#8220; button_block=&#8220;true&#8220; add_icon=&#8220;true&#8220; link=&#8220;url:https%3A%2F%2Fucm.one%2Fde%2Fprodukt%2Fgrain-of-pain-behind-us-all%2F|title:Shop&#8220;][vc_btn title=&#8220;Bandcamp&#8220; style=&#8220;flat&#8220; color=&#8220;inverse&#8220; size=&#8220;xs&#8220; align=&#8220;center&#8220; i_icon_fontawesome=&#8220;fa fa-brands fa-bandcamp&#8220; css=&#8220;.vc_custom_1770506519962{margin-top: -15px !important;}&#8220; button_block=&#8220;true&#8220; add_icon=&#8220;true&#8220; link=&#8220;url:https%3A%2F%2Fgrainofpain.bandcamp.com%2Falbum%2Fbehind-us-all|title:Bandcamp|target:_blank&#8220;][vc_empty_space height=&#8220;20px&#8220;][\/vc_column][\/vc_row][vc_row][vc_column][vc_column_text css=&#8220;&#8220;]Nach der Unterzeichnung beim deutschen Metal-Label <strong data-start=\"1226\" data-end=\"1241\">Noble Demon<\/strong> im Jahr 2024 f\u00fcr ihr Deb\u00fctalbum &#8222;<strong>The Moon Lights The Way<\/strong>&#8220; legen <strong>Grain of Pain<\/strong> mit dem zweiten Full-Length-Release nun noch einmal nach. &#8222;<strong>Behind Us All<\/strong>&#8220; ist ein beeindruckender Beleg f\u00fcr die Weiterentwicklung der Band und bietet ein tief atmosph\u00e4risches, emotional aufgeladenes H\u00f6rerlebnis.[\/vc_column_text][\/vc_column][\/vc_row][vc_row][vc_column][vc_separator][vc_row_inner][vc_column_inner][vc_video link=&#8220;https:\/\/www.youtube.com\/watch?v=F5W5go6Tps0&#8243; css=&#8220;&#8220; title=&#8220;Grain Of Pain &#8211; If Morning Never Comes (feat. Kirsten J\u00f8rgensen) `{`Animated Lyric Video`}`&#8220;][\/vc_column_inner][\/vc_row_inner][\/vc_column][\/vc_row][vc_row][vc_column][vc_separator][vc_column_text css=&#8220;&#8220;]<span style=\"font-size: 14pt;\">CD und Vinyl-Editionen des Albums &#8222;<b>Behind Us All<\/b>&#8222;:<\/span>[\/vc_column_text][vc_empty_space height=&#8220;1px&#8220;][vc_row_inner css=&#8220;.vc_custom_1760894907928{margin-top: -5px !important;}&#8220;][vc_column_inner width=&#8220;1\/2&#8243;][vc_single_image image=&#8220;414927&#8243; img_size=&#8220;full&#8220; onclick=&#8220;custom_link&#8220; css=&#8220;&#8220; link=&#8220;https:\/\/ucm.one\/de\/produkt\/grain-of-pain-behind-us-all\/&#8220;][vc_empty_space height=&#8220;1px&#8220; css=&#8220;.vc_custom_1629280384190{margin-top: -5px !important;}&#8220;][vc_column_text css=&#8220;.vc_custom_1770506616982{margin-top: -25px !important;}&#8220;]<\/p>\n<p>CD<\/p>\n<p>[\/vc_column_text][\/vc_column_inner][vc_column_inner width=&#8220;1\/2&#8243;][vc_single_image image=&#8220;414929&#8243; img_size=&#8220;full&#8220; onclick=&#8220;custom_link&#8220; css=&#8220;&#8220; link=&#8220;https:\/\/ucm.one\/de\/produkt\/grain-of-pain-behind-us-all\/&#8220;][vc_empty_space height=&#8220;1px&#8220; css=&#8220;.vc_custom_1629280384190{margin-top: -5px !important;}&#8220;][vc_column_text css=&#8220;.vc_custom_1770506633426{margin-top: -25px !important;}&#8220;]<\/p>\n<p>LP (Black Vinyl)<\/p>\n<p>[\/vc_column_text][\/vc_column_inner][\/vc_row_inner][\/vc_column][\/vc_row][vc_row][vc_column width=&#8220;2\/4&#8243;][vc_column_text css=&#8220;&#8220;]Alle physischen Auflagen des Albums &#8222;<b>Behind Us All<\/b>&#8220; k\u00f6nnen u.a. auch bei <a href=\"https:\/\/grainofpain.bandcamp.com\/album\/behind-us-all\">Bandcamp<\/a>\u00a0und unserem <a href=\"https:\/\/ucm.one\/de\/produkt\/grain-of-pain-behind-us-all\/\">Shop<\/a> erworben werden.[\/vc_column_text][\/vc_column][vc_column width=&#8220;1\/4&#8243;][vc_empty_space height=&#8220;22px&#8220;][vc_btn title=&#8220;Bandcamp&#8220; style=&#8220;flat&#8220; color=&#8220;inverse&#8220; size=&#8220;sm&#8220; align=&#8220;center&#8220; i_icon_fontawesome=&#8220;fa fa-brands fa-bandcamp&#8220; css=&#8220;.vc_custom_1770506819182{margin-top: -20px !important;}&#8220; button_block=&#8220;true&#8220; add_icon=&#8220;true&#8220; link=&#8220;url:https%3A%2F%2Fgrainofpain.bandcamp.com%2Falbum%2Fbehind-us-all|title:Behind%20Us%20All|target:_blank&#8220;][\/vc_column][vc_column width=&#8220;1\/4&#8243;][vc_empty_space height=&#8220;22px&#8220;][vc_btn title=&#8220;Shop&#8220; style=&#8220;flat&#8220; color=&#8220;juicy-pink&#8220; size=&#8220;sm&#8220; align=&#8220;center&#8220; i_icon_fontawesome=&#8220;fa fa-solid fa-cart-shopping&#8220; css=&#8220;.vc_custom_1772988059450{margin-top: -20px !important;}&#8220; button_block=&#8220;true&#8220; add_icon=&#8220;true&#8220; link=&#8220;url:https%3A%2F%2Fucm.one%2Fde%2Fprodukt%2Fgrain-of-pain-behind-us-all%2F|title:Behind%20Us%20All&#8220;][vc_empty_space height=&#8220;15px&#8220;][\/vc_column][\/vc_row][vc_row][vc_column width=&#8220;1\/2&#8243;][vc_column_text css=&#8220;&#8220;]Weitere Informationen \u00fcber die Band: <a href=\"https:\/\/ucm.one\/de\/grain-of-pain\">Grain of Pain<\/a>[\/vc_column_text][\/vc_column][vc_column width=&#8220;1\/2&#8243;][vc_column_text]Weitere Informationen \u00fcber das Label: <a href=\"https:\/\/ucm.one\/de\/musik-labels\/noble-demon\/\">Noble Demon<\/a>[\/vc_column_text][\/vc_column][\/vc_row]<\/p>\n<\/div>","protected":false},"excerpt":{"rendered":"<p>[vc_row][vc_column][vc_column_text css=&#8220;&#8220;]&#8222;Behind Us All&#8220;, das zweite Studioalbum der finnischen Doom Metal Band Grain of Pain, wurde im M\u00e4rz \u00fcber Noble Demon ver\u00f6ffentlicht. Anl\u00e4sslich der Ver\u00f6ffentlichung hat die Band nun zudem ein animiertes Lyric-Video zum Track &#8222;If Morning Never Comes&#8220; (feat. Kirsten J\u00f8rgensen) ver\u00f6ffentlicht,[\/vc_column_text][\/vc_column][vc_column width=&#8220;3\/5&#8243;][vc_column_text css=&#8220;&#8220;]Mit &#8222;Behind Us All&#8220; f\u00fchren Grain of Pain ihre charakteristische Mischung&hellip;<\/p>\n","protected":false},"author":2,"featured_media":416650,"comment_status":"closed","ping_status":"closed","sticky":false,"template":"","format":"standard","meta":{"_acf_changed":false,"footnotes":""},"categories":[9,13,7077],"tags":[19456,9606,7092,7091,8017,17597,19572,19573,7093,7090,7079,19455,17601,6066],"class_list":["post-416649","post","type-post","status-publish","format-standard","has-post-thumbnail","hentry","category-musik","category-news","category-noble-demon","tag-behind-us-all","tag-cd","tag-death-metal","tag-doom-metal","tag-finnland","tag-grain-of-pain","tag-if-morning-never-comes","tag-kirsten-joergensen","tag-melodic-metal","tag-metal","tag-noble-demon","tag-pekka-olkkonen","tag-timo-solonen","tag-vinyl","category-9","category-13","category-7077","description-off"],"acf":[],"yoast_head":"<!-- This site is optimized with the Yoast SEO plugin v27.5 - https:\/\/yoast.com\/product\/yoast-seo-wordpress\/ -->\n<title>Grain of Pain ver\u00f6ffentlichen zweites Album &quot;Behind Us All&quot;<\/title>\n<meta name=\"description\" content=\"Die finnische Doom Metal Band &quot;Grain of Pain&quot;\u00a0feiert die Ver\u00f6ffentlichung ihres neuen Albums &quot;Behind Us All&quot;\u00a0auf dem Label Noble Demon.\" \/>\n<meta name=\"robots\" content=\"index, follow, max-snippet:-1, max-image-preview:large, max-video-preview:-1\" \/>\n<link rel=\"canonical\" href=\"https:\/\/ucm.one\/de\/grain-of-pain-veroeffentlichen-neues-lyric-video-zur-single-if-morning-never-comes-noble-demon\/\" \/>\n<meta property=\"og:locale\" content=\"de_DE\" \/>\n<meta property=\"og:type\" content=\"article\" \/>\n<meta property=\"og:title\" content=\"Grain of Pain ver\u00f6ffentlichen zweites Album &quot;Behind Us All&quot;\" \/>\n<meta property=\"og:description\" content=\"Die finnische Doom Metal Band &quot;Grain of Pain&quot;\u00a0feiert die Ver\u00f6ffentlichung ihres neuen Albums &quot;Behind Us All&quot;\u00a0auf dem Label Noble Demon.\" \/>\n<meta property=\"og:url\" content=\"https:\/\/ucm.one\/de\/grain-of-pain-veroeffentlichen-neues-lyric-video-zur-single-if-morning-never-comes-noble-demon\/\" \/>\n<meta property=\"og:site_name\" content=\"UCM.ONE\" \/>\n<meta property=\"article:published_time\" content=\"2026-04-22T23:48:48+00:00\" \/>\n<meta property=\"article:modified_time\" content=\"2026-04-26T16:37:13+00:00\" \/>\n<meta property=\"og:image\" content=\"https:\/\/ucm.one\/wp-content\/uploads\/2026\/02\/C-Grain-Of-Pain-Behind-Us-All-Art.jpg\" \/>\n\t<meta property=\"og:image:width\" content=\"1000\" \/>\n\t<meta property=\"og:image:height\" content=\"1000\" \/>\n\t<meta property=\"og:image:type\" content=\"image\/jpeg\" \/>\n<meta name=\"author\" content=\"Joachim Keil\" \/>\n<meta name=\"twitter:card\" content=\"summary_large_image\" \/>\n<meta name=\"twitter:title\" content=\"Grain of Pain ver\u00f6ffentlichen zweites Album &quot;Behind Us All&quot;\" \/>\n<meta name=\"twitter:description\" content=\"Die finnische Doom Metal Band &quot;Grain of Pain&quot;\u00a0feiert die Ver\u00f6ffentlichung ihres neuen Albums &quot;Behind Us All&quot;\u00a0auf dem Label Noble Demon.\" \/>\n<meta name=\"twitter:image\" content=\"https:\/\/ucm.one\/wp-content\/uploads\/2026\/02\/C-Grain-Of-Pain-Behind-Us-All-Art.jpg\" \/>\n<meta name=\"twitter:label1\" content=\"Verfasst von\" \/>\n\t<meta name=\"twitter:data1\" content=\"Joachim Keil\" \/>\n\t<meta name=\"twitter:label2\" content=\"Gesch\u00e4tzte Lesezeit\" \/>\n\t<meta name=\"twitter:data2\" content=\"3\u00a0Minuten\" \/>\n<!-- \/ Yoast SEO plugin. -->","yoast_head_json":{"title":"Grain of Pain ver\u00f6ffentlichen zweites Album \"Behind Us All\"","description":"Die finnische Doom Metal Band \"Grain of Pain\"\u00a0feiert die Ver\u00f6ffentlichung ihres neuen Albums \"Behind Us All\"\u00a0auf dem Label Noble Demon.","robots":{"index":"index","follow":"follow","max-snippet":"max-snippet:-1","max-image-preview":"max-image-preview:large","max-video-preview":"max-video-preview:-1"},"canonical":"https:\/\/ucm.one\/de\/grain-of-pain-veroeffentlichen-neues-lyric-video-zur-single-if-morning-never-comes-noble-demon\/","og_locale":"de_DE","og_type":"article","og_title":"Grain of Pain ver\u00f6ffentlichen zweites Album \"Behind Us All\"","og_description":"Die finnische Doom Metal Band \"Grain of Pain\"\u00a0feiert die Ver\u00f6ffentlichung ihres neuen Albums \"Behind Us All\"\u00a0auf dem Label Noble Demon.","og_url":"https:\/\/ucm.one\/de\/grain-of-pain-veroeffentlichen-neues-lyric-video-zur-single-if-morning-never-comes-noble-demon\/","og_site_name":"UCM.ONE","article_published_time":"2026-04-22T23:48:48+00:00","article_modified_time":"2026-04-26T16:37:13+00:00","og_image":[{"width":1000,"height":1000,"url":"https:\/\/ucm.one\/wp-content\/uploads\/2026\/02\/C-Grain-Of-Pain-Behind-Us-All-Art.jpg","type":"image\/jpeg"}],"author":"Joachim Keil","twitter_card":"summary_large_image","twitter_title":"Grain of Pain ver\u00f6ffentlichen zweites Album \"Behind Us All\"","twitter_description":"Die finnische Doom Metal Band \"Grain of Pain\"\u00a0feiert die Ver\u00f6ffentlichung ihres neuen Albums \"Behind Us All\"\u00a0auf dem Label Noble Demon.","twitter_image":"https:\/\/ucm.one\/wp-content\/uploads\/2026\/02\/C-Grain-Of-Pain-Behind-Us-All-Art.jpg","twitter_misc":{"Verfasst von":"Joachim Keil","Gesch\u00e4tzte Lesezeit":"3\u00a0Minuten"},"schema":{"@context":"https:\/\/schema.org","@graph":[{"@type":"Article","@id":"https:\/\/ucm.one\/de\/grain-of-pain-veroeffentlichen-neues-lyric-video-zur-single-if-morning-never-comes-noble-demon\/#article","isPartOf":{"@id":"https:\/\/ucm.one\/de\/grain-of-pain-veroeffentlichen-neues-lyric-video-zur-single-if-morning-never-comes-noble-demon\/"},"author":{"name":"Joachim Keil","@id":"https:\/\/ucm.one\/de\/#\/schema\/person\/4b959e467e8acc058836467a0ef8fa50"},"headline":"\ud83c\udfb5 &#8222;Grain of Pain&#8220; ver\u00f6ffentlichen neues Lyric-Video zur Single &#8222;If Morning Never Comes&#8220; (Noble Demon)","datePublished":"2026-04-22T23:48:48+00:00","dateModified":"2026-04-26T16:37:13+00:00","mainEntityOfPage":{"@id":"https:\/\/ucm.one\/de\/grain-of-pain-veroeffentlichen-neues-lyric-video-zur-single-if-morning-never-comes-noble-demon\/"},"wordCount":1027,"publisher":{"@id":"https:\/\/ucm.one\/de\/#organization"},"image":{"@id":"https:\/\/ucm.one\/de\/grain-of-pain-veroeffentlichen-neues-lyric-video-zur-single-if-morning-never-comes-noble-demon\/#primaryimage"},"thumbnailUrl":"https:\/\/ucm.one\/wp-content\/uploads\/2026\/04\/B-GRain-of-Pain-If-Morning-Never-Comes.jpg","keywords":["Behind Us All","CD","Death Metal","Doom Metal","Finnland","Grain of Pain","If Morning Never Comes","Kirsten J\u00f8rgensen","Melodic Metal","Metal","Noble Demon","Pekka Olkkonen","Timo Solonen","Vinyl"],"articleSection":["Musik","News","Noble Demon"],"inLanguage":"de"},{"@type":"WebPage","@id":"https:\/\/ucm.one\/de\/grain-of-pain-veroeffentlichen-neues-lyric-video-zur-single-if-morning-never-comes-noble-demon\/","url":"https:\/\/ucm.one\/de\/grain-of-pain-veroeffentlichen-neues-lyric-video-zur-single-if-morning-never-comes-noble-demon\/","name":"Grain of Pain ver\u00f6ffentlichen zweites Album \"Behind Us All\"","isPartOf":{"@id":"https:\/\/ucm.one\/de\/#website"},"primaryImageOfPage":{"@id":"https:\/\/ucm.one\/de\/grain-of-pain-veroeffentlichen-neues-lyric-video-zur-single-if-morning-never-comes-noble-demon\/#primaryimage"},"image":{"@id":"https:\/\/ucm.one\/de\/grain-of-pain-veroeffentlichen-neues-lyric-video-zur-single-if-morning-never-comes-noble-demon\/#primaryimage"},"thumbnailUrl":"https:\/\/ucm.one\/wp-content\/uploads\/2026\/04\/B-GRain-of-Pain-If-Morning-Never-Comes.jpg","datePublished":"2026-04-22T23:48:48+00:00","dateModified":"2026-04-26T16:37:13+00:00","description":"Die finnische Doom Metal Band \"Grain of Pain\"\u00a0feiert die Ver\u00f6ffentlichung ihres neuen Albums \"Behind Us All\"\u00a0auf dem Label Noble Demon.","breadcrumb":{"@id":"https:\/\/ucm.one\/de\/grain-of-pain-veroeffentlichen-neues-lyric-video-zur-single-if-morning-never-comes-noble-demon\/#breadcrumb"},"inLanguage":"de","potentialAction":[{"@type":"ReadAction","target":["https:\/\/ucm.one\/de\/grain-of-pain-veroeffentlichen-neues-lyric-video-zur-single-if-morning-never-comes-noble-demon\/"]}]},{"@type":"ImageObject","inLanguage":"de","@id":"https:\/\/ucm.one\/de\/grain-of-pain-veroeffentlichen-neues-lyric-video-zur-single-if-morning-never-comes-noble-demon\/#primaryimage","url":"https:\/\/ucm.one\/wp-content\/uploads\/2026\/04\/B-GRain-of-Pain-If-Morning-Never-Comes.jpg","contentUrl":"https:\/\/ucm.one\/wp-content\/uploads\/2026\/04\/B-GRain-of-Pain-If-Morning-Never-Comes.jpg","width":1920,"height":600},{"@type":"BreadcrumbList","@id":"https:\/\/ucm.one\/de\/grain-of-pain-veroeffentlichen-neues-lyric-video-zur-single-if-morning-never-comes-noble-demon\/#breadcrumb","itemListElement":[{"@type":"ListItem","position":1,"name":"Home","item":"https:\/\/ucm.one\/de\/"},{"@type":"ListItem","position":2,"name":"\ud83c\udfb5 &#8220;Grain of Pain&#8221; ver\u00f6ffentlichen neues Lyric-Video zur Single &#8220;If Morning Never Comes&#8221; (Noble Demon)"}]},{"@type":"WebSite","@id":"https:\/\/ucm.one\/de\/#website","url":"https:\/\/ucm.one\/de\/","name":"UCM.ONE","description":"","publisher":{"@id":"https:\/\/ucm.one\/de\/#organization"},"potentialAction":[{"@type":"SearchAction","target":{"@type":"EntryPoint","urlTemplate":"https:\/\/ucm.one\/de\/?s={search_term_string}"},"query-input":{"@type":"PropertyValueSpecification","valueRequired":true,"valueName":"search_term_string"}}],"inLanguage":"de"},{"@type":"Organization","@id":"https:\/\/ucm.one\/de\/#organization","name":"UCM.ONE","url":"https:\/\/ucm.one\/de\/","logo":{"@type":"ImageObject","inLanguage":"de","@id":"https:\/\/ucm.one\/de\/#\/schema\/logo\/image\/","url":"https:\/\/ucm.one\/wp-content\/uploads\/2019\/10\/UCM.ONE-Logo-RGB.svg","contentUrl":"https:\/\/ucm.one\/wp-content\/uploads\/2019\/10\/UCM.ONE-Logo-RGB.svg","width":1,"height":1,"caption":"UCM.ONE"},"image":{"@id":"https:\/\/ucm.one\/de\/#\/schema\/logo\/image\/"}},{"@type":"Person","@id":"https:\/\/ucm.one\/de\/#\/schema\/person\/4b959e467e8acc058836467a0ef8fa50","name":"Joachim Keil","image":{"@type":"ImageObject","inLanguage":"de","@id":"https:\/\/secure.gravatar.com\/avatar\/10e1dfd05f2a7a7bc83cd44bae31e01c8ac15f974229211a2b1a49fa0a22fec0?s=96&d=mm&r=g","url":"https:\/\/secure.gravatar.com\/avatar\/10e1dfd05f2a7a7bc83cd44bae31e01c8ac15f974229211a2b1a49fa0a22fec0?s=96&d=mm&r=g","contentUrl":"https:\/\/secure.gravatar.com\/avatar\/10e1dfd05f2a7a7bc83cd44bae31e01c8ac15f974229211a2b1a49fa0a22fec0?s=96&d=mm&r=g","caption":"Joachim Keil"},"sameAs":["https:\/\/ucm.one"]}]}},"_links":{"self":[{"href":"https:\/\/ucm.one\/de\/wp-json\/wp\/v2\/posts\/416649","targetHints":{"allow":["GET"]}}],"collection":[{"href":"https:\/\/ucm.one\/de\/wp-json\/wp\/v2\/posts"}],"about":[{"href":"https:\/\/ucm.one\/de\/wp-json\/wp\/v2\/types\/post"}],"author":[{"embeddable":true,"href":"https:\/\/ucm.one\/de\/wp-json\/wp\/v2\/users\/2"}],"replies":[{"embeddable":true,"href":"https:\/\/ucm.one\/de\/wp-json\/wp\/v2\/comments?post=416649"}],"version-history":[{"count":3,"href":"https:\/\/ucm.one\/de\/wp-json\/wp\/v2\/posts\/416649\/revisions"}],"predecessor-version":[{"id":416668,"href":"https:\/\/ucm.one\/de\/wp-json\/wp\/v2\/posts\/416649\/revisions\/416668"}],"wp:featuredmedia":[{"embeddable":true,"href":"https:\/\/ucm.one\/de\/wp-json\/wp\/v2\/media\/416650"}],"wp:attachment":[{"href":"https:\/\/ucm.one\/de\/wp-json\/wp\/v2\/media?parent=416649"}],"wp:term":[{"taxonomy":"category","embeddable":true,"href":"https:\/\/ucm.one\/de\/wp-json\/wp\/v2\/categories?post=416649"},{"taxonomy":"post_tag","embeddable":true,"href":"https:\/\/ucm.one\/de\/wp-json\/wp\/v2\/tags?post=416649"}],"curies":[{"name":"wp","href":"https:\/\/api.w.org\/{rel}","templated":true}]}}