{"id":416344,"date":"2026-04-20T12:00:53","date_gmt":"2026-04-20T12:00:53","guid":{"rendered":"https:\/\/ucm.one\/?p=416344"},"modified":"2026-04-26T17:02:58","modified_gmt":"2026-04-26T17:02:58","slug":"plan-f-feiert-berliner-premiere-beim-22-achtung-berlin-filmfestival","status":"publish","type":"post","link":"https:\/\/ucm.one\/de\/plan-f-feiert-berliner-premiere-beim-22-achtung-berlin-filmfestival\/","title":{"rendered":"\ud83c\udfac \u201ePlan F&#8220; feiert Berliner Premiere beim 22. Achtung Berlin Filmfestival"},"content":{"rendered":"<div class=\"wpb-content-wrapper\"><p>[vc_row][vc_column][vc_column_text css=&#8220;&#8220;]<\/p>\n<div style=\"text-align: justify;\">Am Sonntagabend, 19. April 2026, feierte der Spielfilm \u201e<strong>Plan F<\/strong>&#8220; von Regisseurin <strong>Ina Balon<\/strong> seine Berliner Premiere im Kino <strong>Babylon Berlin-Mitte<\/strong>. Gezeigt wurde der Film um 18:15 Uhr im <strong>Wettbewerb Spielfilm <\/strong>des<strong> 22. achtung berlin filmfestivals<\/strong> \u2013 ein weiterer wichtiger Schritt auf dem Weg zum Kinostart Ende 2026 \u00fcber das <span style=\"font-family: 'arial black', sans-serif;\">UCM.ONE<\/span>-Filmlabel <strong>Darling Berlin<\/strong>.<\/div>\n<p>[\/vc_column_text][\/vc_column][\/vc_row][vc_row][vc_column width=&#8220;4\/5&#8243;][vc_column_text css=&#8220;&#8220;]<\/p>\n<div style=\"text-align: justify;\">\u201e<strong>Plan F<\/strong>&#8220; ist <strong>Ina Balon<\/strong>s Spielfilmdeb\u00fct und wurde bereits bei den<strong> 59. Internationalen Hofer Filmtagen 2025<\/strong> mit gleich zwei Auszeichnungen bedacht: dem <strong>Friedrich-Baur-Goldpreis<\/strong> f\u00fcr die beste Regieleistung eines ersten Langspielfilms sowie dem <strong>Hofer Kritikerpreis<\/strong>. Die Berliner Premiere im Rahmen des <strong>achtung berlin filmfestivals<\/strong>, dessen Partner<span style=\"font-family: 'arial black', sans-serif;\"> UCM.ONE<\/span> und <strong>Darling Berlin<\/strong> in diesem Jahr zum elften Mal sind, markiert die erste \u00f6ffentliche Vorf\u00fchrung des Films in der Hauptstadt und die Begegnung der Berliner Produktion mit ihrem Heimpublikum.<\/div>\n<div style=\"text-align: justify;\"><\/div>\n<p>[\/vc_column_text][vc_column_text css=&#8220;&#8220;]<\/p>\n<div style=\"text-align: justify;\">\n<div style=\"text-align: justify;\">Im nahezu ausverkauften Saal 1 des Babylon fand \u201e<strong>Plan F<\/strong>&#8220; ein \u00fcberw\u00e4ltigend positives Echo. Getragen von der energiegeladenen Schauspielerleistung der beiden Hauptdarstellerinnen schwang der Film durch laute, lustige, bewegende und tragische Momente \u2013 und nahm das Publikum dabei sichtlich mit. Immer wieder wurde gelacht, immer wieder war es still; am Ende blieb vor allem ein Gef\u00fchl h\u00e4ngen, das viele G\u00e4ste anschlie\u00dfend teilten: bewegend. Eine Stimmung, die sich bis weit in das anschlie\u00dfende Publikumsgespr\u00e4ch hineintrug.<\/div>\n<\/div>\n<div style=\"text-align: justify;\"><\/div>\n<p>[\/vc_column_text][\/vc_column][vc_column width=&#8220;1\/5&#8243;][vc_single_image image=&#8220;415024&#8243; img_size=&#8220;full&#8220; css=&#8220;&#8220;][\/vc_column][\/vc_row][vc_row][vc_column width=&#8220;1\/2&#8243;][vc_single_image image=&#8220;416350&#8243; img_size=&#8220;full&#8220; add_caption=&#8220;yes&#8220; css=&#8220;&#8220;][\/vc_column][vc_column width=&#8220;1\/2&#8243;][vc_single_image image=&#8220;416352&#8243; img_size=&#8220;full&#8220; add_caption=&#8220;yes&#8220; css=&#8220;&#8220;][\/vc_column][\/vc_row][vc_row][vc_column][vc_separator css=&#8220;&#8220;][\/vc_column][\/vc_row][vc_row][vc_column width=&#8220;3\/4&#8243;][vc_column_text css=&#8220;&#8220;]<\/p>\n<div style=\"text-align: justify;\">\n<p>Im Anschluss an die Vorf\u00fchrung stellten sich <strong>Regisseurin<\/strong> und Produzentin <strong>Ina Balon<\/strong>, Hauptdarstellerin <strong>Ursula Renneke<\/strong> (Maya), Produzent <strong>Jannik B\u00fcddig<\/strong> (ZAK Film Productions), Drehbuchautor<strong> Claudius Beutler<\/strong> und Kameramann <strong>Jochen Askari<\/strong> im Oval des Babylon den Fragen eines sehr interessierten Publikums. Hauptdarstellerin<strong> B\u00e4rbel Schwarz<\/strong> (Franka) konnte wegen eines Theaterengagements nicht anwesend sein. Das Gespr\u00e4ch dauerte \u00fcber 30 Minuten und gab Einblicke in die Entstehung des Films \u2013 von der Stoffentwicklung und der Arbeit mit den beiden Hauptdarstellerinnen \u00fcber die Besetzung bis zur Bildsprache zwischen brandenburgischer Weite und Berliner N\u00e4he.<\/p>\n<p>Ina Balon beschreibt ihren Film, der im Kern um zwei Schwestern kreist, die sich nichts mehr vormachen k\u00f6nnen, selbst als \u201eeine Liebeserkl\u00e4rung an das Scheitern \u2013 kein Film \u00fcber Vers\u00f6hnung, sondern \u00fcber das Ringen darum, sich nicht aus den Augen zu verlieren.&#8220; Eine Haltung, die den Abend im Babylon auch jenseits der Leinwand sp\u00fcrbar trug.<\/p>\n<\/div>\n<div><\/div>\n<div>\n<div>\n<div style=\"text-align: justify;\">\n<div>\n<div>\n<div>\n<div>Tickets und weitere Vorstellungen unter <a href=\"https:\/\/achtungberlin.de\/2026\/plan-f\" target=\"_blank\" rel=\"noopener\"><strong>achtungberlin.de<\/strong><\/a>.<\/div>\n<\/div>\n<\/div>\n<\/div>\n<\/div>\n<div style=\"text-align: justify;\">\n<div>\n<div><\/div>\n<\/div>\n<\/div>\n<\/div>\n<\/div>\n<p>[\/vc_column_text][vc_column_text css=&#8220;&#8220;]<\/p>\n<div><\/div>\n<div>Der Filmvermarkter <span style=\"font-family: 'arial black', sans-serif;\">UCM.ONE<\/span> bringt \u201e<strong>Plan F<\/strong>&#8220; Ende 2026 auf seinem Filmlabel <strong>Darling Berlin<\/strong> in Deutschland, \u00d6sterreich sowie der Schweiz in die Kinos.<\/div>\n<p>[\/vc_column_text][\/vc_column][vc_column width=&#8220;1\/4&#8243;][vc_single_image image=&#8220;416348&#8243; img_size=&#8220;full&#8220; add_caption=&#8220;yes&#8220; css=&#8220;&#8220;][\/vc_column][\/vc_row][vc_row][vc_column width=&#8220;1\/2&#8243;][vc_single_image image=&#8220;416362&#8243; img_size=&#8220;full&#8220; add_caption=&#8220;yes&#8220; css=&#8220;&#8220;][\/vc_column][vc_column width=&#8220;1\/2&#8243;][vc_single_image image=&#8220;416358&#8243; img_size=&#8220;full&#8220; add_caption=&#8220;yes&#8220; css=&#8220;&#8220;][\/vc_column][\/vc_row][vc_row][vc_column][vc_separator css=&#8220;&#8220;][\/vc_column][\/vc_row][vc_row css=&#8220;.vc_custom_1768590775216{margin-bottom: -20px !important;background-color: #EAEAEA !important;}&#8220;][vc_column][vc_empty_space height=&#8220;22px&#8220;][vc_column_text css=&#8220;.vc_custom_1770899441469{padding-bottom: -25px !important;}&#8220;]<\/p>\n<div class=\"wpb_text_column wpb_content_element \">\n<p><span style=\"font-size: 14pt;\">Daten zum Film<\/span><\/p>\n<table style=\"border-collapse: collapse; width: 100%; height: 308px;\">\n<tbody>\n<tr style=\"height: 22px;\">\n<td style=\"width: 14.487%; height: 22px; vertical-align: top;\"><strong>Titel:<\/strong><\/td>\n<td style=\"width: 85.513%; height: 22px; vertical-align: top;\">Plan F<\/td>\n<\/tr>\n<tr style=\"height: 22px;\">\n<td style=\"width: 14.487%; height: 22px; vertical-align: top;\"><strong>Regie:<\/strong><\/td>\n<td style=\"width: 85.513%; height: 22px; vertical-align: top;\">Ina Balon<\/td>\n<\/tr>\n<tr style=\"height: 22px;\">\n<td style=\"width: 14.487%; height: 22px; vertical-align: top;\"><strong>Drehbuch:<\/strong><\/td>\n<td style=\"width: 85.513%; height: 22px; vertical-align: top;\">Claudius Beutler<\/td>\n<\/tr>\n<tr style=\"height: 22px;\">\n<td style=\"width: 14.487%; height: 22px; vertical-align: top;\"><strong>Produzent*innen:<\/strong><\/td>\n<td style=\"width: 85.513%; height: 22px; vertical-align: top;\">Ina Balon, Jannik B\u00fcddig<\/td>\n<\/tr>\n<tr style=\"height: 22px;\">\n<td style=\"width: 14.487%; height: 22px; vertical-align: top;\"><strong>Bildgestaltung:<\/strong><\/td>\n<td style=\"width: 85.513%; height: 22px; vertical-align: top;\">Jochen Askari<\/td>\n<\/tr>\n<tr style=\"height: 22px;\">\n<td style=\"width: 14.487%; height: 22px; vertical-align: top;\"><strong>Montage:<\/strong><\/td>\n<td style=\"width: 85.513%; height: 22px; vertical-align: top;\">Manuel Stettner<\/td>\n<\/tr>\n<tr style=\"height: 22px;\">\n<td style=\"width: 14.487%; height: 22px; vertical-align: top;\"><strong>Darstellende:<\/strong><\/td>\n<td style=\"width: 85.513%; height: 22px; vertical-align: top;\">B\u00e4rbel Schwarz, Ursula Renneke, J\u00f6rg Malchow, Florian Stettner, Michael Fritz Schumacher, Emma R\u00f6nnebeck u.v.a.<\/td>\n<\/tr>\n<tr style=\"height: 22px;\">\n<td style=\"width: 14.487%; height: 22px; vertical-align: top;\"><\/td>\n<td style=\"width: 85.513%; height: 22px; vertical-align: top;\"><\/td>\n<\/tr>\n<tr style=\"height: 22px;\">\n<td style=\"width: 14.487%; height: 22px; vertical-align: top;\"><strong>Produktionsland:<\/strong><\/td>\n<td style=\"width: 85.513%; height: 22px; vertical-align: top;\">Deutschland<\/td>\n<\/tr>\n<tr style=\"height: 22px;\">\n<td style=\"width: 14.487%; height: 22px; vertical-align: top;\"><strong>Produktionsjahr:<\/strong><\/td>\n<td style=\"width: 85.513%; height: 22px; vertical-align: top;\">2025<\/td>\n<\/tr>\n<tr style=\"height: 22px;\">\n<td style=\"width: 14.487%; vertical-align: top; height: 22px;\"><strong>\u00a0<\/strong><\/td>\n<td style=\"width: 85.513%; vertical-align: top; height: 22px;\"><\/td>\n<\/tr>\n<tr style=\"height: 22px;\">\n<td style=\"width: 14.487%; height: 22px; vertical-align: top;\"><strong>Laufzeit:<\/strong><\/td>\n<td style=\"width: 85.513%; height: 22px; vertical-align: top;\">86 Minuten<\/td>\n<\/tr>\n<tr style=\"height: 22px;\">\n<td style=\"width: 14.487%; height: 22px; vertical-align: top;\"><strong>Sprachversionen:<\/strong><\/td>\n<td style=\"width: 85.513%; height: 22px; vertical-align: top;\">Originalfassung<\/td>\n<\/tr>\n<tr style=\"height: 22px;\">\n<td style=\"width: 14.487%; height: 22px; vertical-align: top;\"><strong>Originalsprachen:<\/strong><\/td>\n<td style=\"width: 85.513%; height: 22px; vertical-align: top;\">Deutsch<\/td>\n<\/tr>\n<tr style=\"height: 22px;\">\n<td style=\"width: 14.487%; height: 22px; vertical-align: top;\"><strong>Untertitel:\u00a0<\/strong><\/td>\n<td style=\"width: 85.513%; height: 22px; vertical-align: top;\">Englisch (in Vorbereitung)<\/td>\n<\/tr>\n<tr style=\"height: 22px;\">\n<td style=\"width: 14.487%; vertical-align: top; height: 22px;\"><strong>FSK:<\/strong><\/td>\n<td style=\"width: 85.513%; vertical-align: top; height: 22px;\">FSK 12 (beantragt)<\/td>\n<\/tr>\n<\/tbody>\n<\/table>\n<p>&nbsp;<\/p>\n<\/div>\n<p>[\/vc_column_text][\/vc_column][\/vc_row][vc_row][vc_column][vc_separator css=&#8220;&#8220;][\/vc_column][\/vc_row][vc_row][vc_column][vc_video link=&#8220;https:\/\/youtu.be\/OXp0yUXRQB8&#8243; css=&#8220;&#8220; title=&#8220;Plan F | Trailer (deutsch) \u1d34\u1d30&#8220;][\/vc_column][\/vc_row][vc_row][vc_column width=&#8220;1\/2&#8243;][vc_column_text]Weiteren Informationen zum Festival und dem Programm: <a title=\"\" href=\"https:\/\/achtungberlin.de\/\" target=\"_blank\" rel=\"noopener\">achtung berlin<\/a>[\/vc_column_text][\/vc_column][vc_column width=&#8220;1\/2&#8243;][vc_column_text]Weiteren Informationen \u00fcber das Filmlabel: <a title=\"Darling Berlin\" href=\"https:\/\/ucm.one\/de\/film-labels\/darling-berlin\/\" rel=\"noopener\">Darling Berlin<\/a>[\/vc_column_text][\/vc_column][\/vc_row]<\/p>\n<\/div>","protected":false},"excerpt":{"rendered":"<p>[vc_row][vc_column][vc_column_text css=&#8220;&#8220;] Am Sonntagabend, 19. April 2026, feierte der Spielfilm \u201ePlan F&#8220; von Regisseurin Ina Balon seine Berliner Premiere im Kino Babylon Berlin-Mitte. Gezeigt wurde der Film um 18:15 Uhr im Wettbewerb Spielfilm des 22. achtung berlin filmfestivals \u2013 ein weiterer wichtiger Schritt auf dem Weg zum Kinostart Ende 2026 \u00fcber das UCM.ONE-Filmlabel Darling Berlin.&hellip;<\/p>\n","protected":false},"author":513,"featured_media":416354,"comment_status":"closed","ping_status":"closed","sticky":false,"template":"","format":"standard","meta":{"_acf_changed":false,"footnotes":""},"categories":[830,8,5590,13,752],"tags":[19543,19353,2498,8757,19466,2261,2266,8755,19542,19550,19545],"class_list":["post-416344","post","type-post","status-publish","format-standard","has-post-thumbnail","hentry","category-darling-berlin","category-film","category-firma","category-news","category-verleih","tag-plan-f","tag-19353","tag-achtung-berlin","tag-achtung-berlin-fimfestival","tag-baerbel-schwarz","tag-berlin","tag-darling-berlin","tag-filmfestival","tag-ina-balon","tag-jannik-bueddig","tag-ursula-rennecke","category-830","category-8","category-5590","category-13","category-752","description-off"],"acf":[],"yoast_head":"<!-- This site is optimized with the Yoast SEO plugin v27.5 - https:\/\/yoast.com\/product\/yoast-seo-wordpress\/ -->\n<title>&quot;Plan F&quot; feiert Berlin-Premiere beim 22. achtung berlin filmfestival 2026<\/title>\n<meta name=\"description\" content=\"\u00dcberw\u00e4ltigend positive Berliner Premiere f\u00fcr \u201ePlan F&quot; von Ina Balon im Babylon | Kinostart Ende 2026 \u00fcber Darling Berlin.\" \/>\n<meta name=\"robots\" content=\"index, follow, max-snippet:-1, max-image-preview:large, max-video-preview:-1\" \/>\n<link rel=\"canonical\" href=\"https:\/\/ucm.one\/de\/plan-f-feiert-berliner-premiere-beim-22-achtung-berlin-filmfestival\/\" \/>\n<meta property=\"og:locale\" content=\"de_DE\" \/>\n<meta property=\"og:type\" content=\"article\" \/>\n<meta property=\"og:title\" content=\"&quot;Plan F&quot; feiert Berlin-Premiere beim 22. achtung berlin filmfestival 2026\" \/>\n<meta property=\"og:description\" content=\"\u00dcberw\u00e4ltigend positive Berliner Premiere f\u00fcr \u201ePlan F&quot; von Ina Balon im Babylon | Kinostart Ende 2026 \u00fcber Darling Berlin.\" \/>\n<meta property=\"og:url\" content=\"https:\/\/ucm.one\/de\/plan-f-feiert-berliner-premiere-beim-22-achtung-berlin-filmfestival\/\" \/>\n<meta property=\"og:site_name\" content=\"UCM.ONE\" \/>\n<meta property=\"article:published_time\" content=\"2026-04-20T12:00:53+00:00\" \/>\n<meta property=\"article:modified_time\" content=\"2026-04-26T17:02:58+00:00\" \/>\n<meta property=\"og:image\" content=\"https:\/\/ucm.one\/wp-content\/uploads\/2026\/04\/SQ2026.jpg\" \/>\n\t<meta property=\"og:image:width\" content=\"1000\" \/>\n\t<meta property=\"og:image:height\" content=\"1000\" \/>\n\t<meta property=\"og:image:type\" content=\"image\/jpeg\" \/>\n<meta name=\"author\" content=\"robert.zimmermann\" \/>\n<meta name=\"twitter:card\" content=\"summary_large_image\" \/>\n<meta name=\"twitter:title\" content=\"&quot;Plan F&quot; feiert Berlin-Premiere beim 22. achtung berlin filmfestival 2026\" \/>\n<meta name=\"twitter:description\" content=\"\u00dcberw\u00e4ltigend positive Berliner Premiere f\u00fcr \u201ePlan F&quot; von Ina Balon im Babylon | Kinostart Ende 2026 \u00fcber Darling Berlin.\" \/>\n<meta name=\"twitter:image\" content=\"https:\/\/ucm.one\/wp-content\/uploads\/2026\/04\/SQ2026.jpg\" \/>\n<meta name=\"twitter:label1\" content=\"Verfasst von\" \/>\n\t<meta name=\"twitter:data1\" content=\"robert.zimmermann\" \/>\n\t<meta name=\"twitter:label2\" content=\"Gesch\u00e4tzte Lesezeit\" \/>\n\t<meta name=\"twitter:data2\" content=\"5\u00a0Minuten\" \/>\n<!-- \/ Yoast SEO plugin. -->","yoast_head_json":{"title":"\"Plan F\" feiert Berlin-Premiere beim 22. achtung berlin filmfestival 2026","description":"\u00dcberw\u00e4ltigend positive Berliner Premiere f\u00fcr \u201ePlan F\" von Ina Balon im Babylon | Kinostart Ende 2026 \u00fcber Darling Berlin.","robots":{"index":"index","follow":"follow","max-snippet":"max-snippet:-1","max-image-preview":"max-image-preview:large","max-video-preview":"max-video-preview:-1"},"canonical":"https:\/\/ucm.one\/de\/plan-f-feiert-berliner-premiere-beim-22-achtung-berlin-filmfestival\/","og_locale":"de_DE","og_type":"article","og_title":"\"Plan F\" feiert Berlin-Premiere beim 22. achtung berlin filmfestival 2026","og_description":"\u00dcberw\u00e4ltigend positive Berliner Premiere f\u00fcr \u201ePlan F\" von Ina Balon im Babylon | Kinostart Ende 2026 \u00fcber Darling Berlin.","og_url":"https:\/\/ucm.one\/de\/plan-f-feiert-berliner-premiere-beim-22-achtung-berlin-filmfestival\/","og_site_name":"UCM.ONE","article_published_time":"2026-04-20T12:00:53+00:00","article_modified_time":"2026-04-26T17:02:58+00:00","og_image":[{"width":1000,"height":1000,"url":"https:\/\/ucm.one\/wp-content\/uploads\/2026\/04\/SQ2026.jpg","type":"image\/jpeg"}],"author":"robert.zimmermann","twitter_card":"summary_large_image","twitter_title":"\"Plan F\" feiert Berlin-Premiere beim 22. achtung berlin filmfestival 2026","twitter_description":"\u00dcberw\u00e4ltigend positive Berliner Premiere f\u00fcr \u201ePlan F\" von Ina Balon im Babylon | Kinostart Ende 2026 \u00fcber Darling Berlin.","twitter_image":"https:\/\/ucm.one\/wp-content\/uploads\/2026\/04\/SQ2026.jpg","twitter_misc":{"Verfasst von":"robert.zimmermann","Gesch\u00e4tzte Lesezeit":"5\u00a0Minuten"},"schema":{"@context":"https:\/\/schema.org","@graph":[{"@type":"Article","@id":"https:\/\/ucm.one\/de\/plan-f-feiert-berliner-premiere-beim-22-achtung-berlin-filmfestival\/#article","isPartOf":{"@id":"https:\/\/ucm.one\/de\/plan-f-feiert-berliner-premiere-beim-22-achtung-berlin-filmfestival\/"},"author":{"name":"robert.zimmermann","@id":"https:\/\/ucm.one\/de\/#\/schema\/person\/c3b3f40103ac9b2939adf4c2e044f503"},"headline":"\ud83c\udfac \u201ePlan F&#8220; feiert Berliner Premiere beim 22. Achtung Berlin Filmfestival","datePublished":"2026-04-20T12:00:53+00:00","dateModified":"2026-04-26T17:02:58+00:00","mainEntityOfPage":{"@id":"https:\/\/ucm.one\/de\/plan-f-feiert-berliner-premiere-beim-22-achtung-berlin-filmfestival\/"},"wordCount":747,"publisher":{"@id":"https:\/\/ucm.one\/de\/#organization"},"image":{"@id":"https:\/\/ucm.one\/de\/plan-f-feiert-berliner-premiere-beim-22-achtung-berlin-filmfestival\/#primaryimage"},"thumbnailUrl":"https:\/\/ucm.one\/wp-content\/uploads\/2026\/04\/bPlanF_ABBF26_Premiere_de.jpg","keywords":["\"Plan F\"","2026","achtung berlin","achtung berlin fimfestival","B\u00e4rbel Schwarz","Berlin","Darling Berlin","Filmfestival","Ina Balon","Jannik B\u00fcddig","Ursula Rennecke"],"articleSection":["Darling Berlin","Film","Firma","News","Verleih"],"inLanguage":"de"},{"@type":"WebPage","@id":"https:\/\/ucm.one\/de\/plan-f-feiert-berliner-premiere-beim-22-achtung-berlin-filmfestival\/","url":"https:\/\/ucm.one\/de\/plan-f-feiert-berliner-premiere-beim-22-achtung-berlin-filmfestival\/","name":"\"Plan F\" feiert Berlin-Premiere beim 22. achtung berlin filmfestival 2026","isPartOf":{"@id":"https:\/\/ucm.one\/de\/#website"},"primaryImageOfPage":{"@id":"https:\/\/ucm.one\/de\/plan-f-feiert-berliner-premiere-beim-22-achtung-berlin-filmfestival\/#primaryimage"},"image":{"@id":"https:\/\/ucm.one\/de\/plan-f-feiert-berliner-premiere-beim-22-achtung-berlin-filmfestival\/#primaryimage"},"thumbnailUrl":"https:\/\/ucm.one\/wp-content\/uploads\/2026\/04\/bPlanF_ABBF26_Premiere_de.jpg","datePublished":"2026-04-20T12:00:53+00:00","dateModified":"2026-04-26T17:02:58+00:00","description":"\u00dcberw\u00e4ltigend positive Berliner Premiere f\u00fcr \u201ePlan F\" von Ina Balon im Babylon | Kinostart Ende 2026 \u00fcber Darling Berlin.","breadcrumb":{"@id":"https:\/\/ucm.one\/de\/plan-f-feiert-berliner-premiere-beim-22-achtung-berlin-filmfestival\/#breadcrumb"},"inLanguage":"de","potentialAction":[{"@type":"ReadAction","target":["https:\/\/ucm.one\/de\/plan-f-feiert-berliner-premiere-beim-22-achtung-berlin-filmfestival\/"]}]},{"@type":"ImageObject","inLanguage":"de","@id":"https:\/\/ucm.one\/de\/plan-f-feiert-berliner-premiere-beim-22-achtung-berlin-filmfestival\/#primaryimage","url":"https:\/\/ucm.one\/wp-content\/uploads\/2026\/04\/bPlanF_ABBF26_Premiere_de.jpg","contentUrl":"https:\/\/ucm.one\/wp-content\/uploads\/2026\/04\/bPlanF_ABBF26_Premiere_de.jpg","width":1920,"height":600},{"@type":"BreadcrumbList","@id":"https:\/\/ucm.one\/de\/plan-f-feiert-berliner-premiere-beim-22-achtung-berlin-filmfestival\/#breadcrumb","itemListElement":[{"@type":"ListItem","position":1,"name":"Home","item":"https:\/\/ucm.one\/de\/"},{"@type":"ListItem","position":2,"name":"\ud83c\udfac \u201ePlan F&#8221; feiert Berliner Premiere beim 22. Achtung Berlin Filmfestival"}]},{"@type":"WebSite","@id":"https:\/\/ucm.one\/de\/#website","url":"https:\/\/ucm.one\/de\/","name":"UCM.ONE","description":"","publisher":{"@id":"https:\/\/ucm.one\/de\/#organization"},"potentialAction":[{"@type":"SearchAction","target":{"@type":"EntryPoint","urlTemplate":"https:\/\/ucm.one\/de\/?s={search_term_string}"},"query-input":{"@type":"PropertyValueSpecification","valueRequired":true,"valueName":"search_term_string"}}],"inLanguage":"de"},{"@type":"Organization","@id":"https:\/\/ucm.one\/de\/#organization","name":"UCM.ONE","url":"https:\/\/ucm.one\/de\/","logo":{"@type":"ImageObject","inLanguage":"de","@id":"https:\/\/ucm.one\/de\/#\/schema\/logo\/image\/","url":"https:\/\/ucm.one\/wp-content\/uploads\/2019\/10\/UCM.ONE-Logo-RGB.svg","contentUrl":"https:\/\/ucm.one\/wp-content\/uploads\/2019\/10\/UCM.ONE-Logo-RGB.svg","width":1,"height":1,"caption":"UCM.ONE"},"image":{"@id":"https:\/\/ucm.one\/de\/#\/schema\/logo\/image\/"}},{"@type":"Person","@id":"https:\/\/ucm.one\/de\/#\/schema\/person\/c3b3f40103ac9b2939adf4c2e044f503","name":"robert.zimmermann","image":{"@type":"ImageObject","inLanguage":"de","@id":"https:\/\/secure.gravatar.com\/avatar\/e46878d77ec9637bfe2c211eadff61cf2f817a55dd152b546e649bd7e53c0e04?s=96&d=mm&r=g","url":"https:\/\/secure.gravatar.com\/avatar\/e46878d77ec9637bfe2c211eadff61cf2f817a55dd152b546e649bd7e53c0e04?s=96&d=mm&r=g","contentUrl":"https:\/\/secure.gravatar.com\/avatar\/e46878d77ec9637bfe2c211eadff61cf2f817a55dd152b546e649bd7e53c0e04?s=96&d=mm&r=g","caption":"robert.zimmermann"}}]}},"_links":{"self":[{"href":"https:\/\/ucm.one\/de\/wp-json\/wp\/v2\/posts\/416344","targetHints":{"allow":["GET"]}}],"collection":[{"href":"https:\/\/ucm.one\/de\/wp-json\/wp\/v2\/posts"}],"about":[{"href":"https:\/\/ucm.one\/de\/wp-json\/wp\/v2\/types\/post"}],"author":[{"embeddable":true,"href":"https:\/\/ucm.one\/de\/wp-json\/wp\/v2\/users\/513"}],"replies":[{"embeddable":true,"href":"https:\/\/ucm.one\/de\/wp-json\/wp\/v2\/comments?post=416344"}],"version-history":[{"count":9,"href":"https:\/\/ucm.one\/de\/wp-json\/wp\/v2\/posts\/416344\/revisions"}],"predecessor-version":[{"id":416679,"href":"https:\/\/ucm.one\/de\/wp-json\/wp\/v2\/posts\/416344\/revisions\/416679"}],"wp:featuredmedia":[{"embeddable":true,"href":"https:\/\/ucm.one\/de\/wp-json\/wp\/v2\/media\/416354"}],"wp:attachment":[{"href":"https:\/\/ucm.one\/de\/wp-json\/wp\/v2\/media?parent=416344"}],"wp:term":[{"taxonomy":"category","embeddable":true,"href":"https:\/\/ucm.one\/de\/wp-json\/wp\/v2\/categories?post=416344"},{"taxonomy":"post_tag","embeddable":true,"href":"https:\/\/ucm.one\/de\/wp-json\/wp\/v2\/tags?post=416344"}],"curies":[{"name":"wp","href":"https:\/\/api.w.org\/{rel}","templated":true}]}}