{"id":415794,"date":"2026-03-31T21:00:16","date_gmt":"2026-03-31T21:00:16","guid":{"rendered":"https:\/\/ucm.one\/?p=415794"},"modified":"2026-04-02T19:11:03","modified_gmt":"2026-04-02T19:11:03","slug":"nulpen-von-sorina-gajewski-ueberzeugt-junges-publikum-bei-den-schulkinowochen-im-maerz-2026","status":"publish","type":"post","link":"https:\/\/ucm.one\/de\/nulpen-von-sorina-gajewski-ueberzeugt-junges-publikum-bei-den-schulkinowochen-im-maerz-2026\/","title":{"rendered":"\ud83c\udfac &#8222;Nulpen&#8220; von Sorina Gajewski \u00fcberzeugt junges Publikum bei den SchulKinoWochen im M\u00e4rz 2026"},"content":{"rendered":"<div class=\"wpb-content-wrapper\"><p>[vc_row][vc_column width=&#8220;3\/5&#8243;][vc_column_text css=&#8220;&#8220;]<\/p>\n<p class=\"p1\" style=\"text-align: justify;\">Vom 13. bis 27. M\u00e4rz 2026 war <strong data-start=\"243\" data-end=\"253\">NULPEN<\/strong> im Rahmen der <strong>SchulKinoWochen<\/strong> in <strong>Bremen<\/strong>, <strong>Bayern<\/strong>, <strong>Sachsen<\/strong> und <strong>Brandenburg<\/strong> zu sehen \u2013 und traf dabei erneut auf ein auffallend offenes, interessiertes junges Publikum. Nachdem der Film bereits im November 2025 die <strong>Berliner SchulKinoWochen<\/strong> im ausverkauften Kino Toni er\u00f6ffnet hatte, setzte sich diese Resonanz nun auch in weiteren Bundesl\u00e4ndern fort. Das ist kein Zufall: <strong>Sorina Gajewski<\/strong>s Film erz\u00e4hlt mit feiner Beobachtung und lakonischem Humor von einem Lebensgef\u00fchl zwischen Stillstand und Aufbruch, von Freundschaft, \u00dcberforderung und jenem schwer greifbaren Moment nach der Schulzeit, in dem alles m\u00f6glich scheint und zugleich nichts feststeht.<\/p>\n<p>[\/vc_column_text][vc_column_text css=&#8220;&#8220;]<\/p>\n<p class=\"p1\" style=\"text-align: justify;\">Die <strong data-start=\"2029\" data-end=\"2048\">SchulKinoWochen<\/strong> geh\u00f6ren zu den wichtigsten Filmbildungsinitiativen in Deutschland. Organisiert werden sie durch das Netzwerk f\u00fcr Film\u2011 und Medienkompetenz <strong data-start=\"2143\" data-end=\"2158\">VISION KINO<\/strong> gGmbH in Kooperation mit Partnern in allen 16 Bundesl\u00e4ndern; realisiert wird das bundesweite Angebot mit Unterst\u00fctzung der Bildungs- und Kultusministerien der L\u00e4nder sowie der Filmwirtschaft. Das Konzept ist bewusst auf die Verbindung von Kinoerlebnis und Vermittlung angelegt: Schulklassen aller Schulformen und Altersstufen besuchen ausgew\u00e4hlte Filme zu verg\u00fcnstigten Sonderpreisen im Kino, vielfach erg\u00e4nzt durch p\u00e4dagogisches Begleitmaterial, Filmgespr\u00e4che und moderierte Veranstaltungen. <strong>VISION KINO<\/strong> versteht den Kinosaal dabei als den idealen Ort, um Film nicht nur als Unterrichtsanlass, sondern als k\u00fcnstlerische Form und gemeinsame kulturelle Erfahrung erfahrbar zu machen. Genau in diesem Rahmen konnte <strong data-start=\"2866\" data-end=\"2876\">NULPEN<\/strong> seine besondere Wirkung entfalten: als Gegenwartsfilm, der junge Lebenswirklichkeiten nicht illustriert, sondern mit Leichtigkeit, Pr\u00e4zision und Offenheit ernst nimmt.<\/p>\n<p>[\/vc_column_text][\/vc_column][vc_column width=&#8220;2\/5&#8243;][vc_single_image image=&#8220;415802&#8243; img_size=&#8220;full&#8220; add_caption=&#8220;yes&#8220; css=&#8220;&#8220;][\/vc_column][\/vc_row][vc_row][vc_column width=&#8220;1\/2&#8243;][vc_single_image image=&#8220;415807&#8243; img_size=&#8220;full&#8220; onclick=&#8220;link_image&#8220; css=&#8220;&#8220;][\/vc_column][vc_column width=&#8220;1\/2&#8243;][vc_single_image image=&#8220;415809&#8243; img_size=&#8220;full&#8220; onclick=&#8220;link_image&#8220; css=&#8220;&#8220;][\/vc_column][\/vc_row][vc_row][vc_column][vc_column_text css=&#8220;&#8220;]<\/p>\n<p style=\"text-align: justify;\" data-start=\"452\" data-end=\"966\">Besonders eindrucksvoll war die Vorstellung am 26. M\u00e4rz 2026 in <strong>Eberswalde<\/strong> in <strong>Brandenburg<\/strong>: Vor rund 140 Sch\u00fcler*innen wurde auch im anschlie\u00dfenden Gespr\u00e4ch im ausverkauften Kinosaal deutlich, wie sehr <strong>NULPEN<\/strong> mit seinen Figuren, seinem Ton und seinen Themen an die Lebenswirklichkeit eines jungen Publikums anschlie\u00dft. Moderiert wurde die Auff\u00fchrung von <strong>Emilia Pegler<\/strong>, Film- und Jugendjournalistin bei den <strong>Freien Generation Reporter:innen<\/strong> sowie ehemalige Teilnehmerin der FBW-Jugendjury. Mit dabei war au\u00dferdem <strong>Rio Kirchner<\/strong>, der im Film die Rolle des Noah spielt. Aus einer zun\u00e4chst vorsichtigen Gespr\u00e4chssituation entwickelte sich ein offener Dialog \u00fcber die Figuren, die Atmosph\u00e4re des Films und die Fragen, die <strong>NULPEN<\/strong> aufwirft, ohne vorschnelle Antworten zu geben. Im Anschluss setzte sich die Begegnung am Autogrammtisch fort, wo zahlreiche Plakate signiert wurden und viele pers\u00f6nliche Gespr\u00e4che entstanden. Dass der Film gerade bei jungen Zuschauer*innen auf eine besondere Resonanz trifft, unterstreicht auch die Auszeichnung durch die FBW-Jugend Filmjury (seit 2026:<strong> BJF-Jugend Filmjury<\/strong>), die <strong>NULPEN<\/strong> mit 4,5 von 5 Sternen bewertete und ab 13 Jahren empfahl.<\/p>\n<p>[\/vc_column_text][\/vc_column][\/vc_row][vc_row][vc_column width=&#8220;1\/2&#8243;][vc_single_image image=&#8220;415811&#8243; img_size=&#8220;full&#8220; onclick=&#8220;link_image&#8220; css=&#8220;&#8220;][\/vc_column][vc_column width=&#8220;1\/2&#8243;][vc_single_image image=&#8220;415819&#8243; img_size=&#8220;full&#8220; onclick=&#8220;link_image&#8220; css=&#8220;&#8220;][\/vc_column][\/vc_row][vc_row][vc_column][vc_separator css=&#8220;&#8220;][vc_column_text]<\/p>\n<p>[\/vc_column_text][\/vc_column][\/vc_row][vc_row][vc_column width=&#8220;1\/2&#8243;][vc_single_image image=&#8220;415822&#8243; img_size=&#8220;full&#8220; onclick=&#8220;link_image&#8220; css=&#8220;&#8220;][\/vc_column][vc_column width=&#8220;1\/2&#8243;][vc_single_image image=&#8220;415824&#8243; img_size=&#8220;full&#8220; onclick=&#8220;link_image&#8220; css=&#8220;&#8220;][\/vc_column][\/vc_row][vc_row][vc_column][vc_column_text css=&#8220;&#8220;]<\/p>\n<p class=\"p1\" style=\"text-align: justify;\"><span style=\"font-family: 'arial black', sans-serif;\">UCM.ONE<\/span> bringt <strong>NULPEN<\/strong> auf dem Label <strong>Darling Berlin<\/strong> ab <strong>18. Juni 2026<\/strong> bundesweit in die deutschen Kinos, im Vertrieb von<strong> CAMINO Filmverleih<\/strong>. Limitierte Kinostarts in <strong>\u00d6sterreich<\/strong> und der<strong> Schweiz<\/strong> sind ebenfalls in Planung. Bereits ab Anfang Juni 2026 wird der Film im Rahmen ausgew\u00e4hlter <strong>Previews mit Filmgespr\u00e4chen<\/strong> in mehreren deutschen St\u00e4dten vorab zu sehen sein.<\/p>\n<div>\n<div dir=\"auto\">\n<div dir=\"auto\">\n<div dir=\"auto\">\n<div dir=\"auto\"><\/div>\n<\/div>\n<\/div>\n<\/div>\n<\/div>\n<p>[\/vc_column_text][\/vc_column][\/vc_row][vc_row][vc_column][vc_single_image image=&#8220;415816&#8243; img_size=&#8220;full&#8220; css=&#8220;&#8220;][\/vc_column][\/vc_row][vc_row][vc_column][vc_separator css=&#8220;&#8220;][vc_column_text]<\/p>\n<p>[\/vc_column_text][\/vc_column][\/vc_row][vc_row disable_element=&#8220;yes&#8220;][vc_column width=&#8220;1\/5&#8243;][vc_btn title=&#8220;Amazon&#8220; style=&#8220;classic&#8220; color=&#8220;orange&#8220; size=&#8220;sm&#8220; align=&#8220;center&#8220; i_icon_fontawesome=&#8220;fa fa-brands fa-amazon&#8220; css=&#8220;&#8220; button_block=&#8220;true&#8220; add_icon=&#8220;true&#8220; link=&#8220;url:https%3A%2F%2Fwww.amazon.de%2Fdp%2FB0FT76CQ6S|title:Martin%20liest%20den%20Koran|target:_blank&#8220;][\/vc_column][vc_column width=&#8220;1\/5&#8243;][vc_btn title=&#8220;Dussmann&#8220; style=&#8220;classic&#8220; color=&#8220;danger&#8220; size=&#8220;sm&#8220; align=&#8220;center&#8220; i_icon_fontawesome=&#8220;fa fa-regular fa-circle-dot&#8220; css=&#8220;&#8220; button_block=&#8220;true&#8220; add_icon=&#8220;true&#8220; link=&#8220;url:https%3A%2F%2Fwww.kulturkaufhaus.de%2Fen%2Fdetail%2FISBN-4260689094950%2FTukurUlrich%2FMartin-liest-den-Koran|title:Martin%20Liest%20den%20Koran|target:_blank&#8220;][\/vc_column][vc_column width=&#8220;1\/5&#8243;][vc_btn title=&#8220;Shop&#8220; style=&#8220;classic&#8220; color=&#8220;juicy-pink&#8220; size=&#8220;sm&#8220; align=&#8220;center&#8220; i_icon_fontawesome=&#8220;fa fa-solid fa-cart-shopping&#8220; css=&#8220;&#8220; button_block=&#8220;true&#8220; add_icon=&#8220;true&#8220; link=&#8220;url:https%3A%2F%2Fucm.one%2Fde%2Fprodukt%2Fmonolith%2F%3Fsrsltid%3DAfmBOor35LE8qC8L2c3HSQENbJRLIABdshDU2vbapfn8p25DEBdyXTCB|title:Monolith&#8220;][\/vc_column][vc_column width=&#8220;1\/5&#8243;][vc_btn title=&#8220;Prime Video&#8220; style=&#8220;classic&#8220; color=&#8220;sky&#8220; size=&#8220;sm&#8220; align=&#8220;center&#8220; i_icon_fontawesome=&#8220;fa fa-brands fa-amazon&#8220; css=&#8220;&#8220; button_block=&#8220;true&#8220; add_icon=&#8220;true&#8220; link=&#8220;url:https%3A%2F%2Fwww.amazon.de%2Fgp%2Fvideo%2Fdetail%2FB0FR18Z44N|title:Martin%20liest%20den%20Koran|target:_blank&#8220;][\/vc_column][vc_column width=&#8220;1\/5&#8243;][vc_btn title=&#8220;Apple TV&#8220; style=&#8220;classic&#8220; color=&#8220;sky&#8220; size=&#8220;sm&#8220; align=&#8220;center&#8220; i_icon_fontawesome=&#8220;fa fa-brands fa-apple&#8220; css=&#8220;&#8220; button_block=&#8220;true&#8220; add_icon=&#8220;true&#8220; link=&#8220;url:https%3A%2F%2Ftv.apple.com%2Fde%2Fmovie%2Fmartin-liest-den-koran%2Fumc.cmc.4kpet5pr9xa6uo2wodxxg5ptf|title:Martin%20liest%20den%20Koran|target:_blank&#8220;][\/vc_column][\/vc_row][vc_row disable_element=&#8220;yes&#8220;][vc_column][vc_column_text css=&#8220;&#8220;]<\/p>\n<p class=\"yikes-custom-woo-tab-title yikes-custom-woo-tab-title-ausstattungen-technische-daten\"><span style=\"font-size: 14pt;\">Ausstattungen &amp; technische Daten<\/span><\/p>\n<p><strong>DVD<\/strong> | Bildformat: 14:9 | Laufzeit: ca. 102 Min. | Tonformat: Deutsch DD <span lang=\"EN-US\">5.1, 2.0 <\/span>| Untertitel: Englisch, Franz\u00f6sisch, Deutsch, Deutsch (SDH), Russisch, Spanisch | Extras: Interviews, Trailer, Behind the Scenes, Bildergalerie mit Drehbuch und Storyboards<span lang=\"EN-US\"> | <\/span>Wendecover ohne FSK | FSK 16[\/vc_column_text][\/vc_column][\/vc_row][vc_row disable_element=&#8220;yes&#8220;][vc_column][vc_separator css=&#8220;&#8220;][\/vc_column][\/vc_row][vc_row][vc_column][vc_video link=&#8220;https:\/\/youtu.be\/_OWgFGHOcZs&#8220; css=&#8220;&#8220; title=&#8220;Nulpen (Trailer) \u1d34\u1d30&#8220;][\/vc_column][\/vc_row][vc_row disable_element=&#8220;yes&#8220;][vc_column][vc_column_text css=&#8220;&#8220;]<span style=\"font-size: 14pt;\">Pressestimmen<\/span><\/p>\n<p><i>\u201eSo mutig und mitreisend kann junges deutsches Kino sein.\u201c\u00a0(<\/i><b>kinokino \u2013 BR Fernsehen)<\/b><\/p>\n<p><i>\u201eDieser Film ist absolut sehenswert.\u201c<\/i>\u00a0(<b>Kulturnews<\/b>)<\/p>\n<p><i>\u201eMartin liest den Koran\u201c ist ein kompromissloser Film, der dorthin geht, wo es wehtut.\u201c\u00a0<\/i>(<b>J\u00fcdische Allgemeine<\/b>)<\/p>\n<p><i>\u201eMartin selbst ist den ganzen Film \u00fcber das gro\u00dfe R\u00e4tsel, das sich erst am Ende in seiner ganzen emotionalen Tiefe entfaltet, um schlie\u00dflich in den Herzen der Zuschauer zu detonieren.\u201c <\/i>(<b>Indiekino<\/b>)<\/p>\n<p><i>\u201eDas spannungsgeladene Debattenduell entwickelt sich immer mehr zur emotionalen Tour de Force\u201c\u00a0<\/i>(<b>TV Today<\/b>)<\/p>\n<p><i>\u201eEin Paranoia-Kammerspiel zwischen Hass, Radikalisierung und Vers\u00f6hnung.\u201c\u00a0<\/i>(<b>S\u00fcddeutsche Zeitung<\/b>)<\/p>\n<p><i>\u201eEs entspinnt sich ein Film, der sich zwischen exponiertem Paranoia-Modus und gewollter Theaterhaftigkeit zu einem stilistisch subversiven und inhaltlich kontroversen Zweipersonenkammerspiel hochschaukelt.\u201c\u00a0<\/i>(<b>EPD<\/b>)<\/p>\n<p><i>\u201eEin provozierendes Kammerspiel, das viele Fragen stellt.\u201c\u00a0(<\/i><b>3Sat Kulturzeit<\/b>)<\/p>\n<p><i>\u201eEine Verschmelzung von Genre und Diskurs.\u201c\u00a0<\/i>(<b>MagazIn<\/b>)[\/vc_column_text][vc_separator css=&#8220;&#8220;][\/vc_column][\/vc_row][vc_row][vc_column width=&#8220;1\/2&#8243;][vc_column_text css=&#8220;&#8220;]Weitere Informationen \u00fcber den Film: <a title=\"Nulpen (2025) von Sorina Gajewski | Darling Berlin\" href=\"https:\/\/ucm.one\/de\/ucm-one-akquiriert-die-coming-of-age-komoedie-nulpen-von-sorina-gajewski-fuer-kinoverleih-und-weltvertrieb\/\">Nulpen<\/a>[\/vc_column_text][\/vc_column][vc_column width=&#8220;1\/2&#8243;][vc_column_text css=&#8220;&#8220;]Weitere Informationen \u00fcber das Filmlabel: <a title=\"Darling Berlin\" href=\"https:\/\/ucm.one\/de\/film-labels\/darling-berlin\">Darling Berlin<\/a>[\/vc_column_text][\/vc_column][\/vc_row]<\/p>\n<\/div>","protected":false},"excerpt":{"rendered":"<p>[vc_row][vc_column width=&#8220;3\/5&#8243;][vc_column_text css=&#8220;&#8220;] Vom 13. bis 27. M\u00e4rz 2026 war NULPEN im Rahmen der SchulKinoWochen in Bremen, Bayern, Sachsen und Brandenburg zu sehen \u2013 und traf dabei erneut auf ein auffallend offenes, interessiertes junges Publikum. Nachdem der Film bereits im November 2025 die Berliner SchulKinoWochen im ausverkauften Kino Toni er\u00f6ffnet hatte, setzte sich diese Resonanz&hellip;<\/p>\n","protected":false},"author":513,"featured_media":415798,"comment_status":"closed","ping_status":"closed","sticky":false,"template":"","format":"standard","meta":{"_acf_changed":false,"footnotes":""},"categories":[8,10,13,752],"tags":[19239,2266,18930,19240,19242,19241],"class_list":["post-415794","post","type-post","status-publish","format-standard","has-post-thumbnail","hentry","category-film","category-kino","category-news","category-verleih","tag-bella-lochmann","tag-darling-berlin","tag-nulpen","tag-pola-geiger","tag-schulkinowochen","tag-sorina-gajewsk","category-8","category-10","category-13","category-752","description-off"],"acf":[],"yoast_head":"<!-- This site is optimized with the Yoast SEO plugin v27.5 - https:\/\/yoast.com\/product\/yoast-seo-wordpress\/ -->\n<title>&quot;Nulpen&quot; mit gro\u00dfer Resonanz bei SchulKinoWochen im M\u00e4rz 2026<\/title>\n<meta name=\"description\" content=\"Der Film von Sorina Gajewski begeisterte bei den SchulKinoWochen im M\u00e4rz 2026 in Bremen, Sachsen, Bayern und Brandenburg das junge Publikum.\" \/>\n<meta name=\"robots\" content=\"index, follow, max-snippet:-1, max-image-preview:large, max-video-preview:-1\" \/>\n<link rel=\"canonical\" href=\"https:\/\/ucm.one\/de\/nulpen-von-sorina-gajewski-ueberzeugt-junges-publikum-bei-den-schulkinowochen-im-maerz-2026\/\" \/>\n<meta property=\"og:locale\" content=\"de_DE\" \/>\n<meta property=\"og:type\" content=\"article\" \/>\n<meta property=\"og:title\" content=\"&quot;Nulpen&quot; mit gro\u00dfer Resonanz bei SchulKinoWochen im M\u00e4rz 2026\" \/>\n<meta property=\"og:description\" content=\"Der Film von Sorina Gajewski begeisterte bei den SchulKinoWochen im M\u00e4rz 2026 in Bremen, Sachsen, Bayern und Brandenburg das junge Publikum.\" \/>\n<meta property=\"og:url\" content=\"https:\/\/ucm.one\/de\/nulpen-von-sorina-gajewski-ueberzeugt-junges-publikum-bei-den-schulkinowochen-im-maerz-2026\/\" \/>\n<meta property=\"og:site_name\" content=\"UCM.ONE\" \/>\n<meta property=\"article:published_time\" content=\"2026-03-31T21:00:16+00:00\" \/>\n<meta property=\"article:modified_time\" content=\"2026-04-02T19:11:03+00:00\" \/>\n<meta property=\"og:image\" content=\"https:\/\/ucm.one\/wp-content\/uploads\/2025\/11\/SQ_Nulpen_SoMe_SKW2025.jpg\" \/>\n\t<meta property=\"og:image:width\" content=\"1000\" \/>\n\t<meta property=\"og:image:height\" content=\"1000\" \/>\n\t<meta property=\"og:image:type\" content=\"image\/jpeg\" \/>\n<meta name=\"author\" content=\"robert.zimmermann\" \/>\n<meta name=\"twitter:card\" content=\"summary_large_image\" \/>\n<meta name=\"twitter:title\" content=\"&quot;Nulpen&quot; mit gro\u00dfer Resonanz bei SchulKinoWochen im M\u00e4rz 2026\" \/>\n<meta name=\"twitter:description\" content=\"Der Film von Sorina Gajewski begeisterte bei den SchulKinoWochen im M\u00e4rz 2026 in Bremen, Sachsen, Bayern und Brandenburg das junge Publikum.\" \/>\n<meta name=\"twitter:image\" content=\"https:\/\/ucm.one\/wp-content\/uploads\/2025\/11\/SQ_Nulpen_SoMe_SKW2025.jpg\" \/>\n<meta name=\"twitter:label1\" content=\"Verfasst von\" \/>\n\t<meta name=\"twitter:data1\" content=\"robert.zimmermann\" \/>\n\t<meta name=\"twitter:label2\" content=\"Gesch\u00e4tzte Lesezeit\" \/>\n\t<meta name=\"twitter:data2\" content=\"4\u00a0Minuten\" \/>\n<!-- \/ Yoast SEO plugin. -->","yoast_head_json":{"title":"\"Nulpen\" mit gro\u00dfer Resonanz bei SchulKinoWochen im M\u00e4rz 2026","description":"Der Film von Sorina Gajewski begeisterte bei den SchulKinoWochen im M\u00e4rz 2026 in Bremen, Sachsen, Bayern und Brandenburg das junge Publikum.","robots":{"index":"index","follow":"follow","max-snippet":"max-snippet:-1","max-image-preview":"max-image-preview:large","max-video-preview":"max-video-preview:-1"},"canonical":"https:\/\/ucm.one\/de\/nulpen-von-sorina-gajewski-ueberzeugt-junges-publikum-bei-den-schulkinowochen-im-maerz-2026\/","og_locale":"de_DE","og_type":"article","og_title":"\"Nulpen\" mit gro\u00dfer Resonanz bei SchulKinoWochen im M\u00e4rz 2026","og_description":"Der Film von Sorina Gajewski begeisterte bei den SchulKinoWochen im M\u00e4rz 2026 in Bremen, Sachsen, Bayern und Brandenburg das junge Publikum.","og_url":"https:\/\/ucm.one\/de\/nulpen-von-sorina-gajewski-ueberzeugt-junges-publikum-bei-den-schulkinowochen-im-maerz-2026\/","og_site_name":"UCM.ONE","article_published_time":"2026-03-31T21:00:16+00:00","article_modified_time":"2026-04-02T19:11:03+00:00","og_image":[{"width":1000,"height":1000,"url":"https:\/\/ucm.one\/wp-content\/uploads\/2025\/11\/SQ_Nulpen_SoMe_SKW2025.jpg","type":"image\/jpeg"}],"author":"robert.zimmermann","twitter_card":"summary_large_image","twitter_title":"\"Nulpen\" mit gro\u00dfer Resonanz bei SchulKinoWochen im M\u00e4rz 2026","twitter_description":"Der Film von Sorina Gajewski begeisterte bei den SchulKinoWochen im M\u00e4rz 2026 in Bremen, Sachsen, Bayern und Brandenburg das junge Publikum.","twitter_image":"https:\/\/ucm.one\/wp-content\/uploads\/2025\/11\/SQ_Nulpen_SoMe_SKW2025.jpg","twitter_misc":{"Verfasst von":"robert.zimmermann","Gesch\u00e4tzte Lesezeit":"4\u00a0Minuten"},"schema":{"@context":"https:\/\/schema.org","@graph":[{"@type":"Article","@id":"https:\/\/ucm.one\/de\/nulpen-von-sorina-gajewski-ueberzeugt-junges-publikum-bei-den-schulkinowochen-im-maerz-2026\/#article","isPartOf":{"@id":"https:\/\/ucm.one\/de\/nulpen-von-sorina-gajewski-ueberzeugt-junges-publikum-bei-den-schulkinowochen-im-maerz-2026\/"},"author":{"name":"robert.zimmermann","@id":"https:\/\/ucm.one\/de\/#\/schema\/person\/c3b3f40103ac9b2939adf4c2e044f503"},"headline":"\ud83c\udfac &#8222;Nulpen&#8220; von Sorina Gajewski \u00fcberzeugt junges Publikum bei den SchulKinoWochen im M\u00e4rz 2026","datePublished":"2026-03-31T21:00:16+00:00","dateModified":"2026-04-02T19:11:03+00:00","mainEntityOfPage":{"@id":"https:\/\/ucm.one\/de\/nulpen-von-sorina-gajewski-ueberzeugt-junges-publikum-bei-den-schulkinowochen-im-maerz-2026\/"},"wordCount":1262,"publisher":{"@id":"https:\/\/ucm.one\/de\/#organization"},"image":{"@id":"https:\/\/ucm.one\/de\/nulpen-von-sorina-gajewski-ueberzeugt-junges-publikum-bei-den-schulkinowochen-im-maerz-2026\/#primaryimage"},"thumbnailUrl":"https:\/\/ucm.one\/wp-content\/uploads\/2026\/04\/B_Nulpen_Banner_SKW2026.jpg","keywords":["Bella Lochmann","Darling Berlin","Nulpen","Pola Geiger","Schulkinowochen","Sorina Gajewsk"],"articleSection":["Film","Kino","News","Verleih"],"inLanguage":"de"},{"@type":"WebPage","@id":"https:\/\/ucm.one\/de\/nulpen-von-sorina-gajewski-ueberzeugt-junges-publikum-bei-den-schulkinowochen-im-maerz-2026\/","url":"https:\/\/ucm.one\/de\/nulpen-von-sorina-gajewski-ueberzeugt-junges-publikum-bei-den-schulkinowochen-im-maerz-2026\/","name":"\"Nulpen\" mit gro\u00dfer Resonanz bei SchulKinoWochen im M\u00e4rz 2026","isPartOf":{"@id":"https:\/\/ucm.one\/de\/#website"},"primaryImageOfPage":{"@id":"https:\/\/ucm.one\/de\/nulpen-von-sorina-gajewski-ueberzeugt-junges-publikum-bei-den-schulkinowochen-im-maerz-2026\/#primaryimage"},"image":{"@id":"https:\/\/ucm.one\/de\/nulpen-von-sorina-gajewski-ueberzeugt-junges-publikum-bei-den-schulkinowochen-im-maerz-2026\/#primaryimage"},"thumbnailUrl":"https:\/\/ucm.one\/wp-content\/uploads\/2026\/04\/B_Nulpen_Banner_SKW2026.jpg","datePublished":"2026-03-31T21:00:16+00:00","dateModified":"2026-04-02T19:11:03+00:00","description":"Der Film von Sorina Gajewski begeisterte bei den SchulKinoWochen im M\u00e4rz 2026 in Bremen, Sachsen, Bayern und Brandenburg das junge Publikum.","breadcrumb":{"@id":"https:\/\/ucm.one\/de\/nulpen-von-sorina-gajewski-ueberzeugt-junges-publikum-bei-den-schulkinowochen-im-maerz-2026\/#breadcrumb"},"inLanguage":"de","potentialAction":[{"@type":"ReadAction","target":["https:\/\/ucm.one\/de\/nulpen-von-sorina-gajewski-ueberzeugt-junges-publikum-bei-den-schulkinowochen-im-maerz-2026\/"]}]},{"@type":"ImageObject","inLanguage":"de","@id":"https:\/\/ucm.one\/de\/nulpen-von-sorina-gajewski-ueberzeugt-junges-publikum-bei-den-schulkinowochen-im-maerz-2026\/#primaryimage","url":"https:\/\/ucm.one\/wp-content\/uploads\/2026\/04\/B_Nulpen_Banner_SKW2026.jpg","contentUrl":"https:\/\/ucm.one\/wp-content\/uploads\/2026\/04\/B_Nulpen_Banner_SKW2026.jpg","width":1920,"height":600},{"@type":"BreadcrumbList","@id":"https:\/\/ucm.one\/de\/nulpen-von-sorina-gajewski-ueberzeugt-junges-publikum-bei-den-schulkinowochen-im-maerz-2026\/#breadcrumb","itemListElement":[{"@type":"ListItem","position":1,"name":"Home","item":"https:\/\/ucm.one\/de\/"},{"@type":"ListItem","position":2,"name":"\ud83c\udfac &#8220;Nulpen&#8221; von Sorina Gajewski \u00fcberzeugt junges Publikum bei den SchulKinoWochen im M\u00e4rz 2026"}]},{"@type":"WebSite","@id":"https:\/\/ucm.one\/de\/#website","url":"https:\/\/ucm.one\/de\/","name":"UCM.ONE","description":"","publisher":{"@id":"https:\/\/ucm.one\/de\/#organization"},"potentialAction":[{"@type":"SearchAction","target":{"@type":"EntryPoint","urlTemplate":"https:\/\/ucm.one\/de\/?s={search_term_string}"},"query-input":{"@type":"PropertyValueSpecification","valueRequired":true,"valueName":"search_term_string"}}],"inLanguage":"de"},{"@type":"Organization","@id":"https:\/\/ucm.one\/de\/#organization","name":"UCM.ONE","url":"https:\/\/ucm.one\/de\/","logo":{"@type":"ImageObject","inLanguage":"de","@id":"https:\/\/ucm.one\/de\/#\/schema\/logo\/image\/","url":"https:\/\/ucm.one\/wp-content\/uploads\/2019\/10\/UCM.ONE-Logo-RGB.svg","contentUrl":"https:\/\/ucm.one\/wp-content\/uploads\/2019\/10\/UCM.ONE-Logo-RGB.svg","width":1,"height":1,"caption":"UCM.ONE"},"image":{"@id":"https:\/\/ucm.one\/de\/#\/schema\/logo\/image\/"}},{"@type":"Person","@id":"https:\/\/ucm.one\/de\/#\/schema\/person\/c3b3f40103ac9b2939adf4c2e044f503","name":"robert.zimmermann","image":{"@type":"ImageObject","inLanguage":"de","@id":"https:\/\/secure.gravatar.com\/avatar\/e46878d77ec9637bfe2c211eadff61cf2f817a55dd152b546e649bd7e53c0e04?s=96&d=mm&r=g","url":"https:\/\/secure.gravatar.com\/avatar\/e46878d77ec9637bfe2c211eadff61cf2f817a55dd152b546e649bd7e53c0e04?s=96&d=mm&r=g","contentUrl":"https:\/\/secure.gravatar.com\/avatar\/e46878d77ec9637bfe2c211eadff61cf2f817a55dd152b546e649bd7e53c0e04?s=96&d=mm&r=g","caption":"robert.zimmermann"}}]}},"_links":{"self":[{"href":"https:\/\/ucm.one\/de\/wp-json\/wp\/v2\/posts\/415794","targetHints":{"allow":["GET"]}}],"collection":[{"href":"https:\/\/ucm.one\/de\/wp-json\/wp\/v2\/posts"}],"about":[{"href":"https:\/\/ucm.one\/de\/wp-json\/wp\/v2\/types\/post"}],"author":[{"embeddable":true,"href":"https:\/\/ucm.one\/de\/wp-json\/wp\/v2\/users\/513"}],"replies":[{"embeddable":true,"href":"https:\/\/ucm.one\/de\/wp-json\/wp\/v2\/comments?post=415794"}],"version-history":[{"count":16,"href":"https:\/\/ucm.one\/de\/wp-json\/wp\/v2\/posts\/415794\/revisions"}],"predecessor-version":[{"id":415845,"href":"https:\/\/ucm.one\/de\/wp-json\/wp\/v2\/posts\/415794\/revisions\/415845"}],"wp:featuredmedia":[{"embeddable":true,"href":"https:\/\/ucm.one\/de\/wp-json\/wp\/v2\/media\/415798"}],"wp:attachment":[{"href":"https:\/\/ucm.one\/de\/wp-json\/wp\/v2\/media?parent=415794"}],"wp:term":[{"taxonomy":"category","embeddable":true,"href":"https:\/\/ucm.one\/de\/wp-json\/wp\/v2\/categories?post=415794"},{"taxonomy":"post_tag","embeddable":true,"href":"https:\/\/ucm.one\/de\/wp-json\/wp\/v2\/tags?post=415794"}],"curies":[{"name":"wp","href":"https:\/\/api.w.org\/{rel}","templated":true}]}}