{"id":41562,"date":"2020-05-27T16:43:23","date_gmt":"2020-05-27T16:43:23","guid":{"rendered":"https:\/\/ucm.one\/?p=41562"},"modified":"2023-03-09T16:48:36","modified_gmt":"2023-03-09T16:48:36","slug":"rebecca-von-anna-f-kohlschuetter-achtung-berlin-die-online-retrospektive-film-15","status":"publish","type":"post","link":"https:\/\/ucm.one\/de\/rebecca-von-anna-f-kohlschuetter-achtung-berlin-die-online-retrospektive-film-15\/","title":{"rendered":"Rebecca (von Anna F. Kohlsch\u00fctter) | achtung berlin \u2022 Die Online-Retrospektive \u2022 Film 15"},"content":{"rendered":"<div class=\"wpb-content-wrapper\"><p>[vc_row][vc_column][vc_column_text]Der 15. Film bei der\u00a0<strong>15 Jahre achtung berlin \u2022 Online-Retrospektive <\/strong>ist der Mittellange Film &#8222;<strong>Rebecca<\/strong>&#8220; von\u00a0<strong>Anna F. Kohlsch\u00fctter<\/strong>.\u00a0Der Film erz\u00e4hlt die Geschichte von Rebecca, die sich von Ben getrennt hat und nun \u00fcbergangsweise auf der Couch in der WG ihrer Freundin schl\u00e4ft. Rebecca ist rastlos, kann nicht schlafen, l\u00e4uft durch die Stra\u00dfen der Gro\u00dfstadt, l\u00e4sst sich treiben. Ihr passieren die Dinge. Ihre einzige Konstante im Leben sind die Besuche bei ihrem demenzkranken Vater, der in einem Pflegeheim lebt und nicht mehr ansprechbar ist. Sie f\u00fcttert ihn, ist liebevoll und versucht ihm immer alles zu erz\u00e4hlen. Und dann ist da noch Philipp.[\/vc_column_text][\/vc_column][\/vc_row][vc_row][vc_column width=&#8220;1\/2&#8243;][vc_video link=&#8220;https:\/\/youtu.be\/6IrF29-vTC8&#8243; title=&#8220;Rebecca | Trailer (deutsch) \u1d34\u1d30&#8220;][\/vc_column][vc_column width=&#8220;1\/2&#8243;][vc_video link=&#8220;https:\/\/youtu.be\/55MAC4FhYvo&#8220; title=&#8220;Rebecca | Ganzer Film (deutsch) `{`mit englischen Untertiteln`}` \u1d34\u1d30&#8220;][\/vc_column][\/vc_row][vc_row][vc_column][vc_column_text]Weitere Informationen zur Retrospektive und dem Programm: \u00a0<a title=\"15 Jahre achtung berlin \u2022 Die Online-Retrospektive\" href=\"https:\/\/ucm.one\/de\/15-jahre-achtung-berlin-die-online-retrospektive\/\">15 Jahre achtung berlin \u2022 Die Online-Retrospektive<\/a><\/p>\n<p>Weitere Informationen zum Film:\u00a0<a title=\"Rebecca\" href=\"https:\/\/ucm.one\/de\/15-jahre-achtung-berlin-die-online-retrospektive\/#achtung-berlin-rebecca\">Rebecca<\/a>[\/vc_column_text][\/vc_column][\/vc_row]<\/p>\n<\/div>","protected":false},"excerpt":{"rendered":"<p>[vc_row][vc_column][vc_column_text]Der 15. Film bei der\u00a015 Jahre achtung berlin \u2022 Online-Retrospektive ist der Mittellange Film &#8222;Rebecca&#8220; von\u00a0Anna F. Kohlsch\u00fctter.\u00a0Der Film erz\u00e4hlt die Geschichte von Rebecca, die sich von Ben getrennt hat und nun \u00fcbergangsweise auf der Couch in der WG ihrer Freundin schl\u00e4ft. Rebecca ist rastlos, kann nicht schlafen, l\u00e4uft durch die Stra\u00dfen der Gro\u00dfstadt, l\u00e4sst&hellip;<\/p>\n","protected":false},"author":2,"featured_media":41537,"comment_status":"closed","ping_status":"closed","sticky":false,"template":"","format":"standard","meta":{"_acf_changed":false,"footnotes":""},"categories":[7765,8,13],"tags":[7766,2498,2933,8035,8034,2811,2266,8036,8033,7924,8032],"class_list":["post-41562","post","type-post","status-publish","format-standard","has-post-thumbnail","hentry","category-achtung-berlin-online-retrospektive","category-film","category-news","tag-15-jahre-achtung-berlin-die-online-retrospektive","tag-achtung-berlin","tag-anna-f-kohlschuetter","tag-axel-siefer","tag-bjoern-von-der-wellen","tag-christin-nichols","tag-darling-berlin","tag-gesa-hille","tag-lise-wolle","tag-online-festival","tag-rebecca","category-7765","category-8","category-13","description-off"],"acf":[],"yoast_head":"<!-- This site is optimized with the Yoast SEO plugin v27.5 - https:\/\/yoast.com\/product\/yoast-seo-wordpress\/ -->\n<title>Rebecca (von Anna F. Kohlsch\u00fctter) | achtung berlin \u2022 Die Online-Retrospektive \u2022 Film 15 - UCM.ONE<\/title>\n<meta name=\"description\" content=\"Der 15. Film bei der\u00a015 Jahre achtung berlin \u2022 Online-Retrospektive ist der Mittellange Film &quot;Rebecca&quot; von\u00a0Anna F. Kohlsch\u00fctter.\u00a0\" \/>\n<meta name=\"robots\" content=\"index, follow, max-snippet:-1, max-image-preview:large, max-video-preview:-1\" \/>\n<link rel=\"canonical\" href=\"https:\/\/ucm.one\/de\/rebecca-von-anna-f-kohlschuetter-achtung-berlin-die-online-retrospektive-film-15\/\" \/>\n<meta property=\"og:locale\" content=\"de_DE\" \/>\n<meta property=\"og:type\" content=\"article\" \/>\n<meta property=\"og:title\" content=\"Rebecca (von Anna F. Kohlsch\u00fctter) | achtung berlin \u2022 Die Online-Retrospektive \u2022 Film 15 - UCM.ONE\" \/>\n<meta property=\"og:description\" content=\"Der 15. Film bei der\u00a015 Jahre achtung berlin \u2022 Online-Retrospektive ist der Mittellange Film &quot;Rebecca&quot; von\u00a0Anna F. Kohlsch\u00fctter.\u00a0\" \/>\n<meta property=\"og:url\" content=\"https:\/\/ucm.one\/de\/rebecca-von-anna-f-kohlschuetter-achtung-berlin-die-online-retrospektive-film-15\/\" \/>\n<meta property=\"og:site_name\" content=\"UCM.ONE\" \/>\n<meta property=\"article:published_time\" content=\"2020-05-27T16:43:23+00:00\" \/>\n<meta property=\"article:modified_time\" content=\"2023-03-09T16:48:36+00:00\" \/>\n<meta property=\"og:image\" content=\"https:\/\/ucm.one\/wp-content\/uploads\/2020\/05\/B-Rebecca.jpg\" \/>\n\t<meta property=\"og:image:width\" content=\"1920\" \/>\n\t<meta property=\"og:image:height\" content=\"600\" \/>\n\t<meta property=\"og:image:type\" content=\"image\/jpeg\" \/>\n<meta name=\"author\" content=\"Joachim Keil\" \/>\n<meta name=\"twitter:card\" content=\"summary_large_image\" \/>\n<meta name=\"twitter:label1\" content=\"Verfasst von\" \/>\n\t<meta name=\"twitter:data1\" content=\"Joachim Keil\" \/>\n\t<meta name=\"twitter:label2\" content=\"Gesch\u00e4tzte Lesezeit\" \/>\n\t<meta name=\"twitter:data2\" content=\"1\u00a0Minute\" \/>\n<!-- \/ Yoast SEO plugin. -->","yoast_head_json":{"title":"Rebecca (von Anna F. Kohlsch\u00fctter) | achtung berlin \u2022 Die Online-Retrospektive \u2022 Film 15 - UCM.ONE","description":"Der 15. Film bei der\u00a015 Jahre achtung berlin \u2022 Online-Retrospektive ist der Mittellange Film \"Rebecca\" von\u00a0Anna F. Kohlsch\u00fctter.\u00a0","robots":{"index":"index","follow":"follow","max-snippet":"max-snippet:-1","max-image-preview":"max-image-preview:large","max-video-preview":"max-video-preview:-1"},"canonical":"https:\/\/ucm.one\/de\/rebecca-von-anna-f-kohlschuetter-achtung-berlin-die-online-retrospektive-film-15\/","og_locale":"de_DE","og_type":"article","og_title":"Rebecca (von Anna F. Kohlsch\u00fctter) | achtung berlin \u2022 Die Online-Retrospektive \u2022 Film 15 - UCM.ONE","og_description":"Der 15. Film bei der\u00a015 Jahre achtung berlin \u2022 Online-Retrospektive ist der Mittellange Film \"Rebecca\" von\u00a0Anna F. Kohlsch\u00fctter.\u00a0","og_url":"https:\/\/ucm.one\/de\/rebecca-von-anna-f-kohlschuetter-achtung-berlin-die-online-retrospektive-film-15\/","og_site_name":"UCM.ONE","article_published_time":"2020-05-27T16:43:23+00:00","article_modified_time":"2023-03-09T16:48:36+00:00","og_image":[{"width":1920,"height":600,"url":"https:\/\/ucm.one\/wp-content\/uploads\/2020\/05\/B-Rebecca.jpg","type":"image\/jpeg"}],"author":"Joachim Keil","twitter_card":"summary_large_image","twitter_misc":{"Verfasst von":"Joachim Keil","Gesch\u00e4tzte Lesezeit":"1\u00a0Minute"},"schema":{"@context":"https:\/\/schema.org","@graph":[{"@type":"Article","@id":"https:\/\/ucm.one\/de\/rebecca-von-anna-f-kohlschuetter-achtung-berlin-die-online-retrospektive-film-15\/#article","isPartOf":{"@id":"https:\/\/ucm.one\/de\/rebecca-von-anna-f-kohlschuetter-achtung-berlin-die-online-retrospektive-film-15\/"},"author":{"name":"Joachim Keil","@id":"https:\/\/ucm.one\/de\/#\/schema\/person\/4b959e467e8acc058836467a0ef8fa50"},"headline":"Rebecca (von Anna F. Kohlsch\u00fctter) | achtung berlin \u2022 Die Online-Retrospektive \u2022 Film 15","datePublished":"2020-05-27T16:43:23+00:00","dateModified":"2023-03-09T16:48:36+00:00","mainEntityOfPage":{"@id":"https:\/\/ucm.one\/de\/rebecca-von-anna-f-kohlschuetter-achtung-berlin-die-online-retrospektive-film-15\/"},"wordCount":208,"publisher":{"@id":"https:\/\/ucm.one\/de\/#organization"},"image":{"@id":"https:\/\/ucm.one\/de\/rebecca-von-anna-f-kohlschuetter-achtung-berlin-die-online-retrospektive-film-15\/#primaryimage"},"thumbnailUrl":"https:\/\/ucm.one\/wp-content\/uploads\/2020\/05\/B-Rebecca.jpg","keywords":["15 Jahre achtung berlin \u2022 Die Online-Retrospektive","achtung berlin","Anna F. Kohlsch\u00fctter","Axel Siefer","Bj\u00f6rn von der Wellen","Christin Nichols","Darling Berlin","Gesa Hille","Lise Wolle","Online Festival","Rebecca"],"articleSection":["achtung berlin - Online Retrospektive","Film","News"],"inLanguage":"de"},{"@type":"WebPage","@id":"https:\/\/ucm.one\/de\/rebecca-von-anna-f-kohlschuetter-achtung-berlin-die-online-retrospektive-film-15\/","url":"https:\/\/ucm.one\/de\/rebecca-von-anna-f-kohlschuetter-achtung-berlin-die-online-retrospektive-film-15\/","name":"Rebecca (von Anna F. Kohlsch\u00fctter) | achtung berlin \u2022 Die Online-Retrospektive \u2022 Film 15 - UCM.ONE","isPartOf":{"@id":"https:\/\/ucm.one\/de\/#website"},"primaryImageOfPage":{"@id":"https:\/\/ucm.one\/de\/rebecca-von-anna-f-kohlschuetter-achtung-berlin-die-online-retrospektive-film-15\/#primaryimage"},"image":{"@id":"https:\/\/ucm.one\/de\/rebecca-von-anna-f-kohlschuetter-achtung-berlin-die-online-retrospektive-film-15\/#primaryimage"},"thumbnailUrl":"https:\/\/ucm.one\/wp-content\/uploads\/2020\/05\/B-Rebecca.jpg","datePublished":"2020-05-27T16:43:23+00:00","dateModified":"2023-03-09T16:48:36+00:00","description":"Der 15. Film bei der\u00a015 Jahre achtung berlin \u2022 Online-Retrospektive ist der Mittellange Film \"Rebecca\" von\u00a0Anna F. Kohlsch\u00fctter.\u00a0","breadcrumb":{"@id":"https:\/\/ucm.one\/de\/rebecca-von-anna-f-kohlschuetter-achtung-berlin-die-online-retrospektive-film-15\/#breadcrumb"},"inLanguage":"de","potentialAction":[{"@type":"ReadAction","target":["https:\/\/ucm.one\/de\/rebecca-von-anna-f-kohlschuetter-achtung-berlin-die-online-retrospektive-film-15\/"]}]},{"@type":"ImageObject","inLanguage":"de","@id":"https:\/\/ucm.one\/de\/rebecca-von-anna-f-kohlschuetter-achtung-berlin-die-online-retrospektive-film-15\/#primaryimage","url":"https:\/\/ucm.one\/wp-content\/uploads\/2020\/05\/B-Rebecca.jpg","contentUrl":"https:\/\/ucm.one\/wp-content\/uploads\/2020\/05\/B-Rebecca.jpg","width":1920,"height":600},{"@type":"BreadcrumbList","@id":"https:\/\/ucm.one\/de\/rebecca-von-anna-f-kohlschuetter-achtung-berlin-die-online-retrospektive-film-15\/#breadcrumb","itemListElement":[{"@type":"ListItem","position":1,"name":"Home","item":"https:\/\/ucm.one\/de\/"},{"@type":"ListItem","position":2,"name":"Rebecca (von Anna F. Kohlsch\u00fctter) | achtung berlin \u2022 Die Online-Retrospektive \u2022 Film 15"}]},{"@type":"WebSite","@id":"https:\/\/ucm.one\/de\/#website","url":"https:\/\/ucm.one\/de\/","name":"UCM.ONE","description":"","publisher":{"@id":"https:\/\/ucm.one\/de\/#organization"},"potentialAction":[{"@type":"SearchAction","target":{"@type":"EntryPoint","urlTemplate":"https:\/\/ucm.one\/de\/?s={search_term_string}"},"query-input":{"@type":"PropertyValueSpecification","valueRequired":true,"valueName":"search_term_string"}}],"inLanguage":"de"},{"@type":"Organization","@id":"https:\/\/ucm.one\/de\/#organization","name":"UCM.ONE","url":"https:\/\/ucm.one\/de\/","logo":{"@type":"ImageObject","inLanguage":"de","@id":"https:\/\/ucm.one\/de\/#\/schema\/logo\/image\/","url":"https:\/\/ucm.one\/wp-content\/uploads\/2019\/10\/UCM.ONE-Logo-RGB.svg","contentUrl":"https:\/\/ucm.one\/wp-content\/uploads\/2019\/10\/UCM.ONE-Logo-RGB.svg","width":1,"height":1,"caption":"UCM.ONE"},"image":{"@id":"https:\/\/ucm.one\/de\/#\/schema\/logo\/image\/"}},{"@type":"Person","@id":"https:\/\/ucm.one\/de\/#\/schema\/person\/4b959e467e8acc058836467a0ef8fa50","name":"Joachim Keil","image":{"@type":"ImageObject","inLanguage":"de","@id":"https:\/\/secure.gravatar.com\/avatar\/10e1dfd05f2a7a7bc83cd44bae31e01c8ac15f974229211a2b1a49fa0a22fec0?s=96&d=mm&r=g","url":"https:\/\/secure.gravatar.com\/avatar\/10e1dfd05f2a7a7bc83cd44bae31e01c8ac15f974229211a2b1a49fa0a22fec0?s=96&d=mm&r=g","contentUrl":"https:\/\/secure.gravatar.com\/avatar\/10e1dfd05f2a7a7bc83cd44bae31e01c8ac15f974229211a2b1a49fa0a22fec0?s=96&d=mm&r=g","caption":"Joachim Keil"},"sameAs":["https:\/\/ucm.one"]}]}},"_links":{"self":[{"href":"https:\/\/ucm.one\/de\/wp-json\/wp\/v2\/posts\/41562","targetHints":{"allow":["GET"]}}],"collection":[{"href":"https:\/\/ucm.one\/de\/wp-json\/wp\/v2\/posts"}],"about":[{"href":"https:\/\/ucm.one\/de\/wp-json\/wp\/v2\/types\/post"}],"author":[{"embeddable":true,"href":"https:\/\/ucm.one\/de\/wp-json\/wp\/v2\/users\/2"}],"replies":[{"embeddable":true,"href":"https:\/\/ucm.one\/de\/wp-json\/wp\/v2\/comments?post=41562"}],"version-history":[{"count":0,"href":"https:\/\/ucm.one\/de\/wp-json\/wp\/v2\/posts\/41562\/revisions"}],"wp:featuredmedia":[{"embeddable":true,"href":"https:\/\/ucm.one\/de\/wp-json\/wp\/v2\/media\/41537"}],"wp:attachment":[{"href":"https:\/\/ucm.one\/de\/wp-json\/wp\/v2\/media?parent=41562"}],"wp:term":[{"taxonomy":"category","embeddable":true,"href":"https:\/\/ucm.one\/de\/wp-json\/wp\/v2\/categories?post=41562"},{"taxonomy":"post_tag","embeddable":true,"href":"https:\/\/ucm.one\/de\/wp-json\/wp\/v2\/tags?post=41562"}],"curies":[{"name":"wp","href":"https:\/\/api.w.org\/{rel}","templated":true}]}}