{"id":41540,"date":"2020-05-28T14:57:53","date_gmt":"2020-05-28T14:57:53","guid":{"rendered":"https:\/\/ucm.one\/?p=41540"},"modified":"2023-03-09T16:48:36","modified_gmt":"2023-03-09T16:48:36","slug":"atme-von-magoscha-siwinska-nicki-durand-achtung-berlin-die-online-retrospektive-film-16","status":"publish","type":"post","link":"https:\/\/ucm.one\/de\/atme-von-magoscha-siwinska-nicki-durand-achtung-berlin-die-online-retrospektive-film-16\/","title":{"rendered":"Atme (von Magoscha Siwinska &#038; Nicki Durand) | achtung berlin \u2022 Die Online-Retrospektive \u2022 Film 16"},"content":{"rendered":"<div class=\"wpb-content-wrapper\"><p>[vc_row][vc_column][vc_column_text]&#8220;<strong>Atme<\/strong>&#8220; heisst der Langfilm von <strong>Magoscha Siwinsk<\/strong> und <strong>Nicki Durand<\/strong>, der als 16. Film bei der\u00a0<strong>15 Jahre achtung berlin \u2022 Online-Retrospektive<\/strong> gezeigt wird. In dem Film findet\u00a0Karl die leblose Johanna an einem verschneiten Ort in Finnland. Er nimmt sie schweigsam und f\u00fcrsorglich bei sich auf, versorgt sie mit dem N\u00f6tigsten: W\u00e4rme \u2013 Nahrung \u2013 Schlaf. Langsam kehrt das Leben in Johanna zur\u00fcck. Zwischen Schneestille und Berliner Gro\u00dfstadtkulisse entrollt sich in R\u00fcckblenden die Geschichte einer unm\u00f6glichen Liebe zwischen Johanna und dem rastlosen Nick. Was anfangs wie eine junge Liebe wirkt, entwickelt mehr und mehr eine zerst\u00f6rerische Kraft. F\u00fcr Johanna beginnt ein Wechselbad der Gef\u00fchle, f\u00fcr Nick ein gef\u00e4hrliche Spiel ohne Grenzen. Am Ende muss Johanna sich f\u00fcr oder gegen sich selbst entscheiden.[\/vc_column_text][\/vc_column][\/vc_row][vc_row][vc_column width=&#8220;1\/2&#8243;][vc_video link=&#8220;https:\/\/youtu.be\/CYQvqSK6IHM&#8220; title=&#8220;Atme | Ganzer Film (deutsch) `{`mit englischen Untertiteln`}` \u1d34\u1d30&#8220;][\/vc_column][vc_column width=&#8220;1\/2&#8243;][vc_video link=&#8220;https:\/\/youtu.be\/1-4jEDCIIh8&#8243; title=&#8220;15 Jahre achtung berlin \u2022 Die Online-Retrospektive&#8220;][\/vc_column][\/vc_row][vc_row][vc_column][vc_column_text]Weitere Informationen zur Retrospektive und dem Programm: \u00a0<a title=\"15 Jahre achtung berlin \u2022 Die Online-Retrospektive\" href=\"https:\/\/ucm.one\/de\/15-jahre-achtung-berlin-die-online-retrospektive\/\">15 Jahre achtung berlin \u2022 Die Online-Retrospektive<\/a><\/p>\n<p>Weitere Informationen zum Film:\u00a0<a title=\"Atme\" href=\"https:\/\/ucm.one\/de\/15-jahre-achtung-berlin-die-online-retrospektive\/#achtung-berlin-atme\">Atme<\/a>[\/vc_column_text][\/vc_column][\/vc_row]<\/p>\n<\/div>","protected":false},"excerpt":{"rendered":"<p>[vc_row][vc_column][vc_column_text]&#8220;Atme&#8220; heisst der Langfilm von Magoscha Siwinsk und Nicki Durand, der als 16. Film bei der\u00a015 Jahre achtung berlin \u2022 Online-Retrospektive gezeigt wird. In dem Film findet\u00a0Karl die leblose Johanna an einem verschneiten Ort in Finnland. Er nimmt sie schweigsam und f\u00fcrsorglich bei sich auf, versorgt sie mit dem N\u00f6tigsten: W\u00e4rme \u2013 Nahrung \u2013 Schlaf.&hellip;<\/p>\n","protected":false},"author":2,"featured_media":41559,"comment_status":"closed","ping_status":"closed","sticky":false,"template":"","format":"standard","meta":{"_acf_changed":false,"footnotes":""},"categories":[7765,830,8,13],"tags":[7766,2498,8046,8042,8043,2266,8047,8045,8048,8049,8044,7924,8050],"class_list":["post-41540","post","type-post","status-publish","format-standard","has-post-thumbnail","hentry","category-achtung-berlin-online-retrospektive","category-darling-berlin","category-film","category-news","tag-15-jahre-achtung-berlin-die-online-retrospektive","tag-achtung-berlin","tag-andreas-schwankl","tag-atme","tag-christine-heimannsberg","tag-darling-berlin","tag-heinrich-rofling","tag-magoscha-siwinska","tag-marion-gretchen-schmitz","tag-moritz-berg","tag-nicki-durand","tag-online-festival","tag-thierry-besson","category-7765","category-830","category-8","category-13","description-off"],"acf":[],"yoast_head":"<!-- This site is optimized with the Yoast SEO plugin v27.5 - https:\/\/yoast.com\/product\/yoast-seo-wordpress\/ -->\n<title>Atme (von Magoscha Siwinska &amp; Nicki Durand) | achtung berlin \u2022 Die Online-Retrospektive \u2022 Film 16 - UCM.ONE<\/title>\n<meta name=\"description\" content=\"&quot;Atme&quot; heisst der Langfilm von Magoscha Siwinsk und Nicki Durand, der als 16. Film bei der\u00a015 Jahre achtung berlin \u2022 Online-Retrospektive.\" \/>\n<meta name=\"robots\" content=\"index, follow, max-snippet:-1, max-image-preview:large, max-video-preview:-1\" \/>\n<link rel=\"canonical\" href=\"https:\/\/ucm.one\/de\/atme-von-magoscha-siwinska-nicki-durand-achtung-berlin-die-online-retrospektive-film-16\/\" \/>\n<meta property=\"og:locale\" content=\"de_DE\" \/>\n<meta property=\"og:type\" content=\"article\" \/>\n<meta property=\"og:title\" content=\"Atme (von Magoscha Siwinska &amp; Nicki Durand) | achtung berlin \u2022 Die Online-Retrospektive \u2022 Film 16 - UCM.ONE\" \/>\n<meta property=\"og:description\" content=\"&quot;Atme&quot; heisst der Langfilm von Magoscha Siwinsk und Nicki Durand, der als 16. Film bei der\u00a015 Jahre achtung berlin \u2022 Online-Retrospektive.\" \/>\n<meta property=\"og:url\" content=\"https:\/\/ucm.one\/de\/atme-von-magoscha-siwinska-nicki-durand-achtung-berlin-die-online-retrospektive-film-16\/\" \/>\n<meta property=\"og:site_name\" content=\"UCM.ONE\" \/>\n<meta property=\"article:published_time\" content=\"2020-05-28T14:57:53+00:00\" \/>\n<meta property=\"article:modified_time\" content=\"2023-03-09T16:48:36+00:00\" \/>\n<meta property=\"og:image\" content=\"https:\/\/ucm.one\/wp-content\/uploads\/2020\/05\/B-Atme.jpg\" \/>\n\t<meta property=\"og:image:width\" content=\"1920\" \/>\n\t<meta property=\"og:image:height\" content=\"600\" \/>\n\t<meta property=\"og:image:type\" content=\"image\/jpeg\" \/>\n<meta name=\"author\" content=\"Joachim Keil\" \/>\n<meta name=\"twitter:card\" content=\"summary_large_image\" \/>\n<meta name=\"twitter:label1\" content=\"Verfasst von\" \/>\n\t<meta name=\"twitter:data1\" content=\"Joachim Keil\" \/>\n\t<meta name=\"twitter:label2\" content=\"Gesch\u00e4tzte Lesezeit\" \/>\n\t<meta name=\"twitter:data2\" content=\"1\u00a0Minute\" \/>\n<!-- \/ Yoast SEO plugin. -->","yoast_head_json":{"title":"Atme (von Magoscha Siwinska & Nicki Durand) | achtung berlin \u2022 Die Online-Retrospektive \u2022 Film 16 - UCM.ONE","description":"\"Atme\" heisst der Langfilm von Magoscha Siwinsk und Nicki Durand, der als 16. Film bei der\u00a015 Jahre achtung berlin \u2022 Online-Retrospektive.","robots":{"index":"index","follow":"follow","max-snippet":"max-snippet:-1","max-image-preview":"max-image-preview:large","max-video-preview":"max-video-preview:-1"},"canonical":"https:\/\/ucm.one\/de\/atme-von-magoscha-siwinska-nicki-durand-achtung-berlin-die-online-retrospektive-film-16\/","og_locale":"de_DE","og_type":"article","og_title":"Atme (von Magoscha Siwinska & Nicki Durand) | achtung berlin \u2022 Die Online-Retrospektive \u2022 Film 16 - UCM.ONE","og_description":"\"Atme\" heisst der Langfilm von Magoscha Siwinsk und Nicki Durand, der als 16. Film bei der\u00a015 Jahre achtung berlin \u2022 Online-Retrospektive.","og_url":"https:\/\/ucm.one\/de\/atme-von-magoscha-siwinska-nicki-durand-achtung-berlin-die-online-retrospektive-film-16\/","og_site_name":"UCM.ONE","article_published_time":"2020-05-28T14:57:53+00:00","article_modified_time":"2023-03-09T16:48:36+00:00","og_image":[{"width":1920,"height":600,"url":"https:\/\/ucm.one\/wp-content\/uploads\/2020\/05\/B-Atme.jpg","type":"image\/jpeg"}],"author":"Joachim Keil","twitter_card":"summary_large_image","twitter_misc":{"Verfasst von":"Joachim Keil","Gesch\u00e4tzte Lesezeit":"1\u00a0Minute"},"schema":{"@context":"https:\/\/schema.org","@graph":[{"@type":"Article","@id":"https:\/\/ucm.one\/de\/atme-von-magoscha-siwinska-nicki-durand-achtung-berlin-die-online-retrospektive-film-16\/#article","isPartOf":{"@id":"https:\/\/ucm.one\/de\/atme-von-magoscha-siwinska-nicki-durand-achtung-berlin-die-online-retrospektive-film-16\/"},"author":{"name":"Joachim Keil","@id":"https:\/\/ucm.one\/de\/#\/schema\/person\/4b959e467e8acc058836467a0ef8fa50"},"headline":"Atme (von Magoscha Siwinska &#038; Nicki Durand) | achtung berlin \u2022 Die Online-Retrospektive \u2022 Film 16","datePublished":"2020-05-28T14:57:53+00:00","dateModified":"2023-03-09T16:48:36+00:00","mainEntityOfPage":{"@id":"https:\/\/ucm.one\/de\/atme-von-magoscha-siwinska-nicki-durand-achtung-berlin-die-online-retrospektive-film-16\/"},"wordCount":231,"publisher":{"@id":"https:\/\/ucm.one\/de\/#organization"},"image":{"@id":"https:\/\/ucm.one\/de\/atme-von-magoscha-siwinska-nicki-durand-achtung-berlin-die-online-retrospektive-film-16\/#primaryimage"},"thumbnailUrl":"https:\/\/ucm.one\/wp-content\/uploads\/2020\/05\/B-Atme.jpg","keywords":["15 Jahre achtung berlin \u2022 Die Online-Retrospektive","achtung berlin","Andreas Schwankl","Atme","Christine Heimannsberg","Darling Berlin","Heinrich Rofling","Magoscha Siwinska","Marion Gretchen Schmitz","Moritz Berg","Nicki Durand","Online Festival","Thierry Besson"],"articleSection":["achtung berlin - Online Retrospektive","Darling Berlin","Film","News"],"inLanguage":"de"},{"@type":"WebPage","@id":"https:\/\/ucm.one\/de\/atme-von-magoscha-siwinska-nicki-durand-achtung-berlin-die-online-retrospektive-film-16\/","url":"https:\/\/ucm.one\/de\/atme-von-magoscha-siwinska-nicki-durand-achtung-berlin-die-online-retrospektive-film-16\/","name":"Atme (von Magoscha Siwinska & Nicki Durand) | achtung berlin \u2022 Die Online-Retrospektive \u2022 Film 16 - UCM.ONE","isPartOf":{"@id":"https:\/\/ucm.one\/de\/#website"},"primaryImageOfPage":{"@id":"https:\/\/ucm.one\/de\/atme-von-magoscha-siwinska-nicki-durand-achtung-berlin-die-online-retrospektive-film-16\/#primaryimage"},"image":{"@id":"https:\/\/ucm.one\/de\/atme-von-magoscha-siwinska-nicki-durand-achtung-berlin-die-online-retrospektive-film-16\/#primaryimage"},"thumbnailUrl":"https:\/\/ucm.one\/wp-content\/uploads\/2020\/05\/B-Atme.jpg","datePublished":"2020-05-28T14:57:53+00:00","dateModified":"2023-03-09T16:48:36+00:00","description":"\"Atme\" heisst der Langfilm von Magoscha Siwinsk und Nicki Durand, der als 16. Film bei der\u00a015 Jahre achtung berlin \u2022 Online-Retrospektive.","breadcrumb":{"@id":"https:\/\/ucm.one\/de\/atme-von-magoscha-siwinska-nicki-durand-achtung-berlin-die-online-retrospektive-film-16\/#breadcrumb"},"inLanguage":"de","potentialAction":[{"@type":"ReadAction","target":["https:\/\/ucm.one\/de\/atme-von-magoscha-siwinska-nicki-durand-achtung-berlin-die-online-retrospektive-film-16\/"]}]},{"@type":"ImageObject","inLanguage":"de","@id":"https:\/\/ucm.one\/de\/atme-von-magoscha-siwinska-nicki-durand-achtung-berlin-die-online-retrospektive-film-16\/#primaryimage","url":"https:\/\/ucm.one\/wp-content\/uploads\/2020\/05\/B-Atme.jpg","contentUrl":"https:\/\/ucm.one\/wp-content\/uploads\/2020\/05\/B-Atme.jpg","width":1920,"height":600},{"@type":"BreadcrumbList","@id":"https:\/\/ucm.one\/de\/atme-von-magoscha-siwinska-nicki-durand-achtung-berlin-die-online-retrospektive-film-16\/#breadcrumb","itemListElement":[{"@type":"ListItem","position":1,"name":"Home","item":"https:\/\/ucm.one\/de\/"},{"@type":"ListItem","position":2,"name":"Atme (von Magoscha Siwinska &#038; Nicki Durand) | achtung berlin \u2022 Die Online-Retrospektive \u2022 Film 16"}]},{"@type":"WebSite","@id":"https:\/\/ucm.one\/de\/#website","url":"https:\/\/ucm.one\/de\/","name":"UCM.ONE","description":"","publisher":{"@id":"https:\/\/ucm.one\/de\/#organization"},"potentialAction":[{"@type":"SearchAction","target":{"@type":"EntryPoint","urlTemplate":"https:\/\/ucm.one\/de\/?s={search_term_string}"},"query-input":{"@type":"PropertyValueSpecification","valueRequired":true,"valueName":"search_term_string"}}],"inLanguage":"de"},{"@type":"Organization","@id":"https:\/\/ucm.one\/de\/#organization","name":"UCM.ONE","url":"https:\/\/ucm.one\/de\/","logo":{"@type":"ImageObject","inLanguage":"de","@id":"https:\/\/ucm.one\/de\/#\/schema\/logo\/image\/","url":"https:\/\/ucm.one\/wp-content\/uploads\/2019\/10\/UCM.ONE-Logo-RGB.svg","contentUrl":"https:\/\/ucm.one\/wp-content\/uploads\/2019\/10\/UCM.ONE-Logo-RGB.svg","width":1,"height":1,"caption":"UCM.ONE"},"image":{"@id":"https:\/\/ucm.one\/de\/#\/schema\/logo\/image\/"}},{"@type":"Person","@id":"https:\/\/ucm.one\/de\/#\/schema\/person\/4b959e467e8acc058836467a0ef8fa50","name":"Joachim Keil","image":{"@type":"ImageObject","inLanguage":"de","@id":"https:\/\/secure.gravatar.com\/avatar\/10e1dfd05f2a7a7bc83cd44bae31e01c8ac15f974229211a2b1a49fa0a22fec0?s=96&d=mm&r=g","url":"https:\/\/secure.gravatar.com\/avatar\/10e1dfd05f2a7a7bc83cd44bae31e01c8ac15f974229211a2b1a49fa0a22fec0?s=96&d=mm&r=g","contentUrl":"https:\/\/secure.gravatar.com\/avatar\/10e1dfd05f2a7a7bc83cd44bae31e01c8ac15f974229211a2b1a49fa0a22fec0?s=96&d=mm&r=g","caption":"Joachim Keil"},"sameAs":["https:\/\/ucm.one"]}]}},"_links":{"self":[{"href":"https:\/\/ucm.one\/de\/wp-json\/wp\/v2\/posts\/41540","targetHints":{"allow":["GET"]}}],"collection":[{"href":"https:\/\/ucm.one\/de\/wp-json\/wp\/v2\/posts"}],"about":[{"href":"https:\/\/ucm.one\/de\/wp-json\/wp\/v2\/types\/post"}],"author":[{"embeddable":true,"href":"https:\/\/ucm.one\/de\/wp-json\/wp\/v2\/users\/2"}],"replies":[{"embeddable":true,"href":"https:\/\/ucm.one\/de\/wp-json\/wp\/v2\/comments?post=41540"}],"version-history":[{"count":0,"href":"https:\/\/ucm.one\/de\/wp-json\/wp\/v2\/posts\/41540\/revisions"}],"wp:featuredmedia":[{"embeddable":true,"href":"https:\/\/ucm.one\/de\/wp-json\/wp\/v2\/media\/41559"}],"wp:attachment":[{"href":"https:\/\/ucm.one\/de\/wp-json\/wp\/v2\/media?parent=41540"}],"wp:term":[{"taxonomy":"category","embeddable":true,"href":"https:\/\/ucm.one\/de\/wp-json\/wp\/v2\/categories?post=41540"},{"taxonomy":"post_tag","embeddable":true,"href":"https:\/\/ucm.one\/de\/wp-json\/wp\/v2\/tags?post=41540"}],"curies":[{"name":"wp","href":"https:\/\/api.w.org\/{rel}","templated":true}]}}