{"id":412579,"date":"2025-11-30T01:12:09","date_gmt":"2025-11-30T01:12:09","guid":{"rendered":"https:\/\/ucm.one\/?p=412579"},"modified":"2025-12-02T01:26:50","modified_gmt":"2025-12-02T01:26:50","slug":"notes-of-berlin-von-mariejosephin-schneider-heute-im-tv-programm-des-rbb-und-in-der-ard-mediathek-zu-sehen","status":"publish","type":"post","link":"https:\/\/ucm.one\/de\/notes-of-berlin-von-mariejosephin-schneider-heute-im-tv-programm-des-rbb-und-in-der-ard-mediathek-zu-sehen\/","title":{"rendered":"\ud83c\udfac &#8222;Notes of Berlin&#8220; von Mariejosephin Schneider heute im TV-Programm des rbb und in der ARD Mediathek zu sehen"},"content":{"rendered":"<div class=\"wpb-content-wrapper\"><p>[vc_row][vc_column][vc_column_text css=&#8220;&#8220;]&#8220;<strong>Notes of Berlin<\/strong>&#8220;\u00a0von Regisseurin <strong>Mariejosephin Schneider<\/strong> kann heute im TV-Programm des <strong>rbb<\/strong> angesehen werden. Zudem steht der Film aktuell in der <strong>ARD Mediathek<\/strong> den interessierten Zuschauern zur Verf\u00fcgung. Inspiriert wurden die Geschichten durch echte Zettelbotschaften, die in den Stra\u00dfen der Stadt gefunden wurden und die <strong>Joab Nist<\/strong> auf seinem Kultblog <a title=\"www.notesofberlin.com\" href=\"http:\/\/www.notesofberlin.com\" target=\"_blank\" rel=\"noopener\">www.notesofberlin.com<\/a> ver\u00f6ffentlicht hat. Sie sind typisch f\u00fcr das Berliner Stadtbild, erz\u00e4hlen von den Sorgen und Gedanken der Bewohner und spiegeln pure Berliner Alltagskultur wieder.[\/vc_column_text][\/vc_column][\/vc_row][vc_row][vc_column width=&#8220;3\/4&#8243;][vc_column_text]Der Episodenfilm erz\u00e4hlt vierzehn komische, traurige und skurrile Geschichten aus 24 Stunden im Leben der Hauptstadt. Die Episoden werden dabei von den f\u00fcr das Berliner Stadtbild so typischen Aush\u00e4ngen verbunden, die die pure Alltagskultur der Stadt widerspiegeln. Diese Aush\u00e4nge werden von <strong>Joab Nist<\/strong> seit 2010 auf seinem Blog <a title=\"\" href=\"http:\/\/notesofberlin.com\" target=\"_blank\" rel=\"noopener noreferrer\">notesofberlin.com<\/a> gesammelt und wurden so weit \u00fcber die Stadtgrenzen hinaus bekannt.[\/vc_column_text][vc_column_text]<span style=\"font-size: 14pt;\">Synopsis<\/span><\/p>\n<p>Ein Tag und eine Nacht in Berlin: Das Karma f\u00e4hrt einen elektrischen Rollstuhl, ein WG-Casting endet mit einer Hausbesetzung, ein Koch und ein entflohener Hund werden zu K\u00f6nigen, alle suchen einen werdenden Vater und ein Hase bringt einen Nerd dazu, endlich seine Nachbarn kennenzulernen. Fahren Berliner Taxis eigentlich bis zum Eiffelturm? Und wer ist die Queen von Berlin?\u00a0All diese Geschichten und noch mehr erz\u00e4hlt &#8222;<strong>Notes of Berlin<\/strong>&#8222;. Inspiriert sind sie von echten Aush\u00e4ngen, die in den Stra\u00dfen der Stadt hingen &#8211; an Laternenpf\u00e4hlen, in Treppenh\u00e4usern, in Hinterh\u00f6fen -, dort von aufmerksamen Berlinern gefunden und auf <strong>Joab Nist<\/strong>s Kultblog <strong>notesofberlin.com<\/strong> ver\u00f6ffentlicht wurden.[\/vc_column_text][vc_column_text]Der Film flaniert mit uns durch die Stadt und wirft einen am\u00fcsierten, einf\u00fchlsamen Blick auf Personen und Situationen, die man sonst vielleicht \u00fcbersehen w\u00fcrde. Er ist eine Liebeserkl\u00e4rung an Berlin, zeigt den allt\u00e4glichen Wahnsinn und zuf\u00e4llige Begegnungen und macht die Stadt zur Protagonistin, denn: <em>\u201eDas Herz der Stadt schl\u00e4gt auf der Stra\u00dfe\u201c<\/em>.[\/vc_column_text][\/vc_column][vc_column width=&#8220;1\/4&#8243;][vc_single_image image=&#8220;54499&#8243; img_size=&#8220;full&#8220; onclick=&#8220;link_image&#8220; css=&#8220;&#8220;][\/vc_column][\/vc_row][vc_row][vc_column][vc_column_text]\u201c<strong>Notes of Berlin<\/strong>\u201c feierte im Oktober 2020 beim\u00a0<strong>Internationalen Filmfestival in Warschau<\/strong>\u00a0seine Weltpremiere und wurde bei seiner Deutschlandpremiere bei den\u00a0<strong>42. Biberacher Filmfestspielen<\/strong>\u00a0mit drei \u201eBibern\u201c ausgezeichnet, n\u00e4mlich als\u00a0<em>\u201cBester Deb\u00fctfilm\u201d<\/em>, mit dem\u00a0<em>\u201cPublikumspreis\u201d<\/em>\u00a0und dem\u00a0<em>\u201cPreis der Sch\u00fclerjury\u201d<\/em>.[\/vc_column_text][\/vc_column][\/vc_row][vc_row][vc_column width=&#8220;1\/3&#8243;][vc_single_image image=&#8220;77937&#8243; img_size=&#8220;full&#8220; onclick=&#8220;link_image&#8220;][\/vc_column][vc_column width=&#8220;1\/3&#8243;][vc_single_image image=&#8220;54588&#8243; img_size=&#8220;full&#8220; onclick=&#8220;link_image&#8220;][\/vc_column][vc_column width=&#8220;1\/3&#8243;][vc_single_image image=&#8220;77946&#8243; img_size=&#8220;full&#8220; onclick=&#8220;link_image&#8220;][\/vc_column][\/vc_row][vc_row][vc_column][vc_separator][\/vc_column][\/vc_row][vc_row][vc_column width=&#8220;1\/2&#8243;][vc_video link=&#8220;https:\/\/youtu.be\/HOn_TsUQEGE&#8220; title=&#8220;Notes of Berlin | Trailer (deutsch)\u1d34\u1d30&#8220;][\/vc_column][vc_column width=&#8220;1\/2&#8243;][vc_video link=&#8220;https:\/\/youtu.be\/s36TzZzcZl4&#8243; title=&#8220;Knut Elstermann \u00fcber &#8222;Notes of Berlin&#8222; | radioeins&#8220;][\/vc_column][\/vc_row][vc_row][vc_column][vc_column_text]<\/p>\n<p style=\"font-weight: 400;\"><span style=\"font-size: 18pt;\">Kommentare zum Film<\/span><\/p>\n<p style=\"font-weight: 400;\"><em>&#8222;\u201eNotes of Berlin\u201c erz\u00e4hlt von wichtigen, sehr wichtigen, unm\u00f6glichen, unglaublichen und nebens\u00e4chlichen Dingen.&#8220;<\/em> (<strong>TAZ)<\/strong><\/p>\n<p style=\"font-weight: 400;\"><em>&#8222;Ein sehr begl\u00fcckender Film \u00fcber das Suchen, Finden und Verlieren und die nie versiegende Hoffnung nach dem gro\u00dfen Gl\u00fcck.&#8220;<\/em> (<strong>Radioeins Filme der Woche (Der sch\u00f6ne Morgen<\/strong>)<\/p>\n<p style=\"font-weight: 400;\"><em>&#8222;Genauso schr\u00e4g, witzig und abgr\u00fcndig wie Berlin.&#8220;<\/em> (<strong>rbb Fritz, Die Spoilsusen<\/strong>)<\/p>\n<p style=\"font-weight: 400;\"><em>&#8222;Die vierzehn verschiedenen, teils eng, teils nur lose miteinander verbundenen Episoden aus der Hauptstadt, die (\u2026) alle auf authentischen Berliner Zettelbotschaften beruhen, setzen sich zu einem vielschichtigen, mal herrlich komischen, mal bewegenden Mosaik Berlins zusammen. So wird &#8222;Notes of Berlin&#8220; zu einem Muss f\u00fcr alle, die Berlin lieben!&#8220;<\/em> (<strong>Berliner-Filmfestivals.de<\/strong>)<\/p>\n<p style=\"font-weight: 400;\"><em>&#8222;Zauberhafter Zettelkasten: deutscher Episodenfilm, der mal tragisch, meist aber komisch 14 Geschichten aus der Hauptstadt erz\u00e4hlt. (\u2026)\u00a0Die Regisseurin und Drehbuchautorin Mariejosephin Schneider erz\u00e4hlt mal tragisch, meist aber sehr komisch von kleinen und gro\u00dfen Alltagssorgen und schaut den Berliner*innen dabei ganz genau aufs Maul.&#8220;<\/em> (<strong>Spielfilm.de)<\/strong><\/p>\n<p>[\/vc_column_text][vc_separator css=&#8220;.vc_custom_1560377795279{margin-top: 15px !important;}&#8220;][vc_column_text]Weiter Informationen \u00fcber den Film: <a title=\"Notes of Berlin\" href=\"https:\/\/ucm.one\/de\/notes-of-berlin\/\">Notes of Berlin<\/a>[\/vc_column_text][\/vc_column][\/vc_row]<\/p>\n<\/div>","protected":false},"excerpt":{"rendered":"<p>[vc_row][vc_column][vc_column_text css=&#8220;&#8220;]&#8220;Notes of Berlin&#8220;\u00a0von Regisseurin Mariejosephin Schneider kann heute im TV-Programm des rbb angesehen werden. Zudem steht der Film aktuell in der ARD Mediathek den interessierten Zuschauern zur Verf\u00fcgung. Inspiriert wurden die Geschichten durch echte Zettelbotschaften, die in den Stra\u00dfen der Stadt gefunden wurden und die Joab Nist auf seinem Kultblog www.notesofberlin.com ver\u00f6ffentlicht hat. Sie&hellip;<\/p>\n","protected":false},"author":2,"featured_media":412580,"comment_status":"closed","ping_status":"closed","sticky":false,"template":"","format":"standard","meta":{"_acf_changed":false,"footnotes":""},"categories":[830,8,13],"tags":[2498,14901,4841,12752,14900,2266,14899,10057,14904,14906,8932,14905,8933,14902,8931,14903,2545,2515],"class_list":["post-412579","post","type-post","status-publish","format-standard","has-post-thumbnail","hentry","category-darling-berlin","category-film","category-news","tag-achtung-berlin","tag-alaaddin-kemec","tag-ard","tag-ard-mediathek","tag-ardian-hartono","tag-darling-berlin","tag-edgar-harter","tag-frederik-von-luettichau","tag-garreth-lennon","tag-gernot-kunert","tag-joab-nist","tag-maria-maegdefrau","tag-mariejosephin-schneider","tag-matus-krajnak","tag-notes-of-berlin","tag-olivia-kundisch","tag-rbb","tag-tom-lass","category-830","category-8","category-13","description-off"],"acf":[],"yoast_head":"<!-- This site is optimized with the Yoast SEO plugin v27.5 - https:\/\/yoast.com\/product\/yoast-seo-wordpress\/ -->\n<title>&quot;Notes of Berlin&quot; heute im TV-Programm des rbb zu sehen<\/title>\n<meta name=\"description\" content=\"&quot;Notes of Berlin&quot; (Darling Berlin) von Mariejosephin Schneider ist heute im TV-Programm des rbb und in der ARD Mediathek zu sehen\" \/>\n<meta name=\"robots\" content=\"index, follow, max-snippet:-1, max-image-preview:large, max-video-preview:-1\" \/>\n<link rel=\"canonical\" href=\"https:\/\/ucm.one\/de\/notes-of-berlin-von-mariejosephin-schneider-heute-im-tv-programm-des-rbb-und-in-der-ard-mediathek-zu-sehen\/\" \/>\n<meta property=\"og:locale\" content=\"de_DE\" \/>\n<meta property=\"og:type\" content=\"article\" \/>\n<meta property=\"og:title\" content=\"&quot;Notes of Berlin&quot; heute im TV-Programm des rbb zu sehen\" \/>\n<meta property=\"og:description\" content=\"&quot;Notes of Berlin&quot; (Darling Berlin) von Mariejosephin Schneider ist heute im TV-Programm des rbb und in der ARD Mediathek zu sehen\" \/>\n<meta property=\"og:url\" content=\"https:\/\/ucm.one\/de\/notes-of-berlin-von-mariejosephin-schneider-heute-im-tv-programm-des-rbb-und-in-der-ard-mediathek-zu-sehen\/\" \/>\n<meta property=\"og:site_name\" content=\"UCM.ONE\" \/>\n<meta property=\"article:published_time\" content=\"2025-11-30T01:12:09+00:00\" \/>\n<meta property=\"article:modified_time\" content=\"2025-12-02T01:26:50+00:00\" \/>\n<meta property=\"og:image\" content=\"https:\/\/ucm.one\/wp-content\/uploads\/2022\/12\/NotesOfBerlin_quadratisch.jpg\" \/>\n<meta name=\"author\" content=\"Joachim Keil\" \/>\n<meta name=\"twitter:card\" content=\"summary_large_image\" \/>\n<meta name=\"twitter:title\" content=\"&quot;Notes of Berlin&quot; heute im TV-Programm des rbb zu sehen\" \/>\n<meta name=\"twitter:description\" content=\"&quot;Notes of Berlin&quot; (Darling Berlin) von Mariejosephin Schneider ist heute im TV-Programm des rbb und in der ARD Mediathek zu sehen\" \/>\n<meta name=\"twitter:image\" content=\"https:\/\/ucm.one\/wp-content\/uploads\/2022\/12\/NotesOfBerlin_quadratisch.jpg\" \/>\n<meta name=\"twitter:label1\" content=\"Verfasst von\" \/>\n\t<meta name=\"twitter:data1\" content=\"Joachim Keil\" \/>\n\t<meta name=\"twitter:label2\" content=\"Gesch\u00e4tzte Lesezeit\" \/>\n\t<meta name=\"twitter:data2\" content=\"4\u00a0Minuten\" \/>\n<!-- \/ Yoast SEO plugin. -->","yoast_head_json":{"title":"\"Notes of Berlin\" heute im TV-Programm des rbb zu sehen","description":"\"Notes of Berlin\" (Darling Berlin) von Mariejosephin Schneider ist heute im TV-Programm des rbb und in der ARD Mediathek zu sehen","robots":{"index":"index","follow":"follow","max-snippet":"max-snippet:-1","max-image-preview":"max-image-preview:large","max-video-preview":"max-video-preview:-1"},"canonical":"https:\/\/ucm.one\/de\/notes-of-berlin-von-mariejosephin-schneider-heute-im-tv-programm-des-rbb-und-in-der-ard-mediathek-zu-sehen\/","og_locale":"de_DE","og_type":"article","og_title":"\"Notes of Berlin\" heute im TV-Programm des rbb zu sehen","og_description":"\"Notes of Berlin\" (Darling Berlin) von Mariejosephin Schneider ist heute im TV-Programm des rbb und in der ARD Mediathek zu sehen","og_url":"https:\/\/ucm.one\/de\/notes-of-berlin-von-mariejosephin-schneider-heute-im-tv-programm-des-rbb-und-in-der-ard-mediathek-zu-sehen\/","og_site_name":"UCM.ONE","article_published_time":"2025-11-30T01:12:09+00:00","article_modified_time":"2025-12-02T01:26:50+00:00","og_image":[{"url":"https:\/\/ucm.one\/wp-content\/uploads\/2022\/12\/NotesOfBerlin_quadratisch.jpg","type":"","width":"","height":""}],"author":"Joachim Keil","twitter_card":"summary_large_image","twitter_title":"\"Notes of Berlin\" heute im TV-Programm des rbb zu sehen","twitter_description":"\"Notes of Berlin\" (Darling Berlin) von Mariejosephin Schneider ist heute im TV-Programm des rbb und in der ARD Mediathek zu sehen","twitter_image":"https:\/\/ucm.one\/wp-content\/uploads\/2022\/12\/NotesOfBerlin_quadratisch.jpg","twitter_misc":{"Verfasst von":"Joachim Keil","Gesch\u00e4tzte Lesezeit":"4\u00a0Minuten"},"schema":{"@context":"https:\/\/schema.org","@graph":[{"@type":"Article","@id":"https:\/\/ucm.one\/de\/notes-of-berlin-von-mariejosephin-schneider-heute-im-tv-programm-des-rbb-und-in-der-ard-mediathek-zu-sehen\/#article","isPartOf":{"@id":"https:\/\/ucm.one\/de\/notes-of-berlin-von-mariejosephin-schneider-heute-im-tv-programm-des-rbb-und-in-der-ard-mediathek-zu-sehen\/"},"author":{"name":"Joachim Keil","@id":"https:\/\/ucm.one\/de\/#\/schema\/person\/4b959e467e8acc058836467a0ef8fa50"},"headline":"\ud83c\udfac &#8222;Notes of Berlin&#8220; von Mariejosephin Schneider heute im TV-Programm des rbb und in der ARD Mediathek zu sehen","datePublished":"2025-11-30T01:12:09+00:00","dateModified":"2025-12-02T01:26:50+00:00","mainEntityOfPage":{"@id":"https:\/\/ucm.one\/de\/notes-of-berlin-von-mariejosephin-schneider-heute-im-tv-programm-des-rbb-und-in-der-ard-mediathek-zu-sehen\/"},"wordCount":748,"publisher":{"@id":"https:\/\/ucm.one\/de\/#organization"},"image":{"@id":"https:\/\/ucm.one\/de\/notes-of-berlin-von-mariejosephin-schneider-heute-im-tv-programm-des-rbb-und-in-der-ard-mediathek-zu-sehen\/#primaryimage"},"thumbnailUrl":"https:\/\/ucm.one\/wp-content\/uploads\/2025\/12\/B-Notes-of-Berlin-RBB-2025-DE.jpg","keywords":["achtung berlin","Alaaddin Kemec","ARD","ARD Mediathek","Ardian Hartono","Darling Berlin","Edgar Harter","Frederik von L\u00fcttichau","Garreth Lennon","Gernot Kunert","Joab Nist","Maria M\u00e4gdefrau","Mariejosephin Schneider","Matus Krajnak","Notes of Berlin","Olivia Kundisch","rbb","Tom Lass"],"articleSection":["Darling Berlin","Film","News"],"inLanguage":"de"},{"@type":"WebPage","@id":"https:\/\/ucm.one\/de\/notes-of-berlin-von-mariejosephin-schneider-heute-im-tv-programm-des-rbb-und-in-der-ard-mediathek-zu-sehen\/","url":"https:\/\/ucm.one\/de\/notes-of-berlin-von-mariejosephin-schneider-heute-im-tv-programm-des-rbb-und-in-der-ard-mediathek-zu-sehen\/","name":"\"Notes of Berlin\" heute im TV-Programm des rbb zu sehen","isPartOf":{"@id":"https:\/\/ucm.one\/de\/#website"},"primaryImageOfPage":{"@id":"https:\/\/ucm.one\/de\/notes-of-berlin-von-mariejosephin-schneider-heute-im-tv-programm-des-rbb-und-in-der-ard-mediathek-zu-sehen\/#primaryimage"},"image":{"@id":"https:\/\/ucm.one\/de\/notes-of-berlin-von-mariejosephin-schneider-heute-im-tv-programm-des-rbb-und-in-der-ard-mediathek-zu-sehen\/#primaryimage"},"thumbnailUrl":"https:\/\/ucm.one\/wp-content\/uploads\/2025\/12\/B-Notes-of-Berlin-RBB-2025-DE.jpg","datePublished":"2025-11-30T01:12:09+00:00","dateModified":"2025-12-02T01:26:50+00:00","description":"\"Notes of Berlin\" (Darling Berlin) von Mariejosephin Schneider ist heute im TV-Programm des rbb und in der ARD Mediathek zu sehen","breadcrumb":{"@id":"https:\/\/ucm.one\/de\/notes-of-berlin-von-mariejosephin-schneider-heute-im-tv-programm-des-rbb-und-in-der-ard-mediathek-zu-sehen\/#breadcrumb"},"inLanguage":"de","potentialAction":[{"@type":"ReadAction","target":["https:\/\/ucm.one\/de\/notes-of-berlin-von-mariejosephin-schneider-heute-im-tv-programm-des-rbb-und-in-der-ard-mediathek-zu-sehen\/"]}]},{"@type":"ImageObject","inLanguage":"de","@id":"https:\/\/ucm.one\/de\/notes-of-berlin-von-mariejosephin-schneider-heute-im-tv-programm-des-rbb-und-in-der-ard-mediathek-zu-sehen\/#primaryimage","url":"https:\/\/ucm.one\/wp-content\/uploads\/2025\/12\/B-Notes-of-Berlin-RBB-2025-DE.jpg","contentUrl":"https:\/\/ucm.one\/wp-content\/uploads\/2025\/12\/B-Notes-of-Berlin-RBB-2025-DE.jpg","width":1920,"height":600},{"@type":"BreadcrumbList","@id":"https:\/\/ucm.one\/de\/notes-of-berlin-von-mariejosephin-schneider-heute-im-tv-programm-des-rbb-und-in-der-ard-mediathek-zu-sehen\/#breadcrumb","itemListElement":[{"@type":"ListItem","position":1,"name":"Home","item":"https:\/\/ucm.one\/de\/"},{"@type":"ListItem","position":2,"name":"\ud83c\udfac &#8220;Notes of Berlin&#8221; von Mariejosephin Schneider heute im TV-Programm des rbb und in der ARD Mediathek zu sehen"}]},{"@type":"WebSite","@id":"https:\/\/ucm.one\/de\/#website","url":"https:\/\/ucm.one\/de\/","name":"UCM.ONE","description":"","publisher":{"@id":"https:\/\/ucm.one\/de\/#organization"},"potentialAction":[{"@type":"SearchAction","target":{"@type":"EntryPoint","urlTemplate":"https:\/\/ucm.one\/de\/?s={search_term_string}"},"query-input":{"@type":"PropertyValueSpecification","valueRequired":true,"valueName":"search_term_string"}}],"inLanguage":"de"},{"@type":"Organization","@id":"https:\/\/ucm.one\/de\/#organization","name":"UCM.ONE","url":"https:\/\/ucm.one\/de\/","logo":{"@type":"ImageObject","inLanguage":"de","@id":"https:\/\/ucm.one\/de\/#\/schema\/logo\/image\/","url":"https:\/\/ucm.one\/wp-content\/uploads\/2019\/10\/UCM.ONE-Logo-RGB.svg","contentUrl":"https:\/\/ucm.one\/wp-content\/uploads\/2019\/10\/UCM.ONE-Logo-RGB.svg","width":1,"height":1,"caption":"UCM.ONE"},"image":{"@id":"https:\/\/ucm.one\/de\/#\/schema\/logo\/image\/"}},{"@type":"Person","@id":"https:\/\/ucm.one\/de\/#\/schema\/person\/4b959e467e8acc058836467a0ef8fa50","name":"Joachim Keil","image":{"@type":"ImageObject","inLanguage":"de","@id":"https:\/\/secure.gravatar.com\/avatar\/10e1dfd05f2a7a7bc83cd44bae31e01c8ac15f974229211a2b1a49fa0a22fec0?s=96&d=mm&r=g","url":"https:\/\/secure.gravatar.com\/avatar\/10e1dfd05f2a7a7bc83cd44bae31e01c8ac15f974229211a2b1a49fa0a22fec0?s=96&d=mm&r=g","contentUrl":"https:\/\/secure.gravatar.com\/avatar\/10e1dfd05f2a7a7bc83cd44bae31e01c8ac15f974229211a2b1a49fa0a22fec0?s=96&d=mm&r=g","caption":"Joachim Keil"},"sameAs":["https:\/\/ucm.one"]}]}},"_links":{"self":[{"href":"https:\/\/ucm.one\/de\/wp-json\/wp\/v2\/posts\/412579","targetHints":{"allow":["GET"]}}],"collection":[{"href":"https:\/\/ucm.one\/de\/wp-json\/wp\/v2\/posts"}],"about":[{"href":"https:\/\/ucm.one\/de\/wp-json\/wp\/v2\/types\/post"}],"author":[{"embeddable":true,"href":"https:\/\/ucm.one\/de\/wp-json\/wp\/v2\/users\/2"}],"replies":[{"embeddable":true,"href":"https:\/\/ucm.one\/de\/wp-json\/wp\/v2\/comments?post=412579"}],"version-history":[{"count":1,"href":"https:\/\/ucm.one\/de\/wp-json\/wp\/v2\/posts\/412579\/revisions"}],"predecessor-version":[{"id":412582,"href":"https:\/\/ucm.one\/de\/wp-json\/wp\/v2\/posts\/412579\/revisions\/412582"}],"wp:featuredmedia":[{"embeddable":true,"href":"https:\/\/ucm.one\/de\/wp-json\/wp\/v2\/media\/412580"}],"wp:attachment":[{"href":"https:\/\/ucm.one\/de\/wp-json\/wp\/v2\/media?parent=412579"}],"wp:term":[{"taxonomy":"category","embeddable":true,"href":"https:\/\/ucm.one\/de\/wp-json\/wp\/v2\/categories?post=412579"},{"taxonomy":"post_tag","embeddable":true,"href":"https:\/\/ucm.one\/de\/wp-json\/wp\/v2\/tags?post=412579"}],"curies":[{"name":"wp","href":"https:\/\/api.w.org\/{rel}","templated":true}]}}