{"id":412265,"date":"2025-11-18T22:06:15","date_gmt":"2025-11-18T22:06:15","guid":{"rendered":"https:\/\/ucm.one\/?p=412265"},"modified":"2025-11-30T23:25:24","modified_gmt":"2025-11-30T23:25:24","slug":"oesterreichischer-kinohit-neo-nuggets-eine-pulled-pork-komoedie-feiert-deutschland-premiere-am-27-11-im-mathaeser-filmpalast-in-muenchen","status":"publish","type":"post","link":"https:\/\/ucm.one\/de\/oesterreichischer-kinohit-neo-nuggets-eine-pulled-pork-komoedie-feiert-deutschland-premiere-am-27-11-im-mathaeser-filmpalast-in-muenchen\/","title":{"rendered":"\ud83c\udfac \u00d6sterreichischer Kinohit &#8222;Neo Nuggets \u2013 Eine Pulled Pork Kom\u00f6die&#8220; feiert Deutschland-Premiere am 27.11. im Math\u00e4ser Filmpalast in M\u00fcnchen"},"content":{"rendered":"<div class=\"wpb-content-wrapper\"><p>[vc_row][vc_column][vc_column_text css=&#8220;&#8220;]<\/p>\n<div class=\"\">\n<p>Die \u00f6sterreichische Erfolgskom\u00f6die &#8222;<strong>Neo Nuggets \u2013 Eine Pulled Pork Kom\u00f6die<\/strong>&#8220; feiert am <b>27. November 2025<\/b>\u00a0ihre gro\u00dfe <b>Deutschland-Premiere<\/b>\u00a0im <strong>Math\u00e4ser Filmpalast<\/strong> in M\u00fcnchen. Zum Premierenabend werden die Hauptdarsteller<b> Paul Pizzera <\/b>und<b> Otto Jaus<\/b>, der Regisseur <b>Andreas Schmied<\/b>, sowie Produzentin <b>Loredana Rehekampff<\/b> pers\u00f6nlich anwesend sein. In Deutschland wird die Kom\u00f6die vom <span style=\"font-family: 'arial black', sans-serif;\"><strong>UCM.ONE<\/strong><\/span> Filmverleih in die Kinos gebracht.<\/p>\n<\/div>\n<p>[\/vc_column_text][\/vc_column][\/vc_row][vc_row][vc_column width=&#8220;3\/4&#8243;][vc_row_inner][vc_column_inner][vc_column_text css=&#8220;&#8220;]<strong>Pizzera &amp; Jaus<\/strong> sind in diesem Jahr f\u00fcr ihre Rollen in &#8222;<strong>Neo Nuggets \u2013 Eine Pulled Pork Kom\u00f6die<\/strong>&#8220; (kurz: <b>&#8222;Neo Nuggets&#8220;)<\/b>\u00a0als <b><em>\u201eBeste Hauptdarsteller\u201c <\/em><\/b>f\u00fcr die <b>Romy <\/b>nominiert \u2013 einen der wichtigsten Preise im \u00f6sterreichischen Film- und Fernsehbereich. Die <strong>Romy-Gala<\/strong> findet bereits am darauffolgenden Tag, dem 28. November in Kitzb\u00fchel statt, was der Premiere zus\u00e4tzliche Aktualit\u00e4t und Relevanz verleiht.[\/vc_column_text][vc_column_text css=&#8220;&#8220;]<\/p>\n<p style=\"font-weight: 400;\"><span style=\"font-size: 14pt;\">Inhalt<\/span><\/p>\n<p>&#8222;<strong>Neo Nuggets \u2013 Eine Pulled Pork Kom\u00f6die<\/strong>&#8220; erz\u00e4hlt die Geschichte der ungleichen Br\u00fcder Flo und Eddi, die unverhofft in ein rasantes Abenteuer geraten. Eine vermeintlich harmlose Familienangelegenheit eskaliert, als ihre totgeglaubte Schwester pl\u00f6tzlich wieder auftaucht. Dadurch werden die beiden in eine wilde Spirale aus Spionage, Schatzsuche und alten Familiengeheimnissen gezogen \u2013 tief hinein in die mysteri\u00f6sen Legenden rund um den Toplitzsee.[\/vc_column_text][vc_column_text css=&#8220;&#8220;]Als Fortsetzung des Kinohits <b>\u201ePulled Pork\u201c (2023)<\/b>\u00a0bringt der Film das \u00f6sterreichische Erfolgsduo <b>Pizzera &amp; Jaus <\/b>erneut gemeinsam auf die Leinwand. In ihren Rollen als Heimkind-Br\u00fcder verbinden sie Slapstick, Emotion und Spannung zu einer energiegeladenen Mischung. Der Film liefert Action, Humor und \u00f6sterreichischen Schm\u00e4h \u2013 eine moderne Spy-Comedy mit Herz und anarchischem Witz.[\/vc_column_text][\/vc_column_inner][\/vc_row_inner][\/vc_column][vc_column width=&#8220;1\/4&#8243;][vc_single_image image=&#8220;412266&#8243; img_size=&#8220;full&#8220; onclick=&#8220;link_image&#8220; css=&#8220;&#8220;][\/vc_column][\/vc_row][vc_row][vc_column][vc_column_text css=&#8220;&#8220;]Abgerundet wird das hochkar\u00e4tige Ensemble rund um <strong>Paul Pizzera<\/strong> und <strong>Otto Jaus<\/strong> mit <b>Benno F\u00fcrmann<\/b>, <b>Gizem Emre<\/b>, <b>Silvia Schneider <\/b>und<b>\u00a0Melissa Naschenweng.<\/b>\u00a0Gemeinsam bringen sie Tempo und Emotion auf die Leinwand und erg\u00e4nzen die humorvolle Agentengeschichte um pointierte Dialoge und eine Prise Romantik.[\/vc_column_text][\/vc_column][\/vc_row][vc_row][vc_column width=&#8220;1\/2&#8243;][vc_single_image image=&#8220;411996&#8243; img_size=&#8220;full&#8220; onclick=&#8220;link_image&#8220; css=&#8220;&#8220;][\/vc_column][vc_column width=&#8220;1\/2&#8243;][vc_single_image image=&#8220;411990&#8243; img_size=&#8220;full&#8220; onclick=&#8220;link_image&#8220; css=&#8220;&#8220;][\/vc_column][\/vc_row][vc_row css=&#8220;.vc_custom_1676846821410{margin-bottom: -20px !important;}&#8220;][vc_column][vc_column_text css=&#8220;&#8220;]Im Rahmen der Premiere in M\u00fcnchen steht die Produzentin des Films,<b>\u00a0Loredana Rehekampff<\/b>, f\u00fcr Hintergrundgespr\u00e4che zur Produktion, zur Zusammenarbeit mit <strong>Pizzera &amp; Jaus<\/strong> und zum \u00f6sterreichischen Filmmarkt zur Verf\u00fcgung.[\/vc_column_text][\/vc_column][\/vc_row][vc_row][vc_column width=&#8220;1\/3&#8243;][vc_empty_space height=&#8220;5px&#8220;][vc_single_image image=&#8220;412273&#8243; img_size=&#8220;full&#8220; onclick=&#8220;link_image&#8220; css=&#8220;&#8220;][\/vc_column][vc_column width=&#8220;2\/3&#8243;][vc_column_text css=&#8220;&#8220;]Unterst\u00fctzt wird die Deutschland-Premiere zudem von<a href=\"https:\/\/www.leburger.at\/standorte\/muenchen\/\" target=\"_blank\" rel=\"noopener\"><b>\u00a0LeBurger M\u00fcnchen<\/b><\/a>: In Anlehnung an die \u00f6sterreichische Kinostart-Aktion serviert das Restaurant rund um den Premierenzeitraum den eigens kreierten Aktionsburger <b>\u201eLicense to Grill\u201c<\/b> und setzt den Film mit begleitenden POS-Ma\u00dfnahmen prominent in Szene. So wird &#8222;<strong>Neo Nuggets<\/strong>&#8220; auch kulinarisch in M\u00fcnchen erlebbar.[\/vc_column_text][vc_column_text css=&#8220;.vc_custom_1763772723652{margin-top: -2px !important;margin-right: 0px !important;margin-bottom: 25px !important;margin-left: 0px !important;border-top-width: 1px !important;border-right-width: 1px !important;border-bottom-width: 1px !important;border-left-width: 1px !important;padding-top: 20px !important;padding-right: 20px !important;padding-bottom: 20px !important;padding-left: 20px !important;background-color: #D9E2E5 !important;background-position: center !important;background-repeat: no-repeat !important;background-size: cover !important;border-left-style: solid !important;border-right-style: solid !important;border-top-style: solid !important;border-bottom-style: solid !important;border-radius: 3px !important;border-color: #386484 !important;}&#8220;]<span style=\"font-size: 14pt;\">Premierendetails<\/span><b><\/b><\/p>\n<table style=\"border-collapse: collapse; width: 100%; height: 96px;\">\n<tbody>\n<tr style=\"height: 96px;\">\n<td style=\"width: 50%; text-align: left; vertical-align: top; border-color: #ffffff; border-style: hidden; height: 96px; background-color: #d9e2e5;\"><b>Datum: <\/b><\/p>\n<p>27.11.2025<\/p>\n<p><b>Ort:<\/b><\/p>\n<p>Math\u00e4ser Filmpalast, M\u00fcnchen<\/td>\n<td style=\"width: 50%; text-align: left; vertical-align: top; border-color: #ffffff; border-style: hidden; height: 96px; background-color: #d9e2e5;\"><strong>19:00 Uhr<\/strong>: Foto-Call<\/p>\n<p><strong>19:30 Uhr<\/strong>: kurze Statements<\/p>\n<p><strong>20:00 Uhr<\/strong>: Filmbeginn<\/p>\n<p><em>Anschlie\u00dfend Q&amp;A<\/em><\/td>\n<\/tr>\n<\/tbody>\n<\/table>\n<p>[\/vc_column_text][\/vc_column][\/vc_row][vc_row][vc_column width=&#8220;3\/4&#8243;][vc_column_text css=&#8220;&#8220;]F\u00fcr die Premiere in M\u00fcnchen ist ein <b>Foto-Call <\/b>mit kurzen Interviewm\u00f6glichkeiten sowie ein Q&amp;A im Kinosaal geplant. F\u00fcr Fans besteht au\u00dferdem die M\u00f6glichkeit, sich vor Ort Filmplakate von <strong>Pizzera und Jaus<\/strong> pers\u00f6nlich signieren zu lassen. Medienvertreter:innen k\u00f6nnen sich ab sofort f\u00fcr Interviews und Pressematerial anmelden.[\/vc_column_text][\/vc_column][vc_column width=&#8220;1\/4&#8243;][vc_empty_space height=&#8220;7px&#8220;][vc_btn title=&#8220;Tickets f\u00fcr die Premiere&#8220; style=&#8220;classic&#8220; color=&#8220;juicy-pink&#8220; size=&#8220;sm&#8220; align=&#8220;center&#8220; i_icon_fontawesome=&#8220;fa fa-solid fa-ticket&#8220; css=&#8220;&#8220; button_block=&#8220;true&#8220; add_icon=&#8220;true&#8220; link=&#8220;url:https%3A%2F%2Fwww.mathaeser.de%2Fmm%2Fevents%2Fdetail%2Fstarbesuch-neo-nuggets-eine-pulled-pork-komoedie%2F6765%3Ffguid%3D2%26cindex%3D0%26overlaySrc%3Dnull|title:Math%C3%A4ser%20Filmpalast|target:_blank&#8220;][vc_empty_space height=&#8220;20px&#8220;][\/vc_column][\/vc_row][vc_row bg_type=&#8220;bg_color&#8220; ult_hide_row=&#8220;ult_hide_row_value&#8220; ult_hide_row_large_screen=&#8220;large_screen&#8220; ult_hide_row_desktop=&#8220;desktop&#8220; ult_hide_row_tablet=&#8220;tablet&#8220;][vc_column width=&#8220;1\/2&#8243;][vc_single_image image=&#8220;412004&#8243; img_size=&#8220;full&#8220; css=&#8220;&#8220;][\/vc_column][vc_column width=&#8220;1\/2&#8243;][vc_single_image image=&#8220;412012&#8243; img_size=&#8220;full&#8220; css=&#8220;&#8220;][\/vc_column][\/vc_row][vc_row][vc_column][vc_separator css=&#8220;&#8220;][vc_video link=&#8220;https:\/\/www.youtube.com\/watch?v=AxzXs1XXVco&#8220; css=&#8220;&#8220; title=&#8220;Neo Nuggets: Eine Pulled Pork Kom\u00f6die | Trailer&#8220;][\/vc_column][\/vc_row][vc_row][vc_column width=&#8220;1\/2&#8243;][vc_column_text css=&#8220;&#8220;]Weitere Informationen \u00fcber den Film: <a href=\"https:\/\/ucm.one\/de\/neo-nuggets\/\">Neo Nuggets \u2013 Eine Pulled Pork Kom\u00f6die<\/a>[\/vc_column_text][\/vc_column][vc_column width=&#8220;1\/2&#8243;][vc_column_text css=&#8220;&#8220;]Weitere Informationen \u00fcber die Produktionsfirma: <a href=\"https:\/\/samsarafilm.at\" target=\"_blank\" rel=\"noopener\">Samsara Film<\/a>[\/vc_column_text][\/vc_column][\/vc_row]<\/p>\n<\/div>","protected":false},"excerpt":{"rendered":"<p>[vc_row][vc_column][vc_column_text css=&#8220;&#8220;] Die \u00f6sterreichische Erfolgskom\u00f6die &#8222;Neo Nuggets \u2013 Eine Pulled Pork Kom\u00f6die&#8220; feiert am 27. November 2025\u00a0ihre gro\u00dfe Deutschland-Premiere\u00a0im Math\u00e4ser Filmpalast in M\u00fcnchen. Zum Premierenabend werden die Hauptdarsteller Paul Pizzera und Otto Jaus, der Regisseur Andreas Schmied, sowie Produzentin Loredana Rehekampff pers\u00f6nlich anwesend sein. In Deutschland wird die Kom\u00f6die vom UCM.ONE Filmverleih in die Kinos&hellip;<\/p>\n","protected":false},"author":2,"featured_media":412268,"comment_status":"closed","ping_status":"closed","sticky":false,"template":"","format":"standard","meta":{"_acf_changed":false,"footnotes":""},"categories":[9377,8,10,13,752,7528],"tags":[19145,3157,19256,19148,19253,19151,16758,16769,19149,2269,19141,3219,19147,19146,19255,2355,19254,19257],"class_list":["post-412265","post","type-post","status-publish","format-standard","has-post-thumbnail","hentry","category-b-spree-pictures","category-film","category-kino","category-news","category-verleih","category-weltvertrieb","tag-andreas-schmied","tag-benno-fuermann","tag-eine-pulled-pork-komoedie","tag-gizem-emre","tag-leburger","tag-loredana-rehekampff","tag-mathaeser","tag-mathaeser-filmpalast","tag-melissa-naschenweng","tag-muenchen","tag-neo-nuggets","tag-oesterreich","tag-otto-jaus","tag-paul-pizzera","tag-pizzera-jaus","tag-premiere","tag-pulled-pork","tag-silvia-schneider","category-9377","category-8","category-10","category-13","category-752","category-7528","description-off"],"acf":[],"yoast_head":"<!-- This site is optimized with the Yoast SEO plugin v27.5 - https:\/\/yoast.com\/product\/yoast-seo-wordpress\/ -->\n<title>&quot;Neo Nuggets&quot; feiert am 27.11.25 gro\u00dfe Deutschland-Premiere<\/title>\n<meta name=\"description\" content=\"Der \u00d6sterreichischer Kinohit\u00a0&quot;Neo Nuggets&quot; mit Pizzera &amp; Jaus feiert Deutschland-Premiere am 27.11.25 im Math\u00e4ser Filmpalast in M\u00fcnchen.\" \/>\n<meta name=\"robots\" content=\"index, follow, max-snippet:-1, max-image-preview:large, max-video-preview:-1\" \/>\n<link rel=\"canonical\" href=\"https:\/\/ucm.one\/de\/oesterreichischer-kinohit-neo-nuggets-eine-pulled-pork-komoedie-feiert-deutschland-premiere-am-27-11-im-mathaeser-filmpalast-in-muenchen\/\" \/>\n<meta property=\"og:locale\" content=\"de_DE\" \/>\n<meta property=\"og:type\" content=\"article\" \/>\n<meta property=\"og:title\" content=\"&quot;Neo Nuggets&quot; feiert am 27.11.25 gro\u00dfe Deutschland-Premiere\" \/>\n<meta property=\"og:description\" content=\"Der \u00d6sterreichischer Kinohit\u00a0&quot;Neo Nuggets&quot; mit Pizzera &amp; Jaus feiert Deutschland-Premiere am 27.11.25 im Math\u00e4ser Filmpalast in M\u00fcnchen.\" \/>\n<meta property=\"og:url\" content=\"https:\/\/ucm.one\/de\/oesterreichischer-kinohit-neo-nuggets-eine-pulled-pork-komoedie-feiert-deutschland-premiere-am-27-11-im-mathaeser-filmpalast-in-muenchen\/\" \/>\n<meta property=\"og:site_name\" content=\"UCM.ONE\" \/>\n<meta property=\"article:published_time\" content=\"2025-11-18T22:06:15+00:00\" \/>\n<meta property=\"article:modified_time\" content=\"2025-11-30T23:25:24+00:00\" \/>\n<meta property=\"og:image\" content=\"https:\/\/ucm.one\/wp-content\/uploads\/2025\/11\/NeoNuggets_Sqare1000x1000_UCM.jpg\" \/>\n\t<meta property=\"og:image:width\" content=\"1000\" \/>\n\t<meta property=\"og:image:height\" content=\"1000\" \/>\n\t<meta property=\"og:image:type\" content=\"image\/jpeg\" \/>\n<meta name=\"author\" content=\"Joachim Keil\" \/>\n<meta name=\"twitter:card\" content=\"summary_large_image\" \/>\n<meta name=\"twitter:title\" content=\"&quot;Neo Nuggets&quot; feiert am 27.11.25 gro\u00dfe Deutschland-Premiere\" \/>\n<meta name=\"twitter:description\" content=\"Der \u00d6sterreichischer Kinohit\u00a0&quot;Neo Nuggets&quot; mit Pizzera &amp; Jaus feiert Deutschland-Premiere am 27.11.25 im Math\u00e4ser Filmpalast in M\u00fcnchen.\" \/>\n<meta name=\"twitter:image\" content=\"https:\/\/ucm.one\/wp-content\/uploads\/2025\/11\/NeoNuggets_Sqare1000x1000_UCM.jpg\" \/>\n<meta name=\"twitter:label1\" content=\"Verfasst von\" \/>\n\t<meta name=\"twitter:data1\" content=\"Joachim Keil\" \/>\n\t<meta name=\"twitter:label2\" content=\"Gesch\u00e4tzte Lesezeit\" \/>\n\t<meta name=\"twitter:data2\" content=\"4\u00a0Minuten\" \/>\n<!-- \/ Yoast SEO plugin. -->","yoast_head_json":{"title":"\"Neo Nuggets\" feiert am 27.11.25 gro\u00dfe Deutschland-Premiere","description":"Der \u00d6sterreichischer Kinohit\u00a0\"Neo Nuggets\" mit Pizzera & Jaus feiert Deutschland-Premiere am 27.11.25 im Math\u00e4ser Filmpalast in M\u00fcnchen.","robots":{"index":"index","follow":"follow","max-snippet":"max-snippet:-1","max-image-preview":"max-image-preview:large","max-video-preview":"max-video-preview:-1"},"canonical":"https:\/\/ucm.one\/de\/oesterreichischer-kinohit-neo-nuggets-eine-pulled-pork-komoedie-feiert-deutschland-premiere-am-27-11-im-mathaeser-filmpalast-in-muenchen\/","og_locale":"de_DE","og_type":"article","og_title":"\"Neo Nuggets\" feiert am 27.11.25 gro\u00dfe Deutschland-Premiere","og_description":"Der \u00d6sterreichischer Kinohit\u00a0\"Neo Nuggets\" mit Pizzera & Jaus feiert Deutschland-Premiere am 27.11.25 im Math\u00e4ser Filmpalast in M\u00fcnchen.","og_url":"https:\/\/ucm.one\/de\/oesterreichischer-kinohit-neo-nuggets-eine-pulled-pork-komoedie-feiert-deutschland-premiere-am-27-11-im-mathaeser-filmpalast-in-muenchen\/","og_site_name":"UCM.ONE","article_published_time":"2025-11-18T22:06:15+00:00","article_modified_time":"2025-11-30T23:25:24+00:00","og_image":[{"width":1000,"height":1000,"url":"https:\/\/ucm.one\/wp-content\/uploads\/2025\/11\/NeoNuggets_Sqare1000x1000_UCM.jpg","type":"image\/jpeg"}],"author":"Joachim Keil","twitter_card":"summary_large_image","twitter_title":"\"Neo Nuggets\" feiert am 27.11.25 gro\u00dfe Deutschland-Premiere","twitter_description":"Der \u00d6sterreichischer Kinohit\u00a0\"Neo Nuggets\" mit Pizzera & Jaus feiert Deutschland-Premiere am 27.11.25 im Math\u00e4ser Filmpalast in M\u00fcnchen.","twitter_image":"https:\/\/ucm.one\/wp-content\/uploads\/2025\/11\/NeoNuggets_Sqare1000x1000_UCM.jpg","twitter_misc":{"Verfasst von":"Joachim Keil","Gesch\u00e4tzte Lesezeit":"4\u00a0Minuten"},"schema":{"@context":"https:\/\/schema.org","@graph":[{"@type":"Article","@id":"https:\/\/ucm.one\/de\/oesterreichischer-kinohit-neo-nuggets-eine-pulled-pork-komoedie-feiert-deutschland-premiere-am-27-11-im-mathaeser-filmpalast-in-muenchen\/#article","isPartOf":{"@id":"https:\/\/ucm.one\/de\/oesterreichischer-kinohit-neo-nuggets-eine-pulled-pork-komoedie-feiert-deutschland-premiere-am-27-11-im-mathaeser-filmpalast-in-muenchen\/"},"author":{"name":"Joachim Keil","@id":"https:\/\/ucm.one\/de\/#\/schema\/person\/4b959e467e8acc058836467a0ef8fa50"},"headline":"\ud83c\udfac \u00d6sterreichischer Kinohit &#8222;Neo Nuggets \u2013 Eine Pulled Pork Kom\u00f6die&#8220; feiert Deutschland-Premiere am 27.11. im Math\u00e4ser Filmpalast in M\u00fcnchen","datePublished":"2025-11-18T22:06:15+00:00","dateModified":"2025-11-30T23:25:24+00:00","mainEntityOfPage":{"@id":"https:\/\/ucm.one\/de\/oesterreichischer-kinohit-neo-nuggets-eine-pulled-pork-komoedie-feiert-deutschland-premiere-am-27-11-im-mathaeser-filmpalast-in-muenchen\/"},"wordCount":951,"publisher":{"@id":"https:\/\/ucm.one\/de\/#organization"},"image":{"@id":"https:\/\/ucm.one\/de\/oesterreichischer-kinohit-neo-nuggets-eine-pulled-pork-komoedie-feiert-deutschland-premiere-am-27-11-im-mathaeser-filmpalast-in-muenchen\/#primaryimage"},"thumbnailUrl":"https:\/\/ucm.one\/wp-content\/uploads\/2025\/11\/B-Neo-Nuggets-Premiere_DE.jpg","keywords":["Andreas Schmied","Benno F\u00fcrmann","Eine Pulled Pork Kom\u00f6die","Gizem Emre","LeBurger","Loredana Rehekampff","Math\u00e4ser","Math\u00e4ser Filmpalast","Melissa Naschenweng","M\u00fcnchen","Neo Nuggets","\u00d6sterreich","Otto Jaus","Paul Pizzera","Pizzera &amp; Jaus","Premiere","Pulled Pork","Silvia Schneider"],"articleSection":["B-Spree Pictures","Film","Kino","News","Verleih","Weltvertrieb"],"inLanguage":"de"},{"@type":"WebPage","@id":"https:\/\/ucm.one\/de\/oesterreichischer-kinohit-neo-nuggets-eine-pulled-pork-komoedie-feiert-deutschland-premiere-am-27-11-im-mathaeser-filmpalast-in-muenchen\/","url":"https:\/\/ucm.one\/de\/oesterreichischer-kinohit-neo-nuggets-eine-pulled-pork-komoedie-feiert-deutschland-premiere-am-27-11-im-mathaeser-filmpalast-in-muenchen\/","name":"\"Neo Nuggets\" feiert am 27.11.25 gro\u00dfe Deutschland-Premiere","isPartOf":{"@id":"https:\/\/ucm.one\/de\/#website"},"primaryImageOfPage":{"@id":"https:\/\/ucm.one\/de\/oesterreichischer-kinohit-neo-nuggets-eine-pulled-pork-komoedie-feiert-deutschland-premiere-am-27-11-im-mathaeser-filmpalast-in-muenchen\/#primaryimage"},"image":{"@id":"https:\/\/ucm.one\/de\/oesterreichischer-kinohit-neo-nuggets-eine-pulled-pork-komoedie-feiert-deutschland-premiere-am-27-11-im-mathaeser-filmpalast-in-muenchen\/#primaryimage"},"thumbnailUrl":"https:\/\/ucm.one\/wp-content\/uploads\/2025\/11\/B-Neo-Nuggets-Premiere_DE.jpg","datePublished":"2025-11-18T22:06:15+00:00","dateModified":"2025-11-30T23:25:24+00:00","description":"Der \u00d6sterreichischer Kinohit\u00a0\"Neo Nuggets\" mit Pizzera & Jaus feiert Deutschland-Premiere am 27.11.25 im Math\u00e4ser Filmpalast in M\u00fcnchen.","breadcrumb":{"@id":"https:\/\/ucm.one\/de\/oesterreichischer-kinohit-neo-nuggets-eine-pulled-pork-komoedie-feiert-deutschland-premiere-am-27-11-im-mathaeser-filmpalast-in-muenchen\/#breadcrumb"},"inLanguage":"de","potentialAction":[{"@type":"ReadAction","target":["https:\/\/ucm.one\/de\/oesterreichischer-kinohit-neo-nuggets-eine-pulled-pork-komoedie-feiert-deutschland-premiere-am-27-11-im-mathaeser-filmpalast-in-muenchen\/"]}]},{"@type":"ImageObject","inLanguage":"de","@id":"https:\/\/ucm.one\/de\/oesterreichischer-kinohit-neo-nuggets-eine-pulled-pork-komoedie-feiert-deutschland-premiere-am-27-11-im-mathaeser-filmpalast-in-muenchen\/#primaryimage","url":"https:\/\/ucm.one\/wp-content\/uploads\/2025\/11\/B-Neo-Nuggets-Premiere_DE.jpg","contentUrl":"https:\/\/ucm.one\/wp-content\/uploads\/2025\/11\/B-Neo-Nuggets-Premiere_DE.jpg","width":1920,"height":600},{"@type":"BreadcrumbList","@id":"https:\/\/ucm.one\/de\/oesterreichischer-kinohit-neo-nuggets-eine-pulled-pork-komoedie-feiert-deutschland-premiere-am-27-11-im-mathaeser-filmpalast-in-muenchen\/#breadcrumb","itemListElement":[{"@type":"ListItem","position":1,"name":"Home","item":"https:\/\/ucm.one\/de\/"},{"@type":"ListItem","position":2,"name":"\ud83c\udfac \u00d6sterreichischer Kinohit &#8220;Neo Nuggets \u2013 Eine Pulled Pork Kom\u00f6die&#8221; feiert Deutschland-Premiere am 27.11. im Math\u00e4ser Filmpalast in M\u00fcnchen"}]},{"@type":"WebSite","@id":"https:\/\/ucm.one\/de\/#website","url":"https:\/\/ucm.one\/de\/","name":"UCM.ONE","description":"","publisher":{"@id":"https:\/\/ucm.one\/de\/#organization"},"potentialAction":[{"@type":"SearchAction","target":{"@type":"EntryPoint","urlTemplate":"https:\/\/ucm.one\/de\/?s={search_term_string}"},"query-input":{"@type":"PropertyValueSpecification","valueRequired":true,"valueName":"search_term_string"}}],"inLanguage":"de"},{"@type":"Organization","@id":"https:\/\/ucm.one\/de\/#organization","name":"UCM.ONE","url":"https:\/\/ucm.one\/de\/","logo":{"@type":"ImageObject","inLanguage":"de","@id":"https:\/\/ucm.one\/de\/#\/schema\/logo\/image\/","url":"https:\/\/ucm.one\/wp-content\/uploads\/2019\/10\/UCM.ONE-Logo-RGB.svg","contentUrl":"https:\/\/ucm.one\/wp-content\/uploads\/2019\/10\/UCM.ONE-Logo-RGB.svg","width":1,"height":1,"caption":"UCM.ONE"},"image":{"@id":"https:\/\/ucm.one\/de\/#\/schema\/logo\/image\/"}},{"@type":"Person","@id":"https:\/\/ucm.one\/de\/#\/schema\/person\/4b959e467e8acc058836467a0ef8fa50","name":"Joachim Keil","image":{"@type":"ImageObject","inLanguage":"de","@id":"https:\/\/secure.gravatar.com\/avatar\/10e1dfd05f2a7a7bc83cd44bae31e01c8ac15f974229211a2b1a49fa0a22fec0?s=96&d=mm&r=g","url":"https:\/\/secure.gravatar.com\/avatar\/10e1dfd05f2a7a7bc83cd44bae31e01c8ac15f974229211a2b1a49fa0a22fec0?s=96&d=mm&r=g","contentUrl":"https:\/\/secure.gravatar.com\/avatar\/10e1dfd05f2a7a7bc83cd44bae31e01c8ac15f974229211a2b1a49fa0a22fec0?s=96&d=mm&r=g","caption":"Joachim Keil"},"sameAs":["https:\/\/ucm.one"]}]}},"_links":{"self":[{"href":"https:\/\/ucm.one\/de\/wp-json\/wp\/v2\/posts\/412265","targetHints":{"allow":["GET"]}}],"collection":[{"href":"https:\/\/ucm.one\/de\/wp-json\/wp\/v2\/posts"}],"about":[{"href":"https:\/\/ucm.one\/de\/wp-json\/wp\/v2\/types\/post"}],"author":[{"embeddable":true,"href":"https:\/\/ucm.one\/de\/wp-json\/wp\/v2\/users\/2"}],"replies":[{"embeddable":true,"href":"https:\/\/ucm.one\/de\/wp-json\/wp\/v2\/comments?post=412265"}],"version-history":[{"count":36,"href":"https:\/\/ucm.one\/de\/wp-json\/wp\/v2\/posts\/412265\/revisions"}],"predecessor-version":[{"id":412454,"href":"https:\/\/ucm.one\/de\/wp-json\/wp\/v2\/posts\/412265\/revisions\/412454"}],"wp:featuredmedia":[{"embeddable":true,"href":"https:\/\/ucm.one\/de\/wp-json\/wp\/v2\/media\/412268"}],"wp:attachment":[{"href":"https:\/\/ucm.one\/de\/wp-json\/wp\/v2\/media?parent=412265"}],"wp:term":[{"taxonomy":"category","embeddable":true,"href":"https:\/\/ucm.one\/de\/wp-json\/wp\/v2\/categories?post=412265"},{"taxonomy":"post_tag","embeddable":true,"href":"https:\/\/ucm.one\/de\/wp-json\/wp\/v2\/tags?post=412265"}],"curies":[{"name":"wp","href":"https:\/\/api.w.org\/{rel}","templated":true}]}}