{"id":41208,"date":"2020-05-18T11:00:05","date_gmt":"2020-05-18T11:00:05","guid":{"rendered":"https:\/\/ucm.one\/?p=41208"},"modified":"2022-04-29T17:34:24","modified_gmt":"2022-04-29T17:34:24","slug":"der-franzoesische-schauspieler-michel-piccoli-ist-am-12-mai-2020-verstorben","status":"publish","type":"post","link":"https:\/\/ucm.one\/de\/der-franzoesische-schauspieler-michel-piccoli-ist-am-12-mai-2020-verstorben\/","title":{"rendered":"Der franz\u00f6sische Schauspieler Michel Piccoli ist am 12. Mai 2020 verstorben"},"content":{"rendered":"<div class=\"wpb-content-wrapper\"><p>[vc_row][vc_column][vc_column_text]Wie die Familie heute mitteilte, ist der franz\u00f6sische Schauspieler <strong>Michel Piccoli<\/strong>\u00a0am 12. Mai 2020 im Alter von 94 Jahren an den Folgen eines Schlaganfalls gestorben.\u00a0Er geh\u00f6rte zu den ganz gro\u00dfen Stars des franz\u00f6sischen Films und spielte in mehr als 220 Filmen mit, darunter in Klassikern wie \u201e<strong>Die Verachtung<\/strong>\u201c von <strong>Jean-Luc Godard<\/strong>, \u201e<strong>Belle de Jour<\/strong>\u201c und \u201e<strong>Der diskrete Charme der Bourgeoisie<\/strong>\u201c von<strong> Luis Bu\u00f1uel<\/strong> oder \u201e<strong>Das gro\u00dfe Fressen<\/strong>\u201c von <strong>Marco Ferreri<\/strong>, und in vielen weiteren Meisterwerken von so bedeutenden Regisseuren wie <strong>Alfred Hitchcock<\/strong>, <strong>Jacques Demy<\/strong> oder <strong>Claude Chabrol<\/strong>. <span class=\"Apple-converted-space\"><strong>Michel Piccoli<\/strong> galt als besonders vielseitiger Darsteller. Parallel zu seiner Filmkarriere feierte er auch gro\u00dfe Erfolge auf der B\u00fchne.<\/span>[\/vc_column_text][vc_column_text]Ab Ende der 60er Jahre war er h\u00e4ufig der Filmpartner von <strong>Romy Schneider<\/strong>. Mit ihr zusammen drehte er unter anderem <strong>Francis Girod<\/strong>s \u201e<strong>Trio Infernal<\/strong>\u201c, der aktuell von <span style=\"font-family: 'arial black', sans-serif;\"><strong>UCM.ONE<\/strong><\/span>\u00a0auf dem Label <strong>Artkeim\u00b2<\/strong> vermarktet wird, &#8222;<strong>Die Dinge des Lebens<\/strong>&#8220; und &#8222;<strong>Die Spazierg\u00e4ngerin von Sans-Souci<\/strong>&#8222;.[\/vc_column_text][vc_column_text]Unsere Gedanken sind bei der Familien und den Freunden.[\/vc_column_text][\/vc_column][\/vc_row][vc_row][vc_column][vc_video link=&#8220;https:\/\/youtu.be\/yOhBNWoIzjA&#8220; title=&#8220;Le Trio Infernal (mit Michel Piccoli) | Trailer&#8220;][\/vc_column][\/vc_row][vc_row][vc_column][vc_column_text]Weitere Informationen \u00fcber sein Leben und sein Schaffen kann man bei Wikipedia finden:\u00a0<a title=\"Wikipedia\" href=\"https:\/\/de.wikipedia.org\/wiki\/Michel_Piccoli\" target=\"_blank\" rel=\"noopener noreferrer\">Wikipedia<\/a>[\/vc_column_text][\/vc_column][\/vc_row]<\/p>\n<\/div>","protected":false},"excerpt":{"rendered":"<p>[vc_row][vc_column][vc_column_text]Wie die Familie heute mitteilte, ist der franz\u00f6sische Schauspieler Michel Piccoli\u00a0am 12. Mai 2020 im Alter von 94 Jahren an den Folgen eines Schlaganfalls gestorben.\u00a0Er geh\u00f6rte zu den ganz gro\u00dfen Stars des franz\u00f6sischen Films und spielte in mehr als 220 Filmen mit, darunter in Klassikern wie \u201eDie Verachtung\u201c von Jean-Luc Godard, \u201eBelle de Jour\u201c und&hellip;<\/p>\n","protected":false},"author":2,"featured_media":41228,"comment_status":"closed","ping_status":"closed","sticky":false,"template":"","format":"standard","meta":{"_acf_changed":false,"footnotes":""},"categories":[828,4658,8,7004,13],"tags":[7911,2311,4665,7912,7908,7913,7909,7910,4666,4663,5831,4659],"class_list":["post-41208","post","type-post","status-publish","format-standard","has-post-thumbnail","hentry","category-artkeim","category-edition-parasol-videotheque","category-film","category-filmklassiker","category-news","tag-alfred-hitchcock","tag-artkeim","tag-francis-girod","tag-jacques-demy","tag-jean-luc-godard","tag-le-trio-infernal-de","tag-luis-bunuel","tag-marco-ferreri","tag-michel-piccoli","tag-romy-schneider","tag-trauer","tag-trio-infernal","category-828","category-4658","category-8","category-7004","category-13","description-off"],"acf":[],"yoast_head":"<!-- This site is optimized with the Yoast SEO plugin v27.5 - https:\/\/yoast.com\/product\/yoast-seo-wordpress\/ -->\n<title>Der franz\u00f6sische Schauspieler Michel Piccoli ist am 12. Mai 2020 verstorben - UCM.ONE<\/title>\n<meta name=\"description\" content=\"Der franz\u00f6sische Schauspieler Michel Piccoli\u00a0ist am 12. Mai 2020 im Alter von 94 Jahren an den Folgen eines Schlaganfalls gestorben.\" \/>\n<meta name=\"robots\" content=\"index, follow, max-snippet:-1, max-image-preview:large, max-video-preview:-1\" \/>\n<link rel=\"canonical\" href=\"https:\/\/ucm.one\/de\/der-franzoesische-schauspieler-michel-piccoli-ist-am-12-mai-2020-verstorben\/\" \/>\n<meta property=\"og:locale\" content=\"de_DE\" \/>\n<meta property=\"og:type\" content=\"article\" \/>\n<meta property=\"og:title\" content=\"Der franz\u00f6sische Schauspieler Michel Piccoli ist am 12. Mai 2020 verstorben - UCM.ONE\" \/>\n<meta property=\"og:description\" content=\"Der franz\u00f6sische Schauspieler Michel Piccoli\u00a0ist am 12. Mai 2020 im Alter von 94 Jahren an den Folgen eines Schlaganfalls gestorben.\" \/>\n<meta property=\"og:url\" content=\"https:\/\/ucm.one\/de\/der-franzoesische-schauspieler-michel-piccoli-ist-am-12-mai-2020-verstorben\/\" \/>\n<meta property=\"og:site_name\" content=\"UCM.ONE\" \/>\n<meta property=\"article:published_time\" content=\"2020-05-18T11:00:05+00:00\" \/>\n<meta property=\"article:modified_time\" content=\"2022-04-29T17:34:24+00:00\" \/>\n<meta property=\"og:image\" content=\"https:\/\/ucm.one\/wp-content\/uploads\/2020\/05\/Michel-Piccoli-banner-rip.jpg\" \/>\n\t<meta property=\"og:image:width\" content=\"1920\" \/>\n\t<meta property=\"og:image:height\" content=\"600\" \/>\n\t<meta property=\"og:image:type\" content=\"image\/jpeg\" \/>\n<meta name=\"author\" content=\"Joachim Keil\" \/>\n<meta name=\"twitter:card\" content=\"summary_large_image\" \/>\n<meta name=\"twitter:label1\" content=\"Verfasst von\" \/>\n\t<meta name=\"twitter:data1\" content=\"Joachim Keil\" \/>\n\t<meta name=\"twitter:label2\" content=\"Gesch\u00e4tzte Lesezeit\" \/>\n\t<meta name=\"twitter:data2\" content=\"1\u00a0Minute\" \/>\n<!-- \/ Yoast SEO plugin. -->","yoast_head_json":{"title":"Der franz\u00f6sische Schauspieler Michel Piccoli ist am 12. Mai 2020 verstorben - UCM.ONE","description":"Der franz\u00f6sische Schauspieler Michel Piccoli\u00a0ist am 12. Mai 2020 im Alter von 94 Jahren an den Folgen eines Schlaganfalls gestorben.","robots":{"index":"index","follow":"follow","max-snippet":"max-snippet:-1","max-image-preview":"max-image-preview:large","max-video-preview":"max-video-preview:-1"},"canonical":"https:\/\/ucm.one\/de\/der-franzoesische-schauspieler-michel-piccoli-ist-am-12-mai-2020-verstorben\/","og_locale":"de_DE","og_type":"article","og_title":"Der franz\u00f6sische Schauspieler Michel Piccoli ist am 12. Mai 2020 verstorben - UCM.ONE","og_description":"Der franz\u00f6sische Schauspieler Michel Piccoli\u00a0ist am 12. Mai 2020 im Alter von 94 Jahren an den Folgen eines Schlaganfalls gestorben.","og_url":"https:\/\/ucm.one\/de\/der-franzoesische-schauspieler-michel-piccoli-ist-am-12-mai-2020-verstorben\/","og_site_name":"UCM.ONE","article_published_time":"2020-05-18T11:00:05+00:00","article_modified_time":"2022-04-29T17:34:24+00:00","og_image":[{"width":1920,"height":600,"url":"https:\/\/ucm.one\/wp-content\/uploads\/2020\/05\/Michel-Piccoli-banner-rip.jpg","type":"image\/jpeg"}],"author":"Joachim Keil","twitter_card":"summary_large_image","twitter_misc":{"Verfasst von":"Joachim Keil","Gesch\u00e4tzte Lesezeit":"1\u00a0Minute"},"schema":{"@context":"https:\/\/schema.org","@graph":[{"@type":"Article","@id":"https:\/\/ucm.one\/de\/der-franzoesische-schauspieler-michel-piccoli-ist-am-12-mai-2020-verstorben\/#article","isPartOf":{"@id":"https:\/\/ucm.one\/de\/der-franzoesische-schauspieler-michel-piccoli-ist-am-12-mai-2020-verstorben\/"},"author":{"name":"Joachim Keil","@id":"https:\/\/ucm.one\/de\/#\/schema\/person\/4b959e467e8acc058836467a0ef8fa50"},"headline":"Der franz\u00f6sische Schauspieler Michel Piccoli ist am 12. Mai 2020 verstorben","datePublished":"2020-05-18T11:00:05+00:00","dateModified":"2022-04-29T17:34:24+00:00","mainEntityOfPage":{"@id":"https:\/\/ucm.one\/de\/der-franzoesische-schauspieler-michel-piccoli-ist-am-12-mai-2020-verstorben\/"},"wordCount":254,"publisher":{"@id":"https:\/\/ucm.one\/de\/#organization"},"image":{"@id":"https:\/\/ucm.one\/de\/der-franzoesische-schauspieler-michel-piccoli-ist-am-12-mai-2020-verstorben\/#primaryimage"},"thumbnailUrl":"https:\/\/ucm.one\/wp-content\/uploads\/2020\/05\/Michel-Piccoli-banner-rip.jpg","keywords":["Alfred Hitchcock","Artkeim\u00b2","Francis Girod","Jacques Demy","Jean-Luc Godard","Le Trio Infernal","Luis Bu\u00f1uel","Marco Ferreri","Michel Piccoli","Romy Schneider","Trauer","Trio Infernal"],"articleSection":["Artkeim\u00b2","\u00c9dition ParaSol Videoth\u00e8que","Film","Filmklassiker","News"],"inLanguage":"de"},{"@type":"WebPage","@id":"https:\/\/ucm.one\/de\/der-franzoesische-schauspieler-michel-piccoli-ist-am-12-mai-2020-verstorben\/","url":"https:\/\/ucm.one\/de\/der-franzoesische-schauspieler-michel-piccoli-ist-am-12-mai-2020-verstorben\/","name":"Der franz\u00f6sische Schauspieler Michel Piccoli ist am 12. Mai 2020 verstorben - UCM.ONE","isPartOf":{"@id":"https:\/\/ucm.one\/de\/#website"},"primaryImageOfPage":{"@id":"https:\/\/ucm.one\/de\/der-franzoesische-schauspieler-michel-piccoli-ist-am-12-mai-2020-verstorben\/#primaryimage"},"image":{"@id":"https:\/\/ucm.one\/de\/der-franzoesische-schauspieler-michel-piccoli-ist-am-12-mai-2020-verstorben\/#primaryimage"},"thumbnailUrl":"https:\/\/ucm.one\/wp-content\/uploads\/2020\/05\/Michel-Piccoli-banner-rip.jpg","datePublished":"2020-05-18T11:00:05+00:00","dateModified":"2022-04-29T17:34:24+00:00","description":"Der franz\u00f6sische Schauspieler Michel Piccoli\u00a0ist am 12. Mai 2020 im Alter von 94 Jahren an den Folgen eines Schlaganfalls gestorben.","breadcrumb":{"@id":"https:\/\/ucm.one\/de\/der-franzoesische-schauspieler-michel-piccoli-ist-am-12-mai-2020-verstorben\/#breadcrumb"},"inLanguage":"de","potentialAction":[{"@type":"ReadAction","target":["https:\/\/ucm.one\/de\/der-franzoesische-schauspieler-michel-piccoli-ist-am-12-mai-2020-verstorben\/"]}]},{"@type":"ImageObject","inLanguage":"de","@id":"https:\/\/ucm.one\/de\/der-franzoesische-schauspieler-michel-piccoli-ist-am-12-mai-2020-verstorben\/#primaryimage","url":"https:\/\/ucm.one\/wp-content\/uploads\/2020\/05\/Michel-Piccoli-banner-rip.jpg","contentUrl":"https:\/\/ucm.one\/wp-content\/uploads\/2020\/05\/Michel-Piccoli-banner-rip.jpg","width":1920,"height":600},{"@type":"BreadcrumbList","@id":"https:\/\/ucm.one\/de\/der-franzoesische-schauspieler-michel-piccoli-ist-am-12-mai-2020-verstorben\/#breadcrumb","itemListElement":[{"@type":"ListItem","position":1,"name":"Home","item":"https:\/\/ucm.one\/de\/"},{"@type":"ListItem","position":2,"name":"Der franz\u00f6sische Schauspieler Michel Piccoli ist am 12. Mai 2020 verstorben"}]},{"@type":"WebSite","@id":"https:\/\/ucm.one\/de\/#website","url":"https:\/\/ucm.one\/de\/","name":"UCM.ONE","description":"","publisher":{"@id":"https:\/\/ucm.one\/de\/#organization"},"potentialAction":[{"@type":"SearchAction","target":{"@type":"EntryPoint","urlTemplate":"https:\/\/ucm.one\/de\/?s={search_term_string}"},"query-input":{"@type":"PropertyValueSpecification","valueRequired":true,"valueName":"search_term_string"}}],"inLanguage":"de"},{"@type":"Organization","@id":"https:\/\/ucm.one\/de\/#organization","name":"UCM.ONE","url":"https:\/\/ucm.one\/de\/","logo":{"@type":"ImageObject","inLanguage":"de","@id":"https:\/\/ucm.one\/de\/#\/schema\/logo\/image\/","url":"https:\/\/ucm.one\/wp-content\/uploads\/2019\/10\/UCM.ONE-Logo-RGB.svg","contentUrl":"https:\/\/ucm.one\/wp-content\/uploads\/2019\/10\/UCM.ONE-Logo-RGB.svg","width":1,"height":1,"caption":"UCM.ONE"},"image":{"@id":"https:\/\/ucm.one\/de\/#\/schema\/logo\/image\/"}},{"@type":"Person","@id":"https:\/\/ucm.one\/de\/#\/schema\/person\/4b959e467e8acc058836467a0ef8fa50","name":"Joachim Keil","image":{"@type":"ImageObject","inLanguage":"de","@id":"https:\/\/secure.gravatar.com\/avatar\/10e1dfd05f2a7a7bc83cd44bae31e01c8ac15f974229211a2b1a49fa0a22fec0?s=96&d=mm&r=g","url":"https:\/\/secure.gravatar.com\/avatar\/10e1dfd05f2a7a7bc83cd44bae31e01c8ac15f974229211a2b1a49fa0a22fec0?s=96&d=mm&r=g","contentUrl":"https:\/\/secure.gravatar.com\/avatar\/10e1dfd05f2a7a7bc83cd44bae31e01c8ac15f974229211a2b1a49fa0a22fec0?s=96&d=mm&r=g","caption":"Joachim Keil"},"sameAs":["https:\/\/ucm.one"]}]}},"_links":{"self":[{"href":"https:\/\/ucm.one\/de\/wp-json\/wp\/v2\/posts\/41208","targetHints":{"allow":["GET"]}}],"collection":[{"href":"https:\/\/ucm.one\/de\/wp-json\/wp\/v2\/posts"}],"about":[{"href":"https:\/\/ucm.one\/de\/wp-json\/wp\/v2\/types\/post"}],"author":[{"embeddable":true,"href":"https:\/\/ucm.one\/de\/wp-json\/wp\/v2\/users\/2"}],"replies":[{"embeddable":true,"href":"https:\/\/ucm.one\/de\/wp-json\/wp\/v2\/comments?post=41208"}],"version-history":[{"count":0,"href":"https:\/\/ucm.one\/de\/wp-json\/wp\/v2\/posts\/41208\/revisions"}],"wp:featuredmedia":[{"embeddable":true,"href":"https:\/\/ucm.one\/de\/wp-json\/wp\/v2\/media\/41228"}],"wp:attachment":[{"href":"https:\/\/ucm.one\/de\/wp-json\/wp\/v2\/media?parent=41208"}],"wp:term":[{"taxonomy":"category","embeddable":true,"href":"https:\/\/ucm.one\/de\/wp-json\/wp\/v2\/categories?post=41208"},{"taxonomy":"post_tag","embeddable":true,"href":"https:\/\/ucm.one\/de\/wp-json\/wp\/v2\/tags?post=41208"}],"curies":[{"name":"wp","href":"https:\/\/api.w.org\/{rel}","templated":true}]}}