{"id":410868,"date":"2025-10-17T21:47:57","date_gmt":"2025-10-17T21:47:57","guid":{"rendered":"https:\/\/ucm.one\/?p=410868"},"modified":"2025-10-25T20:53:02","modified_gmt":"2025-10-25T20:53:02","slug":"neues-album-kun-valo-minussa-kuoli-von-kaunis-kuolematon-auf-cd-und-vinyl-sowie-merchandise-im-vorverkauf","status":"publish","type":"post","link":"https:\/\/ucm.one\/de\/neues-album-kun-valo-minussa-kuoli-von-kaunis-kuolematon-auf-cd-und-vinyl-sowie-merchandise-im-vorverkauf\/","title":{"rendered":"\ud83c\udfb5 Neues Album &#8222;Kun Valo Minussa Kuoli&#8220; von &#8222;Kaunis Kuolematon&#8220; auf CD und Vinyl sowie Merchandise im Vorverkauf"},"content":{"rendered":"<div class=\"wpb-content-wrapper\"><p>[vc_row][vc_column][vc_column_text css=&#8220;&#8220;]<\/p>\n<p align=\"LEFT\">Seit ihrer Gr\u00fcndung im Jahr 2012 hat\u00a0<strong>Kaunis Kuolematon<\/strong>\u00a0kontinuierlich eine einzigartige Klanglandschaft geschaffen, die weit \u00fcber Genregrenzen hinaus Resonanz findet. Mit ihrer Mischung aus erdr\u00fcckender H\u00e4rte und emotionaler Tiefe hat sich die Band zu einer kraftvollen Stimme in der finnischen Metalszene entwickelt \u2013 und mit diesem neuen Album verfeinern sie ihre unverwechselbare Mischung aus Melancholie und Intensit\u00e4t weiter. Die aus Hamina stammende Band hat ihre urspr\u00fcngliche Besetzung von Anfang an beibehalten \u2013 eine Seltenheit in der heutigen Musikwelt. Ihre vorherigen Alben \u201e<strong>Kylm\u00e4 kaunis maailma<\/strong>\u201c (2014), \u201e<strong>Vapaus<\/strong>\u201c (2017), \u201e<strong>Syttyk\u00f6\u00f6n toinen aurinko<\/strong>\u201c (2020) und \u201e<strong>Mielenvalta<\/strong>\u201c (2023) spiegeln jeweils einen Moment der Zeit wider \u2013 weiterentwickelt, aber stets in ihrer Vision konsistent. Obwohl sie oft mit Doom und Death Metal in Verbindung gebracht werden, geht die Identit\u00e4t von\u00a0<strong>Kaunis Kuolematon<\/strong>\u00a0\u00fcber Genre-Schubladen hinaus. Ihre Einstellung bleibt grunds\u00e4tzlich positiv und zukunftsorientiert.<\/p>\n<p>[\/vc_column_text][vc_column_text css=&#8220;&#8220;]Der Erfolg von \u201e<strong>Mielenvalta<\/strong>\u201c (2023,\u00a0<strong>Noble Demon<\/strong>) \u2013 das Platz 6 der offiziellen finnischen Albumcharts erreichte \u2013 sowie ausverkaufte Clubshows und starke Festivalauftritte zeigen, wie sehr die Beharrlichkeit und Aufrichtigkeit der Band bei den Fans Anklang gefunden haben. Jetzt, mit \u201e<strong>Kun Valo Minussa Kuoli<\/strong>\u201c am Horizont, bereitet sich\u00a0<strong>Kaunis Kuolematon<\/strong>\u00a0darauf vor, die Zuh\u00f6rer erneut in eine Welt eintauchen zu lassen, in der Melancholie herrscht \u2013 und jede Note eine Geschichte von Sch\u00f6nheit in der Dunkelheit erz\u00e4hlt.[\/vc_column_text][\/vc_column][\/vc_row][vc_row][vc_column][vc_separator][vc_column_text css=&#8220;&#8220;]<span style=\"font-size: 14pt;\">CD und Vinyl-Editionen des Albums &#8222;<b>Kun Valo Minussa Kuoli<\/b>&#8222;:<\/span>[\/vc_column_text][vc_empty_space height=&#8220;1px&#8220;][vc_row_inner css=&#8220;.vc_custom_1760894907928{margin-top: -5px !important;}&#8220;][vc_column_inner width=&#8220;1\/2&#8243;][vc_single_image image=&#8220;410775&#8243; img_size=&#8220;full&#8220; onclick=&#8220;custom_link&#8220; css=&#8220;&#8220; link=&#8220;https:\/\/ucm.one\/de\/produkt\/kaunis-kuolematon-kun-valo-minussa-kuoli&#8220;][vc_empty_space height=&#8220;1px&#8220; css=&#8220;.vc_custom_1629280384190{margin-top: -5px !important;}&#8220;][vc_column_text css=&#8220;.vc_custom_1679755572348{margin-top: -25px !important;}&#8220;]<\/p>\n<p style=\"text-align: center;\"><span style=\"font-size: 8pt;\">CD Digipak<\/span><\/p>\n<p>[\/vc_column_text][\/vc_column_inner][vc_column_inner width=&#8220;1\/2&#8243;][vc_single_image image=&#8220;410777&#8243; img_size=&#8220;full&#8220; onclick=&#8220;custom_link&#8220; css=&#8220;&#8220; link=&#8220;https:\/\/ucm.one\/de\/produkt\/kaunis-kuolematon-kun-valo-minussa-kuoli&#8220;][vc_empty_space height=&#8220;1px&#8220; css=&#8220;.vc_custom_1629280384190{margin-top: -5px !important;}&#8220;][vc_column_text css=&#8220;.vc_custom_1761425577981{margin-top: -25px !important;}&#8220;]<\/p>\n<p style=\"text-align: center;\"><span style=\"font-size: 8pt;\">2xLP (Gold\/Black Marbled Vinyl)<\/span><\/p>\n<p>[\/vc_column_text][\/vc_column_inner][\/vc_row_inner][\/vc_column][\/vc_row][vc_row][vc_column][vc_separator][vc_column_text css=&#8220;&#8220;]<span style=\"font-size: 14pt;\">Merchandise zum Album &#8222;<b>Kun Valo Minussa Kuoli<\/b>&#8222;:<\/span>[\/vc_column_text][vc_empty_space height=&#8220;1px&#8220;][vc_row_inner css=&#8220;.vc_custom_1760894920224{margin-top: -5px !important;}&#8220;][vc_column_inner width=&#8220;1\/2&#8243;][vc_single_image image=&#8220;410884&#8243; img_size=&#8220;full&#8220; onclick=&#8220;custom_link&#8220; css=&#8220;&#8220; link=&#8220;https:\/\/ucm.one\/de\/produkt\/kaunis-kuolematon-kun-valo-minussa-kuoli-t-shirt\/&#8220;][vc_empty_space height=&#8220;1px&#8220; css=&#8220;.vc_custom_1629280384190{margin-top: -5px !important;}&#8220;][vc_column_text css=&#8220;.vc_custom_1760825569698{margin-top: -25px !important;}&#8220;]<\/p>\n<p style=\"text-align: center;\"><span style=\"font-size: 8pt;\">T-Shirt<\/span><\/p>\n<p>[\/vc_column_text][\/vc_column_inner][vc_column_inner width=&#8220;1\/2&#8243;][vc_single_image image=&#8220;410886&#8243; img_size=&#8220;full&#8220; onclick=&#8220;custom_link&#8220; css=&#8220;&#8220; link=&#8220;https:\/\/ucm.one\/de\/produkt\/kaunis-kuolematon-kun-valo-minussa-kuoli-zipped-hoodie\/&#8220;][vc_empty_space height=&#8220;1px&#8220; css=&#8220;.vc_custom_1629280384190{margin-top: -5px !important;}&#8220;][vc_column_text css=&#8220;.vc_custom_1760825599835{margin-top: -25px !important;}&#8220;]<\/p>\n<p style=\"text-align: center;\"><span style=\"font-size: 8pt;\">Zipped Hoodie<\/span><\/p>\n<p>[\/vc_column_text][\/vc_column_inner][\/vc_row_inner][\/vc_column][\/vc_row][vc_row][vc_column width=&#8220;2\/4&#8243;][vc_column_text css=&#8220;&#8220;]Alle physischen Auflagen des Albums &#8222;<strong>Kun Valo Minussa Kuoli<\/strong>&#8220; k\u00f6nnen u.a. auch bei <a title=\"Bandcamp\" href=\"https:\/\/kauniskuolematon.bandcamp.com\/album\/kun-valo-minussa-kuoli\" target=\"_blank\" rel=\"noopener\">Bandcamp<\/a>\u00a0und unserem <a title=\"Rise to Fall \u2013 The Fifth Dimension\" href=\"https:\/\/ucm.one\/de\/?s=%22Kaunis+Kuolematon%22&amp;post_type=product\">Shop<\/a> erworben werden.[\/vc_column_text][\/vc_column][vc_column width=&#8220;1\/4&#8243;][vc_empty_space height=&#8220;22px&#8220;][vc_btn title=&#8220;Bandcamp&#8220; style=&#8220;flat&#8220; color=&#8220;inverse&#8220; size=&#8220;sm&#8220; align=&#8220;center&#8220; i_icon_fontawesome=&#8220;fa fa-brands fa-bandcamp&#8220; css=&#8220;.vc_custom_1760833796224{margin-top: -20px !important;}&#8220; button_block=&#8220;true&#8220; add_icon=&#8220;true&#8220; link=&#8220;url:https%3A%2F%2Fkauniskuolematon.bandcamp.com%2Falbum%2Fkun-valo-minussa-kuoli|title:Kun%20Valo%20Minussa%20Kuoli|target:_blank&#8220;][\/vc_column][vc_column width=&#8220;1\/4&#8243;][vc_empty_space height=&#8220;22px&#8220;][vc_btn title=&#8220;Shop&#8220; style=&#8220;flat&#8220; color=&#8220;juicy-pink&#8220; size=&#8220;sm&#8220; align=&#8220;center&#8220; i_icon_fontawesome=&#8220;fa fa-solid fa-cart-shopping&#8220; css=&#8220;.vc_custom_1760833809732{margin-top: -20px !important;}&#8220; button_block=&#8220;true&#8220; add_icon=&#8220;true&#8220; link=&#8220;url:https%3A%2F%2Fucm.one%2Fde%2F%3Fs%3D%2522Kaunis%2BKuolematon%2522%26post_type%3Dproduct|title:Kun%20Valo%20Minussa%20Kuoli&#8220;][vc_empty_space height=&#8220;15px&#8220;][\/vc_column][\/vc_row][vc_row][vc_column][vc_separator][vc_row_inner][vc_column_inner][vc_video link=&#8220;https:\/\/www.youtube.com\/watch?v=Wa2oBM1dEOY&#8220; css=&#8220;&#8220; title=&#8220;Kaunis Kuolematon &#8211; Merta (Official Music Video)&#8220;][\/vc_column_inner][\/vc_row_inner][\/vc_column][\/vc_row][vc_row][vc_column width=&#8220;1\/2&#8243;][vc_column_text]Weitere Informationen \u00fcber die Band: <a title=\"Kaunis Kuolematon | Noble Demon\" href=\"https:\/\/ucm.one\/de\/kaunis-kuolematon\/\">Kaunis Kuolematon<\/a>[\/vc_column_text][\/vc_column][vc_column width=&#8220;1\/2&#8243;][vc_column_text]Weitere Informationen \u00fcber das Label: <a title=\"Noble Demon\" href=\"https:\/\/ucm.one\/de\/musik-labels\/noble-demon\/\">Noble Demon<\/a>[\/vc_column_text][\/vc_column][\/vc_row]<\/p>\n<\/div>","protected":false},"excerpt":{"rendered":"<p>[vc_row][vc_column][vc_column_text css=&#8220;&#8220;] Seit ihrer Gr\u00fcndung im Jahr 2012 hat\u00a0Kaunis Kuolematon\u00a0kontinuierlich eine einzigartige Klanglandschaft geschaffen, die weit \u00fcber Genregrenzen hinaus Resonanz findet. Mit ihrer Mischung aus erdr\u00fcckender H\u00e4rte und emotionaler Tiefe hat sich die Band zu einer kraftvollen Stimme in der finnischen Metalszene entwickelt \u2013 und mit diesem neuen Album verfeinern sie ihre unverwechselbare Mischung aus&hellip;<\/p>\n","protected":false},"author":2,"featured_media":410871,"comment_status":"closed","ping_status":"closed","sticky":false,"template":"","format":"standard","meta":{"_acf_changed":false,"footnotes":""},"categories":[9,13,7077],"tags":[9606,7092,7091,8013,19116,16485,7093,7090,7079,9607,6066,19117],"class_list":["post-410868","post","type-post","status-publish","format-standard","has-post-thumbnail","hentry","category-musik","category-news","category-noble-demon","tag-cd","tag-death-metal","tag-doom-metal","tag-kaunis-kuolematon","tag-kun-valo-minussa-kuoli","tag-marbled-vinyl","tag-melodic-metal","tag-metal","tag-noble-demon","tag-t-shirt","tag-vinyl","tag-zipped-hoodie","category-9","category-13","category-7077","description-off"],"acf":[],"yoast_head":"<!-- This site is optimized with the Yoast SEO plugin v27.5 - https:\/\/yoast.com\/product\/yoast-seo-wordpress\/ -->\n<title>Kaunis Kuolematon - Kun Valo Minussa Kuoli im Vorverkauf<\/title>\n<meta name=\"description\" content=\"Mit \u201eKun Valo Minussa Kuoli\u201c bereitet sich\u00a0Kaunis Kuolenaton\u00a0darauf vor, die Zuh\u00f6rer in eine Welt der Melancholie eintauchen zu lassen.\" \/>\n<meta name=\"robots\" content=\"index, follow, max-snippet:-1, max-image-preview:large, max-video-preview:-1\" \/>\n<link rel=\"canonical\" href=\"https:\/\/ucm.one\/de\/neues-album-kun-valo-minussa-kuoli-von-kaunis-kuolematon-auf-cd-und-vinyl-sowie-merchandise-im-vorverkauf\/\" \/>\n<meta property=\"og:locale\" content=\"de_DE\" \/>\n<meta property=\"og:type\" content=\"article\" \/>\n<meta property=\"og:title\" content=\"Kaunis Kuolematon - Kun Valo Minussa Kuoli im Vorverkauf\" \/>\n<meta property=\"og:description\" content=\"Mit \u201eKun Valo Minussa Kuoli\u201c bereitet sich\u00a0Kaunis Kuolenaton\u00a0darauf vor, die Zuh\u00f6rer in eine Welt der Melancholie eintauchen zu lassen.\" \/>\n<meta property=\"og:url\" content=\"https:\/\/ucm.one\/de\/neues-album-kun-valo-minussa-kuoli-von-kaunis-kuolematon-auf-cd-und-vinyl-sowie-merchandise-im-vorverkauf\/\" \/>\n<meta property=\"og:site_name\" content=\"UCM.ONE\" \/>\n<meta property=\"article:published_time\" content=\"2025-10-17T21:47:57+00:00\" \/>\n<meta property=\"article:modified_time\" content=\"2025-10-25T20:53:02+00:00\" \/>\n<meta property=\"og:image\" content=\"https:\/\/ucm.one\/wp-content\/uploads\/2025\/10\/C-Kaunis-Kuolematon-Kun-Valo-Minussa-Kuoli.-Vinyl-gold.jpg\" \/>\n\t<meta property=\"og:image:width\" content=\"1127\" \/>\n\t<meta property=\"og:image:height\" content=\"1000\" \/>\n\t<meta property=\"og:image:type\" content=\"image\/jpeg\" \/>\n<meta name=\"author\" content=\"Joachim Keil\" \/>\n<meta name=\"twitter:card\" content=\"summary_large_image\" \/>\n<meta name=\"twitter:title\" content=\"Kaunis Kuolematon - Kun Valo Minussa Kuoli im Vorverkauf\" \/>\n<meta name=\"twitter:description\" content=\"Mit \u201eKun Valo Minussa Kuoli\u201c bereitet sich\u00a0Kaunis Kuolenaton\u00a0darauf vor, die Zuh\u00f6rer in eine Welt der Melancholie eintauchen zu lassen.\" \/>\n<meta name=\"twitter:image\" content=\"https:\/\/ucm.one\/wp-content\/uploads\/2025\/10\/C-Kaunis-Kuolematon-Kun-Valo-Minussa-Kuoli.-Vinyl-gold.jpg\" \/>\n<meta name=\"twitter:label1\" content=\"Verfasst von\" \/>\n\t<meta name=\"twitter:data1\" content=\"Joachim Keil\" \/>\n\t<meta name=\"twitter:label2\" content=\"Gesch\u00e4tzte Lesezeit\" \/>\n\t<meta name=\"twitter:data2\" content=\"3\u00a0Minuten\" \/>\n<!-- \/ Yoast SEO plugin. -->","yoast_head_json":{"title":"Kaunis Kuolematon - Kun Valo Minussa Kuoli im Vorverkauf","description":"Mit \u201eKun Valo Minussa Kuoli\u201c bereitet sich\u00a0Kaunis Kuolenaton\u00a0darauf vor, die Zuh\u00f6rer in eine Welt der Melancholie eintauchen zu lassen.","robots":{"index":"index","follow":"follow","max-snippet":"max-snippet:-1","max-image-preview":"max-image-preview:large","max-video-preview":"max-video-preview:-1"},"canonical":"https:\/\/ucm.one\/de\/neues-album-kun-valo-minussa-kuoli-von-kaunis-kuolematon-auf-cd-und-vinyl-sowie-merchandise-im-vorverkauf\/","og_locale":"de_DE","og_type":"article","og_title":"Kaunis Kuolematon - Kun Valo Minussa Kuoli im Vorverkauf","og_description":"Mit \u201eKun Valo Minussa Kuoli\u201c bereitet sich\u00a0Kaunis Kuolenaton\u00a0darauf vor, die Zuh\u00f6rer in eine Welt der Melancholie eintauchen zu lassen.","og_url":"https:\/\/ucm.one\/de\/neues-album-kun-valo-minussa-kuoli-von-kaunis-kuolematon-auf-cd-und-vinyl-sowie-merchandise-im-vorverkauf\/","og_site_name":"UCM.ONE","article_published_time":"2025-10-17T21:47:57+00:00","article_modified_time":"2025-10-25T20:53:02+00:00","og_image":[{"width":1127,"height":1000,"url":"https:\/\/ucm.one\/wp-content\/uploads\/2025\/10\/C-Kaunis-Kuolematon-Kun-Valo-Minussa-Kuoli.-Vinyl-gold.jpg","type":"image\/jpeg"}],"author":"Joachim Keil","twitter_card":"summary_large_image","twitter_title":"Kaunis Kuolematon - Kun Valo Minussa Kuoli im Vorverkauf","twitter_description":"Mit \u201eKun Valo Minussa Kuoli\u201c bereitet sich\u00a0Kaunis Kuolenaton\u00a0darauf vor, die Zuh\u00f6rer in eine Welt der Melancholie eintauchen zu lassen.","twitter_image":"https:\/\/ucm.one\/wp-content\/uploads\/2025\/10\/C-Kaunis-Kuolematon-Kun-Valo-Minussa-Kuoli.-Vinyl-gold.jpg","twitter_misc":{"Verfasst von":"Joachim Keil","Gesch\u00e4tzte Lesezeit":"3\u00a0Minuten"},"schema":{"@context":"https:\/\/schema.org","@graph":[{"@type":"Article","@id":"https:\/\/ucm.one\/de\/neues-album-kun-valo-minussa-kuoli-von-kaunis-kuolematon-auf-cd-und-vinyl-sowie-merchandise-im-vorverkauf\/#article","isPartOf":{"@id":"https:\/\/ucm.one\/de\/neues-album-kun-valo-minussa-kuoli-von-kaunis-kuolematon-auf-cd-und-vinyl-sowie-merchandise-im-vorverkauf\/"},"author":{"name":"Joachim Keil","@id":"https:\/\/ucm.one\/de\/#\/schema\/person\/4b959e467e8acc058836467a0ef8fa50"},"headline":"\ud83c\udfb5 Neues Album &#8222;Kun Valo Minussa Kuoli&#8220; von &#8222;Kaunis Kuolematon&#8220; auf CD und Vinyl sowie Merchandise im Vorverkauf","datePublished":"2025-10-17T21:47:57+00:00","dateModified":"2025-10-25T20:53:02+00:00","mainEntityOfPage":{"@id":"https:\/\/ucm.one\/de\/neues-album-kun-valo-minussa-kuoli-von-kaunis-kuolematon-auf-cd-und-vinyl-sowie-merchandise-im-vorverkauf\/"},"wordCount":793,"publisher":{"@id":"https:\/\/ucm.one\/de\/#organization"},"image":{"@id":"https:\/\/ucm.one\/de\/neues-album-kun-valo-minussa-kuoli-von-kaunis-kuolematon-auf-cd-und-vinyl-sowie-merchandise-im-vorverkauf\/#primaryimage"},"thumbnailUrl":"https:\/\/ucm.one\/wp-content\/uploads\/2025\/10\/B-Kaunis-Kuolematon-Kun-Valo-Minussa-Kuoli-Vinyl-Merch.jpg","keywords":["CD","Death Metal","Doom Metal","Kaunis Kuolematon","Kun Valo Minussa Kuoli","Marbled Vinyl","Melodic Metal","Metal","Noble Demon","T-Shirt","Vinyl","Zipped Hoodie"],"articleSection":["Musik","News","Noble Demon"],"inLanguage":"de"},{"@type":"WebPage","@id":"https:\/\/ucm.one\/de\/neues-album-kun-valo-minussa-kuoli-von-kaunis-kuolematon-auf-cd-und-vinyl-sowie-merchandise-im-vorverkauf\/","url":"https:\/\/ucm.one\/de\/neues-album-kun-valo-minussa-kuoli-von-kaunis-kuolematon-auf-cd-und-vinyl-sowie-merchandise-im-vorverkauf\/","name":"Kaunis Kuolematon - Kun Valo Minussa Kuoli im Vorverkauf","isPartOf":{"@id":"https:\/\/ucm.one\/de\/#website"},"primaryImageOfPage":{"@id":"https:\/\/ucm.one\/de\/neues-album-kun-valo-minussa-kuoli-von-kaunis-kuolematon-auf-cd-und-vinyl-sowie-merchandise-im-vorverkauf\/#primaryimage"},"image":{"@id":"https:\/\/ucm.one\/de\/neues-album-kun-valo-minussa-kuoli-von-kaunis-kuolematon-auf-cd-und-vinyl-sowie-merchandise-im-vorverkauf\/#primaryimage"},"thumbnailUrl":"https:\/\/ucm.one\/wp-content\/uploads\/2025\/10\/B-Kaunis-Kuolematon-Kun-Valo-Minussa-Kuoli-Vinyl-Merch.jpg","datePublished":"2025-10-17T21:47:57+00:00","dateModified":"2025-10-25T20:53:02+00:00","description":"Mit \u201eKun Valo Minussa Kuoli\u201c bereitet sich\u00a0Kaunis Kuolenaton\u00a0darauf vor, die Zuh\u00f6rer in eine Welt der Melancholie eintauchen zu lassen.","breadcrumb":{"@id":"https:\/\/ucm.one\/de\/neues-album-kun-valo-minussa-kuoli-von-kaunis-kuolematon-auf-cd-und-vinyl-sowie-merchandise-im-vorverkauf\/#breadcrumb"},"inLanguage":"de","potentialAction":[{"@type":"ReadAction","target":["https:\/\/ucm.one\/de\/neues-album-kun-valo-minussa-kuoli-von-kaunis-kuolematon-auf-cd-und-vinyl-sowie-merchandise-im-vorverkauf\/"]}]},{"@type":"ImageObject","inLanguage":"de","@id":"https:\/\/ucm.one\/de\/neues-album-kun-valo-minussa-kuoli-von-kaunis-kuolematon-auf-cd-und-vinyl-sowie-merchandise-im-vorverkauf\/#primaryimage","url":"https:\/\/ucm.one\/wp-content\/uploads\/2025\/10\/B-Kaunis-Kuolematon-Kun-Valo-Minussa-Kuoli-Vinyl-Merch.jpg","contentUrl":"https:\/\/ucm.one\/wp-content\/uploads\/2025\/10\/B-Kaunis-Kuolematon-Kun-Valo-Minussa-Kuoli-Vinyl-Merch.jpg","width":1920,"height":600},{"@type":"BreadcrumbList","@id":"https:\/\/ucm.one\/de\/neues-album-kun-valo-minussa-kuoli-von-kaunis-kuolematon-auf-cd-und-vinyl-sowie-merchandise-im-vorverkauf\/#breadcrumb","itemListElement":[{"@type":"ListItem","position":1,"name":"Home","item":"https:\/\/ucm.one\/de\/"},{"@type":"ListItem","position":2,"name":"\ud83c\udfb5 Neues Album &#8220;Kun Valo Minussa Kuoli&#8221; von &#8220;Kaunis Kuolematon&#8221; auf CD und Vinyl sowie Merchandise im Vorverkauf"}]},{"@type":"WebSite","@id":"https:\/\/ucm.one\/de\/#website","url":"https:\/\/ucm.one\/de\/","name":"UCM.ONE","description":"","publisher":{"@id":"https:\/\/ucm.one\/de\/#organization"},"potentialAction":[{"@type":"SearchAction","target":{"@type":"EntryPoint","urlTemplate":"https:\/\/ucm.one\/de\/?s={search_term_string}"},"query-input":{"@type":"PropertyValueSpecification","valueRequired":true,"valueName":"search_term_string"}}],"inLanguage":"de"},{"@type":"Organization","@id":"https:\/\/ucm.one\/de\/#organization","name":"UCM.ONE","url":"https:\/\/ucm.one\/de\/","logo":{"@type":"ImageObject","inLanguage":"de","@id":"https:\/\/ucm.one\/de\/#\/schema\/logo\/image\/","url":"https:\/\/ucm.one\/wp-content\/uploads\/2019\/10\/UCM.ONE-Logo-RGB.svg","contentUrl":"https:\/\/ucm.one\/wp-content\/uploads\/2019\/10\/UCM.ONE-Logo-RGB.svg","width":1,"height":1,"caption":"UCM.ONE"},"image":{"@id":"https:\/\/ucm.one\/de\/#\/schema\/logo\/image\/"}},{"@type":"Person","@id":"https:\/\/ucm.one\/de\/#\/schema\/person\/4b959e467e8acc058836467a0ef8fa50","name":"Joachim Keil","image":{"@type":"ImageObject","inLanguage":"de","@id":"https:\/\/secure.gravatar.com\/avatar\/10e1dfd05f2a7a7bc83cd44bae31e01c8ac15f974229211a2b1a49fa0a22fec0?s=96&d=mm&r=g","url":"https:\/\/secure.gravatar.com\/avatar\/10e1dfd05f2a7a7bc83cd44bae31e01c8ac15f974229211a2b1a49fa0a22fec0?s=96&d=mm&r=g","contentUrl":"https:\/\/secure.gravatar.com\/avatar\/10e1dfd05f2a7a7bc83cd44bae31e01c8ac15f974229211a2b1a49fa0a22fec0?s=96&d=mm&r=g","caption":"Joachim Keil"},"sameAs":["https:\/\/ucm.one"]}]}},"_links":{"self":[{"href":"https:\/\/ucm.one\/de\/wp-json\/wp\/v2\/posts\/410868","targetHints":{"allow":["GET"]}}],"collection":[{"href":"https:\/\/ucm.one\/de\/wp-json\/wp\/v2\/posts"}],"about":[{"href":"https:\/\/ucm.one\/de\/wp-json\/wp\/v2\/types\/post"}],"author":[{"embeddable":true,"href":"https:\/\/ucm.one\/de\/wp-json\/wp\/v2\/users\/2"}],"replies":[{"embeddable":true,"href":"https:\/\/ucm.one\/de\/wp-json\/wp\/v2\/comments?post=410868"}],"version-history":[{"count":12,"href":"https:\/\/ucm.one\/de\/wp-json\/wp\/v2\/posts\/410868\/revisions"}],"predecessor-version":[{"id":411277,"href":"https:\/\/ucm.one\/de\/wp-json\/wp\/v2\/posts\/410868\/revisions\/411277"}],"wp:featuredmedia":[{"embeddable":true,"href":"https:\/\/ucm.one\/de\/wp-json\/wp\/v2\/media\/410871"}],"wp:attachment":[{"href":"https:\/\/ucm.one\/de\/wp-json\/wp\/v2\/media?parent=410868"}],"wp:term":[{"taxonomy":"category","embeddable":true,"href":"https:\/\/ucm.one\/de\/wp-json\/wp\/v2\/categories?post=410868"},{"taxonomy":"post_tag","embeddable":true,"href":"https:\/\/ucm.one\/de\/wp-json\/wp\/v2\/tags?post=410868"}],"curies":[{"name":"wp","href":"https:\/\/api.w.org\/{rel}","templated":true}]}}