{"id":38233,"date":"2019-11-01T20:08:55","date_gmt":"2019-11-01T20:08:55","guid":{"rendered":"https:\/\/ucm.one\/?p=38233"},"modified":"2019-12-28T20:16:34","modified_gmt":"2019-12-28T20:16:34","slug":"lost-in-the-living-darling-berlin-ab-jetzt-auf-allen-vod-portalen-erhaeltlich","status":"publish","type":"post","link":"https:\/\/ucm.one\/de\/lost-in-the-living-darling-berlin-ab-jetzt-auf-allen-vod-portalen-erhaeltlich\/","title":{"rendered":"&#8222;Lost in the Living&#8220; (Darling Berlin) ab jetzt auf allen VoD-Portalen erh\u00e4ltlich"},"content":{"rendered":"<div class=\"wpb-content-wrapper\"><p>[vc_row][vc_column width=&#8220;3\/4&#8243;][vc_column_text]<span style=\"font-family: 'arial black', sans-serif;\"><strong>UCM.ONE<\/strong><\/span> ver\u00f6ffentlicht auf dem Filmlabel <strong>Darling Berlin<\/strong> das sehr gut besetztes Drama &#8222;<strong>Lost in the Living<\/strong>&#8220; von <strong>Robert Manson\u00a0<\/strong>\u00fcber einen Musiker, der in Berlin den Durchbruch mit seiner Band schaffen will, aber leider alles ganz anders kommt\u2026 Als Schauspieler*innen sind u.a. mit dabei:\u00a0Tatort Kommissarin <strong>Aylin Tezel<\/strong>, <strong>Tadhg Murphy<\/strong>\u00a0(<strong>Vikings<\/strong>) und <strong>Liam Carney<\/strong> (<strong>Braveheart<\/strong>).[\/vc_column_text][vc_column_text]Der Film beginnt damit, das Ois\u00edn seine Sachen in einem Hostel auspackt und einen Umschlag mit Geld von seinem Vater in der Tasche finder. Sp\u00e4ter, bei ihrem Konzert, scheint erstmal alles prima zu laufen \u2013 die Jungs sind gut drauf, das Publikum geht mit \u2013 als Ois\u00edn mitten auf der B\u00fchne auf einmal ausflippt.<\/p>\n<p>Die Wut auf seinen Vater, der die Familie verlassen hat, und der Schmerz \u00fcber den Tod seiner Mutter \u00fcberw\u00e4ltigen ihn und er st\u00fcrzt sich allein ins Berliner Nachtleben. Als er die junge, h\u00fcbsche Berlinerin Sabine kennenlernt und sie ihm Orte fernab der Party- und Touristen-Hotspots zeigt, scheint er bei ihr Halt zu finden. Doch Ois\u00edn l\u00e4sst sich immer weiter treiben; sein Berlin-Trip wird zur Tour de Force. \u201e<strong>Lost in the Living<\/strong>\u201c ist eine Hommage an den Sehnsuchtsort Berlin, in dem man sich wunderbar treiben lassen, aber auch schnell verlieren kann.[\/vc_column_text][\/vc_column][vc_column width=&#8220;1\/4&#8243;][vc_single_image image=&#8220;13231&#8243; img_size=&#8220;full&#8220;][\/vc_column][\/vc_row][vc_row][vc_column width=&#8220;1\/4&#8243;][vc_btn title=&#8220;Prime Video&#8220; color=&#8220;sky&#8220; size=&#8220;sm&#8220; align=&#8220;center&#8220; i_icon_fontawesome=&#8220;fab fa-amazon&#8220; button_block=&#8220;true&#8220; add_icon=&#8220;true&#8220; link=&#8220;url:https%3A%2F%2Fwww.amazon.de%2FLost-Living-Aylin-Tezel%2Fdp%2FB07FP6D3WS%2Fref%3Dtmm_aiv_swatch_1%3F_encoding%3DUTF8%26qid%3D1577562217%26sr%3D8-2|title:Prime%20Video|target:%20_blank|&#8220;][\/vc_column][vc_column width=&#8220;1\/4&#8243;][vc_btn title=&#8220;Videoload&#8220; color=&#8220;sky&#8220; size=&#8220;sm&#8220; align=&#8220;center&#8220; i_icon_fontawesome=&#8220;fas fa-play-circle&#8220; button_block=&#8220;true&#8220; add_icon=&#8220;true&#8220; link=&#8220;url:https%3A%2F%2Fwww.videoload.de%2Ffilm%2Flost-in-the-living-omu%2F9208205928595088698|title:Videoload|target:%20_blank|&#8220;][\/vc_column][vc_column width=&#8220;1\/4&#8243;][vc_btn title=&#8220;Rakuten TV&#8220; color=&#8220;sky&#8220; size=&#8220;sm&#8220; align=&#8220;center&#8220; i_icon_fontawesome=&#8220;far fa-play-circle&#8220; button_block=&#8220;true&#8220; add_icon=&#8220;true&#8220; link=&#8220;url:https%3A%2F%2Frakuten.tv%2Fde%2Fmovies%2Flost-in-the-living|title:Rakuten%20TV|target:%20_blank|&#8220;][\/vc_column][vc_column width=&#8220;1\/4&#8243;][vc_btn title=&#8220;Chili&#8220; color=&#8220;sky&#8220; size=&#8220;sm&#8220; align=&#8220;center&#8220; i_icon_fontawesome=&#8220;fas fa-pepper-hot&#8220; button_block=&#8220;true&#8220; add_icon=&#8220;true&#8220; link=&#8220;url:https%3A%2F%2Fde.chili.com%2Ffilm%2Flost-in-the-living%2Fe5656b15-968e-4184-9675-dcae4544b2b4|title:Chili|target:%20_blank|&#8220;][\/vc_column][\/vc_row][vc_row][vc_column][vc_empty_space][\/vc_column][\/vc_row][vc_row][vc_column][vc_single_image image=&#8220;38237&#8243; img_size=&#8220;full&#8220;][\/vc_column][\/vc_row][vc_row][vc_column][vc_column_text]<\/p>\n<h3>Pressestimmen:<\/h3>\n<p><i>Mit &#8222;<strong>Lost in\u00a0the Living<\/strong>&#8220; vom Regisseur <strong>Robert Manson<\/strong> d\u00fcrfen wir uns auf einen neuen geliebten <strong>Darling Berlin<\/strong> in unseren Kinos freuen. Ein wilder und z\u00e4rtlicher Berlin-Trip durch das Nachtleben.&#8220;<\/i> (<strong>Arthouse Cinema<\/strong>)<\/p>\n<p><em>&#8222;Zu den St\u00e4rken des Films geh\u00f6ren die beiden Hauptdarsteller <strong>Tadhg Murphy<\/strong> und <strong>Aylin Tezel<\/strong>, die auch dann Wirkung entfalten, wenn sie nicht viel zu tun oder zu sprechen haben. Die Kamera von <strong>Narayan Van Maele<\/strong> findet Bilder abseits der bekannten Hommagen an den Sehnsuchtsort Berlin; sie setzt auch das Driften, die leichte, unentschlossene, aber von Offenheit getriebene Bewegung gut ins Visuelle um. Und sie hat Sinn f\u00fcr gute Beobachtungen und kleine, triftige Momente.&#8220;<\/em> (<strong>Filmdienst<\/strong>)<\/p>\n<p><em>&#8222;Wer aber selbst gern einmal loslassen m\u00f6chte, um sich in einem Fluss von Eindr\u00fccken treiben zu lassen, der findet hier eine sch\u00f6ne Auszeit vom Alltag.&#8220;<\/em> (<strong>Film-Rezensionen<\/strong>)[\/vc_column_text][\/vc_column][\/vc_row][vc_row][vc_column][vc_video link=&#8220;https:\/\/youtu.be\/19I6hTYOZuE&#8220;][\/vc_column][\/vc_row]<\/p>\n<\/div>","protected":false},"excerpt":{"rendered":"<p>[vc_row][vc_column width=&#8220;3\/4&#8243;][vc_column_text]UCM.ONE ver\u00f6ffentlicht auf dem Filmlabel Darling Berlin das sehr gut besetztes Drama &#8222;Lost in the Living&#8220; von Robert Manson\u00a0\u00fcber einen Musiker, der in Berlin den Durchbruch mit seiner Band schaffen will, aber leider alles ganz anders kommt\u2026 Als Schauspieler*innen sind u.a. mit dabei:\u00a0Tatort Kommissarin Aylin Tezel, Tadhg Murphy\u00a0(Vikings) und Liam Carney (Braveheart).[\/vc_column_text][vc_column_text]Der Film beginnt&hellip;<\/p>\n","protected":false},"author":2,"featured_media":38235,"comment_status":"closed","ping_status":"closed","sticky":false,"template":"","format":"standard","meta":{"_acf_changed":false,"footnotes":""},"categories":[830,8,13],"tags":[2427,2428,2261,7392,2266,2429,2430,2431,2282,2432,2433,2434,2435,2436,2437,2438,2439,2440,2441,2442,2443,2444,2445,2446,2447,2448,2688,2449,2689],"class_list":["post-38233","post","type-post","status-publish","format-standard","has-post-thumbnail","hentry","category-darling-berlin","category-film","category-news","tag-adelheid-kleineidam","tag-aylin-tezel","tag-berlin","tag-braveheart","tag-darling-berlin","tag-fabian-greese","tag-ian-mcfarlane","tag-irland","tag-jamila-saab","tag-jer-oleary","tag-john-kelly","tag-lalor-roddy","tag-liam-carney","tag-lisa-roling","tag-llia-loffe","tag-lost-in-the-living","tag-lydia-schamschula","tag-michel-muller","tag-narayan-van-maele","tag-nika-mcguigan","tag-robert-manson","tag-roy-duffy","tag-ruan-van-vliet","tag-stefan-richter","tag-stephen-patrick-hanna","tag-tadhg-murphy","tag-tatort","tag-vid-vidmar","tag-vikings","category-830","category-8","category-13","description-off"],"acf":[],"yoast_head":"<!-- This site is optimized with the Yoast SEO plugin v27.5 - https:\/\/yoast.com\/product\/yoast-seo-wordpress\/ -->\n<title>&quot;Lost in the Living&quot; (Darling Berlin) ab jetzt auf allen VoD-Portalen erh\u00e4ltlich - UCM.ONE<\/title>\n<meta name=\"description\" content=\"UCM.ONE ver\u00f6ffentlicht auf dem Filmlabel Darling Berlin das sehr gut besetztes Drama &quot;Lost in the Living&quot; von Robert Manson\u00a0\u00fcber einen Musiker, der in Berlin den Durchbruch mit seiner Band schaffen will, aber leider alles ganz anders kommt\u2026\" \/>\n<meta name=\"robots\" content=\"index, follow, max-snippet:-1, max-image-preview:large, max-video-preview:-1\" \/>\n<link rel=\"canonical\" href=\"https:\/\/ucm.one\/de\/lost-in-the-living-darling-berlin-ab-jetzt-auf-allen-vod-portalen-erhaeltlich\/\" \/>\n<meta property=\"og:locale\" content=\"de_DE\" \/>\n<meta property=\"og:type\" content=\"article\" \/>\n<meta property=\"og:title\" content=\"&quot;Lost in the Living&quot; (Darling Berlin) ab jetzt auf allen VoD-Portalen erh\u00e4ltlich - UCM.ONE\" \/>\n<meta property=\"og:description\" content=\"UCM.ONE ver\u00f6ffentlicht auf dem Filmlabel Darling Berlin das sehr gut besetztes Drama &quot;Lost in the Living&quot; von Robert Manson\u00a0\u00fcber einen Musiker, der in Berlin den Durchbruch mit seiner Band schaffen will, aber leider alles ganz anders kommt\u2026\" \/>\n<meta property=\"og:url\" content=\"https:\/\/ucm.one\/de\/lost-in-the-living-darling-berlin-ab-jetzt-auf-allen-vod-portalen-erhaeltlich\/\" \/>\n<meta property=\"og:site_name\" content=\"UCM.ONE\" \/>\n<meta property=\"article:published_time\" content=\"2019-11-01T20:08:55+00:00\" \/>\n<meta property=\"article:modified_time\" content=\"2019-12-28T20:16:34+00:00\" \/>\n<meta property=\"og:image\" content=\"https:\/\/ucm.one\/wp-content\/uploads\/2019\/12\/B-Lost-in-the-Living-Still-2019-2.jpg\" \/>\n\t<meta property=\"og:image:width\" content=\"1920\" \/>\n\t<meta property=\"og:image:height\" content=\"600\" \/>\n\t<meta property=\"og:image:type\" content=\"image\/jpeg\" \/>\n<meta name=\"author\" content=\"Joachim Keil\" \/>\n<meta name=\"twitter:card\" content=\"summary_large_image\" \/>\n<meta name=\"twitter:label1\" content=\"Verfasst von\" \/>\n\t<meta name=\"twitter:data1\" content=\"Joachim Keil\" \/>\n\t<meta name=\"twitter:label2\" content=\"Gesch\u00e4tzte Lesezeit\" \/>\n\t<meta name=\"twitter:data2\" content=\"3\u00a0Minuten\" \/>\n<!-- \/ Yoast SEO plugin. -->","yoast_head_json":{"title":"\"Lost in the Living\" (Darling Berlin) ab jetzt auf allen VoD-Portalen erh\u00e4ltlich - UCM.ONE","description":"UCM.ONE ver\u00f6ffentlicht auf dem Filmlabel Darling Berlin das sehr gut besetztes Drama \"Lost in the Living\" von Robert Manson\u00a0\u00fcber einen Musiker, der in Berlin den Durchbruch mit seiner Band schaffen will, aber leider alles ganz anders kommt\u2026","robots":{"index":"index","follow":"follow","max-snippet":"max-snippet:-1","max-image-preview":"max-image-preview:large","max-video-preview":"max-video-preview:-1"},"canonical":"https:\/\/ucm.one\/de\/lost-in-the-living-darling-berlin-ab-jetzt-auf-allen-vod-portalen-erhaeltlich\/","og_locale":"de_DE","og_type":"article","og_title":"\"Lost in the Living\" (Darling Berlin) ab jetzt auf allen VoD-Portalen erh\u00e4ltlich - UCM.ONE","og_description":"UCM.ONE ver\u00f6ffentlicht auf dem Filmlabel Darling Berlin das sehr gut besetztes Drama \"Lost in the Living\" von Robert Manson\u00a0\u00fcber einen Musiker, der in Berlin den Durchbruch mit seiner Band schaffen will, aber leider alles ganz anders kommt\u2026","og_url":"https:\/\/ucm.one\/de\/lost-in-the-living-darling-berlin-ab-jetzt-auf-allen-vod-portalen-erhaeltlich\/","og_site_name":"UCM.ONE","article_published_time":"2019-11-01T20:08:55+00:00","article_modified_time":"2019-12-28T20:16:34+00:00","og_image":[{"width":1920,"height":600,"url":"https:\/\/ucm.one\/wp-content\/uploads\/2019\/12\/B-Lost-in-the-Living-Still-2019-2.jpg","type":"image\/jpeg"}],"author":"Joachim Keil","twitter_card":"summary_large_image","twitter_misc":{"Verfasst von":"Joachim Keil","Gesch\u00e4tzte Lesezeit":"3\u00a0Minuten"},"schema":{"@context":"https:\/\/schema.org","@graph":[{"@type":"Article","@id":"https:\/\/ucm.one\/de\/lost-in-the-living-darling-berlin-ab-jetzt-auf-allen-vod-portalen-erhaeltlich\/#article","isPartOf":{"@id":"https:\/\/ucm.one\/de\/lost-in-the-living-darling-berlin-ab-jetzt-auf-allen-vod-portalen-erhaeltlich\/"},"author":{"name":"Joachim Keil","@id":"https:\/\/ucm.one\/de\/#\/schema\/person\/4b959e467e8acc058836467a0ef8fa50"},"headline":"&#8222;Lost in the Living&#8220; (Darling Berlin) ab jetzt auf allen VoD-Portalen erh\u00e4ltlich","datePublished":"2019-11-01T20:08:55+00:00","dateModified":"2019-12-28T20:16:34+00:00","mainEntityOfPage":{"@id":"https:\/\/ucm.one\/de\/lost-in-the-living-darling-berlin-ab-jetzt-auf-allen-vod-portalen-erhaeltlich\/"},"wordCount":646,"publisher":{"@id":"https:\/\/ucm.one\/de\/#organization"},"image":{"@id":"https:\/\/ucm.one\/de\/lost-in-the-living-darling-berlin-ab-jetzt-auf-allen-vod-portalen-erhaeltlich\/#primaryimage"},"thumbnailUrl":"https:\/\/ucm.one\/wp-content\/uploads\/2019\/12\/B-Lost-in-the-Living-Still-2019-2.jpg","keywords":["Adelheid Kleineidam","Aylin Tezel","Berlin","Braveheart","Darling Berlin","Fabian Greese","Ian McFarlane","Irland","Jamila Saab","Jer O\u2019Leary","John Kelly","Lalor Roddy","Liam Carney","Lisa Roling","Llia Loffe","Lost in the Living","Lydia Schamschula","Michel Muller","Narayan Van Maele","Nika McGuigan","Robert Manson","Roy Duffy","Ruan Van Vliet","Stefan Richter","Stephen Patrick Hanna","Tadhg Murphy","Tatort","Vid Vidmar","Vikings"],"articleSection":["Darling Berlin","Film","News"],"inLanguage":"de"},{"@type":"WebPage","@id":"https:\/\/ucm.one\/de\/lost-in-the-living-darling-berlin-ab-jetzt-auf-allen-vod-portalen-erhaeltlich\/","url":"https:\/\/ucm.one\/de\/lost-in-the-living-darling-berlin-ab-jetzt-auf-allen-vod-portalen-erhaeltlich\/","name":"\"Lost in the Living\" (Darling Berlin) ab jetzt auf allen VoD-Portalen erh\u00e4ltlich - UCM.ONE","isPartOf":{"@id":"https:\/\/ucm.one\/de\/#website"},"primaryImageOfPage":{"@id":"https:\/\/ucm.one\/de\/lost-in-the-living-darling-berlin-ab-jetzt-auf-allen-vod-portalen-erhaeltlich\/#primaryimage"},"image":{"@id":"https:\/\/ucm.one\/de\/lost-in-the-living-darling-berlin-ab-jetzt-auf-allen-vod-portalen-erhaeltlich\/#primaryimage"},"thumbnailUrl":"https:\/\/ucm.one\/wp-content\/uploads\/2019\/12\/B-Lost-in-the-Living-Still-2019-2.jpg","datePublished":"2019-11-01T20:08:55+00:00","dateModified":"2019-12-28T20:16:34+00:00","description":"UCM.ONE ver\u00f6ffentlicht auf dem Filmlabel Darling Berlin das sehr gut besetztes Drama \"Lost in the Living\" von Robert Manson\u00a0\u00fcber einen Musiker, der in Berlin den Durchbruch mit seiner Band schaffen will, aber leider alles ganz anders kommt\u2026","breadcrumb":{"@id":"https:\/\/ucm.one\/de\/lost-in-the-living-darling-berlin-ab-jetzt-auf-allen-vod-portalen-erhaeltlich\/#breadcrumb"},"inLanguage":"de","potentialAction":[{"@type":"ReadAction","target":["https:\/\/ucm.one\/de\/lost-in-the-living-darling-berlin-ab-jetzt-auf-allen-vod-portalen-erhaeltlich\/"]}]},{"@type":"ImageObject","inLanguage":"de","@id":"https:\/\/ucm.one\/de\/lost-in-the-living-darling-berlin-ab-jetzt-auf-allen-vod-portalen-erhaeltlich\/#primaryimage","url":"https:\/\/ucm.one\/wp-content\/uploads\/2019\/12\/B-Lost-in-the-Living-Still-2019-2.jpg","contentUrl":"https:\/\/ucm.one\/wp-content\/uploads\/2019\/12\/B-Lost-in-the-Living-Still-2019-2.jpg","width":1920,"height":600},{"@type":"BreadcrumbList","@id":"https:\/\/ucm.one\/de\/lost-in-the-living-darling-berlin-ab-jetzt-auf-allen-vod-portalen-erhaeltlich\/#breadcrumb","itemListElement":[{"@type":"ListItem","position":1,"name":"Home","item":"https:\/\/ucm.one\/de\/"},{"@type":"ListItem","position":2,"name":"&#8220;Lost in the Living&#8221; (Darling Berlin) ab jetzt auf allen VoD-Portalen erh\u00e4ltlich"}]},{"@type":"WebSite","@id":"https:\/\/ucm.one\/de\/#website","url":"https:\/\/ucm.one\/de\/","name":"UCM.ONE","description":"","publisher":{"@id":"https:\/\/ucm.one\/de\/#organization"},"potentialAction":[{"@type":"SearchAction","target":{"@type":"EntryPoint","urlTemplate":"https:\/\/ucm.one\/de\/?s={search_term_string}"},"query-input":{"@type":"PropertyValueSpecification","valueRequired":true,"valueName":"search_term_string"}}],"inLanguage":"de"},{"@type":"Organization","@id":"https:\/\/ucm.one\/de\/#organization","name":"UCM.ONE","url":"https:\/\/ucm.one\/de\/","logo":{"@type":"ImageObject","inLanguage":"de","@id":"https:\/\/ucm.one\/de\/#\/schema\/logo\/image\/","url":"https:\/\/ucm.one\/wp-content\/uploads\/2019\/10\/UCM.ONE-Logo-RGB.svg","contentUrl":"https:\/\/ucm.one\/wp-content\/uploads\/2019\/10\/UCM.ONE-Logo-RGB.svg","width":1,"height":1,"caption":"UCM.ONE"},"image":{"@id":"https:\/\/ucm.one\/de\/#\/schema\/logo\/image\/"}},{"@type":"Person","@id":"https:\/\/ucm.one\/de\/#\/schema\/person\/4b959e467e8acc058836467a0ef8fa50","name":"Joachim Keil","image":{"@type":"ImageObject","inLanguage":"de","@id":"https:\/\/secure.gravatar.com\/avatar\/10e1dfd05f2a7a7bc83cd44bae31e01c8ac15f974229211a2b1a49fa0a22fec0?s=96&d=mm&r=g","url":"https:\/\/secure.gravatar.com\/avatar\/10e1dfd05f2a7a7bc83cd44bae31e01c8ac15f974229211a2b1a49fa0a22fec0?s=96&d=mm&r=g","contentUrl":"https:\/\/secure.gravatar.com\/avatar\/10e1dfd05f2a7a7bc83cd44bae31e01c8ac15f974229211a2b1a49fa0a22fec0?s=96&d=mm&r=g","caption":"Joachim Keil"},"sameAs":["https:\/\/ucm.one"]}]}},"_links":{"self":[{"href":"https:\/\/ucm.one\/de\/wp-json\/wp\/v2\/posts\/38233","targetHints":{"allow":["GET"]}}],"collection":[{"href":"https:\/\/ucm.one\/de\/wp-json\/wp\/v2\/posts"}],"about":[{"href":"https:\/\/ucm.one\/de\/wp-json\/wp\/v2\/types\/post"}],"author":[{"embeddable":true,"href":"https:\/\/ucm.one\/de\/wp-json\/wp\/v2\/users\/2"}],"replies":[{"embeddable":true,"href":"https:\/\/ucm.one\/de\/wp-json\/wp\/v2\/comments?post=38233"}],"version-history":[{"count":0,"href":"https:\/\/ucm.one\/de\/wp-json\/wp\/v2\/posts\/38233\/revisions"}],"wp:featuredmedia":[{"embeddable":true,"href":"https:\/\/ucm.one\/de\/wp-json\/wp\/v2\/media\/38235"}],"wp:attachment":[{"href":"https:\/\/ucm.one\/de\/wp-json\/wp\/v2\/media?parent=38233"}],"wp:term":[{"taxonomy":"category","embeddable":true,"href":"https:\/\/ucm.one\/de\/wp-json\/wp\/v2\/categories?post=38233"},{"taxonomy":"post_tag","embeddable":true,"href":"https:\/\/ucm.one\/de\/wp-json\/wp\/v2\/tags?post=38233"}],"curies":[{"name":"wp","href":"https:\/\/api.w.org\/{rel}","templated":true}]}}