{"id":38012,"date":"2019-12-27T18:10:07","date_gmt":"2019-12-27T18:10:07","guid":{"rendered":"https:\/\/ucm.one\/?p=38012"},"modified":"2019-12-27T18:28:56","modified_gmt":"2019-12-27T18:28:56","slug":"cinenet-praesentiert-altitude-die-hard-in-the-sky","status":"publish","type":"post","link":"https:\/\/ucm.one\/de\/cinenet-praesentiert-altitude-die-hard-in-the-sky\/","title":{"rendered":"CiNENET pr\u00e4sentiert: &#8222;Altitude &#8211; Die Hard in the Sky&#8220;"},"content":{"rendered":"<div class=\"wpb-content-wrapper\"><p>[vc_row][vc_column width=&#8220;3\/4&#8243;][vc_column_text]P\u00fcnktlich zum Jahreswechsel ist jetzt der Film &#8222;<strong>Altitude &#8211; Die Hard in the Sky&#8220;<\/strong> von <strong>Alex Merkin\u00a0<\/strong>mit<strong>\u00a0Dolph Lundgren<\/strong> und <strong>Denise Richards\u00a0<\/strong>exklusiv bei <strong>CiNENET<\/strong> zu sehen.\u00a0Fast jeden Tag ver\u00f6ffentlicht der Kanal CiNENET auf <strong>YouTube<\/strong> einen neuen Film, der dort kostenlos und h\u00e4ufig exklusiv mit kleinen Werbeunterbrechnungen angesehen werden kann.[\/vc_column_text][vc_column_text]Im Film &#8222;<strong>Altitude &#8211; Die Hard in the Sky&#8220; <\/strong>geht es um die FBI Agentin Gretchen Blair, die sich auf dem Flug nach Washington D.C. befindet, als sie von einem Fremden im Sitz neben ihr angesprochen wird. Er bietet ihr 15 Millionen Dollar an, wenn sie ihn sicher wieder auf den Boden bringt, denn das Flugzeug w\u00fcrde jeden Moment entf\u00fchrt werden. Als eine Bande professioneller Verbrecher die Kontrolle \u00fcbernimmt muss Gretchen feststellen, dass der Mann nicht gespa\u00dft hat. Und bevor sie sich versieht, befindet sie sich im Kampf gegen die Entf\u00fchrer, die an Bord des Flugzeuges nach einer versteckten Beute suchen. <span class=\"Apple-converted-space\">\u00a0<\/span>[\/vc_column_text][\/vc_column][vc_column width=&#8220;1\/4&#8243;][vc_single_image image=&#8220;38014&#8243; img_size=&#8220;full&#8220;][\/vc_column][\/vc_row][vc_row][vc_column][vc_video link=&#8220;https:\/\/youtu.be\/6xYWpl8rvpQ&#8220;][\/vc_column][\/vc_row][vc_row][vc_column][vc_column_text]Hier geht es zum Kanal: <a title=\"\" href=\"https:\/\/www.youtube.com\/cinenetgermany\" target=\"_blank\" rel=\"noopener noreferrer\">CiNENET Germany<\/a>[\/vc_column_text][\/vc_column][\/vc_row]<\/p>\n<\/div>","protected":false},"excerpt":{"rendered":"<p>[vc_row][vc_column width=&#8220;3\/4&#8243;][vc_column_text]P\u00fcnktlich zum Jahreswechsel ist jetzt der Film &#8222;Altitude &#8211; Die Hard in the Sky&#8220; von Alex Merkin\u00a0mit\u00a0Dolph Lundgren und Denise Richards\u00a0exklusiv bei CiNENET zu sehen.\u00a0Fast jeden Tag ver\u00f6ffentlicht der Kanal CiNENET auf YouTube einen neuen Film, der dort kostenlos und h\u00e4ufig exklusiv mit kleinen Werbeunterbrechnungen angesehen werden kann.[\/vc_column_text][vc_column_text]Im Film &#8222;Altitude &#8211; Die Hard in&hellip;<\/p>\n","protected":false},"author":2,"featured_media":38019,"comment_status":"closed","ping_status":"closed","sticky":false,"template":"","format":"standard","meta":{"_acf_changed":false,"footnotes":""},"categories":[1271,8,13],"tags":[7354,7362,7350,7358,2579,2580,3324,7349,7363,7348,7365,7353,7364,7351,2332,7360,7359,7352,7355,7356,7361,3301,7357,2589],"class_list":["post-38012","post","type-post","status-publish","format-standard","has-post-thumbnail","hentry","category-cinenet","category-film","category-news","tag-alex-merkin","tag-altitude","tag-cassandra-jonathan-lipnicki","tag-chad-law","tag-cinenet","tag-cinenet-deutschland","tag-cinenet-germany","tag-denise-richards","tag-die-hard-in-the-sky","tag-dolph-lundgren","tag-entfuehrung","tag-fbi","tag-flugzeug","tag-greer-grammer","tag-horror","tag-jared-safier","tag-john-landolfi","tag-john-posey","tag-jonathan-delponte","tag-phillip-b-goldfine","tag-richard-switzer","tag-thriller","tag-tyler-w-konney","tag-youtube","category-1271","category-8","category-13","description-off"],"acf":[],"yoast_head":"<!-- This site is optimized with the Yoast SEO plugin v27.5 - https:\/\/yoast.com\/product\/yoast-seo-wordpress\/ -->\n<title>CiNENET pr\u00e4sentiert: &quot;Altitude - Die Hard in the Sky&quot; - UCM.ONE<\/title>\n<meta name=\"description\" content=\"P\u00fcnktlich zum Jahreswechsel ist jetzt der Film &quot;Altitude - Die Hard in the Sky&quot; mit\u00a0Dolph Lundgren und Denise Richards\u00a0exklusiv bei CiNENET zu sehen.\" \/>\n<meta name=\"robots\" content=\"index, follow, max-snippet:-1, max-image-preview:large, max-video-preview:-1\" \/>\n<link rel=\"canonical\" href=\"https:\/\/ucm.one\/de\/cinenet-praesentiert-altitude-die-hard-in-the-sky\/\" \/>\n<meta property=\"og:locale\" content=\"de_DE\" \/>\n<meta property=\"og:type\" content=\"article\" \/>\n<meta property=\"og:title\" content=\"CiNENET pr\u00e4sentiert: &quot;Altitude - Die Hard in the Sky&quot; - UCM.ONE\" \/>\n<meta property=\"og:description\" content=\"P\u00fcnktlich zum Jahreswechsel ist jetzt der Film &quot;Altitude - Die Hard in the Sky&quot; mit\u00a0Dolph Lundgren und Denise Richards\u00a0exklusiv bei CiNENET zu sehen.\" \/>\n<meta property=\"og:url\" content=\"https:\/\/ucm.one\/de\/cinenet-praesentiert-altitude-die-hard-in-the-sky\/\" \/>\n<meta property=\"og:site_name\" content=\"UCM.ONE\" \/>\n<meta property=\"article:published_time\" content=\"2019-12-27T18:10:07+00:00\" \/>\n<meta property=\"article:modified_time\" content=\"2019-12-27T18:28:56+00:00\" \/>\n<meta property=\"og:image\" content=\"https:\/\/ucm.one\/wp-content\/uploads\/2019\/12\/B-CINENET-1912-orange.jpg\" \/>\n\t<meta property=\"og:image:width\" content=\"1920\" \/>\n\t<meta property=\"og:image:height\" content=\"600\" \/>\n\t<meta property=\"og:image:type\" content=\"image\/jpeg\" \/>\n<meta name=\"author\" content=\"Joachim Keil\" \/>\n<meta name=\"twitter:card\" content=\"summary_large_image\" \/>\n<meta name=\"twitter:label1\" content=\"Verfasst von\" \/>\n\t<meta name=\"twitter:data1\" content=\"Joachim Keil\" \/>\n\t<meta name=\"twitter:label2\" content=\"Gesch\u00e4tzte Lesezeit\" \/>\n\t<meta name=\"twitter:data2\" content=\"1\u00a0Minute\" \/>\n<!-- \/ Yoast SEO plugin. -->","yoast_head_json":{"title":"CiNENET pr\u00e4sentiert: \"Altitude - Die Hard in the Sky\" - UCM.ONE","description":"P\u00fcnktlich zum Jahreswechsel ist jetzt der Film \"Altitude - Die Hard in the Sky\" mit\u00a0Dolph Lundgren und Denise Richards\u00a0exklusiv bei CiNENET zu sehen.","robots":{"index":"index","follow":"follow","max-snippet":"max-snippet:-1","max-image-preview":"max-image-preview:large","max-video-preview":"max-video-preview:-1"},"canonical":"https:\/\/ucm.one\/de\/cinenet-praesentiert-altitude-die-hard-in-the-sky\/","og_locale":"de_DE","og_type":"article","og_title":"CiNENET pr\u00e4sentiert: \"Altitude - Die Hard in the Sky\" - UCM.ONE","og_description":"P\u00fcnktlich zum Jahreswechsel ist jetzt der Film \"Altitude - Die Hard in the Sky\" mit\u00a0Dolph Lundgren und Denise Richards\u00a0exklusiv bei CiNENET zu sehen.","og_url":"https:\/\/ucm.one\/de\/cinenet-praesentiert-altitude-die-hard-in-the-sky\/","og_site_name":"UCM.ONE","article_published_time":"2019-12-27T18:10:07+00:00","article_modified_time":"2019-12-27T18:28:56+00:00","og_image":[{"width":1920,"height":600,"url":"https:\/\/ucm.one\/wp-content\/uploads\/2019\/12\/B-CINENET-1912-orange.jpg","type":"image\/jpeg"}],"author":"Joachim Keil","twitter_card":"summary_large_image","twitter_misc":{"Verfasst von":"Joachim Keil","Gesch\u00e4tzte Lesezeit":"1\u00a0Minute"},"schema":{"@context":"https:\/\/schema.org","@graph":[{"@type":"Article","@id":"https:\/\/ucm.one\/de\/cinenet-praesentiert-altitude-die-hard-in-the-sky\/#article","isPartOf":{"@id":"https:\/\/ucm.one\/de\/cinenet-praesentiert-altitude-die-hard-in-the-sky\/"},"author":{"name":"Joachim Keil","@id":"https:\/\/ucm.one\/de\/#\/schema\/person\/4b959e467e8acc058836467a0ef8fa50"},"headline":"CiNENET pr\u00e4sentiert: &#8222;Altitude &#8211; Die Hard in the Sky&#8220;","datePublished":"2019-12-27T18:10:07+00:00","dateModified":"2019-12-27T18:28:56+00:00","mainEntityOfPage":{"@id":"https:\/\/ucm.one\/de\/cinenet-praesentiert-altitude-die-hard-in-the-sky\/"},"wordCount":240,"publisher":{"@id":"https:\/\/ucm.one\/de\/#organization"},"image":{"@id":"https:\/\/ucm.one\/de\/cinenet-praesentiert-altitude-die-hard-in-the-sky\/#primaryimage"},"thumbnailUrl":"https:\/\/ucm.one\/wp-content\/uploads\/2019\/12\/B-CINENET-1912-orange.jpg","keywords":["Alex Merkin","Altitude","Cassandra Jonathan Lipnicki","Chad Law","CiNENET","CiNENET Deutschland","CiNENET Germany","Denise Richards","Die Hard in the Sky","Dolph Lundgren","Entf\u00fchrung","FBI","Flugzeug","Greer Grammer","Horror","Jared Safier","John Landolfi","John Posey","Jonathan DelPonte","Phillip B. Goldfine","Richard Switzer","Thriller","Tyler W. Konney","YouTube"],"articleSection":["CiNENET","Film","News"],"inLanguage":"de"},{"@type":"WebPage","@id":"https:\/\/ucm.one\/de\/cinenet-praesentiert-altitude-die-hard-in-the-sky\/","url":"https:\/\/ucm.one\/de\/cinenet-praesentiert-altitude-die-hard-in-the-sky\/","name":"CiNENET pr\u00e4sentiert: \"Altitude - Die Hard in the Sky\" - UCM.ONE","isPartOf":{"@id":"https:\/\/ucm.one\/de\/#website"},"primaryImageOfPage":{"@id":"https:\/\/ucm.one\/de\/cinenet-praesentiert-altitude-die-hard-in-the-sky\/#primaryimage"},"image":{"@id":"https:\/\/ucm.one\/de\/cinenet-praesentiert-altitude-die-hard-in-the-sky\/#primaryimage"},"thumbnailUrl":"https:\/\/ucm.one\/wp-content\/uploads\/2019\/12\/B-CINENET-1912-orange.jpg","datePublished":"2019-12-27T18:10:07+00:00","dateModified":"2019-12-27T18:28:56+00:00","description":"P\u00fcnktlich zum Jahreswechsel ist jetzt der Film \"Altitude - Die Hard in the Sky\" mit\u00a0Dolph Lundgren und Denise Richards\u00a0exklusiv bei CiNENET zu sehen.","breadcrumb":{"@id":"https:\/\/ucm.one\/de\/cinenet-praesentiert-altitude-die-hard-in-the-sky\/#breadcrumb"},"inLanguage":"de","potentialAction":[{"@type":"ReadAction","target":["https:\/\/ucm.one\/de\/cinenet-praesentiert-altitude-die-hard-in-the-sky\/"]}]},{"@type":"ImageObject","inLanguage":"de","@id":"https:\/\/ucm.one\/de\/cinenet-praesentiert-altitude-die-hard-in-the-sky\/#primaryimage","url":"https:\/\/ucm.one\/wp-content\/uploads\/2019\/12\/B-CINENET-1912-orange.jpg","contentUrl":"https:\/\/ucm.one\/wp-content\/uploads\/2019\/12\/B-CINENET-1912-orange.jpg","width":1920,"height":600},{"@type":"BreadcrumbList","@id":"https:\/\/ucm.one\/de\/cinenet-praesentiert-altitude-die-hard-in-the-sky\/#breadcrumb","itemListElement":[{"@type":"ListItem","position":1,"name":"Home","item":"https:\/\/ucm.one\/de\/"},{"@type":"ListItem","position":2,"name":"CiNENET pr\u00e4sentiert: &#8220;Altitude &#8211; Die Hard in the Sky&#8221;"}]},{"@type":"WebSite","@id":"https:\/\/ucm.one\/de\/#website","url":"https:\/\/ucm.one\/de\/","name":"UCM.ONE","description":"","publisher":{"@id":"https:\/\/ucm.one\/de\/#organization"},"potentialAction":[{"@type":"SearchAction","target":{"@type":"EntryPoint","urlTemplate":"https:\/\/ucm.one\/de\/?s={search_term_string}"},"query-input":{"@type":"PropertyValueSpecification","valueRequired":true,"valueName":"search_term_string"}}],"inLanguage":"de"},{"@type":"Organization","@id":"https:\/\/ucm.one\/de\/#organization","name":"UCM.ONE","url":"https:\/\/ucm.one\/de\/","logo":{"@type":"ImageObject","inLanguage":"de","@id":"https:\/\/ucm.one\/de\/#\/schema\/logo\/image\/","url":"https:\/\/ucm.one\/wp-content\/uploads\/2019\/10\/UCM.ONE-Logo-RGB.svg","contentUrl":"https:\/\/ucm.one\/wp-content\/uploads\/2019\/10\/UCM.ONE-Logo-RGB.svg","width":1,"height":1,"caption":"UCM.ONE"},"image":{"@id":"https:\/\/ucm.one\/de\/#\/schema\/logo\/image\/"}},{"@type":"Person","@id":"https:\/\/ucm.one\/de\/#\/schema\/person\/4b959e467e8acc058836467a0ef8fa50","name":"Joachim Keil","image":{"@type":"ImageObject","inLanguage":"de","@id":"https:\/\/secure.gravatar.com\/avatar\/10e1dfd05f2a7a7bc83cd44bae31e01c8ac15f974229211a2b1a49fa0a22fec0?s=96&d=mm&r=g","url":"https:\/\/secure.gravatar.com\/avatar\/10e1dfd05f2a7a7bc83cd44bae31e01c8ac15f974229211a2b1a49fa0a22fec0?s=96&d=mm&r=g","contentUrl":"https:\/\/secure.gravatar.com\/avatar\/10e1dfd05f2a7a7bc83cd44bae31e01c8ac15f974229211a2b1a49fa0a22fec0?s=96&d=mm&r=g","caption":"Joachim Keil"},"sameAs":["https:\/\/ucm.one"]}]}},"_links":{"self":[{"href":"https:\/\/ucm.one\/de\/wp-json\/wp\/v2\/posts\/38012","targetHints":{"allow":["GET"]}}],"collection":[{"href":"https:\/\/ucm.one\/de\/wp-json\/wp\/v2\/posts"}],"about":[{"href":"https:\/\/ucm.one\/de\/wp-json\/wp\/v2\/types\/post"}],"author":[{"embeddable":true,"href":"https:\/\/ucm.one\/de\/wp-json\/wp\/v2\/users\/2"}],"replies":[{"embeddable":true,"href":"https:\/\/ucm.one\/de\/wp-json\/wp\/v2\/comments?post=38012"}],"version-history":[{"count":0,"href":"https:\/\/ucm.one\/de\/wp-json\/wp\/v2\/posts\/38012\/revisions"}],"wp:featuredmedia":[{"embeddable":true,"href":"https:\/\/ucm.one\/de\/wp-json\/wp\/v2\/media\/38019"}],"wp:attachment":[{"href":"https:\/\/ucm.one\/de\/wp-json\/wp\/v2\/media?parent=38012"}],"wp:term":[{"taxonomy":"category","embeddable":true,"href":"https:\/\/ucm.one\/de\/wp-json\/wp\/v2\/categories?post=38012"},{"taxonomy":"post_tag","embeddable":true,"href":"https:\/\/ucm.one\/de\/wp-json\/wp\/v2\/tags?post=38012"}],"curies":[{"name":"wp","href":"https:\/\/api.w.org\/{rel}","templated":true}]}}