{"id":36237,"date":"2019-10-29T00:05:45","date_gmt":"2019-10-29T00:05:45","guid":{"rendered":"https:\/\/ucm.one\/?p=36237"},"modified":"2019-11-24T00:25:07","modified_gmt":"2019-11-24T00:25:07","slug":"eine-nacht-in-casablanca-mit-den-marx-brothers-ab-29-november-2019-erhaeltlich","status":"publish","type":"post","link":"https:\/\/ucm.one\/de\/eine-nacht-in-casablanca-mit-den-marx-brothers-ab-29-november-2019-erhaeltlich\/","title":{"rendered":"&#8222;Eine Nacht in Casablanca&#8220; mit den Marx Brothers ab 29. November 2019 erh\u00e4ltlich"},"content":{"rendered":"<div class=\"wpb-content-wrapper\"><p>[vc_row][vc_column width=&#8220;3\/4&#8243;][vc_column_text]<\/p>\n<div class=\"wpb_text_column wpb_content_element \">\n<div class=\"wpb_wrapper\">\n<p><strong>UCM.ONE<\/strong> ver\u00f6ffentlicht am 29. November 2019 auf den Label <strong>M-Square Classics<\/strong>\u00a0den Film \u201c<strong>Eine Nacht in Casablanca<\/strong>\u201d (englischer Titel: \u201c<strong>A Night in Casablanca<\/strong>\u201c) erstmalig in HD abgetastet und restauriert als <strong>limitiertes Mediabook<\/strong> mit DVD und Blu-Ray zusammen mit einem 16-seitigem Booklet. Der zw\u00f6lfte gemeinsame Film der legend\u00e4ren Br\u00fcder, der 1946 gedreht wurde, ist eine Parodie auf den Film &#8222;<strong>Casablanca<\/strong><i>&#8222;<\/i> mit <strong>Humphrey Bogart<\/strong> und <strong>Ingrid Bergman<\/strong> aus dem Jahr 1942.<\/p>\n<\/div>\n<\/div>\n<p>[\/vc_column_text][vc_column_text]<\/p>\n<h3>Inhaltsangabe<\/h3>\n<p>Marokko im Zweiten Weltkrieg: Die deutsche Wehrmacht hat geraubte, wertvolle Kunstgegenst\u00e4nde in einem geheimen Zwischengeschoss eines Hotels deponiert. Graf Pfefferman alias Heinrich Stubel, sein Gehilfe Kurt und seine Geliebte Beatrice Rheiner versuchen nun, diese au\u00dfer Landes zu schaffen. Zu diesem Zweck ermorden sie die Manager des Hotels, in der Hoffnung, dass Graf Pfefferman als Manager eingesetzt wird. Dummerweise wird jedoch Ronald H\u00fchnerpuster (<strong>Groucho Marx<\/strong>) als Manager eingestellt. Nun versuchen sie, auch ihn aus dem Weg zu schaffen. Schlie\u00dflich kommt aber dieser zusammen mit Rusty (<strong>Harpo Marx<\/strong>) und Corbaccio (<strong>Chico Marx<\/strong>) dahinter, wo im Hotel die Kunstwerke versteckt sind. Sie setzen nun alles daran zu verhindern, dass diese au\u00dfer Landes geschafft werden k\u00f6nnen und dass die Schurken hinter Schloss und Riegel kommen.[\/vc_column_text][\/vc_column][vc_column width=&#8220;1\/4&#8243;][vc_single_image image=&#8220;33807&#8243; img_size=&#8220;full&#8220;][\/vc_column][\/vc_row][vc_row][vc_column][vc_video link=&#8220;https:\/\/youtu.be\/RjEMZRKn1LU&#8220; title=&#8220;The Marx Bros. &#8211; Eine Nacht in Casablanca | Trailer (deutsch)&#8220;][\/vc_column][\/vc_row][vc_row][vc_column][vc_column_text]Weitere Informationen \u00fcber den Film: <a href=\"\/de\/eine-nacht-in-casablanca\/\">The Marx Bros. &#8211; Eine Nacht in Casablanca<\/a>[\/vc_column_text][\/vc_column][\/vc_row]<\/p>\n<\/div>","protected":false},"excerpt":{"rendered":"<p>[vc_row][vc_column width=&#8220;3\/4&#8243;][vc_column_text] UCM.ONE ver\u00f6ffentlicht am 29. November 2019 auf den Label M-Square Classics\u00a0den Film \u201cEine Nacht in Casablanca\u201d (englischer Titel: \u201cA Night in Casablanca\u201c) erstmalig in HD abgetastet und restauriert als limitiertes Mediabook mit DVD und Blu-Ray zusammen mit einem 16-seitigem Booklet. Der zw\u00f6lfte gemeinsame Film der legend\u00e4ren Br\u00fcder, der 1946 gedreht wurde, ist eine&hellip;<\/p>\n","protected":false},"author":2,"featured_media":36235,"comment_status":"closed","ping_status":"closed","sticky":false,"template":"","format":"standard","meta":{"_acf_changed":false,"footnotes":""},"categories":[8,7004,5849,1046,13],"tags":[7050,7051,2263,7056,7055,6848,7053,7054,7046,7047,7060,7059,7057,5499,2324,7049,7048,7058,7052],"class_list":["post-36237","post","type-post","status-publish","format-standard","has-post-thumbnail","hentry","category-film","category-filmklassiker","category-m-square-classics","category-m-square-pictures","category-news","tag-7050","tag-a-night-in-casablanca","tag-casablanca","tag-charles-drake","tag-chico-marx","tag-filmklassiker","tag-groucho-marx","tag-harpo-marx","tag-humphrey-bogart","tag-ingrid-bergman","tag-lewis-l-russell","tag-lisette-verea","tag-lois-collier","tag-m-square-classics","tag-m-square-pictures","tag-marx-bros","tag-marx-brothers","tag-sig-ruman","tag-the-marx-bros-eine-nacht-in-casablanca","category-8","category-7004","category-5849","category-1046","category-13","description-off"],"acf":[],"yoast_head":"<!-- This site is optimized with the Yoast SEO plugin v27.5 - https:\/\/yoast.com\/product\/yoast-seo-wordpress\/ -->\n<title>&quot;Eine Nacht in Casablanca&quot; mit den Marx Brothers ab 29. November 2019 erh\u00e4ltlich - UCM.ONE<\/title>\n<meta name=\"description\" content=\"UCM.ONE ver\u00f6ffentlicht am 29. November 2019 den Film \u201cEine Nacht in Casablanca\u201d erstmalig in HD abgetastet und restauriert als limitiertes Mediabook.\" \/>\n<meta name=\"robots\" content=\"index, follow, max-snippet:-1, max-image-preview:large, max-video-preview:-1\" \/>\n<link rel=\"canonical\" href=\"https:\/\/ucm.one\/de\/eine-nacht-in-casablanca-mit-den-marx-brothers-ab-29-november-2019-erhaeltlich\/\" \/>\n<meta property=\"og:locale\" content=\"de_DE\" \/>\n<meta property=\"og:type\" content=\"article\" \/>\n<meta property=\"og:title\" content=\"&quot;Eine Nacht in Casablanca&quot; mit den Marx Brothers ab 29. November 2019 erh\u00e4ltlich - UCM.ONE\" \/>\n<meta property=\"og:description\" content=\"UCM.ONE ver\u00f6ffentlicht am 29. November 2019 den Film \u201cEine Nacht in Casablanca\u201d erstmalig in HD abgetastet und restauriert als limitiertes Mediabook.\" \/>\n<meta property=\"og:url\" content=\"https:\/\/ucm.one\/de\/eine-nacht-in-casablanca-mit-den-marx-brothers-ab-29-november-2019-erhaeltlich\/\" \/>\n<meta property=\"og:site_name\" content=\"UCM.ONE\" \/>\n<meta property=\"article:published_time\" content=\"2019-10-29T00:05:45+00:00\" \/>\n<meta property=\"article:modified_time\" content=\"2019-11-24T00:25:07+00:00\" \/>\n<meta property=\"og:image\" content=\"https:\/\/ucm.one\/wp-content\/uploads\/2019\/11\/B-Eine-Nacht-in-Casablanca-Ank\u00fcndigung.jpg\" \/>\n\t<meta property=\"og:image:width\" content=\"1920\" \/>\n\t<meta property=\"og:image:height\" content=\"600\" \/>\n\t<meta property=\"og:image:type\" content=\"image\/jpeg\" \/>\n<meta name=\"author\" content=\"Joachim Keil\" \/>\n<meta name=\"twitter:card\" content=\"summary_large_image\" \/>\n<meta name=\"twitter:label1\" content=\"Verfasst von\" \/>\n\t<meta name=\"twitter:data1\" content=\"Joachim Keil\" \/>\n\t<meta name=\"twitter:label2\" content=\"Gesch\u00e4tzte Lesezeit\" \/>\n\t<meta name=\"twitter:data2\" content=\"1\u00a0Minute\" \/>\n<!-- \/ Yoast SEO plugin. -->","yoast_head_json":{"title":"\"Eine Nacht in Casablanca\" mit den Marx Brothers ab 29. November 2019 erh\u00e4ltlich - UCM.ONE","description":"UCM.ONE ver\u00f6ffentlicht am 29. November 2019 den Film \u201cEine Nacht in Casablanca\u201d erstmalig in HD abgetastet und restauriert als limitiertes Mediabook.","robots":{"index":"index","follow":"follow","max-snippet":"max-snippet:-1","max-image-preview":"max-image-preview:large","max-video-preview":"max-video-preview:-1"},"canonical":"https:\/\/ucm.one\/de\/eine-nacht-in-casablanca-mit-den-marx-brothers-ab-29-november-2019-erhaeltlich\/","og_locale":"de_DE","og_type":"article","og_title":"\"Eine Nacht in Casablanca\" mit den Marx Brothers ab 29. November 2019 erh\u00e4ltlich - UCM.ONE","og_description":"UCM.ONE ver\u00f6ffentlicht am 29. November 2019 den Film \u201cEine Nacht in Casablanca\u201d erstmalig in HD abgetastet und restauriert als limitiertes Mediabook.","og_url":"https:\/\/ucm.one\/de\/eine-nacht-in-casablanca-mit-den-marx-brothers-ab-29-november-2019-erhaeltlich\/","og_site_name":"UCM.ONE","article_published_time":"2019-10-29T00:05:45+00:00","article_modified_time":"2019-11-24T00:25:07+00:00","og_image":[{"width":1920,"height":600,"url":"https:\/\/ucm.one\/wp-content\/uploads\/2019\/11\/B-Eine-Nacht-in-Casablanca-Ank\u00fcndigung.jpg","type":"image\/jpeg"}],"author":"Joachim Keil","twitter_card":"summary_large_image","twitter_misc":{"Verfasst von":"Joachim Keil","Gesch\u00e4tzte Lesezeit":"1\u00a0Minute"},"schema":{"@context":"https:\/\/schema.org","@graph":[{"@type":"Article","@id":"https:\/\/ucm.one\/de\/eine-nacht-in-casablanca-mit-den-marx-brothers-ab-29-november-2019-erhaeltlich\/#article","isPartOf":{"@id":"https:\/\/ucm.one\/de\/eine-nacht-in-casablanca-mit-den-marx-brothers-ab-29-november-2019-erhaeltlich\/"},"author":{"name":"Joachim Keil","@id":"https:\/\/ucm.one\/de\/#\/schema\/person\/4b959e467e8acc058836467a0ef8fa50"},"headline":"&#8222;Eine Nacht in Casablanca&#8220; mit den Marx Brothers ab 29. November 2019 erh\u00e4ltlich","datePublished":"2019-10-29T00:05:45+00:00","dateModified":"2019-11-24T00:25:07+00:00","mainEntityOfPage":{"@id":"https:\/\/ucm.one\/de\/eine-nacht-in-casablanca-mit-den-marx-brothers-ab-29-november-2019-erhaeltlich\/"},"wordCount":297,"publisher":{"@id":"https:\/\/ucm.one\/de\/#organization"},"image":{"@id":"https:\/\/ucm.one\/de\/eine-nacht-in-casablanca-mit-den-marx-brothers-ab-29-november-2019-erhaeltlich\/#primaryimage"},"thumbnailUrl":"https:\/\/ucm.one\/wp-content\/uploads\/2019\/11\/B-Eine-Nacht-in-Casablanca-Ank\u00fcndigung.jpg","keywords":["1946","A Night in Casablanca","Casablanca","Charles Drake","Chico Marx","Filmklassiker","Groucho Marx","Harpo Marx","Humphrey Bogart","Ingrid Bergman","Lewis L. Russell","Lisette Verea","Lois Collier","M-Square Classics","M-Square Pictures","Marx Bros.","Marx Brothers","Sig Ruman","The Marx Bros. - Eine Nacht in Casablanca"],"articleSection":["Film","Filmklassiker","M-Square Classics","M-Square Pictures","News"],"inLanguage":"de"},{"@type":"WebPage","@id":"https:\/\/ucm.one\/de\/eine-nacht-in-casablanca-mit-den-marx-brothers-ab-29-november-2019-erhaeltlich\/","url":"https:\/\/ucm.one\/de\/eine-nacht-in-casablanca-mit-den-marx-brothers-ab-29-november-2019-erhaeltlich\/","name":"\"Eine Nacht in Casablanca\" mit den Marx Brothers ab 29. November 2019 erh\u00e4ltlich - UCM.ONE","isPartOf":{"@id":"https:\/\/ucm.one\/de\/#website"},"primaryImageOfPage":{"@id":"https:\/\/ucm.one\/de\/eine-nacht-in-casablanca-mit-den-marx-brothers-ab-29-november-2019-erhaeltlich\/#primaryimage"},"image":{"@id":"https:\/\/ucm.one\/de\/eine-nacht-in-casablanca-mit-den-marx-brothers-ab-29-november-2019-erhaeltlich\/#primaryimage"},"thumbnailUrl":"https:\/\/ucm.one\/wp-content\/uploads\/2019\/11\/B-Eine-Nacht-in-Casablanca-Ank\u00fcndigung.jpg","datePublished":"2019-10-29T00:05:45+00:00","dateModified":"2019-11-24T00:25:07+00:00","description":"UCM.ONE ver\u00f6ffentlicht am 29. November 2019 den Film \u201cEine Nacht in Casablanca\u201d erstmalig in HD abgetastet und restauriert als limitiertes Mediabook.","breadcrumb":{"@id":"https:\/\/ucm.one\/de\/eine-nacht-in-casablanca-mit-den-marx-brothers-ab-29-november-2019-erhaeltlich\/#breadcrumb"},"inLanguage":"de","potentialAction":[{"@type":"ReadAction","target":["https:\/\/ucm.one\/de\/eine-nacht-in-casablanca-mit-den-marx-brothers-ab-29-november-2019-erhaeltlich\/"]}]},{"@type":"ImageObject","inLanguage":"de","@id":"https:\/\/ucm.one\/de\/eine-nacht-in-casablanca-mit-den-marx-brothers-ab-29-november-2019-erhaeltlich\/#primaryimage","url":"https:\/\/ucm.one\/wp-content\/uploads\/2019\/11\/B-Eine-Nacht-in-Casablanca-Ank\u00fcndigung.jpg","contentUrl":"https:\/\/ucm.one\/wp-content\/uploads\/2019\/11\/B-Eine-Nacht-in-Casablanca-Ank\u00fcndigung.jpg","width":1920,"height":600},{"@type":"BreadcrumbList","@id":"https:\/\/ucm.one\/de\/eine-nacht-in-casablanca-mit-den-marx-brothers-ab-29-november-2019-erhaeltlich\/#breadcrumb","itemListElement":[{"@type":"ListItem","position":1,"name":"Home","item":"https:\/\/ucm.one\/de\/"},{"@type":"ListItem","position":2,"name":"&#8220;Eine Nacht in Casablanca&#8221; mit den Marx Brothers ab 29. November 2019 erh\u00e4ltlich"}]},{"@type":"WebSite","@id":"https:\/\/ucm.one\/de\/#website","url":"https:\/\/ucm.one\/de\/","name":"UCM.ONE","description":"","publisher":{"@id":"https:\/\/ucm.one\/de\/#organization"},"potentialAction":[{"@type":"SearchAction","target":{"@type":"EntryPoint","urlTemplate":"https:\/\/ucm.one\/de\/?s={search_term_string}"},"query-input":{"@type":"PropertyValueSpecification","valueRequired":true,"valueName":"search_term_string"}}],"inLanguage":"de"},{"@type":"Organization","@id":"https:\/\/ucm.one\/de\/#organization","name":"UCM.ONE","url":"https:\/\/ucm.one\/de\/","logo":{"@type":"ImageObject","inLanguage":"de","@id":"https:\/\/ucm.one\/de\/#\/schema\/logo\/image\/","url":"https:\/\/ucm.one\/wp-content\/uploads\/2019\/10\/UCM.ONE-Logo-RGB.svg","contentUrl":"https:\/\/ucm.one\/wp-content\/uploads\/2019\/10\/UCM.ONE-Logo-RGB.svg","width":1,"height":1,"caption":"UCM.ONE"},"image":{"@id":"https:\/\/ucm.one\/de\/#\/schema\/logo\/image\/"}},{"@type":"Person","@id":"https:\/\/ucm.one\/de\/#\/schema\/person\/4b959e467e8acc058836467a0ef8fa50","name":"Joachim Keil","image":{"@type":"ImageObject","inLanguage":"de","@id":"https:\/\/secure.gravatar.com\/avatar\/10e1dfd05f2a7a7bc83cd44bae31e01c8ac15f974229211a2b1a49fa0a22fec0?s=96&d=mm&r=g","url":"https:\/\/secure.gravatar.com\/avatar\/10e1dfd05f2a7a7bc83cd44bae31e01c8ac15f974229211a2b1a49fa0a22fec0?s=96&d=mm&r=g","contentUrl":"https:\/\/secure.gravatar.com\/avatar\/10e1dfd05f2a7a7bc83cd44bae31e01c8ac15f974229211a2b1a49fa0a22fec0?s=96&d=mm&r=g","caption":"Joachim Keil"},"sameAs":["https:\/\/ucm.one"]}]}},"_links":{"self":[{"href":"https:\/\/ucm.one\/de\/wp-json\/wp\/v2\/posts\/36237","targetHints":{"allow":["GET"]}}],"collection":[{"href":"https:\/\/ucm.one\/de\/wp-json\/wp\/v2\/posts"}],"about":[{"href":"https:\/\/ucm.one\/de\/wp-json\/wp\/v2\/types\/post"}],"author":[{"embeddable":true,"href":"https:\/\/ucm.one\/de\/wp-json\/wp\/v2\/users\/2"}],"replies":[{"embeddable":true,"href":"https:\/\/ucm.one\/de\/wp-json\/wp\/v2\/comments?post=36237"}],"version-history":[{"count":0,"href":"https:\/\/ucm.one\/de\/wp-json\/wp\/v2\/posts\/36237\/revisions"}],"wp:featuredmedia":[{"embeddable":true,"href":"https:\/\/ucm.one\/de\/wp-json\/wp\/v2\/media\/36235"}],"wp:attachment":[{"href":"https:\/\/ucm.one\/de\/wp-json\/wp\/v2\/media?parent=36237"}],"wp:term":[{"taxonomy":"category","embeddable":true,"href":"https:\/\/ucm.one\/de\/wp-json\/wp\/v2\/categories?post=36237"},{"taxonomy":"post_tag","embeddable":true,"href":"https:\/\/ucm.one\/de\/wp-json\/wp\/v2\/tags?post=36237"}],"curies":[{"name":"wp","href":"https:\/\/api.w.org\/{rel}","templated":true}]}}