{"id":35600,"date":"2019-09-11T22:28:43","date_gmt":"2019-09-11T22:28:43","guid":{"rendered":"https:\/\/ucm.one\/?p=35600"},"modified":"2019-11-17T20:00:42","modified_gmt":"2019-11-17T20:00:42","slug":"ucm-one-startet-mit-dem-film-der-weg-nach-oben-die-die-blaue-serie","status":"publish","type":"post","link":"https:\/\/ucm.one\/de\/ucm-one-startet-mit-dem-film-der-weg-nach-oben-die-die-blaue-serie\/","title":{"rendered":"UCM.ONE startet mit dem Film &#8222;Der Weg nach Oben&#8220; die &#8222;Die Blaue Serie&#8220;"},"content":{"rendered":"<div class=\"wpb-content-wrapper\"><p>[vc_row][vc_column][vc_column_text]Im November 2019 startet <span style=\"font-family: 'arial black', sans-serif;\"><strong>UCM.ONE<\/strong><\/span> \u201c<strong>Die blaue Serie<\/strong>\u201d. Den Anfang macht \u201c<strong>Der Weg nach oben<\/strong>\u201d mit<strong> Simone Signoret<\/strong> und\u00a0<strong>Laurence Harvey<\/strong>, sechsfach f\u00fcr den <strong>Oscar<\/strong> nominiert und Gewinner des <strong>British Film Academy Award<\/strong> als bester Film im Jahr 1959.[\/vc_column_text][vc_column_text]Die Serie widmet sich sowohl herausragenden Filmen, welche die Filmwelt gepr\u00e4gt haben als auch Filmperlen, die bisher noch nie auf DVD oder VoD-Portalen ver\u00f6ffentlicht worden sind. Die Serie ist durch das blaue Artwork und die extra f\u00fcr diese Serie hergestellten blauen Amara DVD-H\u00fcllen zu erkennen und speziell f\u00fcr Cineasten &amp; Sammler zusammengestellt.[\/vc_column_text][\/vc_column][\/vc_row][vc_row][vc_column width=&#8220;3\/4&#8243;][vc_column_text]<\/p>\n<h3>Die Blaue Serie \u2022 01<\/h3>\n<p>Der Film &#8222;<strong>Der Weg nach oben<\/strong>&#8220; (Nr. 1) von <strong>Jack Clayton<\/strong>, gro\u00dfartig besetzt mit <strong>Simone Signoret<\/strong> und Laurence Harvey, sechsmal f\u00fcr den &#8222;<strong>Oscar<\/strong>&#8220; nominiert und zweimal ausgezeichnet (<strong>Beste Hauptdarstellerin<\/strong> f\u00fcr <strong>Simone Signoret<\/strong> und <strong>Bestes adaptiertes Drehbuch<\/strong>) und Gewinner des <strong>British Film Academy Award<\/strong> als <strong>Bester britischer Film des Jahres 1959<\/strong>. Simone Signoret erhielt zudem im gleichen Jahr in <strong>Cannes<\/strong> die Auszeichnung als <strong>Beste Schauspielerin.<\/strong>[\/vc_column_text][vc_column_text]<\/p>\n<h3>Inhaltsangabe:<\/h3>\n<p>Der 25-j\u00e4hrige ehrgeizige Joe Lampton (<strong>Laurence Harvey<\/strong>) will nach oben: Als kleiner Angestellter des Finanzamtes in der Kleinstadt Warnley im englischen Norden hat er erkannt, dass dies allein durch Flei\u00df und Kompetenz im Beruf nicht zu erreichen ist. Also schlie\u00dft er sich in seiner Freizeit der Theatergruppe an, in der auch Susan Brown (<strong>Heather Sears<\/strong>), die Tochter eines reichen Industriemagnaten, mitspielt. Sie verliebt sich, wie er es geplant hat, in Joe, doch ihre Eltern sind gegen die Verbindung. Und Joes Gef\u00fchle durchkreuzen den Plan seines Aufstiegs durch Heirat, denn er verliebt sich in die zehn Jahre \u00e4ltere, ungl\u00fccklich verheiratete Franz\u00f6sin Alice (<strong>Simone Signoret<\/strong>)&#8230;<\/p>\n<p>[\/vc_column_text][\/vc_column][vc_column width=&#8220;1\/4&#8243;][vc_single_image image=&#8220;35627&#8243; img_size=&#8220;full&#8220;][\/vc_column][\/vc_row][vc_row][vc_column][vc_column_text]<\/p>\n<h3>Kommentare zum Film:<\/h3>\n<p><em>&#8222;Der Film selbst ist gro\u00dfartig, voller guter schauspielerischer Leistungen und meisterhafter Regie. Der Schuss, der den Beginn der neuen Welle ank\u00fcndigt und nicht wirklich in die Bewegung selbst passt.&#8220;<\/em> (<strong>Cineoutsider<\/strong>)<\/p>\n<p><em>&#8222;&#8218;<strong>Der Weg nach oben<\/strong>&#8218; war f\u00fcr die britische Filmindustrie ein Meilenstein. Damals geh\u00f6rten die Liebesszenen &#8218;zum Hei\u00dfesten, was je britische Filmstudios verlassen hatte'&#8220;<\/em> (<strong>Cinema-Filmlexikon<\/strong>).<\/p>\n<p><em>&#8222;&#8230;hervorragend gespielt und atmosph\u00e4risch dicht inszeniert.&#8220;<\/em> (<strong>Lexikon des Internationalen Films<\/strong>)[\/vc_column_text][\/vc_column][\/vc_row]<\/p>\n<\/div>","protected":false},"excerpt":{"rendered":"<p>[vc_row][vc_column][vc_column_text]Im November 2019 startet UCM.ONE \u201cDie blaue Serie\u201d. Den Anfang macht \u201cDer Weg nach oben\u201d mit Simone Signoret und\u00a0Laurence Harvey, sechsfach f\u00fcr den Oscar nominiert und Gewinner des British Film Academy Award als bester Film im Jahr 1959.[\/vc_column_text][vc_column_text]Die Serie widmet sich sowohl herausragenden Filmen, welche die Filmwelt gepr\u00e4gt haben als auch Filmperlen, die bisher noch&hellip;<\/p>\n","protected":false},"author":2,"featured_media":35601,"comment_status":"closed","ping_status":"closed","sticky":false,"template":"","format":"standard","meta":{"_acf_changed":false,"footnotes":""},"categories":[6847,8,7004,1046,13],"tags":[6857,6859,6856,6855,6858,6878,6849,6848,6851,6853,2916,6850,6854,6879,6852],"class_list":["post-35600","post","type-post","status-publish","format-standard","has-post-thumbnail","hentry","category-die-blaue-serie","category-film","category-filmklassiker","category-m-square-pictures","category-news","tag-6857","tag-beste-hauptdarstellerin","tag-bester-britischer-film-des-jahres","tag-british-film-academy","tag-cannes","tag-der-weg-nach-oben","tag-die-blaue-serie","tag-filmklassiker","tag-jack-clayton","tag-laurence-harvey","tag-m-sqare-pictures","tag-mata-hari-agentin-h21","tag-oscar","tag-room-at-the-top","tag-simone-signoret","category-6847","category-8","category-7004","category-1046","category-13","description-off"],"acf":[],"yoast_head":"<!-- This site is optimized with the Yoast SEO plugin v27.5 - https:\/\/yoast.com\/product\/yoast-seo-wordpress\/ -->\n<title>UCM.ONE startet mit dem Film &quot;Der Weg nach Oben&quot; die &quot;Die Blaue Serie&quot; - UCM.ONE<\/title>\n<meta name=\"description\" content=\"Im November 2019 startet UCM.ONE \u201cDie blaue Serie\u201d. Den Anfang macht \u201cDer Weg nach oben\u201d mit Simone Signoret und\u00a0Laurence Harvey.\" \/>\n<meta name=\"robots\" content=\"index, follow, max-snippet:-1, max-image-preview:large, max-video-preview:-1\" \/>\n<link rel=\"canonical\" href=\"https:\/\/ucm.one\/de\/ucm-one-startet-mit-dem-film-der-weg-nach-oben-die-die-blaue-serie\/\" \/>\n<meta property=\"og:locale\" content=\"de_DE\" \/>\n<meta property=\"og:type\" content=\"article\" \/>\n<meta property=\"og:title\" content=\"UCM.ONE startet mit dem Film &quot;Der Weg nach Oben&quot; die &quot;Die Blaue Serie&quot; - UCM.ONE\" \/>\n<meta property=\"og:description\" content=\"Im November 2019 startet UCM.ONE \u201cDie blaue Serie\u201d. Den Anfang macht \u201cDer Weg nach oben\u201d mit Simone Signoret und\u00a0Laurence Harvey.\" \/>\n<meta property=\"og:url\" content=\"https:\/\/ucm.one\/de\/ucm-one-startet-mit-dem-film-der-weg-nach-oben-die-die-blaue-serie\/\" \/>\n<meta property=\"og:site_name\" content=\"UCM.ONE\" \/>\n<meta property=\"article:published_time\" content=\"2019-09-11T22:28:43+00:00\" \/>\n<meta property=\"article:modified_time\" content=\"2019-11-17T20:00:42+00:00\" \/>\n<meta property=\"og:image\" content=\"https:\/\/ucm.one\/wp-content\/uploads\/2019\/11\/B-Die-Blaue-Serie.jpg\" \/>\n\t<meta property=\"og:image:width\" content=\"1920\" \/>\n\t<meta property=\"og:image:height\" content=\"600\" \/>\n\t<meta property=\"og:image:type\" content=\"image\/jpeg\" \/>\n<meta name=\"author\" content=\"Joachim Keil\" \/>\n<meta name=\"twitter:card\" content=\"summary_large_image\" \/>\n<meta name=\"twitter:label1\" content=\"Verfasst von\" \/>\n\t<meta name=\"twitter:data1\" content=\"Joachim Keil\" \/>\n\t<meta name=\"twitter:label2\" content=\"Gesch\u00e4tzte Lesezeit\" \/>\n\t<meta name=\"twitter:data2\" content=\"2\u00a0Minuten\" \/>\n<!-- \/ Yoast SEO plugin. -->","yoast_head_json":{"title":"UCM.ONE startet mit dem Film \"Der Weg nach Oben\" die \"Die Blaue Serie\" - UCM.ONE","description":"Im November 2019 startet UCM.ONE \u201cDie blaue Serie\u201d. Den Anfang macht \u201cDer Weg nach oben\u201d mit Simone Signoret und\u00a0Laurence Harvey.","robots":{"index":"index","follow":"follow","max-snippet":"max-snippet:-1","max-image-preview":"max-image-preview:large","max-video-preview":"max-video-preview:-1"},"canonical":"https:\/\/ucm.one\/de\/ucm-one-startet-mit-dem-film-der-weg-nach-oben-die-die-blaue-serie\/","og_locale":"de_DE","og_type":"article","og_title":"UCM.ONE startet mit dem Film \"Der Weg nach Oben\" die \"Die Blaue Serie\" - UCM.ONE","og_description":"Im November 2019 startet UCM.ONE \u201cDie blaue Serie\u201d. Den Anfang macht \u201cDer Weg nach oben\u201d mit Simone Signoret und\u00a0Laurence Harvey.","og_url":"https:\/\/ucm.one\/de\/ucm-one-startet-mit-dem-film-der-weg-nach-oben-die-die-blaue-serie\/","og_site_name":"UCM.ONE","article_published_time":"2019-09-11T22:28:43+00:00","article_modified_time":"2019-11-17T20:00:42+00:00","og_image":[{"width":1920,"height":600,"url":"https:\/\/ucm.one\/wp-content\/uploads\/2019\/11\/B-Die-Blaue-Serie.jpg","type":"image\/jpeg"}],"author":"Joachim Keil","twitter_card":"summary_large_image","twitter_misc":{"Verfasst von":"Joachim Keil","Gesch\u00e4tzte Lesezeit":"2\u00a0Minuten"},"schema":{"@context":"https:\/\/schema.org","@graph":[{"@type":"Article","@id":"https:\/\/ucm.one\/de\/ucm-one-startet-mit-dem-film-der-weg-nach-oben-die-die-blaue-serie\/#article","isPartOf":{"@id":"https:\/\/ucm.one\/de\/ucm-one-startet-mit-dem-film-der-weg-nach-oben-die-die-blaue-serie\/"},"author":{"name":"Joachim Keil","@id":"https:\/\/ucm.one\/de\/#\/schema\/person\/4b959e467e8acc058836467a0ef8fa50"},"headline":"UCM.ONE startet mit dem Film &#8222;Der Weg nach Oben&#8220; die &#8222;Die Blaue Serie&#8220;","datePublished":"2019-09-11T22:28:43+00:00","dateModified":"2019-11-17T20:00:42+00:00","mainEntityOfPage":{"@id":"https:\/\/ucm.one\/de\/ucm-one-startet-mit-dem-film-der-weg-nach-oben-die-die-blaue-serie\/"},"wordCount":427,"publisher":{"@id":"https:\/\/ucm.one\/de\/#organization"},"image":{"@id":"https:\/\/ucm.one\/de\/ucm-one-startet-mit-dem-film-der-weg-nach-oben-die-die-blaue-serie\/#primaryimage"},"thumbnailUrl":"https:\/\/ucm.one\/wp-content\/uploads\/2019\/11\/B-Die-Blaue-Serie.jpg","keywords":["1959","Beste Hauptdarstellerin","Bester britischer Film des Jahres","British Film Academy","Cannes","Der Weg nach oben","Die Blaue Serie","Filmklassiker","Jack Clayton","Laurence Harvey","M-Sqare Pictures","Mata Hari - Agentin H21","Oscar","Room at the Top","Simone Signoret"],"articleSection":["Die Blaue Serie","Film","Filmklassiker","M-Square Pictures","News"],"inLanguage":"de"},{"@type":"WebPage","@id":"https:\/\/ucm.one\/de\/ucm-one-startet-mit-dem-film-der-weg-nach-oben-die-die-blaue-serie\/","url":"https:\/\/ucm.one\/de\/ucm-one-startet-mit-dem-film-der-weg-nach-oben-die-die-blaue-serie\/","name":"UCM.ONE startet mit dem Film \"Der Weg nach Oben\" die \"Die Blaue Serie\" - UCM.ONE","isPartOf":{"@id":"https:\/\/ucm.one\/de\/#website"},"primaryImageOfPage":{"@id":"https:\/\/ucm.one\/de\/ucm-one-startet-mit-dem-film-der-weg-nach-oben-die-die-blaue-serie\/#primaryimage"},"image":{"@id":"https:\/\/ucm.one\/de\/ucm-one-startet-mit-dem-film-der-weg-nach-oben-die-die-blaue-serie\/#primaryimage"},"thumbnailUrl":"https:\/\/ucm.one\/wp-content\/uploads\/2019\/11\/B-Die-Blaue-Serie.jpg","datePublished":"2019-09-11T22:28:43+00:00","dateModified":"2019-11-17T20:00:42+00:00","description":"Im November 2019 startet UCM.ONE \u201cDie blaue Serie\u201d. Den Anfang macht \u201cDer Weg nach oben\u201d mit Simone Signoret und\u00a0Laurence Harvey.","breadcrumb":{"@id":"https:\/\/ucm.one\/de\/ucm-one-startet-mit-dem-film-der-weg-nach-oben-die-die-blaue-serie\/#breadcrumb"},"inLanguage":"de","potentialAction":[{"@type":"ReadAction","target":["https:\/\/ucm.one\/de\/ucm-one-startet-mit-dem-film-der-weg-nach-oben-die-die-blaue-serie\/"]}]},{"@type":"ImageObject","inLanguage":"de","@id":"https:\/\/ucm.one\/de\/ucm-one-startet-mit-dem-film-der-weg-nach-oben-die-die-blaue-serie\/#primaryimage","url":"https:\/\/ucm.one\/wp-content\/uploads\/2019\/11\/B-Die-Blaue-Serie.jpg","contentUrl":"https:\/\/ucm.one\/wp-content\/uploads\/2019\/11\/B-Die-Blaue-Serie.jpg","width":1920,"height":600},{"@type":"BreadcrumbList","@id":"https:\/\/ucm.one\/de\/ucm-one-startet-mit-dem-film-der-weg-nach-oben-die-die-blaue-serie\/#breadcrumb","itemListElement":[{"@type":"ListItem","position":1,"name":"Home","item":"https:\/\/ucm.one\/de\/"},{"@type":"ListItem","position":2,"name":"UCM.ONE startet mit dem Film &#8220;Der Weg nach Oben&#8221; die &#8220;Die Blaue Serie&#8221;"}]},{"@type":"WebSite","@id":"https:\/\/ucm.one\/de\/#website","url":"https:\/\/ucm.one\/de\/","name":"UCM.ONE","description":"","publisher":{"@id":"https:\/\/ucm.one\/de\/#organization"},"potentialAction":[{"@type":"SearchAction","target":{"@type":"EntryPoint","urlTemplate":"https:\/\/ucm.one\/de\/?s={search_term_string}"},"query-input":{"@type":"PropertyValueSpecification","valueRequired":true,"valueName":"search_term_string"}}],"inLanguage":"de"},{"@type":"Organization","@id":"https:\/\/ucm.one\/de\/#organization","name":"UCM.ONE","url":"https:\/\/ucm.one\/de\/","logo":{"@type":"ImageObject","inLanguage":"de","@id":"https:\/\/ucm.one\/de\/#\/schema\/logo\/image\/","url":"https:\/\/ucm.one\/wp-content\/uploads\/2019\/10\/UCM.ONE-Logo-RGB.svg","contentUrl":"https:\/\/ucm.one\/wp-content\/uploads\/2019\/10\/UCM.ONE-Logo-RGB.svg","width":1,"height":1,"caption":"UCM.ONE"},"image":{"@id":"https:\/\/ucm.one\/de\/#\/schema\/logo\/image\/"}},{"@type":"Person","@id":"https:\/\/ucm.one\/de\/#\/schema\/person\/4b959e467e8acc058836467a0ef8fa50","name":"Joachim Keil","image":{"@type":"ImageObject","inLanguage":"de","@id":"https:\/\/secure.gravatar.com\/avatar\/10e1dfd05f2a7a7bc83cd44bae31e01c8ac15f974229211a2b1a49fa0a22fec0?s=96&d=mm&r=g","url":"https:\/\/secure.gravatar.com\/avatar\/10e1dfd05f2a7a7bc83cd44bae31e01c8ac15f974229211a2b1a49fa0a22fec0?s=96&d=mm&r=g","contentUrl":"https:\/\/secure.gravatar.com\/avatar\/10e1dfd05f2a7a7bc83cd44bae31e01c8ac15f974229211a2b1a49fa0a22fec0?s=96&d=mm&r=g","caption":"Joachim Keil"},"sameAs":["https:\/\/ucm.one"]}]}},"_links":{"self":[{"href":"https:\/\/ucm.one\/de\/wp-json\/wp\/v2\/posts\/35600","targetHints":{"allow":["GET"]}}],"collection":[{"href":"https:\/\/ucm.one\/de\/wp-json\/wp\/v2\/posts"}],"about":[{"href":"https:\/\/ucm.one\/de\/wp-json\/wp\/v2\/types\/post"}],"author":[{"embeddable":true,"href":"https:\/\/ucm.one\/de\/wp-json\/wp\/v2\/users\/2"}],"replies":[{"embeddable":true,"href":"https:\/\/ucm.one\/de\/wp-json\/wp\/v2\/comments?post=35600"}],"version-history":[{"count":0,"href":"https:\/\/ucm.one\/de\/wp-json\/wp\/v2\/posts\/35600\/revisions"}],"wp:featuredmedia":[{"embeddable":true,"href":"https:\/\/ucm.one\/de\/wp-json\/wp\/v2\/media\/35601"}],"wp:attachment":[{"href":"https:\/\/ucm.one\/de\/wp-json\/wp\/v2\/media?parent=35600"}],"wp:term":[{"taxonomy":"category","embeddable":true,"href":"https:\/\/ucm.one\/de\/wp-json\/wp\/v2\/categories?post=35600"},{"taxonomy":"post_tag","embeddable":true,"href":"https:\/\/ucm.one\/de\/wp-json\/wp\/v2\/tags?post=35600"}],"curies":[{"name":"wp","href":"https:\/\/api.w.org\/{rel}","templated":true}]}}