{"id":34501,"date":"2019-09-29T00:01:11","date_gmt":"2019-09-29T00:01:11","guid":{"rendered":"https:\/\/ucm.one\/?p=34501"},"modified":"2019-11-17T19:55:26","modified_gmt":"2019-11-17T19:55:26","slug":"erstmalige-auffuehrung-der-restaurierten-fassung-von-die-schlangengrube-und-das-pendel-im-filmmuseum-muenchen","status":"publish","type":"post","link":"https:\/\/ucm.one\/de\/erstmalige-auffuehrung-der-restaurierten-fassung-von-die-schlangengrube-und-das-pendel-im-filmmuseum-muenchen\/","title":{"rendered":"Erstmalige Auff\u00fchrung der restaurierten Fassung von &#8222;Die Schlangengrube und das Pendel&#8220; im Filmmuseum M\u00fcnchen"},"content":{"rendered":"<div class=\"wpb-content-wrapper\"><p>[vc_row][vc_column width=&#8220;3\/4&#8243;][vc_column_text]Am Dienstag, den 8. Oktober 2019\u00a0um 21.00 Uhr, zeigt das\u00a0<strong>Filmmuseum M\u00fcnchen <\/strong>in Kooperation mit\u00a0<strong>moviemax\u00a0<\/strong>exklusiv und einmalig auf gro\u00dfer Leinwand die aufwendig neu restaurierte\u00a0Fassung des Spielfilms &#8222;<strong>Die Schlangengrube und das Pendel<\/strong>&#8220; von <strong>Harald Reinl<\/strong> aus dem Jahr 1967.[\/vc_column_text][vc_column_text]Horrorfilme oder nur Horrorelemente sind rar ges\u00e4t im westdeutschen Kino der 1950er und 1960er Jahre. Man versuchte es dennoch und stellte einen Gothic-Horror Film\u00a0mit internationalen Flair auf die Beine. Als Regisseur f\u00fcr &#8222;<strong>Die Schlangengrube und das Pendel<\/strong>&#8220;\u00a0wurde <strong>Harald Reinl<\/strong> verpflichtet, der seine lange Filmkarriere einst bei <strong>Leni\u00a0Riefenstahl<\/strong> begonnen und erfolgreich Edgar-Wallace-Thriller, Heimatfilme und <strong>Karl-May<\/strong>-Verfilmungen inszeniert hatte. Die Au\u00dfenaufnahmen entstanden im Isartal, in Detmold\u00a0und Rothenburg ob der Tauber. Der Folterkeller wurde in den <strong>Bavaria Filmstudios<\/strong> gebaut. Der f\u00fcr die Kulissenentw\u00fcrfe verantwortliche <strong>Rolf Zehetbauer<\/strong>, ein Oscar preisgekr\u00f6nter\u00a0Filmarchitekt, schuf 1967 in den Studios der Bavaria Film ein Kabinett des Schreckens. Internationale Stars wie <strong>Karin Dor<\/strong>, <strong>Lex Barker<\/strong> und <strong>Christopher Lee<\/strong> gaben sich ein Stelldichein.\u00a0Die Filmmusik komponierte der unvergleichliche <strong>Peter Thomas<\/strong>.[\/vc_column_text][vc_column_text]Der Film, der auf einen Roman von <strong>Edgar Allan\u00a0Poe <\/strong>basiert,\u00a0beginnt damit, dass im Jahre 1801 der Graf Regula wegen Mordes an zw\u00f6lf Jungfrauen gevierteilt wird. Viele Jahre sp\u00e4ter erh\u00e4lt der Advokat Roger Mont-Elise und die attraktive Baronesse Lilian eine Einladung in das verrufene Sandertal. Die Fahrt durch gespenstische W\u00e4lder f\u00fchrt sie direkt in die Ruinen des Schlosses von Graf Regula und dessen Folterkammer. Noch kann niemand ahnen, dass hier die Wiederbelebung des Grafen vorbereitet wird, doch daf\u00fcr braucht dieser noch das Blut einer dreizehnten Jungfrau&#8230;[\/vc_column_text][vc_column_text]Die offiziellen Ver\u00f6ffentlichungen des Films auf dem Label <strong>M-Square Classics<\/strong> werden ab 2020 erfolgen.[\/vc_column_text][\/vc_column][vc_column width=&#8220;1\/4&#8243;][vc_single_image image=&#8220;28098&#8243; img_size=&#8220;full&#8220;][vc_single_image image=&#8220;34508&#8243; img_size=&#8220;full&#8220;][\/vc_column][\/vc_row][vc_row][vc_column][vc_video link=&#8220;https:\/\/youtu.be\/fzLLUt_lCiA&#8220;][\/vc_column][\/vc_row][vc_row][vc_column][vc_column_text]Weitere Informationen zur Veranstaltung kann man hier finden: <a title=\"\" href=\"https:\/\/www.muenchner-stadtmuseum.de\/alle\/veranstaltungen\/die-schlangengrube-und-das-pendel.html?tx_msmveranstaltungen_veranstaltungen%5Baction%5D=show&amp;cHash=9905a499cbf44e83f5433731fc129c8d\" target=\"_blank\" rel=\"noopener noreferrer\">Filmmuseum M\u00fcnchen<\/a>[\/vc_column_text][\/vc_column][\/vc_row]<\/p>\n<\/div>","protected":false},"excerpt":{"rendered":"<p>[vc_row][vc_column width=&#8220;3\/4&#8243;][vc_column_text]Am Dienstag, den 8. Oktober 2019\u00a0um 21.00 Uhr, zeigt das\u00a0Filmmuseum M\u00fcnchen in Kooperation mit\u00a0moviemax\u00a0exklusiv und einmalig auf gro\u00dfer Leinwand die aufwendig neu restaurierte\u00a0Fassung des Spielfilms &#8222;Die Schlangengrube und das Pendel&#8220; von Harald Reinl aus dem Jahr 1967.[\/vc_column_text][vc_column_text]Horrorfilme oder nur Horrorelemente sind rar ges\u00e4t im westdeutschen Kino der 1950er und 1960er Jahre. Man versuchte es&hellip;<\/p>\n","protected":false},"author":2,"featured_media":34515,"comment_status":"closed","ping_status":"closed","sticky":false,"template":"","format":"standard","meta":{"_acf_changed":false,"footnotes":""},"categories":[8,7004,5849,1046,13],"tags":[6626,6627,5493,5494,2329,5497,5496,5125,6848,4946,5491,2332,4956,5492,5499,2324,5181,2470,5498,5495],"class_list":["post-34501","post","type-post","status-publish","format-standard","has-post-thumbnail","hentry","category-film","category-filmklassiker","category-m-square-classics","category-m-square-pictures","category-news","tag-bavaria","tag-bavaria-filmstudios","tag-carl-lange","tag-christiane-ruecker","tag-christopher-lee","tag-die-schlangengrube-und-das-pendel","tag-dieter-eppler","tag-edgar-allan-poe","tag-filmklassiker","tag-filmmuseum-muenchen","tag-harald-reinl","tag-horror","tag-karin-dor","tag-lex-barker","tag-m-square-classics","tag-m-square-pictures","tag-moviemax","tag-peter-thomas","tag-the-torture-chamber-of-dr-sadism","tag-vladimir-medar","category-8","category-7004","category-5849","category-1046","category-13","description-off"],"acf":[],"yoast_head":"<!-- This site is optimized with the Yoast SEO plugin v27.5 - https:\/\/yoast.com\/product\/yoast-seo-wordpress\/ -->\n<title>Erstmalige Auff\u00fchrung der restaurierten Fassung von &quot;Die Schlangengrube und das Pendel&quot; im Filmmuseum M\u00fcnchen - UCM.ONE<\/title>\n<meta name=\"description\" content=\"Am 08.10.2019\u00a0um 21.00 Uhr zeigt das\u00a0Filmmuseum M\u00fcnchen in Kooperation mit\u00a0moviemax\u00a0die restaurierte\u00a0Fassung des Films &quot;Die Schlangengrube und das Pendel&quot;.\" \/>\n<meta name=\"robots\" content=\"index, follow, max-snippet:-1, max-image-preview:large, max-video-preview:-1\" \/>\n<link rel=\"canonical\" href=\"https:\/\/ucm.one\/de\/erstmalige-auffuehrung-der-restaurierten-fassung-von-die-schlangengrube-und-das-pendel-im-filmmuseum-muenchen\/\" \/>\n<meta property=\"og:locale\" content=\"de_DE\" \/>\n<meta property=\"og:type\" content=\"article\" \/>\n<meta property=\"og:title\" content=\"Erstmalige Auff\u00fchrung der restaurierten Fassung von &quot;Die Schlangengrube und das Pendel&quot; im Filmmuseum M\u00fcnchen - UCM.ONE\" \/>\n<meta property=\"og:description\" content=\"Am 08.10.2019\u00a0um 21.00 Uhr zeigt das\u00a0Filmmuseum M\u00fcnchen in Kooperation mit\u00a0moviemax\u00a0die restaurierte\u00a0Fassung des Films &quot;Die Schlangengrube und das Pendel&quot;.\" \/>\n<meta property=\"og:url\" content=\"https:\/\/ucm.one\/de\/erstmalige-auffuehrung-der-restaurierten-fassung-von-die-schlangengrube-und-das-pendel-im-filmmuseum-muenchen\/\" \/>\n<meta property=\"og:site_name\" content=\"UCM.ONE\" \/>\n<meta property=\"article:published_time\" content=\"2019-09-29T00:01:11+00:00\" \/>\n<meta property=\"article:modified_time\" content=\"2019-11-17T19:55:26+00:00\" \/>\n<meta property=\"og:image\" content=\"https:\/\/ucm.one\/wp-content\/uploads\/2019\/09\/B-Schlangengrube-1909b.jpg\" \/>\n\t<meta property=\"og:image:width\" content=\"1920\" \/>\n\t<meta property=\"og:image:height\" content=\"600\" \/>\n\t<meta property=\"og:image:type\" content=\"image\/jpeg\" \/>\n<meta name=\"author\" content=\"Joachim Keil\" \/>\n<meta name=\"twitter:card\" content=\"summary_large_image\" \/>\n<meta name=\"twitter:label1\" content=\"Verfasst von\" \/>\n\t<meta name=\"twitter:data1\" content=\"Joachim Keil\" \/>\n\t<meta name=\"twitter:label2\" content=\"Gesch\u00e4tzte Lesezeit\" \/>\n\t<meta name=\"twitter:data2\" content=\"2\u00a0Minuten\" \/>\n<!-- \/ Yoast SEO plugin. -->","yoast_head_json":{"title":"Erstmalige Auff\u00fchrung der restaurierten Fassung von \"Die Schlangengrube und das Pendel\" im Filmmuseum M\u00fcnchen - UCM.ONE","description":"Am 08.10.2019\u00a0um 21.00 Uhr zeigt das\u00a0Filmmuseum M\u00fcnchen in Kooperation mit\u00a0moviemax\u00a0die restaurierte\u00a0Fassung des Films \"Die Schlangengrube und das Pendel\".","robots":{"index":"index","follow":"follow","max-snippet":"max-snippet:-1","max-image-preview":"max-image-preview:large","max-video-preview":"max-video-preview:-1"},"canonical":"https:\/\/ucm.one\/de\/erstmalige-auffuehrung-der-restaurierten-fassung-von-die-schlangengrube-und-das-pendel-im-filmmuseum-muenchen\/","og_locale":"de_DE","og_type":"article","og_title":"Erstmalige Auff\u00fchrung der restaurierten Fassung von \"Die Schlangengrube und das Pendel\" im Filmmuseum M\u00fcnchen - UCM.ONE","og_description":"Am 08.10.2019\u00a0um 21.00 Uhr zeigt das\u00a0Filmmuseum M\u00fcnchen in Kooperation mit\u00a0moviemax\u00a0die restaurierte\u00a0Fassung des Films \"Die Schlangengrube und das Pendel\".","og_url":"https:\/\/ucm.one\/de\/erstmalige-auffuehrung-der-restaurierten-fassung-von-die-schlangengrube-und-das-pendel-im-filmmuseum-muenchen\/","og_site_name":"UCM.ONE","article_published_time":"2019-09-29T00:01:11+00:00","article_modified_time":"2019-11-17T19:55:26+00:00","og_image":[{"width":1920,"height":600,"url":"https:\/\/ucm.one\/wp-content\/uploads\/2019\/09\/B-Schlangengrube-1909b.jpg","type":"image\/jpeg"}],"author":"Joachim Keil","twitter_card":"summary_large_image","twitter_misc":{"Verfasst von":"Joachim Keil","Gesch\u00e4tzte Lesezeit":"2\u00a0Minuten"},"schema":{"@context":"https:\/\/schema.org","@graph":[{"@type":"Article","@id":"https:\/\/ucm.one\/de\/erstmalige-auffuehrung-der-restaurierten-fassung-von-die-schlangengrube-und-das-pendel-im-filmmuseum-muenchen\/#article","isPartOf":{"@id":"https:\/\/ucm.one\/de\/erstmalige-auffuehrung-der-restaurierten-fassung-von-die-schlangengrube-und-das-pendel-im-filmmuseum-muenchen\/"},"author":{"name":"Joachim Keil","@id":"https:\/\/ucm.one\/de\/#\/schema\/person\/4b959e467e8acc058836467a0ef8fa50"},"headline":"Erstmalige Auff\u00fchrung der restaurierten Fassung von &#8222;Die Schlangengrube und das Pendel&#8220; im Filmmuseum M\u00fcnchen","datePublished":"2019-09-29T00:01:11+00:00","dateModified":"2019-11-17T19:55:26+00:00","mainEntityOfPage":{"@id":"https:\/\/ucm.one\/de\/erstmalige-auffuehrung-der-restaurierten-fassung-von-die-schlangengrube-und-das-pendel-im-filmmuseum-muenchen\/"},"wordCount":383,"publisher":{"@id":"https:\/\/ucm.one\/de\/#organization"},"image":{"@id":"https:\/\/ucm.one\/de\/erstmalige-auffuehrung-der-restaurierten-fassung-von-die-schlangengrube-und-das-pendel-im-filmmuseum-muenchen\/#primaryimage"},"thumbnailUrl":"https:\/\/ucm.one\/wp-content\/uploads\/2019\/09\/B-Schlangengrube-1909b.jpg","keywords":["Bavaria","Bavaria Filmstudios","Carl Lange","Christiane R\u00fccker","Christopher Lee","Die Schlangengrube und das Pendel","Dieter Eppler","Edgar Allan Poe","Filmklassiker","Filmmuseum M\u00fcnchen","Harald Reinl","Horror","Karin Dor","Lex Barker","M-Square Classics","M-Square Pictures","moviemax","Peter Thomas","The Torture Chamber of Dr. Sadism","Vladimir Medar"],"articleSection":["Film","Filmklassiker","M-Square Classics","M-Square Pictures","News"],"inLanguage":"de"},{"@type":"WebPage","@id":"https:\/\/ucm.one\/de\/erstmalige-auffuehrung-der-restaurierten-fassung-von-die-schlangengrube-und-das-pendel-im-filmmuseum-muenchen\/","url":"https:\/\/ucm.one\/de\/erstmalige-auffuehrung-der-restaurierten-fassung-von-die-schlangengrube-und-das-pendel-im-filmmuseum-muenchen\/","name":"Erstmalige Auff\u00fchrung der restaurierten Fassung von \"Die Schlangengrube und das Pendel\" im Filmmuseum M\u00fcnchen - UCM.ONE","isPartOf":{"@id":"https:\/\/ucm.one\/de\/#website"},"primaryImageOfPage":{"@id":"https:\/\/ucm.one\/de\/erstmalige-auffuehrung-der-restaurierten-fassung-von-die-schlangengrube-und-das-pendel-im-filmmuseum-muenchen\/#primaryimage"},"image":{"@id":"https:\/\/ucm.one\/de\/erstmalige-auffuehrung-der-restaurierten-fassung-von-die-schlangengrube-und-das-pendel-im-filmmuseum-muenchen\/#primaryimage"},"thumbnailUrl":"https:\/\/ucm.one\/wp-content\/uploads\/2019\/09\/B-Schlangengrube-1909b.jpg","datePublished":"2019-09-29T00:01:11+00:00","dateModified":"2019-11-17T19:55:26+00:00","description":"Am 08.10.2019\u00a0um 21.00 Uhr zeigt das\u00a0Filmmuseum M\u00fcnchen in Kooperation mit\u00a0moviemax\u00a0die restaurierte\u00a0Fassung des Films \"Die Schlangengrube und das Pendel\".","breadcrumb":{"@id":"https:\/\/ucm.one\/de\/erstmalige-auffuehrung-der-restaurierten-fassung-von-die-schlangengrube-und-das-pendel-im-filmmuseum-muenchen\/#breadcrumb"},"inLanguage":"de","potentialAction":[{"@type":"ReadAction","target":["https:\/\/ucm.one\/de\/erstmalige-auffuehrung-der-restaurierten-fassung-von-die-schlangengrube-und-das-pendel-im-filmmuseum-muenchen\/"]}]},{"@type":"ImageObject","inLanguage":"de","@id":"https:\/\/ucm.one\/de\/erstmalige-auffuehrung-der-restaurierten-fassung-von-die-schlangengrube-und-das-pendel-im-filmmuseum-muenchen\/#primaryimage","url":"https:\/\/ucm.one\/wp-content\/uploads\/2019\/09\/B-Schlangengrube-1909b.jpg","contentUrl":"https:\/\/ucm.one\/wp-content\/uploads\/2019\/09\/B-Schlangengrube-1909b.jpg","width":1920,"height":600},{"@type":"BreadcrumbList","@id":"https:\/\/ucm.one\/de\/erstmalige-auffuehrung-der-restaurierten-fassung-von-die-schlangengrube-und-das-pendel-im-filmmuseum-muenchen\/#breadcrumb","itemListElement":[{"@type":"ListItem","position":1,"name":"Home","item":"https:\/\/ucm.one\/de\/"},{"@type":"ListItem","position":2,"name":"Erstmalige Auff\u00fchrung der restaurierten Fassung von &#8220;Die Schlangengrube und das Pendel&#8221; im Filmmuseum M\u00fcnchen"}]},{"@type":"WebSite","@id":"https:\/\/ucm.one\/de\/#website","url":"https:\/\/ucm.one\/de\/","name":"UCM.ONE","description":"","publisher":{"@id":"https:\/\/ucm.one\/de\/#organization"},"potentialAction":[{"@type":"SearchAction","target":{"@type":"EntryPoint","urlTemplate":"https:\/\/ucm.one\/de\/?s={search_term_string}"},"query-input":{"@type":"PropertyValueSpecification","valueRequired":true,"valueName":"search_term_string"}}],"inLanguage":"de"},{"@type":"Organization","@id":"https:\/\/ucm.one\/de\/#organization","name":"UCM.ONE","url":"https:\/\/ucm.one\/de\/","logo":{"@type":"ImageObject","inLanguage":"de","@id":"https:\/\/ucm.one\/de\/#\/schema\/logo\/image\/","url":"https:\/\/ucm.one\/wp-content\/uploads\/2019\/10\/UCM.ONE-Logo-RGB.svg","contentUrl":"https:\/\/ucm.one\/wp-content\/uploads\/2019\/10\/UCM.ONE-Logo-RGB.svg","width":1,"height":1,"caption":"UCM.ONE"},"image":{"@id":"https:\/\/ucm.one\/de\/#\/schema\/logo\/image\/"}},{"@type":"Person","@id":"https:\/\/ucm.one\/de\/#\/schema\/person\/4b959e467e8acc058836467a0ef8fa50","name":"Joachim Keil","image":{"@type":"ImageObject","inLanguage":"de","@id":"https:\/\/secure.gravatar.com\/avatar\/10e1dfd05f2a7a7bc83cd44bae31e01c8ac15f974229211a2b1a49fa0a22fec0?s=96&d=mm&r=g","url":"https:\/\/secure.gravatar.com\/avatar\/10e1dfd05f2a7a7bc83cd44bae31e01c8ac15f974229211a2b1a49fa0a22fec0?s=96&d=mm&r=g","contentUrl":"https:\/\/secure.gravatar.com\/avatar\/10e1dfd05f2a7a7bc83cd44bae31e01c8ac15f974229211a2b1a49fa0a22fec0?s=96&d=mm&r=g","caption":"Joachim Keil"},"sameAs":["https:\/\/ucm.one"]}]}},"_links":{"self":[{"href":"https:\/\/ucm.one\/de\/wp-json\/wp\/v2\/posts\/34501","targetHints":{"allow":["GET"]}}],"collection":[{"href":"https:\/\/ucm.one\/de\/wp-json\/wp\/v2\/posts"}],"about":[{"href":"https:\/\/ucm.one\/de\/wp-json\/wp\/v2\/types\/post"}],"author":[{"embeddable":true,"href":"https:\/\/ucm.one\/de\/wp-json\/wp\/v2\/users\/2"}],"replies":[{"embeddable":true,"href":"https:\/\/ucm.one\/de\/wp-json\/wp\/v2\/comments?post=34501"}],"version-history":[{"count":0,"href":"https:\/\/ucm.one\/de\/wp-json\/wp\/v2\/posts\/34501\/revisions"}],"wp:featuredmedia":[{"embeddable":true,"href":"https:\/\/ucm.one\/de\/wp-json\/wp\/v2\/media\/34515"}],"wp:attachment":[{"href":"https:\/\/ucm.one\/de\/wp-json\/wp\/v2\/media?parent=34501"}],"wp:term":[{"taxonomy":"category","embeddable":true,"href":"https:\/\/ucm.one\/de\/wp-json\/wp\/v2\/categories?post=34501"},{"taxonomy":"post_tag","embeddable":true,"href":"https:\/\/ucm.one\/de\/wp-json\/wp\/v2\/tags?post=34501"}],"curies":[{"name":"wp","href":"https:\/\/api.w.org\/{rel}","templated":true}]}}