{"id":33020,"date":"2019-08-30T22:08:35","date_gmt":"2019-08-30T22:08:35","guid":{"rendered":"https:\/\/ucm.one\/?p=33020"},"modified":"2023-03-10T09:05:39","modified_gmt":"2023-03-10T09:05:39","slug":"die-komoedie-datsche-darling-berlin-startet-am-tag-der-deutschen-einheit-in-den-kinos","status":"publish","type":"post","link":"https:\/\/ucm.one\/de\/die-komoedie-datsche-darling-berlin-startet-am-tag-der-deutschen-einheit-in-den-kinos\/","title":{"rendered":"Die Kom\u00f6die \u201eDatsche\u201c (Darling Berlin) startet am Tag der deutschen Einheit in den Kinos"},"content":{"rendered":"<div class=\"wpb-content-wrapper\"><p>[vc_row][vc_column][vc_column_text]In dem Spielfilm &#8222;<strong>Datsche<\/strong>&#8220; von Regisseurin <strong>Lara Hewitt<\/strong> macht sich der New Yorker Valentin auf den Weg \u00fcber den Atlantik, um seinen deutschen Wurzeln nachzugehen. Die Datsche, die ihm sein verstorbener Gro\u00dfvater vermacht hat, befindet sich in einer verschlafenen Kleingartensiedlung im fr\u00fcheren Osten der Republik, in der N\u00e4he von Berlin. Nicht alle Nachbarn empfangen ihn mit offenen Armen, aber mit viel Neugier und einem \u201ctelefonbuchdicken\u201d Regelwerk &#8230;[\/vc_column_text][\/vc_column][\/vc_row][vc_row][vc_column width=&#8220;1\/2&#8243;][vc_single_image image=&#8220;32469&#8243; img_size=&#8220;full&#8220;][\/vc_column][vc_column width=&#8220;1\/2&#8243;][vc_single_image image=&#8220;32436&#8243; img_size=&#8220;full&#8220;][\/vc_column][\/vc_row][vc_row][vc_column][vc_column_text]\u201e<strong>Datsche<\/strong>\u201c\u00a0ist ein komischer und bewegender Film \u00fcber die \u00dcberwindung von Vorurteilen und sich bahnbrechender Menschlichkeit. Zum Tag der deutschen Einheit ein starkes Statement auf dem Filmlabel <strong>Darling Berlin<\/strong> &#8211; ab dem 3. Oktober 2019 bundesweit im Kino.[\/vc_column_text][\/vc_column][\/vc_row][vc_row][vc_column][vc_video link=&#8220;https:\/\/youtu.be\/mN-RpkDec_A&#8220;][\/vc_column][\/vc_row][vc_row][vc_column][vc_column_text]Weitere Informationen zum Film: <a title=\"\" href=\"https:\/\/ucm.one\/de\/datsche\/\">Datsche<\/a>[\/vc_column_text][\/vc_column][\/vc_row]<\/p>\n<\/div>","protected":false},"excerpt":{"rendered":"<p>[vc_row][vc_column][vc_column_text]In dem Spielfilm &#8222;Datsche&#8220; von Regisseurin Lara Hewitt macht sich der New Yorker Valentin auf den Weg \u00fcber den Atlantik, um seinen deutschen Wurzeln nachzugehen. Die Datsche, die ihm sein verstorbener Gro\u00dfvater vermacht hat, befindet sich in einer verschlafenen Kleingartensiedlung im fr\u00fcheren Osten der Republik, in der N\u00e4he von Berlin. Nicht alle Nachbarn empfangen ihn&hellip;<\/p>\n","protected":false},"author":2,"featured_media":32367,"comment_status":"closed","ping_status":"closed","sticky":false,"template":"","format":"standard","meta":{"_acf_changed":false,"footnotes":""},"categories":[830,8,10,13,752],"tags":[6220,6216,2266,6222,3350,6221,6215,6219,6212,6226,6214,6213,6228,6218,6251,6229,6471,6217,6211],"class_list":["post-33020","post","type-post","status-publish","format-standard","has-post-thumbnail","hentry","category-darling-berlin","category-film","category-kino","category-news","category-verleih","tag-brigitte-schulzek","tag-christian-harting","tag-darling-berlin","tag-datsche","tag-grossbritannien","tag-guenter-schulzek","tag-juan-carlos-lo-sasso","tag-karl-heinz-schulze","tag-kunle-kuforiji","tag-lara-hewitt","tag-luis-lueps","tag-marie-celine-yildirim","tag-parkwood-theatre-and-films","tag-peter-mettke","tag-potsdam","tag-rosemilk-productions","tag-tag-der-deutschen-einheit","tag-tilo-bettmann","tag-zack-segel","category-830","category-8","category-10","category-13","category-752","description-off"],"acf":[],"yoast_head":"<!-- This site is optimized with the Yoast SEO plugin v27.5 - https:\/\/yoast.com\/product\/yoast-seo-wordpress\/ -->\n<title>Die Kom\u00f6die \u201eDatsche\u201c (Darling Berlin) startet am Tag der deutschen Einheit in den Kinos - UCM.ONE<\/title>\n<meta name=\"description\" content=\"Zum Tag der deutschen Einheit ein starkes Statement auf dem Filmlabel Darling Berlin. &quot;Datsche&quot; ab dem 3. Oktober 2019 bundesweit im Kino.\" \/>\n<meta name=\"robots\" content=\"index, follow, max-snippet:-1, max-image-preview:large, max-video-preview:-1\" \/>\n<link rel=\"canonical\" href=\"https:\/\/ucm.one\/de\/die-komoedie-datsche-darling-berlin-startet-am-tag-der-deutschen-einheit-in-den-kinos\/\" \/>\n<meta property=\"og:locale\" content=\"de_DE\" \/>\n<meta property=\"og:type\" content=\"article\" \/>\n<meta property=\"og:title\" content=\"Die Kom\u00f6die \u201eDatsche\u201c (Darling Berlin) startet am Tag der deutschen Einheit in den Kinos - UCM.ONE\" \/>\n<meta property=\"og:description\" content=\"Zum Tag der deutschen Einheit ein starkes Statement auf dem Filmlabel Darling Berlin. &quot;Datsche&quot; ab dem 3. Oktober 2019 bundesweit im Kino.\" \/>\n<meta property=\"og:url\" content=\"https:\/\/ucm.one\/de\/die-komoedie-datsche-darling-berlin-startet-am-tag-der-deutschen-einheit-in-den-kinos\/\" \/>\n<meta property=\"og:site_name\" content=\"UCM.ONE\" \/>\n<meta property=\"article:published_time\" content=\"2019-08-30T22:08:35+00:00\" \/>\n<meta property=\"article:modified_time\" content=\"2023-03-10T09:05:39+00:00\" \/>\n<meta property=\"og:image\" content=\"https:\/\/ucm.one\/wp-content\/uploads\/2019\/08\/Datsche-1908-042.jpg\" \/>\n\t<meta property=\"og:image:width\" content=\"1920\" \/>\n\t<meta property=\"og:image:height\" content=\"600\" \/>\n\t<meta property=\"og:image:type\" content=\"image\/jpeg\" \/>\n<meta name=\"author\" content=\"Joachim Keil\" \/>\n<meta name=\"twitter:card\" content=\"summary_large_image\" \/>\n<meta name=\"twitter:label1\" content=\"Verfasst von\" \/>\n\t<meta name=\"twitter:data1\" content=\"Joachim Keil\" \/>\n\t<meta name=\"twitter:label2\" content=\"Gesch\u00e4tzte Lesezeit\" \/>\n\t<meta name=\"twitter:data2\" content=\"1\u00a0Minute\" \/>\n<!-- \/ Yoast SEO plugin. -->","yoast_head_json":{"title":"Die Kom\u00f6die \u201eDatsche\u201c (Darling Berlin) startet am Tag der deutschen Einheit in den Kinos - UCM.ONE","description":"Zum Tag der deutschen Einheit ein starkes Statement auf dem Filmlabel Darling Berlin. \"Datsche\" ab dem 3. Oktober 2019 bundesweit im Kino.","robots":{"index":"index","follow":"follow","max-snippet":"max-snippet:-1","max-image-preview":"max-image-preview:large","max-video-preview":"max-video-preview:-1"},"canonical":"https:\/\/ucm.one\/de\/die-komoedie-datsche-darling-berlin-startet-am-tag-der-deutschen-einheit-in-den-kinos\/","og_locale":"de_DE","og_type":"article","og_title":"Die Kom\u00f6die \u201eDatsche\u201c (Darling Berlin) startet am Tag der deutschen Einheit in den Kinos - UCM.ONE","og_description":"Zum Tag der deutschen Einheit ein starkes Statement auf dem Filmlabel Darling Berlin. \"Datsche\" ab dem 3. Oktober 2019 bundesweit im Kino.","og_url":"https:\/\/ucm.one\/de\/die-komoedie-datsche-darling-berlin-startet-am-tag-der-deutschen-einheit-in-den-kinos\/","og_site_name":"UCM.ONE","article_published_time":"2019-08-30T22:08:35+00:00","article_modified_time":"2023-03-10T09:05:39+00:00","og_image":[{"width":1920,"height":600,"url":"https:\/\/ucm.one\/wp-content\/uploads\/2019\/08\/Datsche-1908-042.jpg","type":"image\/jpeg"}],"author":"Joachim Keil","twitter_card":"summary_large_image","twitter_misc":{"Verfasst von":"Joachim Keil","Gesch\u00e4tzte Lesezeit":"1\u00a0Minute"},"schema":{"@context":"https:\/\/schema.org","@graph":[{"@type":"Article","@id":"https:\/\/ucm.one\/de\/die-komoedie-datsche-darling-berlin-startet-am-tag-der-deutschen-einheit-in-den-kinos\/#article","isPartOf":{"@id":"https:\/\/ucm.one\/de\/die-komoedie-datsche-darling-berlin-startet-am-tag-der-deutschen-einheit-in-den-kinos\/"},"author":{"name":"Joachim Keil","@id":"https:\/\/ucm.one\/de\/#\/schema\/person\/4b959e467e8acc058836467a0ef8fa50"},"headline":"Die Kom\u00f6die \u201eDatsche\u201c (Darling Berlin) startet am Tag der deutschen Einheit in den Kinos","datePublished":"2019-08-30T22:08:35+00:00","dateModified":"2023-03-10T09:05:39+00:00","mainEntityOfPage":{"@id":"https:\/\/ucm.one\/de\/die-komoedie-datsche-darling-berlin-startet-am-tag-der-deutschen-einheit-in-den-kinos\/"},"wordCount":211,"publisher":{"@id":"https:\/\/ucm.one\/de\/#organization"},"image":{"@id":"https:\/\/ucm.one\/de\/die-komoedie-datsche-darling-berlin-startet-am-tag-der-deutschen-einheit-in-den-kinos\/#primaryimage"},"thumbnailUrl":"https:\/\/ucm.one\/wp-content\/uploads\/2019\/08\/Datsche-1908-042.jpg","keywords":["Brigitte Schulzek","Christian Harting","Darling Berlin","Datsche","Gro\u00dfbritannien","G\u00fcnter Schulzek","Juan Carlos Lo Sasso","Karl-Heinz Schulze","Kunle Kuforiji","Lara Hewitt","Luis L\u00fcps","Marie C\u00e9line Yildirim","Parkwood Theatre and Films","Peter Mettke","Potsdam","Rosemilk Productions","Tag der deutschen Einheit","Tilo Bettmann","Zack Segel"],"articleSection":["Darling Berlin","Film","Kino","News","Verleih"],"inLanguage":"de"},{"@type":"WebPage","@id":"https:\/\/ucm.one\/de\/die-komoedie-datsche-darling-berlin-startet-am-tag-der-deutschen-einheit-in-den-kinos\/","url":"https:\/\/ucm.one\/de\/die-komoedie-datsche-darling-berlin-startet-am-tag-der-deutschen-einheit-in-den-kinos\/","name":"Die Kom\u00f6die \u201eDatsche\u201c (Darling Berlin) startet am Tag der deutschen Einheit in den Kinos - UCM.ONE","isPartOf":{"@id":"https:\/\/ucm.one\/de\/#website"},"primaryImageOfPage":{"@id":"https:\/\/ucm.one\/de\/die-komoedie-datsche-darling-berlin-startet-am-tag-der-deutschen-einheit-in-den-kinos\/#primaryimage"},"image":{"@id":"https:\/\/ucm.one\/de\/die-komoedie-datsche-darling-berlin-startet-am-tag-der-deutschen-einheit-in-den-kinos\/#primaryimage"},"thumbnailUrl":"https:\/\/ucm.one\/wp-content\/uploads\/2019\/08\/Datsche-1908-042.jpg","datePublished":"2019-08-30T22:08:35+00:00","dateModified":"2023-03-10T09:05:39+00:00","description":"Zum Tag der deutschen Einheit ein starkes Statement auf dem Filmlabel Darling Berlin. \"Datsche\" ab dem 3. Oktober 2019 bundesweit im Kino.","breadcrumb":{"@id":"https:\/\/ucm.one\/de\/die-komoedie-datsche-darling-berlin-startet-am-tag-der-deutschen-einheit-in-den-kinos\/#breadcrumb"},"inLanguage":"de","potentialAction":[{"@type":"ReadAction","target":["https:\/\/ucm.one\/de\/die-komoedie-datsche-darling-berlin-startet-am-tag-der-deutschen-einheit-in-den-kinos\/"]}]},{"@type":"ImageObject","inLanguage":"de","@id":"https:\/\/ucm.one\/de\/die-komoedie-datsche-darling-berlin-startet-am-tag-der-deutschen-einheit-in-den-kinos\/#primaryimage","url":"https:\/\/ucm.one\/wp-content\/uploads\/2019\/08\/Datsche-1908-042.jpg","contentUrl":"https:\/\/ucm.one\/wp-content\/uploads\/2019\/08\/Datsche-1908-042.jpg","width":1920,"height":600},{"@type":"BreadcrumbList","@id":"https:\/\/ucm.one\/de\/die-komoedie-datsche-darling-berlin-startet-am-tag-der-deutschen-einheit-in-den-kinos\/#breadcrumb","itemListElement":[{"@type":"ListItem","position":1,"name":"Home","item":"https:\/\/ucm.one\/de\/"},{"@type":"ListItem","position":2,"name":"Die Kom\u00f6die \u201eDatsche\u201c (Darling Berlin) startet am Tag der deutschen Einheit in den Kinos"}]},{"@type":"WebSite","@id":"https:\/\/ucm.one\/de\/#website","url":"https:\/\/ucm.one\/de\/","name":"UCM.ONE","description":"","publisher":{"@id":"https:\/\/ucm.one\/de\/#organization"},"potentialAction":[{"@type":"SearchAction","target":{"@type":"EntryPoint","urlTemplate":"https:\/\/ucm.one\/de\/?s={search_term_string}"},"query-input":{"@type":"PropertyValueSpecification","valueRequired":true,"valueName":"search_term_string"}}],"inLanguage":"de"},{"@type":"Organization","@id":"https:\/\/ucm.one\/de\/#organization","name":"UCM.ONE","url":"https:\/\/ucm.one\/de\/","logo":{"@type":"ImageObject","inLanguage":"de","@id":"https:\/\/ucm.one\/de\/#\/schema\/logo\/image\/","url":"https:\/\/ucm.one\/wp-content\/uploads\/2019\/10\/UCM.ONE-Logo-RGB.svg","contentUrl":"https:\/\/ucm.one\/wp-content\/uploads\/2019\/10\/UCM.ONE-Logo-RGB.svg","width":1,"height":1,"caption":"UCM.ONE"},"image":{"@id":"https:\/\/ucm.one\/de\/#\/schema\/logo\/image\/"}},{"@type":"Person","@id":"https:\/\/ucm.one\/de\/#\/schema\/person\/4b959e467e8acc058836467a0ef8fa50","name":"Joachim Keil","image":{"@type":"ImageObject","inLanguage":"de","@id":"https:\/\/secure.gravatar.com\/avatar\/10e1dfd05f2a7a7bc83cd44bae31e01c8ac15f974229211a2b1a49fa0a22fec0?s=96&d=mm&r=g","url":"https:\/\/secure.gravatar.com\/avatar\/10e1dfd05f2a7a7bc83cd44bae31e01c8ac15f974229211a2b1a49fa0a22fec0?s=96&d=mm&r=g","contentUrl":"https:\/\/secure.gravatar.com\/avatar\/10e1dfd05f2a7a7bc83cd44bae31e01c8ac15f974229211a2b1a49fa0a22fec0?s=96&d=mm&r=g","caption":"Joachim Keil"},"sameAs":["https:\/\/ucm.one"]}]}},"_links":{"self":[{"href":"https:\/\/ucm.one\/de\/wp-json\/wp\/v2\/posts\/33020","targetHints":{"allow":["GET"]}}],"collection":[{"href":"https:\/\/ucm.one\/de\/wp-json\/wp\/v2\/posts"}],"about":[{"href":"https:\/\/ucm.one\/de\/wp-json\/wp\/v2\/types\/post"}],"author":[{"embeddable":true,"href":"https:\/\/ucm.one\/de\/wp-json\/wp\/v2\/users\/2"}],"replies":[{"embeddable":true,"href":"https:\/\/ucm.one\/de\/wp-json\/wp\/v2\/comments?post=33020"}],"version-history":[{"count":0,"href":"https:\/\/ucm.one\/de\/wp-json\/wp\/v2\/posts\/33020\/revisions"}],"wp:featuredmedia":[{"embeddable":true,"href":"https:\/\/ucm.one\/de\/wp-json\/wp\/v2\/media\/32367"}],"wp:attachment":[{"href":"https:\/\/ucm.one\/de\/wp-json\/wp\/v2\/media?parent=33020"}],"wp:term":[{"taxonomy":"category","embeddable":true,"href":"https:\/\/ucm.one\/de\/wp-json\/wp\/v2\/categories?post=33020"},{"taxonomy":"post_tag","embeddable":true,"href":"https:\/\/ucm.one\/de\/wp-json\/wp\/v2\/tags?post=33020"}],"curies":[{"name":"wp","href":"https:\/\/api.w.org\/{rel}","templated":true}]}}