{"id":30933,"date":"2019-06-07T15:37:13","date_gmt":"2019-06-07T15:37:13","guid":{"rendered":"https:\/\/ucm.one\/?p=30933"},"modified":"2019-06-07T15:38:35","modified_gmt":"2019-06-07T15:38:35","slug":"koenigin-von-niendorf-darling-berlin-beim-grossen-kinderkino-in-muenchen","status":"publish","type":"post","link":"https:\/\/ucm.one\/de\/koenigin-von-niendorf-darling-berlin-beim-grossen-kinderkino-in-muenchen\/","title":{"rendered":"\u201eK\u00f6nigin von Niendorf\u201c (Darling Berlin) beim \u201eGro\u00dfen Kinderkino\u201c in M\u00fcnchen"},"content":{"rendered":"<div class=\"wpb-content-wrapper\"><p>[vc_row][vc_column][vc_column_text]Der Film \u201e<strong>K\u00f6nigin von Niendorf<\/strong>\u201c (<strong>Darling Berlin<\/strong>) von <strong>Joya Thome<\/strong> wird diesen Freitag (07.06.2019) beim \u201e<strong>Gro\u00dfen Kinderkino<\/strong>\u201c im M\u00fcnchner Gassteig pr\u00e4sentiert. Die Vorstellung startet um 15 Uhr im Carl-Amery-Saal.\u00a0Ein Team des Kinderkino M\u00fcnchen e.V., bestehend aus Sozial- und Medienp\u00e4dagogen sowie Filmjournalisten, w\u00e4hlt nach Qualit\u00e4tskriterien die Filme f\u00fcr die Reihe \u201e gro\u00dfes Kinderkino\u201c aus.[\/vc_column_text][\/vc_column][\/vc_row][vc_row][vc_column][vc_column_text]\u201e<strong>K\u00f6nigin von Niendorf<\/strong>\u201c wurde unter anderen Anfang des Jahres von den deutschen Filmkritern zum \u201e<strong>Kinderfilm des Jahres 2018<\/strong>\u201c gew\u00e4hlt und stach dabei Blockbuster wie \u201cJim Knopf\u201c und \u201eDie kleine Hexe\u201c aus.[\/vc_column_text][\/vc_column][\/vc_row][vc_row][vc_column][vc_video link=&#8220;https:\/\/www.youtube.com\/watch?v=6uVYUJuB-xc&#8220;][\/vc_column][\/vc_row]<\/p>\n<\/div>","protected":false},"excerpt":{"rendered":"<p>[vc_row][vc_column][vc_column_text]Der Film \u201eK\u00f6nigin von Niendorf\u201c (Darling Berlin) von Joya Thome wird diesen Freitag (07.06.2019) beim \u201eGro\u00dfen Kinderkino\u201c im M\u00fcnchner Gassteig pr\u00e4sentiert. Die Vorstellung startet um 15 Uhr im Carl-Amery-Saal.\u00a0Ein Team des Kinderkino M\u00fcnchen e.V., bestehend aus Sozial- und Medienp\u00e4dagogen sowie Filmjournalisten, w\u00e4hlt nach Qualit\u00e4tskriterien die Filme f\u00fcr die Reihe \u201e gro\u00dfes Kinderkino\u201c aus.[\/vc_column_text][\/vc_column][\/vc_row][vc_row][vc_column][vc_column_text]\u201eK\u00f6nigin von Niendorf\u201c&hellip;<\/p>\n","protected":false},"author":2,"featured_media":30934,"comment_status":"closed","ping_status":"closed","sticky":false,"template":"","format":"standard","meta":{"_acf_changed":false,"footnotes":""},"categories":[830,8,5590,13],"tags":[2276,2364,2277,2365,2278,6097,2280,2281,2282,6096,2283,2284,2285,2286,2287,2288,2289,2290,2291,2293,2294,2295,2296,2297],"class_list":["post-30933","post","type-post","status-publish","format-standard","has-post-thumbnail","hentry","category-darling-berlin","category-film","category-firma","category-news","tag-ceci-chuh","tag-cornelius-schwalm","tag-denny-sonnenschein","tag-die-kleine-hexe","tag-elias-sebastin","tag-felix-von-boehm","tag-frederik-schindler","tag-ivo-t-michligk","tag-jamila-saab","tag-jim-knopf","tag-johanna-lanzky","tag-joya-thome","tag-koenigin-von-niendorf","tag-lisa-moell","tag-marion-alessandra-becker","tag-mex-schluepfer","tag-miriam-schmidt","tag-moritz-riek","tag-philipp-wunderlich","tag-salim-fazzani","tag-sophie-kluge","tag-til-schindler","tag-tino-mewes","tag-vivian-janz","category-830","category-8","category-5590","category-13","description-off"],"acf":[],"yoast_head":"<!-- This site is optimized with the Yoast SEO plugin v27.5 - https:\/\/yoast.com\/product\/yoast-seo-wordpress\/ -->\n<title>\u201eK\u00f6nigin von Niendorf\u201c (Darling Berlin) beim \u201eGro\u00dfen Kinderkino\u201c in M\u00fcnchen - UCM.ONE<\/title>\n<meta name=\"description\" content=\"Der Film \u201eK\u00f6nigin von Niendorf\u201c (Darling Berlin) von Joya Thome wird diesen Freitag beim \u201eGro\u00dfen Kinderkino\u201c im M\u00fcnchner Gassteig pr\u00e4sentiert.\" \/>\n<meta name=\"robots\" content=\"index, follow, max-snippet:-1, max-image-preview:large, max-video-preview:-1\" \/>\n<link rel=\"canonical\" href=\"https:\/\/ucm.one\/de\/koenigin-von-niendorf-darling-berlin-beim-grossen-kinderkino-in-muenchen\/\" \/>\n<meta property=\"og:locale\" content=\"de_DE\" \/>\n<meta property=\"og:type\" content=\"article\" \/>\n<meta property=\"og:title\" content=\"\u201eK\u00f6nigin von Niendorf\u201c (Darling Berlin) beim \u201eGro\u00dfen Kinderkino\u201c in M\u00fcnchen - UCM.ONE\" \/>\n<meta property=\"og:description\" content=\"Der Film \u201eK\u00f6nigin von Niendorf\u201c (Darling Berlin) von Joya Thome wird diesen Freitag beim \u201eGro\u00dfen Kinderkino\u201c im M\u00fcnchner Gassteig pr\u00e4sentiert.\" \/>\n<meta property=\"og:url\" content=\"https:\/\/ucm.one\/de\/koenigin-von-niendorf-darling-berlin-beim-grossen-kinderkino-in-muenchen\/\" \/>\n<meta property=\"og:site_name\" content=\"UCM.ONE\" \/>\n<meta property=\"article:published_time\" content=\"2019-06-07T15:37:13+00:00\" \/>\n<meta property=\"article:modified_time\" content=\"2019-06-07T15:38:35+00:00\" \/>\n<meta property=\"og:image\" content=\"https:\/\/ucm.one\/wp-content\/uploads\/2019\/06\/Die-Koenigin-Banner.jpg\" \/>\n\t<meta property=\"og:image:width\" content=\"1920\" \/>\n\t<meta property=\"og:image:height\" content=\"600\" \/>\n\t<meta property=\"og:image:type\" content=\"image\/jpeg\" \/>\n<meta name=\"author\" content=\"Joachim Keil\" \/>\n<meta name=\"twitter:card\" content=\"summary_large_image\" \/>\n<meta name=\"twitter:label1\" content=\"Verfasst von\" \/>\n\t<meta name=\"twitter:data1\" content=\"Joachim Keil\" \/>\n\t<meta name=\"twitter:label2\" content=\"Gesch\u00e4tzte Lesezeit\" \/>\n\t<meta name=\"twitter:data2\" content=\"1\u00a0Minute\" \/>\n<!-- \/ Yoast SEO plugin. -->","yoast_head_json":{"title":"\u201eK\u00f6nigin von Niendorf\u201c (Darling Berlin) beim \u201eGro\u00dfen Kinderkino\u201c in M\u00fcnchen - UCM.ONE","description":"Der Film \u201eK\u00f6nigin von Niendorf\u201c (Darling Berlin) von Joya Thome wird diesen Freitag beim \u201eGro\u00dfen Kinderkino\u201c im M\u00fcnchner Gassteig pr\u00e4sentiert.","robots":{"index":"index","follow":"follow","max-snippet":"max-snippet:-1","max-image-preview":"max-image-preview:large","max-video-preview":"max-video-preview:-1"},"canonical":"https:\/\/ucm.one\/de\/koenigin-von-niendorf-darling-berlin-beim-grossen-kinderkino-in-muenchen\/","og_locale":"de_DE","og_type":"article","og_title":"\u201eK\u00f6nigin von Niendorf\u201c (Darling Berlin) beim \u201eGro\u00dfen Kinderkino\u201c in M\u00fcnchen - UCM.ONE","og_description":"Der Film \u201eK\u00f6nigin von Niendorf\u201c (Darling Berlin) von Joya Thome wird diesen Freitag beim \u201eGro\u00dfen Kinderkino\u201c im M\u00fcnchner Gassteig pr\u00e4sentiert.","og_url":"https:\/\/ucm.one\/de\/koenigin-von-niendorf-darling-berlin-beim-grossen-kinderkino-in-muenchen\/","og_site_name":"UCM.ONE","article_published_time":"2019-06-07T15:37:13+00:00","article_modified_time":"2019-06-07T15:38:35+00:00","og_image":[{"width":1920,"height":600,"url":"https:\/\/ucm.one\/wp-content\/uploads\/2019\/06\/Die-Koenigin-Banner.jpg","type":"image\/jpeg"}],"author":"Joachim Keil","twitter_card":"summary_large_image","twitter_misc":{"Verfasst von":"Joachim Keil","Gesch\u00e4tzte Lesezeit":"1\u00a0Minute"},"schema":{"@context":"https:\/\/schema.org","@graph":[{"@type":"Article","@id":"https:\/\/ucm.one\/de\/koenigin-von-niendorf-darling-berlin-beim-grossen-kinderkino-in-muenchen\/#article","isPartOf":{"@id":"https:\/\/ucm.one\/de\/koenigin-von-niendorf-darling-berlin-beim-grossen-kinderkino-in-muenchen\/"},"author":{"name":"Joachim Keil","@id":"https:\/\/ucm.one\/de\/#\/schema\/person\/4b959e467e8acc058836467a0ef8fa50"},"headline":"\u201eK\u00f6nigin von Niendorf\u201c (Darling Berlin) beim \u201eGro\u00dfen Kinderkino\u201c in M\u00fcnchen","datePublished":"2019-06-07T15:37:13+00:00","dateModified":"2019-06-07T15:38:35+00:00","mainEntityOfPage":{"@id":"https:\/\/ucm.one\/de\/koenigin-von-niendorf-darling-berlin-beim-grossen-kinderkino-in-muenchen\/"},"wordCount":153,"publisher":{"@id":"https:\/\/ucm.one\/de\/#organization"},"image":{"@id":"https:\/\/ucm.one\/de\/koenigin-von-niendorf-darling-berlin-beim-grossen-kinderkino-in-muenchen\/#primaryimage"},"thumbnailUrl":"https:\/\/ucm.one\/wp-content\/uploads\/2019\/06\/Die-Koenigin-Banner.jpg","keywords":["Ceci Chuh","Cornelius Schwalm","Denny Sonnenschein","Die kleine Hexe","Elias Sebastin","Felix von Boehm","Frederik Schindler","Ivo T. Michligk","Jamila Saab","Jim Knopf","Johanna Lanzky","Joya Thome","K\u00f6nigin von Niendorf","Lisa Moell","Marion Alessandra Becker","Mex Schl\u00fcpfer","Miriam Schmidt","Moritz Riek","Philipp Wunderlich","Salim Fazzani","Sophie Kluge","Til Schindler","Tino Mewes","Vivian Janz"],"articleSection":["Darling Berlin","Film","Firma","News"],"inLanguage":"de"},{"@type":"WebPage","@id":"https:\/\/ucm.one\/de\/koenigin-von-niendorf-darling-berlin-beim-grossen-kinderkino-in-muenchen\/","url":"https:\/\/ucm.one\/de\/koenigin-von-niendorf-darling-berlin-beim-grossen-kinderkino-in-muenchen\/","name":"\u201eK\u00f6nigin von Niendorf\u201c (Darling Berlin) beim \u201eGro\u00dfen Kinderkino\u201c in M\u00fcnchen - UCM.ONE","isPartOf":{"@id":"https:\/\/ucm.one\/de\/#website"},"primaryImageOfPage":{"@id":"https:\/\/ucm.one\/de\/koenigin-von-niendorf-darling-berlin-beim-grossen-kinderkino-in-muenchen\/#primaryimage"},"image":{"@id":"https:\/\/ucm.one\/de\/koenigin-von-niendorf-darling-berlin-beim-grossen-kinderkino-in-muenchen\/#primaryimage"},"thumbnailUrl":"https:\/\/ucm.one\/wp-content\/uploads\/2019\/06\/Die-Koenigin-Banner.jpg","datePublished":"2019-06-07T15:37:13+00:00","dateModified":"2019-06-07T15:38:35+00:00","description":"Der Film \u201eK\u00f6nigin von Niendorf\u201c (Darling Berlin) von Joya Thome wird diesen Freitag beim \u201eGro\u00dfen Kinderkino\u201c im M\u00fcnchner Gassteig pr\u00e4sentiert.","breadcrumb":{"@id":"https:\/\/ucm.one\/de\/koenigin-von-niendorf-darling-berlin-beim-grossen-kinderkino-in-muenchen\/#breadcrumb"},"inLanguage":"de","potentialAction":[{"@type":"ReadAction","target":["https:\/\/ucm.one\/de\/koenigin-von-niendorf-darling-berlin-beim-grossen-kinderkino-in-muenchen\/"]}]},{"@type":"ImageObject","inLanguage":"de","@id":"https:\/\/ucm.one\/de\/koenigin-von-niendorf-darling-berlin-beim-grossen-kinderkino-in-muenchen\/#primaryimage","url":"https:\/\/ucm.one\/wp-content\/uploads\/2019\/06\/Die-Koenigin-Banner.jpg","contentUrl":"https:\/\/ucm.one\/wp-content\/uploads\/2019\/06\/Die-Koenigin-Banner.jpg","width":1920,"height":600},{"@type":"BreadcrumbList","@id":"https:\/\/ucm.one\/de\/koenigin-von-niendorf-darling-berlin-beim-grossen-kinderkino-in-muenchen\/#breadcrumb","itemListElement":[{"@type":"ListItem","position":1,"name":"Home","item":"https:\/\/ucm.one\/de\/"},{"@type":"ListItem","position":2,"name":"\u201eK\u00f6nigin von Niendorf\u201c (Darling Berlin) beim \u201eGro\u00dfen Kinderkino\u201c in M\u00fcnchen"}]},{"@type":"WebSite","@id":"https:\/\/ucm.one\/de\/#website","url":"https:\/\/ucm.one\/de\/","name":"UCM.ONE","description":"","publisher":{"@id":"https:\/\/ucm.one\/de\/#organization"},"potentialAction":[{"@type":"SearchAction","target":{"@type":"EntryPoint","urlTemplate":"https:\/\/ucm.one\/de\/?s={search_term_string}"},"query-input":{"@type":"PropertyValueSpecification","valueRequired":true,"valueName":"search_term_string"}}],"inLanguage":"de"},{"@type":"Organization","@id":"https:\/\/ucm.one\/de\/#organization","name":"UCM.ONE","url":"https:\/\/ucm.one\/de\/","logo":{"@type":"ImageObject","inLanguage":"de","@id":"https:\/\/ucm.one\/de\/#\/schema\/logo\/image\/","url":"https:\/\/ucm.one\/wp-content\/uploads\/2019\/10\/UCM.ONE-Logo-RGB.svg","contentUrl":"https:\/\/ucm.one\/wp-content\/uploads\/2019\/10\/UCM.ONE-Logo-RGB.svg","width":1,"height":1,"caption":"UCM.ONE"},"image":{"@id":"https:\/\/ucm.one\/de\/#\/schema\/logo\/image\/"}},{"@type":"Person","@id":"https:\/\/ucm.one\/de\/#\/schema\/person\/4b959e467e8acc058836467a0ef8fa50","name":"Joachim Keil","image":{"@type":"ImageObject","inLanguage":"de","@id":"https:\/\/secure.gravatar.com\/avatar\/10e1dfd05f2a7a7bc83cd44bae31e01c8ac15f974229211a2b1a49fa0a22fec0?s=96&d=mm&r=g","url":"https:\/\/secure.gravatar.com\/avatar\/10e1dfd05f2a7a7bc83cd44bae31e01c8ac15f974229211a2b1a49fa0a22fec0?s=96&d=mm&r=g","contentUrl":"https:\/\/secure.gravatar.com\/avatar\/10e1dfd05f2a7a7bc83cd44bae31e01c8ac15f974229211a2b1a49fa0a22fec0?s=96&d=mm&r=g","caption":"Joachim Keil"},"sameAs":["https:\/\/ucm.one"]}]}},"_links":{"self":[{"href":"https:\/\/ucm.one\/de\/wp-json\/wp\/v2\/posts\/30933","targetHints":{"allow":["GET"]}}],"collection":[{"href":"https:\/\/ucm.one\/de\/wp-json\/wp\/v2\/posts"}],"about":[{"href":"https:\/\/ucm.one\/de\/wp-json\/wp\/v2\/types\/post"}],"author":[{"embeddable":true,"href":"https:\/\/ucm.one\/de\/wp-json\/wp\/v2\/users\/2"}],"replies":[{"embeddable":true,"href":"https:\/\/ucm.one\/de\/wp-json\/wp\/v2\/comments?post=30933"}],"version-history":[{"count":0,"href":"https:\/\/ucm.one\/de\/wp-json\/wp\/v2\/posts\/30933\/revisions"}],"wp:featuredmedia":[{"embeddable":true,"href":"https:\/\/ucm.one\/de\/wp-json\/wp\/v2\/media\/30934"}],"wp:attachment":[{"href":"https:\/\/ucm.one\/de\/wp-json\/wp\/v2\/media?parent=30933"}],"wp:term":[{"taxonomy":"category","embeddable":true,"href":"https:\/\/ucm.one\/de\/wp-json\/wp\/v2\/categories?post=30933"},{"taxonomy":"post_tag","embeddable":true,"href":"https:\/\/ucm.one\/de\/wp-json\/wp\/v2\/tags?post=30933"}],"curies":[{"name":"wp","href":"https:\/\/api.w.org\/{rel}","templated":true}]}}