{"id":30650,"date":"2019-05-07T18:43:17","date_gmt":"2019-05-07T18:43:17","guid":{"rendered":"https:\/\/ucm.one\/?p=30650"},"modified":"2019-06-01T14:26:34","modified_gmt":"2019-06-01T14:26:34","slug":"kim-hat-einen-penis-darling-berlin-beim-16-neisse-filmfestival","status":"publish","type":"post","link":"https:\/\/ucm.one\/de\/kim-hat-einen-penis-darling-berlin-beim-16-neisse-filmfestival\/","title":{"rendered":"Kim hat einen Penis&#8220; (Darling Berlin) beim 16. Neisse Filmfestival"},"content":{"rendered":"<div class=\"wpb-content-wrapper\"><p>[vc_row][vc_column][vc_column_text]<\/p>\n<div class=\"\"><span class=\"\">Gut einen Monat vor Kinostart (13.6.2019) hat der neue Film von <strong>Philipp Eichholtz<\/strong> &#8222;<strong>Kim hat einen Penis<\/strong>&#8220; (<strong>Darling Berlin<\/strong>) zwei Auff\u00fchrungen beim <strong>16. Neisse Filmfestival<\/strong>. In der Sektion &#8222;Deutsches Fenster&#8220; l\u00e4uft der Film am Mittwoch, 8.5. um 20 Uhr im Zittauer Kino Emil und am Freitag 10.5. um 20 Uhr im KunstBauerKino in Gro\u00dfhennersdorf.<\/span><\/div>\n<div class=\"\"><span class=\"\">\u00a0<\/span><\/div>\n<div class=\"\"><span class=\"\">Das Festival findet im s\u00fcd\u00f6stlichsten Zipfel der Republik, im Dreil\u00e4ndereck Tschechien-Polen-Deutschland vom <strong>7.-12. Mai<\/strong> statt.\u00a0<\/span><\/div>\n<p>[\/vc_column_text][\/vc_column][\/vc_row][vc_row][vc_column width=&#8220;1\/2&#8243;][vc_single_image image=&#8220;30651&#8243; img_size=&#8220;full&#8220;][\/vc_column][vc_column width=&#8220;1\/2&#8243;][vc_single_image image=&#8220;30653&#8243; img_size=&#8220;full&#8220;][\/vc_column][\/vc_row][vc_row][vc_column][vc_column_text]Im Film &#8222;<strong>Kim hat einen Penis<\/strong>&#8220; sind Kim und Andreas eigentlich ziemlich gl\u00fccklich \u2013 mit sich und dem Leben. Doch Kim will mehr. Sie will einen Penis. Nicht, weil sie gerne ein Mann w\u00e4re, sondern einfach nur, weil sie neugierig ist. Mit Andreas dar\u00fcber reden will sie allerdings nicht. Lieber stellt sie ihn vor vollendete Tatsachen. Wer braucht schon Kommunikation, wenn es auch ohne geht? W\u00e4hrend Andreas in stummen Aktionismus verf\u00e4llt, rennt Kim im Stechschritt durch Berlin. Zu allem \u00dcberfluss zieht dann noch ihre gemeinsame beste Freundin Anna mit ganz eigenem Herzschmerz und akutem Kinderwunsch bei ihnen ein. Das macht die Sache mit dem Reden \u00fcber eigene W\u00fcnsche und Bed\u00fcrfnisse nicht gerade leichter. Denn vielleicht ist ein Penis niemals eine Metapher \u2013 der Refrain ihrer Beziehung ist er schon. Und wenn man sich zu zweit am Ende einsam f\u00fchlt, ist man dann zu dritt vielleicht weniger allein?[\/vc_column_text][\/vc_column][\/vc_row][vc_row][vc_column][vc_video link=&#8220;https:\/\/youtu.be\/nIjdbmXiBEE&#8220; title=&#8220;Kim hat einen Penis (Everything Always All the Time) | Trailer \u1d34\u1d30&#8220;][\/vc_column][\/vc_row]<\/p>\n<\/div>","protected":false},"excerpt":{"rendered":"<p>[vc_row][vc_column][vc_column_text] Gut einen Monat vor Kinostart (13.6.2019) hat der neue Film von Philipp Eichholtz &#8222;Kim hat einen Penis&#8220; (Darling Berlin) zwei Auff\u00fchrungen beim 16. Neisse Filmfestival. In der Sektion &#8222;Deutsches Fenster&#8220; l\u00e4uft der Film am Mittwoch, 8.5. um 20 Uhr im Zittauer Kino Emil und am Freitag 10.5. um 20 Uhr im KunstBauerKino in Gro\u00dfhennersdorf.&hellip;<\/p>\n","protected":false},"author":2,"featured_media":30655,"comment_status":"closed","ping_status":"closed","sticky":false,"template":"","format":"standard","meta":{"_acf_changed":false,"footnotes":""},"categories":[830,8,10,13,752],"tags":[2368,2266,2369,5273,2371,2372,2937,2373,2374,6028,2375,2376,2942,2377],"class_list":["post-30650","post","type-post","status-publish","format-standard","has-post-thumbnail","hentry","category-darling-berlin","category-film","category-kino","category-news","category-verleih","tag-christian-ehrich","tag-darling-berlin","tag-hans-heinrich-hardt","tag-joachim-keil","tag-kim-hat-einen-penis","tag-lana-cooper","tag-lilli-meinhardt","tag-martina-schoene-radunski","tag-matthias-lier","tag-neisse-filmfestival","tag-oliver-jerke","tag-philipp-eichholtz","tag-sebastian-fraesdorf","tag-stella-hilb","category-830","category-8","category-10","category-13","category-752","description-off"],"acf":[],"yoast_head":"<!-- This site is optimized with the Yoast SEO plugin v27.5 - https:\/\/yoast.com\/product\/yoast-seo-wordpress\/ -->\n<title>Kim hat einen Penis&quot; (Darling Berlin) beim 16. Neisse Filmfestival - UCM.ONE<\/title>\n<meta name=\"description\" content=\"Gut einen Monat vor Kinostar (13.6.2019) hat der neue Film von Philipp Eichholtz &quot;Kim hat einen Penis&quot; zwei Auff\u00fchrungen beim 16. Neisse Filmfestival.\" \/>\n<meta name=\"robots\" content=\"index, follow, max-snippet:-1, max-image-preview:large, max-video-preview:-1\" \/>\n<link rel=\"canonical\" href=\"https:\/\/ucm.one\/de\/kim-hat-einen-penis-darling-berlin-beim-16-neisse-filmfestival\/\" \/>\n<meta property=\"og:locale\" content=\"de_DE\" \/>\n<meta property=\"og:type\" content=\"article\" \/>\n<meta property=\"og:title\" content=\"Kim hat einen Penis&quot; (Darling Berlin) beim 16. Neisse Filmfestival - UCM.ONE\" \/>\n<meta property=\"og:description\" content=\"Gut einen Monat vor Kinostar (13.6.2019) hat der neue Film von Philipp Eichholtz &quot;Kim hat einen Penis&quot; zwei Auff\u00fchrungen beim 16. Neisse Filmfestival.\" \/>\n<meta property=\"og:url\" content=\"https:\/\/ucm.one\/de\/kim-hat-einen-penis-darling-berlin-beim-16-neisse-filmfestival\/\" \/>\n<meta property=\"og:site_name\" content=\"UCM.ONE\" \/>\n<meta property=\"article:published_time\" content=\"2019-05-07T18:43:17+00:00\" \/>\n<meta property=\"article:modified_time\" content=\"2019-06-01T14:26:34+00:00\" \/>\n<meta property=\"og:image\" content=\"https:\/\/ucm.one\/wp-content\/uploads\/2019\/05\/B-Kim-hat-einen-Penis-190508.jpg\" \/>\n\t<meta property=\"og:image:width\" content=\"1920\" \/>\n\t<meta property=\"og:image:height\" content=\"600\" \/>\n\t<meta property=\"og:image:type\" content=\"image\/jpeg\" \/>\n<meta name=\"author\" content=\"Joachim Keil\" \/>\n<meta name=\"twitter:card\" content=\"summary_large_image\" \/>\n<meta name=\"twitter:label1\" content=\"Verfasst von\" \/>\n\t<meta name=\"twitter:data1\" content=\"Joachim Keil\" \/>\n\t<meta name=\"twitter:label2\" content=\"Gesch\u00e4tzte Lesezeit\" \/>\n\t<meta name=\"twitter:data2\" content=\"2\u00a0Minuten\" \/>\n<!-- \/ Yoast SEO plugin. -->","yoast_head_json":{"title":"Kim hat einen Penis\" (Darling Berlin) beim 16. Neisse Filmfestival - UCM.ONE","description":"Gut einen Monat vor Kinostar (13.6.2019) hat der neue Film von Philipp Eichholtz \"Kim hat einen Penis\" zwei Auff\u00fchrungen beim 16. Neisse Filmfestival.","robots":{"index":"index","follow":"follow","max-snippet":"max-snippet:-1","max-image-preview":"max-image-preview:large","max-video-preview":"max-video-preview:-1"},"canonical":"https:\/\/ucm.one\/de\/kim-hat-einen-penis-darling-berlin-beim-16-neisse-filmfestival\/","og_locale":"de_DE","og_type":"article","og_title":"Kim hat einen Penis\" (Darling Berlin) beim 16. Neisse Filmfestival - UCM.ONE","og_description":"Gut einen Monat vor Kinostar (13.6.2019) hat der neue Film von Philipp Eichholtz \"Kim hat einen Penis\" zwei Auff\u00fchrungen beim 16. Neisse Filmfestival.","og_url":"https:\/\/ucm.one\/de\/kim-hat-einen-penis-darling-berlin-beim-16-neisse-filmfestival\/","og_site_name":"UCM.ONE","article_published_time":"2019-05-07T18:43:17+00:00","article_modified_time":"2019-06-01T14:26:34+00:00","og_image":[{"width":1920,"height":600,"url":"https:\/\/ucm.one\/wp-content\/uploads\/2019\/05\/B-Kim-hat-einen-Penis-190508.jpg","type":"image\/jpeg"}],"author":"Joachim Keil","twitter_card":"summary_large_image","twitter_misc":{"Verfasst von":"Joachim Keil","Gesch\u00e4tzte Lesezeit":"2\u00a0Minuten"},"schema":{"@context":"https:\/\/schema.org","@graph":[{"@type":"Article","@id":"https:\/\/ucm.one\/de\/kim-hat-einen-penis-darling-berlin-beim-16-neisse-filmfestival\/#article","isPartOf":{"@id":"https:\/\/ucm.one\/de\/kim-hat-einen-penis-darling-berlin-beim-16-neisse-filmfestival\/"},"author":{"name":"Joachim Keil","@id":"https:\/\/ucm.one\/de\/#\/schema\/person\/4b959e467e8acc058836467a0ef8fa50"},"headline":"Kim hat einen Penis&#8220; (Darling Berlin) beim 16. Neisse Filmfestival","datePublished":"2019-05-07T18:43:17+00:00","dateModified":"2019-06-01T14:26:34+00:00","mainEntityOfPage":{"@id":"https:\/\/ucm.one\/de\/kim-hat-einen-penis-darling-berlin-beim-16-neisse-filmfestival\/"},"wordCount":313,"publisher":{"@id":"https:\/\/ucm.one\/de\/#organization"},"image":{"@id":"https:\/\/ucm.one\/de\/kim-hat-einen-penis-darling-berlin-beim-16-neisse-filmfestival\/#primaryimage"},"thumbnailUrl":"https:\/\/ucm.one\/wp-content\/uploads\/2019\/05\/B-Kim-hat-einen-Penis-190508.jpg","keywords":["Christian Ehrich","Darling Berlin","Hans-Heinrich Hardt","Joachim Keil","Kim hat einen Penis","Lana Cooper","Lilli Meinhardt","Martina Sch\u00f6ne-Radunski","Matthias Lier","Neisse Filmfestival","Oliver Jerke","Philipp Eichholtz","Sebastian Fr\u00e4sdorf","Stella Hilb"],"articleSection":["Darling Berlin","Film","Kino","News","Verleih"],"inLanguage":"de"},{"@type":"WebPage","@id":"https:\/\/ucm.one\/de\/kim-hat-einen-penis-darling-berlin-beim-16-neisse-filmfestival\/","url":"https:\/\/ucm.one\/de\/kim-hat-einen-penis-darling-berlin-beim-16-neisse-filmfestival\/","name":"Kim hat einen Penis\" (Darling Berlin) beim 16. Neisse Filmfestival - UCM.ONE","isPartOf":{"@id":"https:\/\/ucm.one\/de\/#website"},"primaryImageOfPage":{"@id":"https:\/\/ucm.one\/de\/kim-hat-einen-penis-darling-berlin-beim-16-neisse-filmfestival\/#primaryimage"},"image":{"@id":"https:\/\/ucm.one\/de\/kim-hat-einen-penis-darling-berlin-beim-16-neisse-filmfestival\/#primaryimage"},"thumbnailUrl":"https:\/\/ucm.one\/wp-content\/uploads\/2019\/05\/B-Kim-hat-einen-Penis-190508.jpg","datePublished":"2019-05-07T18:43:17+00:00","dateModified":"2019-06-01T14:26:34+00:00","description":"Gut einen Monat vor Kinostar (13.6.2019) hat der neue Film von Philipp Eichholtz \"Kim hat einen Penis\" zwei Auff\u00fchrungen beim 16. Neisse Filmfestival.","breadcrumb":{"@id":"https:\/\/ucm.one\/de\/kim-hat-einen-penis-darling-berlin-beim-16-neisse-filmfestival\/#breadcrumb"},"inLanguage":"de","potentialAction":[{"@type":"ReadAction","target":["https:\/\/ucm.one\/de\/kim-hat-einen-penis-darling-berlin-beim-16-neisse-filmfestival\/"]}]},{"@type":"ImageObject","inLanguage":"de","@id":"https:\/\/ucm.one\/de\/kim-hat-einen-penis-darling-berlin-beim-16-neisse-filmfestival\/#primaryimage","url":"https:\/\/ucm.one\/wp-content\/uploads\/2019\/05\/B-Kim-hat-einen-Penis-190508.jpg","contentUrl":"https:\/\/ucm.one\/wp-content\/uploads\/2019\/05\/B-Kim-hat-einen-Penis-190508.jpg","width":1920,"height":600},{"@type":"BreadcrumbList","@id":"https:\/\/ucm.one\/de\/kim-hat-einen-penis-darling-berlin-beim-16-neisse-filmfestival\/#breadcrumb","itemListElement":[{"@type":"ListItem","position":1,"name":"Home","item":"https:\/\/ucm.one\/de\/"},{"@type":"ListItem","position":2,"name":"Kim hat einen Penis&#8220; (Darling Berlin) beim 16. Neisse Filmfestival"}]},{"@type":"WebSite","@id":"https:\/\/ucm.one\/de\/#website","url":"https:\/\/ucm.one\/de\/","name":"UCM.ONE","description":"","publisher":{"@id":"https:\/\/ucm.one\/de\/#organization"},"potentialAction":[{"@type":"SearchAction","target":{"@type":"EntryPoint","urlTemplate":"https:\/\/ucm.one\/de\/?s={search_term_string}"},"query-input":{"@type":"PropertyValueSpecification","valueRequired":true,"valueName":"search_term_string"}}],"inLanguage":"de"},{"@type":"Organization","@id":"https:\/\/ucm.one\/de\/#organization","name":"UCM.ONE","url":"https:\/\/ucm.one\/de\/","logo":{"@type":"ImageObject","inLanguage":"de","@id":"https:\/\/ucm.one\/de\/#\/schema\/logo\/image\/","url":"https:\/\/ucm.one\/wp-content\/uploads\/2019\/10\/UCM.ONE-Logo-RGB.svg","contentUrl":"https:\/\/ucm.one\/wp-content\/uploads\/2019\/10\/UCM.ONE-Logo-RGB.svg","width":1,"height":1,"caption":"UCM.ONE"},"image":{"@id":"https:\/\/ucm.one\/de\/#\/schema\/logo\/image\/"}},{"@type":"Person","@id":"https:\/\/ucm.one\/de\/#\/schema\/person\/4b959e467e8acc058836467a0ef8fa50","name":"Joachim Keil","image":{"@type":"ImageObject","inLanguage":"de","@id":"https:\/\/secure.gravatar.com\/avatar\/10e1dfd05f2a7a7bc83cd44bae31e01c8ac15f974229211a2b1a49fa0a22fec0?s=96&d=mm&r=g","url":"https:\/\/secure.gravatar.com\/avatar\/10e1dfd05f2a7a7bc83cd44bae31e01c8ac15f974229211a2b1a49fa0a22fec0?s=96&d=mm&r=g","contentUrl":"https:\/\/secure.gravatar.com\/avatar\/10e1dfd05f2a7a7bc83cd44bae31e01c8ac15f974229211a2b1a49fa0a22fec0?s=96&d=mm&r=g","caption":"Joachim Keil"},"sameAs":["https:\/\/ucm.one"]}]}},"_links":{"self":[{"href":"https:\/\/ucm.one\/de\/wp-json\/wp\/v2\/posts\/30650","targetHints":{"allow":["GET"]}}],"collection":[{"href":"https:\/\/ucm.one\/de\/wp-json\/wp\/v2\/posts"}],"about":[{"href":"https:\/\/ucm.one\/de\/wp-json\/wp\/v2\/types\/post"}],"author":[{"embeddable":true,"href":"https:\/\/ucm.one\/de\/wp-json\/wp\/v2\/users\/2"}],"replies":[{"embeddable":true,"href":"https:\/\/ucm.one\/de\/wp-json\/wp\/v2\/comments?post=30650"}],"version-history":[{"count":0,"href":"https:\/\/ucm.one\/de\/wp-json\/wp\/v2\/posts\/30650\/revisions"}],"wp:featuredmedia":[{"embeddable":true,"href":"https:\/\/ucm.one\/de\/wp-json\/wp\/v2\/media\/30655"}],"wp:attachment":[{"href":"https:\/\/ucm.one\/de\/wp-json\/wp\/v2\/media?parent=30650"}],"wp:term":[{"taxonomy":"category","embeddable":true,"href":"https:\/\/ucm.one\/de\/wp-json\/wp\/v2\/categories?post=30650"},{"taxonomy":"post_tag","embeddable":true,"href":"https:\/\/ucm.one\/de\/wp-json\/wp\/v2\/tags?post=30650"}],"curies":[{"name":"wp","href":"https:\/\/api.w.org\/{rel}","templated":true}]}}