{"id":29645,"date":"2019-03-29T18:18:00","date_gmt":"2019-03-29T18:18:00","guid":{"rendered":"https:\/\/ucm.one\/?p=29645"},"modified":"2020-06-20T00:24:06","modified_gmt":"2020-06-20T00:24:06","slug":"plastic-city-radio-show-season-seven-ab-jetzt-im-vorverkauf","status":"publish","type":"post","link":"https:\/\/ucm.one\/de\/plastic-city-radio-show-season-seven-ab-jetzt-im-vorverkauf\/","title":{"rendered":"&#8222;Plastic City Radio Show &#8211; Season Seven&#8220; ab jetzt im Vorverkauf"},"content":{"rendered":"<div class=\"wpb-content-wrapper\"><p>[vc_row][vc_column][vc_column_text]Seit \u00fcber 7 Jahren ist die <strong>Plastic City Radio Show<\/strong> ein fester Bestandteil der weltweiten Deep House und Tech-House Szene. Die w\u00f6chentlichen Shows sind u.a. bei Ibiza Sonica, Sceen FM, Proton Radio und bei Mixcloud zu h\u00f6ren gewesen bzw. zu h\u00f6ren.<\/p>\n<p>Auf der neusten Ausgabe <strong>Plastic City Radio Show &#8211;\u00a0<\/strong><strong>Season Seven\u00a0<\/strong>\u00a0ist es wieder gelungen, feine extra f\u00fcr diese Compilation produzierte exklusive Titel zusammenzustellen. Mit dabei in diesem Jahr: <strong>Terry Lee Brown Junior, Forteba, Youen, Stefan Addo, Ira Ange, Deep Active Sound, Markus Homm, Bucher &amp; Kessidis, Patrick Podage, Tuxedo, Gorge, Supernova, Ecilo, J\u00fcrgen Kirsch, Jadele, Mario Da Ragnio, Matthieu B.<\/strong> sowie <strong>G.Pal feat. Jonluke<\/strong>.<\/p>\n<p>Zudem ist als Bonus noch ein kompletter DJ Mix von <strong>Markus Homm<\/strong> mit den diesj\u00e4hrigen Titeln mit dabei. Season Seven ist wieder eine Reise durch die gegenw\u00e4rtige elektronische Musiklandschaft, die es in sich hat und sich nahtlos einreiht in unsere andauernde Zeitreise bei Plastic City&#8230;[\/vc_column_text][\/vc_column][\/vc_row][vc_row][vc_column width=&#8220;3\/5&#8243;][vc_column_text]<\/p>\n<h3>Titelliste:<\/h3>\n<p>[\/vc_column_text][vc_column_text]<\/p>\n<ol>\n<li>Terry Lee Brown Junior &#8211; Friday<\/li>\n<li>Forteba &#8211; Tonal Underground<\/li>\n<li>Youen &#8211; Birds &amp; Bees<\/li>\n<li>Stefan Addo &#8211; Uitwaaien<\/li>\n<li>Ira Ange &amp; Deep Active Sound &#8211; My Secrets<\/li>\n<li>Markus Homm &#8211; Manhunt<\/li>\n<li>Bucher &amp; Kessidis &#8211; Ednos<\/li>\n<li>Patrick Podage &amp; Youen &#8211; River<\/li>\n<li>Tuxedo &#8211; Heaven Blossoms<\/li>\n<li>Gorge &#8211; As we are<\/li>\n<li>Supernova &#8211; Lightscape<\/li>\n<li>Ecilo &#8211; Revisited<\/li>\n<li>J\u00fcrgen Kirsch &#8211; Antelope<\/li>\n<li>Jadele &#8211; Locking Eyez<\/li>\n<li>Mario Da Ragnio &#8211; Pempleforth<\/li>\n<li>Matthieu B. &#8211; Much better<\/li>\n<li>G.Pal feat. Jonluke &#8211; Holdin On<\/li>\n<li>Plastic City Radio Show &#8211; Season Seven (Continuous DJ Mix by Markus Homm)<\/li>\n<\/ol>\n<p>[\/vc_column_text][vc_column_text]Ab jetzt u.a. bei Beatport und iTunes im Vorverkauf. Das Ver\u00f6ffentlichungsdatum ist der 12.04.2019.[\/vc_column_text][\/vc_column][vc_column width=&#8220;2\/5&#8243;][vc_single_image image=&#8220;29646&#8243; img_size=&#8220;full&#8220;][vc_btn title=&#8220;Beatport&#8220; color=&#8220;sky&#8220; size=&#8220;sm&#8220; align=&#8220;center&#8220; i_icon_fontawesome=&#8220;fa fa-download&#8220; button_block=&#8220;true&#8220; add_icon=&#8220;true&#8220; link=&#8220;url:http%3A%2F%2Fclassic.beatport.com%2Frelease%2Fplastic-city-radio-show-season-seven-hosted-by-markus-homm%2F2536134|title:Beatport|target:%20_blank|&#8220;][vc_btn title=&#8220;iTunes&#8220; color=&#8220;sky&#8220; size=&#8220;sm&#8220; align=&#8220;center&#8220; i_icon_fontawesome=&#8220;fa fa-apple&#8220; button_block=&#8220;true&#8220; add_icon=&#8220;true&#8220; link=&#8220;url:https%3A%2F%2Fitunes.apple.com%2Falbum%2Fplastic-city-radio-show-season-seven%2F1455579320|title:Apple%20iTunes|target:%20_blank|&#8220;][\/vc_column][\/vc_row]<\/p>\n<\/div>","protected":false},"excerpt":{"rendered":"<p>[vc_row][vc_column][vc_column_text]Seit \u00fcber 7 Jahren ist die Plastic City Radio Show ein fester Bestandteil der weltweiten Deep House und Tech-House Szene. Die w\u00f6chentlichen Shows sind u.a. bei Ibiza Sonica, Sceen FM, Proton Radio und bei Mixcloud zu h\u00f6ren gewesen bzw. zu h\u00f6ren. Auf der neusten Ausgabe Plastic City Radio Show &#8211;\u00a0Season Seven\u00a0\u00a0ist es wieder gelungen, feine&hellip;<\/p>\n","protected":false},"author":2,"featured_media":29643,"comment_status":"closed","ping_status":"closed","sticky":false,"template":"","format":"standard","meta":{"_acf_changed":false,"footnotes":""},"categories":[9,13,802,8225],"tags":[3181,5564,5573,5574,2346,2752,5571,3108,2640,5569,5568,5570,5565,2823,5566,2303,2796,5572,5563,5567,2644,2308,5562],"class_list":["post-29645","post","type-post","status-publish","format-standard","has-post-thumbnail","hentry","category-musik","category-news","category-plastic-city","category-plastic-city-radio-show-en","tag-bucher-kessidis","tag-deep-active-sound","tag-dj-mix","tag-ecilo-de","tag-forteba","tag-g-pal","tag-g-pal-feat-jonluke","tag-gorge","tag-ira-ange","tag-jadele","tag-juergen-kirsch","tag-mario-da-ragnio","tag-markus-homm","tag-matthieu-b","tag-patrick-podage","tag-plastic-city","tag-plastic-city-radio-show","tag-season-seven","tag-stefan-addo","tag-supernova","tag-terry-lee-brown-junior","tag-tuxedo","tag-youen","category-9","category-13","category-802","category-8225","description-off"],"acf":[],"yoast_head":"<!-- This site is optimized with the Yoast SEO plugin v27.5 - https:\/\/yoast.com\/product\/yoast-seo-wordpress\/ -->\n<title>&quot;Plastic City Radio Show - Season Seven&quot; ab jetzt im Vorverkauf - UCM.ONE<\/title>\n<meta name=\"description\" content=\"Seit \u00fcber 7 Jahren ist die Plastic City Radio Show ein fester Bestandteil der Deep House Szene. Die w\u00f6chentlichen Shows sind u.a. bei Mixcloud zu h\u00f6ren.\" \/>\n<meta name=\"robots\" content=\"index, follow, max-snippet:-1, max-image-preview:large, max-video-preview:-1\" \/>\n<link rel=\"canonical\" href=\"https:\/\/ucm.one\/de\/plastic-city-radio-show-season-seven-ab-jetzt-im-vorverkauf\/\" \/>\n<meta property=\"og:locale\" content=\"de_DE\" \/>\n<meta property=\"og:type\" content=\"article\" \/>\n<meta property=\"og:title\" content=\"&quot;Plastic City Radio Show - Season Seven&quot; ab jetzt im Vorverkauf - UCM.ONE\" \/>\n<meta property=\"og:description\" content=\"Seit \u00fcber 7 Jahren ist die Plastic City Radio Show ein fester Bestandteil der Deep House Szene. Die w\u00f6chentlichen Shows sind u.a. bei Mixcloud zu h\u00f6ren.\" \/>\n<meta property=\"og:url\" content=\"https:\/\/ucm.one\/de\/plastic-city-radio-show-season-seven-ab-jetzt-im-vorverkauf\/\" \/>\n<meta property=\"og:site_name\" content=\"UCM.ONE\" \/>\n<meta property=\"article:published_time\" content=\"2019-03-29T18:18:00+00:00\" \/>\n<meta property=\"article:modified_time\" content=\"2020-06-20T00:24:06+00:00\" \/>\n<meta property=\"og:image\" content=\"https:\/\/ucm.one\/wp-content\/uploads\/2019\/03\/Plastic-City-Radio-Show-Banner.jpg\" \/>\n\t<meta property=\"og:image:width\" content=\"1920\" \/>\n\t<meta property=\"og:image:height\" content=\"600\" \/>\n\t<meta property=\"og:image:type\" content=\"image\/jpeg\" \/>\n<meta name=\"author\" content=\"Joachim Keil\" \/>\n<meta name=\"twitter:card\" content=\"summary_large_image\" \/>\n<meta name=\"twitter:label1\" content=\"Verfasst von\" \/>\n\t<meta name=\"twitter:data1\" content=\"Joachim Keil\" \/>\n\t<meta name=\"twitter:label2\" content=\"Gesch\u00e4tzte Lesezeit\" \/>\n\t<meta name=\"twitter:data2\" content=\"2\u00a0Minuten\" \/>\n<!-- \/ Yoast SEO plugin. -->","yoast_head_json":{"title":"\"Plastic City Radio Show - Season Seven\" ab jetzt im Vorverkauf - UCM.ONE","description":"Seit \u00fcber 7 Jahren ist die Plastic City Radio Show ein fester Bestandteil der Deep House Szene. Die w\u00f6chentlichen Shows sind u.a. bei Mixcloud zu h\u00f6ren.","robots":{"index":"index","follow":"follow","max-snippet":"max-snippet:-1","max-image-preview":"max-image-preview:large","max-video-preview":"max-video-preview:-1"},"canonical":"https:\/\/ucm.one\/de\/plastic-city-radio-show-season-seven-ab-jetzt-im-vorverkauf\/","og_locale":"de_DE","og_type":"article","og_title":"\"Plastic City Radio Show - Season Seven\" ab jetzt im Vorverkauf - UCM.ONE","og_description":"Seit \u00fcber 7 Jahren ist die Plastic City Radio Show ein fester Bestandteil der Deep House Szene. Die w\u00f6chentlichen Shows sind u.a. bei Mixcloud zu h\u00f6ren.","og_url":"https:\/\/ucm.one\/de\/plastic-city-radio-show-season-seven-ab-jetzt-im-vorverkauf\/","og_site_name":"UCM.ONE","article_published_time":"2019-03-29T18:18:00+00:00","article_modified_time":"2020-06-20T00:24:06+00:00","og_image":[{"width":1920,"height":600,"url":"https:\/\/ucm.one\/wp-content\/uploads\/2019\/03\/Plastic-City-Radio-Show-Banner.jpg","type":"image\/jpeg"}],"author":"Joachim Keil","twitter_card":"summary_large_image","twitter_misc":{"Verfasst von":"Joachim Keil","Gesch\u00e4tzte Lesezeit":"2\u00a0Minuten"},"schema":{"@context":"https:\/\/schema.org","@graph":[{"@type":"Article","@id":"https:\/\/ucm.one\/de\/plastic-city-radio-show-season-seven-ab-jetzt-im-vorverkauf\/#article","isPartOf":{"@id":"https:\/\/ucm.one\/de\/plastic-city-radio-show-season-seven-ab-jetzt-im-vorverkauf\/"},"author":{"name":"Joachim Keil","@id":"https:\/\/ucm.one\/de\/#\/schema\/person\/4b959e467e8acc058836467a0ef8fa50"},"headline":"&#8222;Plastic City Radio Show &#8211; Season Seven&#8220; ab jetzt im Vorverkauf","datePublished":"2019-03-29T18:18:00+00:00","dateModified":"2020-06-20T00:24:06+00:00","mainEntityOfPage":{"@id":"https:\/\/ucm.one\/de\/plastic-city-radio-show-season-seven-ab-jetzt-im-vorverkauf\/"},"wordCount":409,"publisher":{"@id":"https:\/\/ucm.one\/de\/#organization"},"image":{"@id":"https:\/\/ucm.one\/de\/plastic-city-radio-show-season-seven-ab-jetzt-im-vorverkauf\/#primaryimage"},"thumbnailUrl":"https:\/\/ucm.one\/wp-content\/uploads\/2019\/03\/Plastic-City-Radio-Show-Banner.jpg","keywords":["Bucher &amp; Kessidis","Deep Active Sound","DJ Mix","Ecilo","Forteba","G.Pal","G.Pal feat. Jonluke","Gorge","Ira Ange","Jadele","J\u00fcrgen Kirsch","Mario Da Ragnio","Markus Homm","Matthieu B.","Patrick Podage","Plastic City","Plastic City Radio Show","Season Seven","Stefan Addo","Supernova","Terry Lee Brown Junior","Tuxedo","Youen"],"articleSection":["Musik","News","Plastic City","Plastic City Radio Show"],"inLanguage":"de"},{"@type":"WebPage","@id":"https:\/\/ucm.one\/de\/plastic-city-radio-show-season-seven-ab-jetzt-im-vorverkauf\/","url":"https:\/\/ucm.one\/de\/plastic-city-radio-show-season-seven-ab-jetzt-im-vorverkauf\/","name":"\"Plastic City Radio Show - Season Seven\" ab jetzt im Vorverkauf - UCM.ONE","isPartOf":{"@id":"https:\/\/ucm.one\/de\/#website"},"primaryImageOfPage":{"@id":"https:\/\/ucm.one\/de\/plastic-city-radio-show-season-seven-ab-jetzt-im-vorverkauf\/#primaryimage"},"image":{"@id":"https:\/\/ucm.one\/de\/plastic-city-radio-show-season-seven-ab-jetzt-im-vorverkauf\/#primaryimage"},"thumbnailUrl":"https:\/\/ucm.one\/wp-content\/uploads\/2019\/03\/Plastic-City-Radio-Show-Banner.jpg","datePublished":"2019-03-29T18:18:00+00:00","dateModified":"2020-06-20T00:24:06+00:00","description":"Seit \u00fcber 7 Jahren ist die Plastic City Radio Show ein fester Bestandteil der Deep House Szene. Die w\u00f6chentlichen Shows sind u.a. bei Mixcloud zu h\u00f6ren.","breadcrumb":{"@id":"https:\/\/ucm.one\/de\/plastic-city-radio-show-season-seven-ab-jetzt-im-vorverkauf\/#breadcrumb"},"inLanguage":"de","potentialAction":[{"@type":"ReadAction","target":["https:\/\/ucm.one\/de\/plastic-city-radio-show-season-seven-ab-jetzt-im-vorverkauf\/"]}]},{"@type":"ImageObject","inLanguage":"de","@id":"https:\/\/ucm.one\/de\/plastic-city-radio-show-season-seven-ab-jetzt-im-vorverkauf\/#primaryimage","url":"https:\/\/ucm.one\/wp-content\/uploads\/2019\/03\/Plastic-City-Radio-Show-Banner.jpg","contentUrl":"https:\/\/ucm.one\/wp-content\/uploads\/2019\/03\/Plastic-City-Radio-Show-Banner.jpg","width":1920,"height":600},{"@type":"BreadcrumbList","@id":"https:\/\/ucm.one\/de\/plastic-city-radio-show-season-seven-ab-jetzt-im-vorverkauf\/#breadcrumb","itemListElement":[{"@type":"ListItem","position":1,"name":"Home","item":"https:\/\/ucm.one\/de\/"},{"@type":"ListItem","position":2,"name":"&#8220;Plastic City Radio Show &#8211; Season Seven&#8221; ab jetzt im Vorverkauf"}]},{"@type":"WebSite","@id":"https:\/\/ucm.one\/de\/#website","url":"https:\/\/ucm.one\/de\/","name":"UCM.ONE","description":"","publisher":{"@id":"https:\/\/ucm.one\/de\/#organization"},"potentialAction":[{"@type":"SearchAction","target":{"@type":"EntryPoint","urlTemplate":"https:\/\/ucm.one\/de\/?s={search_term_string}"},"query-input":{"@type":"PropertyValueSpecification","valueRequired":true,"valueName":"search_term_string"}}],"inLanguage":"de"},{"@type":"Organization","@id":"https:\/\/ucm.one\/de\/#organization","name":"UCM.ONE","url":"https:\/\/ucm.one\/de\/","logo":{"@type":"ImageObject","inLanguage":"de","@id":"https:\/\/ucm.one\/de\/#\/schema\/logo\/image\/","url":"https:\/\/ucm.one\/wp-content\/uploads\/2019\/10\/UCM.ONE-Logo-RGB.svg","contentUrl":"https:\/\/ucm.one\/wp-content\/uploads\/2019\/10\/UCM.ONE-Logo-RGB.svg","width":1,"height":1,"caption":"UCM.ONE"},"image":{"@id":"https:\/\/ucm.one\/de\/#\/schema\/logo\/image\/"}},{"@type":"Person","@id":"https:\/\/ucm.one\/de\/#\/schema\/person\/4b959e467e8acc058836467a0ef8fa50","name":"Joachim Keil","image":{"@type":"ImageObject","inLanguage":"de","@id":"https:\/\/secure.gravatar.com\/avatar\/10e1dfd05f2a7a7bc83cd44bae31e01c8ac15f974229211a2b1a49fa0a22fec0?s=96&d=mm&r=g","url":"https:\/\/secure.gravatar.com\/avatar\/10e1dfd05f2a7a7bc83cd44bae31e01c8ac15f974229211a2b1a49fa0a22fec0?s=96&d=mm&r=g","contentUrl":"https:\/\/secure.gravatar.com\/avatar\/10e1dfd05f2a7a7bc83cd44bae31e01c8ac15f974229211a2b1a49fa0a22fec0?s=96&d=mm&r=g","caption":"Joachim Keil"},"sameAs":["https:\/\/ucm.one"]}]}},"_links":{"self":[{"href":"https:\/\/ucm.one\/de\/wp-json\/wp\/v2\/posts\/29645","targetHints":{"allow":["GET"]}}],"collection":[{"href":"https:\/\/ucm.one\/de\/wp-json\/wp\/v2\/posts"}],"about":[{"href":"https:\/\/ucm.one\/de\/wp-json\/wp\/v2\/types\/post"}],"author":[{"embeddable":true,"href":"https:\/\/ucm.one\/de\/wp-json\/wp\/v2\/users\/2"}],"replies":[{"embeddable":true,"href":"https:\/\/ucm.one\/de\/wp-json\/wp\/v2\/comments?post=29645"}],"version-history":[{"count":0,"href":"https:\/\/ucm.one\/de\/wp-json\/wp\/v2\/posts\/29645\/revisions"}],"wp:featuredmedia":[{"embeddable":true,"href":"https:\/\/ucm.one\/de\/wp-json\/wp\/v2\/media\/29643"}],"wp:attachment":[{"href":"https:\/\/ucm.one\/de\/wp-json\/wp\/v2\/media?parent=29645"}],"wp:term":[{"taxonomy":"category","embeddable":true,"href":"https:\/\/ucm.one\/de\/wp-json\/wp\/v2\/categories?post=29645"},{"taxonomy":"post_tag","embeddable":true,"href":"https:\/\/ucm.one\/de\/wp-json\/wp\/v2\/tags?post=29645"}],"curies":[{"name":"wp","href":"https:\/\/api.w.org\/{rel}","templated":true}]}}