{"id":263413,"date":"2025-04-14T23:50:59","date_gmt":"2025-04-14T23:50:59","guid":{"rendered":"https:\/\/ucm.one\/?p=263413"},"modified":"2025-04-21T00:13:08","modified_gmt":"2025-04-21T00:13:08","slug":"no-raza-veroeffentlichen-zweite-single-imperial-holocaust-vom-kommenden-album-tyrona-noble-demon","status":"publish","type":"post","link":"https:\/\/ucm.one\/de\/no-raza-veroeffentlichen-zweite-single-imperial-holocaust-vom-kommenden-album-tyrona-noble-demon\/","title":{"rendered":"\ud83c\udfb5 No Raza ver\u00f6ffentlichen zweite Single &#8222;Imperial Holocaust&#8220; vom kommenden Album \u201eTyrona\u201c (Noble Demon)"},"content":{"rendered":"<div class=\"wpb-content-wrapper\"><p>[vc_row][vc_column][vc_column_text css=&#8220;&#8220;]<\/p>\n<p class=\"p1\">Die kolumbianischen Death-Metal-Vorreiter <span class=\"s1\"><b>No Raza<\/b><\/span>, mittlerweile mit fester Basis in Florida, melden sich mit voller Wucht zur\u00fcck: Mit <span class=\"s1\"><b>\u201eImperial Holocaust\u201c<\/b><\/span> ver\u00f6ffentlicht die Band eine neue, kompromisslose Video-Single aus ihrem kommenden Studioalbum \u201e<strong>Tyrona<\/strong>\u201c, das am <span class=\"s1\"><b>16. Mai 2025<\/b><\/span> weltweit \u00fcber <span class=\"s1\"><b>Noble Demon<\/b><\/span> erscheint.<\/p>\n<p>[\/vc_column_text][\/vc_column][\/vc_row][vc_row][vc_column width=&#8220;3\/4&#8243;][vc_column_text css=&#8220;&#8220;]Nach dem bereits ver\u00f6ffentlichten ersten Vorgeschmack \u201e<strong>Overflowed<\/strong>\u201c legen <strong>No Raza<\/strong> mit \u201eI<strong>mperial Holocaust<\/strong>\u201c nach \u2013 einem brachialen Track, der musikalisch wie inhaltlich keine Gefangenen macht. Die Band pr\u00e4sentiert dazu ein intensives Musikvideo, das ab sofort online verf\u00fcgbar ist.[\/vc_column_text][vc_column_text css=&#8220;&#8220;]<em>&#8222;Imperial Holocaust ist ein Spiegelbild der dunkelsten Kapitel der Menschheitsgeschichte \u2013 Zeiten, in denen feige Geister mit der t\u00f6dlichen Klinge der Technologie ganze Nationen und unschuldige Leben ausgel\u00f6scht haben. Kinder, zu Staub geworden. Gemeinschaften, ohne Gnade ausradiert. Diese monstr\u00f6se Kraft kehrt immer wieder. Vernichtung im Gewand der Macht. Gewalt als Werkzeug der Kontrolle. Dieser Song l\u00e4sst das Leid der Unterdr\u00fcckten h\u00f6rbar werden und entlarvt die zerst\u00f6rerischen K\u00f6pfe hinter den Maschinen des Krieges.\u201c<\/em>[\/vc_column_text][vc_column_text css=&#8220;&#8220;]<\/p>\n<p class=\"p1\">Mit <i>\u201e<\/i>I<strong>mperial Holocaust<\/strong>\u201c liefern <strong>No Raza<\/strong> nicht nur ein klanggewaltiges Statement in Sachen kompromissloser Death Metal, sondern auch eine tiefgr\u00fcndige Auseinandersetzung mit Themen wie Kolonialismus, technokratischer Gewalt und systematischer Unterdr\u00fcckung. Musikalisch besticht der Track durch pr\u00e4zise Riffs, wuchtige Drums und eine d\u00fcstere, apokalyptische Atmosph\u00e4re \u2013 genau das, wof\u00fcr <strong>No Raza<\/strong> stehen.<\/p>\n<p>[\/vc_column_text][\/vc_column][vc_column width=&#8220;1\/4&#8243;][vc_single_image image=&#8220;246571&#8243; img_size=&#8220;full&#8220; onclick=&#8220;link_image&#8220; css=&#8220;&#8220;][vc_btn title=&#8220;Tyrona<br \/>\n<small>2025\u30fbAlbum<\/small>&#8220; shape=&#8220;square&#8220; color=&#8220;white&#8220; size=&#8220;xs&#8220; align=&#8220;center&#8220; css=&#8220;.vc_custom_1743967074830{margin-top: -35px !important;}&#8220; button_block=&#8220;true&#8220; link=&#8220;url:https%3A%2F%2Fmusic.nobledemon.com%2Ftyrona|title:Tyrona|target:_blank&#8220;][vc_btn title=&#8220;Download \/ Streaming&#8220; style=&#8220;flat&#8220; color=&#8220;sky&#8220; size=&#8220;sm&#8220; align=&#8220;center&#8220; i_icon_fontawesome=&#8220;fa fa-solid fa-link&#8220; css=&#8220;.vc_custom_1743972063910{margin-top: -20px !important;}&#8220; button_block=&#8220;true&#8220; add_icon=&#8220;true&#8220; link=&#8220;url:https%3A%2F%2Fmusic.nobledemon.com%2Ftyrona|title:Tyrona|target:_blank&#8220;][vc_empty_space height=&#8220;15px&#8220;][\/vc_column][\/vc_row][vc_row][vc_column][vc_column_text css=&#8220;&#8220;]Gegr\u00fcndet 1997, stellt <b>No Raza&#8217;s<\/b> erstaunliche Inszenierung die Trostlosigkeit einer Welt im Krieg und die Bereitschaft zum Kampf derjenigen dar, die die Wahrheit h\u00fcten, um unsere angestammten Kulturen zu verteidigen und das zu bewahren, was von einer kranken, sterbenden Erde \u00fcbrig geblieben ist.[\/vc_column_text][vc_single_image image=&#8220;246576&#8243; img_size=&#8220;full&#8220; css=&#8220;&#8220;][vc_column_text css=&#8220;&#8220;]Nachdem sie zwischen 2004 und 2014 drei Studioalben ver\u00f6ffentlicht hatten, waren <b>No Raza<\/b>\u00a0eines der ersten Signings des deutschen Metal-Labels <b>Noble Demon<\/b>\u00a0(est. 2019) und ver\u00f6ffentlichten 2020 erfolgreich ihr neuestes Meisterwerk \u201e<strong>Transcending Material Sins<\/strong>\u201c. F\u00fcnf Jahre nach diesem Erfolg tun sich beide Einheiten wieder zusammen und planen das n\u00e4chste Studioalbum \u201e<strong>Tyrona<\/strong>\u201c mit weltweiter Ver\u00f6ffentlichung am <b>16. Mai 2025<\/b>.[\/vc_column_text][vc_separator][\/vc_column][\/vc_row][vc_row][vc_column][vc_video link=&#8220;https:\/\/youtu.be\/Ary6GD96s2M&#8220; css=&#8220;&#8220; title=&#8220;No Raza &#8211; Imperial Holocaust (Official Video)&#8220;][\/vc_column][\/vc_row][vc_row][vc_column width=&#8220;1\/2&#8243;][vc_column_text css=&#8220;&#8220;]Mehr Informationen \u00fcber die Band: <a title=\"Noble Demon\" href=\"https:\/\/ucm.one\/de\/no-raza\">No Raza<\/a>[\/vc_column_text][\/vc_column][vc_column width=&#8220;1\/2&#8243;][vc_column_text]Mehr Informationen \u00fcber das Label:\u00a0<a title=\"Noble Demon\" href=\"https:\/\/ucm.one\/de\/musik-labels\/noble-demon\/\">Noble Demon<\/a>[\/vc_column_text][\/vc_column][\/vc_row]<\/p>\n<\/div>","protected":false},"excerpt":{"rendered":"<p>[vc_row][vc_column][vc_column_text css=&#8220;&#8220;] Die kolumbianischen Death-Metal-Vorreiter No Raza, mittlerweile mit fester Basis in Florida, melden sich mit voller Wucht zur\u00fcck: Mit \u201eImperial Holocaust\u201c ver\u00f6ffentlicht die Band eine neue, kompromisslose Video-Single aus ihrem kommenden Studioalbum \u201eTyrona\u201c, das am 16. Mai 2025 weltweit \u00fcber Noble Demon erscheint. [\/vc_column_text][\/vc_column][\/vc_row][vc_row][vc_column width=&#8220;3\/4&#8243;][vc_column_text css=&#8220;&#8220;]Nach dem bereits ver\u00f6ffentlichten ersten Vorgeschmack \u201eOverflowed\u201c legen No&hellip;<\/p>\n","protected":false},"author":2,"featured_media":263415,"comment_status":"closed","ping_status":"closed","sticky":false,"template":"","format":"standard","meta":{"_acf_changed":false,"footnotes":""},"categories":[9,13,7077],"tags":[7092,18671,17800,7090,7085,7079,18646,18645],"class_list":["post-263413","post","type-post","status-publish","format-standard","has-post-thumbnail","hentry","category-musik","category-news","category-noble-demon","tag-death-metal","tag-imperial-holocaust","tag-kolumbien","tag-metal","tag-no-raza","tag-noble-demon","tag-overflowed","tag-tyrona","category-9","category-13","category-7077","description-off"],"acf":[],"yoast_head":"<!-- This site is optimized with the Yoast SEO plugin v27.5 - https:\/\/yoast.com\/product\/yoast-seo-wordpress\/ -->\n<title>No Raza - Imperial Holocaust<\/title>\n<meta name=\"description\" content=\"Mit \u201eImperial Holocaust\u201c ver\u00f6ffentlicht die Band eine neue, kompromisslose Video-Single aus ihrem kommenden Studioalbum \u201eTyrona\u201c.\" \/>\n<meta name=\"robots\" content=\"index, follow, max-snippet:-1, max-image-preview:large, max-video-preview:-1\" \/>\n<link rel=\"canonical\" href=\"https:\/\/ucm.one\/de\/no-raza-veroeffentlichen-zweite-single-imperial-holocaust-vom-kommenden-album-tyrona-noble-demon\/\" \/>\n<meta property=\"og:locale\" content=\"de_DE\" \/>\n<meta property=\"og:type\" content=\"article\" \/>\n<meta property=\"og:title\" content=\"No Raza - Imperial Holocaust\" \/>\n<meta property=\"og:description\" content=\"Mit \u201eImperial Holocaust\u201c ver\u00f6ffentlicht die Band eine neue, kompromisslose Video-Single aus ihrem kommenden Studioalbum \u201eTyrona\u201c.\" \/>\n<meta property=\"og:url\" content=\"https:\/\/ucm.one\/de\/no-raza-veroeffentlichen-zweite-single-imperial-holocaust-vom-kommenden-album-tyrona-noble-demon\/\" \/>\n<meta property=\"og:site_name\" content=\"UCM.ONE\" \/>\n<meta property=\"article:published_time\" content=\"2025-04-14T23:50:59+00:00\" \/>\n<meta property=\"article:modified_time\" content=\"2025-04-21T00:13:08+00:00\" \/>\n<meta property=\"og:image\" content=\"https:\/\/ucm.one\/wp-content\/uploads\/2025\/04\/C-No-Raza-Tyrona.jpg\" \/>\n\t<meta property=\"og:image:width\" content=\"1000\" \/>\n\t<meta property=\"og:image:height\" content=\"1000\" \/>\n\t<meta property=\"og:image:type\" content=\"image\/jpeg\" \/>\n<meta name=\"author\" content=\"Joachim Keil\" \/>\n<meta name=\"twitter:card\" content=\"summary_large_image\" \/>\n<meta name=\"twitter:title\" content=\"No Raza - Imperial Holocaust\" \/>\n<meta name=\"twitter:description\" content=\"Mit \u201eImperial Holocaust\u201c ver\u00f6ffentlicht die Band eine neue, kompromisslose Video-Single aus ihrem kommenden Studioalbum \u201eTyrona\u201c.\" \/>\n<meta name=\"twitter:image\" content=\"https:\/\/ucm.one\/wp-content\/uploads\/2025\/04\/C-No-Raza-Tyrona.jpg\" \/>\n<meta name=\"twitter:label1\" content=\"Verfasst von\" \/>\n\t<meta name=\"twitter:data1\" content=\"Joachim Keil\" \/>\n\t<meta name=\"twitter:label2\" content=\"Gesch\u00e4tzte Lesezeit\" \/>\n\t<meta name=\"twitter:data2\" content=\"3\u00a0Minuten\" \/>\n<!-- \/ Yoast SEO plugin. -->","yoast_head_json":{"title":"No Raza - Imperial Holocaust","description":"Mit \u201eImperial Holocaust\u201c ver\u00f6ffentlicht die Band eine neue, kompromisslose Video-Single aus ihrem kommenden Studioalbum \u201eTyrona\u201c.","robots":{"index":"index","follow":"follow","max-snippet":"max-snippet:-1","max-image-preview":"max-image-preview:large","max-video-preview":"max-video-preview:-1"},"canonical":"https:\/\/ucm.one\/de\/no-raza-veroeffentlichen-zweite-single-imperial-holocaust-vom-kommenden-album-tyrona-noble-demon\/","og_locale":"de_DE","og_type":"article","og_title":"No Raza - Imperial Holocaust","og_description":"Mit \u201eImperial Holocaust\u201c ver\u00f6ffentlicht die Band eine neue, kompromisslose Video-Single aus ihrem kommenden Studioalbum \u201eTyrona\u201c.","og_url":"https:\/\/ucm.one\/de\/no-raza-veroeffentlichen-zweite-single-imperial-holocaust-vom-kommenden-album-tyrona-noble-demon\/","og_site_name":"UCM.ONE","article_published_time":"2025-04-14T23:50:59+00:00","article_modified_time":"2025-04-21T00:13:08+00:00","og_image":[{"width":1000,"height":1000,"url":"https:\/\/ucm.one\/wp-content\/uploads\/2025\/04\/C-No-Raza-Tyrona.jpg","type":"image\/jpeg"}],"author":"Joachim Keil","twitter_card":"summary_large_image","twitter_title":"No Raza - Imperial Holocaust","twitter_description":"Mit \u201eImperial Holocaust\u201c ver\u00f6ffentlicht die Band eine neue, kompromisslose Video-Single aus ihrem kommenden Studioalbum \u201eTyrona\u201c.","twitter_image":"https:\/\/ucm.one\/wp-content\/uploads\/2025\/04\/C-No-Raza-Tyrona.jpg","twitter_misc":{"Verfasst von":"Joachim Keil","Gesch\u00e4tzte Lesezeit":"3\u00a0Minuten"},"schema":{"@context":"https:\/\/schema.org","@graph":[{"@type":"Article","@id":"https:\/\/ucm.one\/de\/no-raza-veroeffentlichen-zweite-single-imperial-holocaust-vom-kommenden-album-tyrona-noble-demon\/#article","isPartOf":{"@id":"https:\/\/ucm.one\/de\/no-raza-veroeffentlichen-zweite-single-imperial-holocaust-vom-kommenden-album-tyrona-noble-demon\/"},"author":{"name":"Joachim Keil","@id":"https:\/\/ucm.one\/de\/#\/schema\/person\/4b959e467e8acc058836467a0ef8fa50"},"headline":"\ud83c\udfb5 No Raza ver\u00f6ffentlichen zweite Single &#8222;Imperial Holocaust&#8220; vom kommenden Album \u201eTyrona\u201c (Noble Demon)","datePublished":"2025-04-14T23:50:59+00:00","dateModified":"2025-04-21T00:13:08+00:00","mainEntityOfPage":{"@id":"https:\/\/ucm.one\/de\/no-raza-veroeffentlichen-zweite-single-imperial-holocaust-vom-kommenden-album-tyrona-noble-demon\/"},"wordCount":580,"publisher":{"@id":"https:\/\/ucm.one\/de\/#organization"},"image":{"@id":"https:\/\/ucm.one\/de\/no-raza-veroeffentlichen-zweite-single-imperial-holocaust-vom-kommenden-album-tyrona-noble-demon\/#primaryimage"},"thumbnailUrl":"https:\/\/ucm.one\/wp-content\/uploads\/2025\/04\/B-No-Raza-Imperial-Holocaust.jpg","keywords":["Death Metal","Imperial Holocaust","Kolumbien","Metal","No Raza","Noble Demon","Overflowed","Tyrona"],"articleSection":["Musik","News","Noble Demon"],"inLanguage":"de"},{"@type":"WebPage","@id":"https:\/\/ucm.one\/de\/no-raza-veroeffentlichen-zweite-single-imperial-holocaust-vom-kommenden-album-tyrona-noble-demon\/","url":"https:\/\/ucm.one\/de\/no-raza-veroeffentlichen-zweite-single-imperial-holocaust-vom-kommenden-album-tyrona-noble-demon\/","name":"No Raza - Imperial Holocaust","isPartOf":{"@id":"https:\/\/ucm.one\/de\/#website"},"primaryImageOfPage":{"@id":"https:\/\/ucm.one\/de\/no-raza-veroeffentlichen-zweite-single-imperial-holocaust-vom-kommenden-album-tyrona-noble-demon\/#primaryimage"},"image":{"@id":"https:\/\/ucm.one\/de\/no-raza-veroeffentlichen-zweite-single-imperial-holocaust-vom-kommenden-album-tyrona-noble-demon\/#primaryimage"},"thumbnailUrl":"https:\/\/ucm.one\/wp-content\/uploads\/2025\/04\/B-No-Raza-Imperial-Holocaust.jpg","datePublished":"2025-04-14T23:50:59+00:00","dateModified":"2025-04-21T00:13:08+00:00","description":"Mit \u201eImperial Holocaust\u201c ver\u00f6ffentlicht die Band eine neue, kompromisslose Video-Single aus ihrem kommenden Studioalbum \u201eTyrona\u201c.","breadcrumb":{"@id":"https:\/\/ucm.one\/de\/no-raza-veroeffentlichen-zweite-single-imperial-holocaust-vom-kommenden-album-tyrona-noble-demon\/#breadcrumb"},"inLanguage":"de","potentialAction":[{"@type":"ReadAction","target":["https:\/\/ucm.one\/de\/no-raza-veroeffentlichen-zweite-single-imperial-holocaust-vom-kommenden-album-tyrona-noble-demon\/"]}]},{"@type":"ImageObject","inLanguage":"de","@id":"https:\/\/ucm.one\/de\/no-raza-veroeffentlichen-zweite-single-imperial-holocaust-vom-kommenden-album-tyrona-noble-demon\/#primaryimage","url":"https:\/\/ucm.one\/wp-content\/uploads\/2025\/04\/B-No-Raza-Imperial-Holocaust.jpg","contentUrl":"https:\/\/ucm.one\/wp-content\/uploads\/2025\/04\/B-No-Raza-Imperial-Holocaust.jpg","width":1920,"height":600},{"@type":"BreadcrumbList","@id":"https:\/\/ucm.one\/de\/no-raza-veroeffentlichen-zweite-single-imperial-holocaust-vom-kommenden-album-tyrona-noble-demon\/#breadcrumb","itemListElement":[{"@type":"ListItem","position":1,"name":"Home","item":"https:\/\/ucm.one\/de\/"},{"@type":"ListItem","position":2,"name":"\ud83c\udfb5 No Raza ver\u00f6ffentlichen zweite Single &#8222;Imperial Holocaust&#8220; vom kommenden Album \u201eTyrona\u201c (Noble Demon)"}]},{"@type":"WebSite","@id":"https:\/\/ucm.one\/de\/#website","url":"https:\/\/ucm.one\/de\/","name":"UCM.ONE","description":"","publisher":{"@id":"https:\/\/ucm.one\/de\/#organization"},"potentialAction":[{"@type":"SearchAction","target":{"@type":"EntryPoint","urlTemplate":"https:\/\/ucm.one\/de\/?s={search_term_string}"},"query-input":{"@type":"PropertyValueSpecification","valueRequired":true,"valueName":"search_term_string"}}],"inLanguage":"de"},{"@type":"Organization","@id":"https:\/\/ucm.one\/de\/#organization","name":"UCM.ONE","url":"https:\/\/ucm.one\/de\/","logo":{"@type":"ImageObject","inLanguage":"de","@id":"https:\/\/ucm.one\/de\/#\/schema\/logo\/image\/","url":"https:\/\/ucm.one\/wp-content\/uploads\/2019\/10\/UCM.ONE-Logo-RGB.svg","contentUrl":"https:\/\/ucm.one\/wp-content\/uploads\/2019\/10\/UCM.ONE-Logo-RGB.svg","width":1,"height":1,"caption":"UCM.ONE"},"image":{"@id":"https:\/\/ucm.one\/de\/#\/schema\/logo\/image\/"}},{"@type":"Person","@id":"https:\/\/ucm.one\/de\/#\/schema\/person\/4b959e467e8acc058836467a0ef8fa50","name":"Joachim Keil","image":{"@type":"ImageObject","inLanguage":"de","@id":"https:\/\/secure.gravatar.com\/avatar\/10e1dfd05f2a7a7bc83cd44bae31e01c8ac15f974229211a2b1a49fa0a22fec0?s=96&d=mm&r=g","url":"https:\/\/secure.gravatar.com\/avatar\/10e1dfd05f2a7a7bc83cd44bae31e01c8ac15f974229211a2b1a49fa0a22fec0?s=96&d=mm&r=g","contentUrl":"https:\/\/secure.gravatar.com\/avatar\/10e1dfd05f2a7a7bc83cd44bae31e01c8ac15f974229211a2b1a49fa0a22fec0?s=96&d=mm&r=g","caption":"Joachim Keil"},"sameAs":["https:\/\/ucm.one"]}]}},"_links":{"self":[{"href":"https:\/\/ucm.one\/de\/wp-json\/wp\/v2\/posts\/263413","targetHints":{"allow":["GET"]}}],"collection":[{"href":"https:\/\/ucm.one\/de\/wp-json\/wp\/v2\/posts"}],"about":[{"href":"https:\/\/ucm.one\/de\/wp-json\/wp\/v2\/types\/post"}],"author":[{"embeddable":true,"href":"https:\/\/ucm.one\/de\/wp-json\/wp\/v2\/users\/2"}],"replies":[{"embeddable":true,"href":"https:\/\/ucm.one\/de\/wp-json\/wp\/v2\/comments?post=263413"}],"version-history":[{"count":2,"href":"https:\/\/ucm.one\/de\/wp-json\/wp\/v2\/posts\/263413\/revisions"}],"predecessor-version":[{"id":263418,"href":"https:\/\/ucm.one\/de\/wp-json\/wp\/v2\/posts\/263413\/revisions\/263418"}],"wp:featuredmedia":[{"embeddable":true,"href":"https:\/\/ucm.one\/de\/wp-json\/wp\/v2\/media\/263415"}],"wp:attachment":[{"href":"https:\/\/ucm.one\/de\/wp-json\/wp\/v2\/media?parent=263413"}],"wp:term":[{"taxonomy":"category","embeddable":true,"href":"https:\/\/ucm.one\/de\/wp-json\/wp\/v2\/categories?post=263413"},{"taxonomy":"post_tag","embeddable":true,"href":"https:\/\/ucm.one\/de\/wp-json\/wp\/v2\/tags?post=263413"}],"curies":[{"name":"wp","href":"https:\/\/api.w.org\/{rel}","templated":true}]}}