{"id":220455,"date":"2025-03-07T01:00:20","date_gmt":"2025-03-07T01:00:20","guid":{"rendered":"https:\/\/ucm.one\/?p=220455"},"modified":"2025-03-21T14:07:15","modified_gmt":"2025-03-21T14:07:15","slug":"musikdoku-the-art-of-destruction-feierte-weltpremiere-und-kinostart-am-6-marz-2025","status":"publish","type":"post","link":"https:\/\/ucm.one\/de\/musikdoku-the-art-of-destruction-feierte-weltpremiere-und-kinostart-am-6-marz-2025\/","title":{"rendered":"\ud83c\udfac Musikdoku \u201eThe Art of Destruction\u201c feierte Weltpremiere und Kinostart am 6. M\u00e4rz 2025"},"content":{"rendered":"<div class=\"wpb-content-wrapper\"><p>[vc_row][vc_column][vc_row_inner][vc_column_inner][vc_column_text css=&#8220;&#8220;]<\/p>\n<p style=\"text-align: justify;\">Die einzigartige Musikdoku &#8222;<strong>The Art of Destruction<\/strong>&#8220; \u00fcber die legend\u00e4re Thrash-Metal Band<strong> Destruction<\/strong> feierte am <strong>6. M\u00e4rz 2025 <\/strong>ihre\u00a0Weltpremiere im Berliner <strong>CineStar CUBIX<\/strong> am Alexanderplatz. Zur Premiere waren neben dem Filmteam auch alle Musiker der Band rund um Leads\u00e4nger und Bassist <strong>Schmier\u00a0<\/strong>zur Premiere ins <strong>Kino CineStar-Berlin, CUBIX am Alexanderplatz<\/strong> gekommen und mit ihnen zahlreiche Fans und G\u00e4ste aus der Film- und Musikszene.<\/p>\n<p>[\/vc_column_text][\/vc_column_inner][\/vc_row_inner][vc_row_inner][vc_column_inner width=&#8220;2\/3&#8243;][vc_column_text css=&#8220;&#8220;]<\/p>\n<p class=\"p1\" style=\"text-align: justify;\">Die Weltpremiere des neuen Films \u00fcber die Thrash-Metal-Band <span class=\"s1\"><b>Destruction<\/b><\/span> lockte zahlreiche Fans und Musikbegeisterte ins CineStar am Alexanderplatz in Berlin. Der Abend stand ganz im Zeichen der Band, die mit <span class=\"s1\"><b>Schmier <\/b>(Bass, Lead Vocals)<b>, Randy Black <\/b>(Drums)<b>, Damir Eski\u0107 <\/b>(Lead Guitar, Backing Vocals) und <b>Martin Furia <\/b>(Rhythm Guitar, Backing Vocals)<\/span> pers\u00f6nlich anwesend war, um die Premiere gemeinsam mit ihrem Publikum zu erleben.<\/p>\n<p class=\"p1\" style=\"text-align: justify;\">Nach der Vorf\u00fchrung nahm sich Bandleader <strong>Schmier<\/strong> zusammen mit den Filmemacherinnen <span class=\"s1\"><b>Denise D\u00f6rner und Ili Jelusic<\/b><\/span> Zeit f\u00fcr ein ausf\u00fchrliches Gespr\u00e4ch mit dem Publikum. Moderiert wurde der Abend von der Musikjournalistin (<span class=\"s1\">Metal Hammer)<b> Katrin Riedel. <\/b><\/span>So bot dann das sich an die Premiere anschlie\u00dfende Filmgespr\u00e4ch vor der Leinwand des Kino&#8217;s 9 des CUBIX-Filmpalastes spannende Einblicke in die Entstehung des Films und die Band.<\/p>\n<p>[\/vc_column_text][\/vc_column_inner][vc_column_inner width=&#8220;1\/3&#8243;][vc_single_image image=&#8220;220467&#8243; img_size=&#8220;full&#8220; add_caption=&#8220;yes&#8220; css=&#8220;&#8220;][\/vc_column_inner][\/vc_row_inner][vc_row_inner][vc_column_inner][vc_single_image image=&#8220;220464&#8243; img_size=&#8220;full&#8220; add_caption=&#8220;yes&#8220; css=&#8220;&#8220;][\/vc_column_inner][\/vc_row_inner][vc_row_inner][vc_column_inner width=&#8220;1\/3&#8243;][vc_single_image image=&#8220;220475&#8243; img_size=&#8220;full&#8220; add_caption=&#8220;yes&#8220; css=&#8220;&#8220;][\/vc_column_inner][vc_column_inner width=&#8220;1\/3&#8243;][vc_single_image image=&#8220;220477&#8243; img_size=&#8220;full&#8220; css=&#8220;&#8220;][\/vc_column_inner][vc_column_inner width=&#8220;1\/3&#8243;][vc_single_image image=&#8220;220481&#8243; img_size=&#8220;full&#8220; css=&#8220;&#8220;][\/vc_column_inner][\/vc_row_inner][vc_row_inner][vc_column_inner width=&#8220;2\/3&#8243;][vc_column_text css=&#8220;&#8220;]<\/p>\n<p class=\"p1\" style=\"text-align: justify;\">Ein besonderes Highlight folgte im Anschluss: Bei einer Signierstunde konnten Fans Autogramme auf Filmplakaten und Autogrammkarten ergattern und sich pers\u00f6nlich mit der Band austauschen. Am Merchandise-Stand herrschte reger Andrang \u2013 besonders die ersten Exemplare des neuen Studioalbums <span class=\"s1\"><b>\u201eBIRTH OF MALICE\u201c<\/b><\/span>, das offiziell erst wenige Stunden sp\u00e4ter, am <span class=\"s1\"><b>7. M\u00e4rz 2025 um 00:00 Uhr bei Napalm Records<\/b><\/span> erschien, waren stark nachgefragt. Neben dem Album wurden auch zahlreiche weitere Fanartikel verkauft, was die gro\u00dfe Vorfreude und Unterst\u00fctzung der Fans f\u00fcr <strong>Destruction<\/strong> und den Film noch einmal eindrucksvoll zeigte.<\/p>\n<p class=\"p1\" style=\"text-align: justify;\">Die Premiere bot eine gelungene Mischung aus Film, Musik und direktem Austausch mit der Band. F\u00fcr Fans und G\u00e4ste war es ein besonderer Abend, der die enge Verbindung zwischen <strong>Destruction<\/strong> und ihrem Publikum einmal mehr unter Beweis stellte.<\/p>\n<p>[\/vc_column_text][\/vc_column_inner][vc_column_inner width=&#8220;1\/3&#8243;][vc_single_image image=&#8220;220484&#8243; img_size=&#8220;full&#8220; add_caption=&#8220;yes&#8220; css=&#8220;&#8220;][\/vc_column_inner][\/vc_row_inner][vc_row_inner][vc_column_inner width=&#8220;1\/3&#8243;][vc_single_image image=&#8220;220486&#8243; img_size=&#8220;full&#8220; add_caption=&#8220;yes&#8220; css=&#8220;&#8220;][\/vc_column_inner][vc_column_inner width=&#8220;1\/3&#8243;][vc_column_text css=&#8220;&#8220;]<\/p>\n<p style=\"text-align: justify;\">Unter den prominenten Premiereng\u00e4sten fanden sich weitere K\u00fcnstler, Musikerkollegen und Musiklegenden, wie <strong>Mille Petrozza<\/strong> (Kreator), der Musikproduzent <strong>Harris Johns<\/strong> (Sodom, Tankard, Slipknot, Einst\u00fcrzende Neubauten u.a.), die Filmregisseurin und Produzentin <strong>Cordula Kablitz-Post<\/strong> (&#8222;FCK 2020 \u2013 Zweieinhalb Jahre mit Scooter&#8220;), der Producer und Songwriter <strong>Andy Posdziech<\/strong> und viele andere.<\/p>\n<p>[\/vc_column_text][\/vc_column_inner][vc_column_inner width=&#8220;1\/3&#8243;][vc_single_image image=&#8220;220500&#8243; img_size=&#8220;full&#8220; add_caption=&#8220;yes&#8220; css=&#8220;&#8220;][\/vc_column_inner][\/vc_row_inner][\/vc_column][\/vc_row][vc_row][vc_column width=&#8220;2\/3&#8243;][vc_video link=&#8220;https:\/\/www.youtube.com\/watch?v=Keuvi3Z5j_w&#8220; css=&#8220;&#8220; title=&#8220;Metal.de: Videospecial zur Filmpremiere&#8220;][\/vc_column][vc_column width=&#8220;1\/3&#8243;][vc_empty_space height=&#8220;20px&#8220;][vc_column_text css=&#8220;&#8220;]<\/p>\n<p style=\"text-align: justify;\">Die 1982 in Weil am Rhein gegr\u00fcndete Thrash-Metal-Band <strong>Destruction<\/strong> z\u00e4hlt neben <strong>Kreator<\/strong>,\u00a0<strong>Sodom<\/strong> und <strong>Tankard<\/strong> zu den \u201c<strong>Big Four<\/strong>\u201d des deutschen Thrash Metal. Mit ihrer kompromisslosen Musik und energiegeladenen Live-Auftritten haben sie weltweit Millionen Fans gewonnen und zahlreiche Alben ver\u00f6ffentlicht, die als Klassiker des Genres gelten.<\/p>\n<p>[\/vc_column_text][vc_column_text css=&#8220;&#8220;]<\/p>\n<p style=\"text-align: justify;\">Der Dokumentarfilm \u201c<strong>The Art of Destruction<\/strong>\u201d von <strong>Ili Jelusic<\/strong> und <strong>Denise D\u00f6rner<\/strong> bietet einen einzigartigen Einblick hinter die Kulissen dieser einflussreichen Band. S\u00e4nger <strong>Schmier<\/strong> und Gitarrist <strong>Mike<\/strong>, beide Mitte 50, stehen am \u00dcbergang zu einem neuen Lebensabschnitt und tr\u00e4umen von einer gemeinsamen Welttournee mit <strong>Sodom<\/strong> und <strong>Kreator<\/strong>. Doch unerwartete Ereignisse stellen ihre Pl\u00e4ne infrage und bedrohen die Existenz der Band.<\/p>\n<p>[\/vc_column_text][\/vc_column][\/vc_row][vc_row][vc_column width=&#8220;2\/3&#8243;][vc_column_text css=&#8220;&#8220;]<\/p>\n<p style=\"text-align: justify;\">\u00dcber einen Zeitraum von f\u00fcnf Jahren begleiteten die Filmemacher die Band und sammelten exklusives Material, das sich von traditionellen, interviewlastigen Dokumentationen abhebt. In reportageartigen Szenen taucht der Zuschauer tief in die Welt von Destruction ein und erlebt hautnah die H\u00f6hen und Tiefen des Lebens als Heavy-Metal-Musiker \u2013 von Auftritten in kleinen, schwitzigen Clubs bis hin zu riesigen Open-Air-B\u00fchnen. Dabei bleibt Schmier stets seiner \u00dcberzeugung treu und f\u00fchrt die Band durch alle Herausforderungen. \u201c<strong>The Art of Destruction<\/strong>\u201d zeigt kompromisslos, was es bedeutet, ein Leben f\u00fcr den Heavy Metal zu f\u00fchren, und gew\u00e4hrt dabei intime Einblicke in die Leidenschaft und den Kampfgeist einer der pr\u00e4gendsten Bands des Thrash Metal.<\/p>\n<p>[\/vc_column_text][vc_column_text css=&#8220;&#8220;]<\/p>\n<p style=\"text-align: justify;\">Nach der Berliner Weltpremiere wird der Film auf dem Filmlabel\u00a0<strong><span style=\"font-family: 'arial black', sans-serif;\">NONFY<\/span> Documentaries<\/strong> von <span style=\"font-family: 'arial black', sans-serif;\"><strong>UCM.ONE<\/strong><\/span> in ausgew\u00e4hlte Kinos gebracht. Parallel findet eine <em><strong>Kinotour<\/strong><\/em> mit mehreren Stationen statt:<\/p>\n<p>[\/vc_column_text][vc_row_inner][vc_column_inner][vc_column_text css=&#8220;&#8220;]<\/p>\n<table style=\"border-collapse: collapse; width: 100%; height: 154px;\">\n<tbody>\n<tr style=\"height: 22px;\">\n<td style=\"width: 26.877133%; height: 22px;\">Samstag, 08.03.2025<\/td>\n<td style=\"width: 24.061433%; height: 22px;\">M\u00fcnchen<\/td>\n<td style=\"width: 24.402731%; height: 22px;\">21:15 Uhr<\/td>\n<td style=\"width: 24.658703%; height: 22px;\">Leopold Kinos<\/td>\n<\/tr>\n<tr style=\"height: 22px;\">\n<td style=\"width: 26.877133%; height: 22px;\">Sonntag, 09.03.2025<\/td>\n<td style=\"width: 24.061433%; height: 22px;\">Augsburg<\/td>\n<td style=\"width: 24.402731%; height: 22px;\">15:00 Uhr<\/td>\n<td style=\"width: 24.658703%; height: 22px;\">Liliom<\/td>\n<\/tr>\n<tr style=\"height: 22px;\">\n<td style=\"width: 26.877133%; height: 22px;\">Montag, 10.03.2025<\/td>\n<td style=\"width: 24.061433%; height: 22px;\">Aschaffenburg<\/td>\n<td style=\"width: 24.402731%; height: 22px;\">20:30 Uhr<\/td>\n<td style=\"width: 24.658703%; height: 22px;\">Casino<\/td>\n<\/tr>\n<tr style=\"height: 22px;\">\n<td style=\"width: 26.877133%; height: 22px;\">Dienstag, 11.03.2025<\/td>\n<td style=\"width: 24.061433%; height: 22px;\">Frankfurt<\/td>\n<td style=\"width: 24.402731%; height: 22px;\">20:45 Uhr<\/td>\n<td style=\"width: 24.658703%; height: 22px;\">Harmonie Kino<\/td>\n<\/tr>\n<tr style=\"height: 22px;\">\n<td style=\"width: 26.877133%; height: 22px;\">Mittwoch, 12.03.2025<\/td>\n<td style=\"width: 24.061433%; height: 22px;\">Mainz<\/td>\n<td style=\"width: 24.402731%; height: 22px;\">18:00 Uhr<\/td>\n<td style=\"width: 24.658703%; height: 22px;\">Capitol<\/td>\n<\/tr>\n<tr style=\"height: 22px;\">\n<td style=\"width: 26.877133%; height: 22px;\">Freitag, 14.03.2025<\/td>\n<td style=\"width: 24.061433%; height: 22px;\">D\u00fcsseldorf<\/td>\n<td style=\"width: 24.402731%; height: 22px;\">21:00 Uhr<\/td>\n<td style=\"width: 24.658703%; height: 22px;\">Atelier<\/td>\n<\/tr>\n<tr style=\"height: 22px;\">\n<td style=\"width: 26.877133%; height: 22px;\">Samstag, 29.03.2025<\/td>\n<td style=\"width: 24.061433%; height: 22px;\">Weil am Rhein<\/td>\n<td style=\"width: 24.402731%; height: 22px;\">19:30 Uhr<\/td>\n<td style=\"width: 24.658703%; height: 22px;\">Kinopalast<\/td>\n<\/tr>\n<\/tbody>\n<\/table>\n<p>[\/vc_column_text][\/vc_column_inner][\/vc_row_inner][\/vc_column][vc_column width=&#8220;1\/3&#8243;][vc_single_image image=&#8220;228419&#8243; img_size=&#8220;full&#8220; onclick=&#8220;link_image&#8220; css=&#8220;&#8220;][\/vc_column][\/vc_row][vc_row][vc_column][vc_empty_space height=&#8220;20px&#8220;][\/vc_column][\/vc_row][vc_row][vc_column][vc_video link=&#8220;https:\/\/www.youtube.com\/watch?v=dqaKx1ybEfY&#8220; css=&#8220;&#8220; title=&#8220;The Art Of Destruction (Teaser 2025)&#8220;][\/vc_column][\/vc_row][vc_row disable_element=&#8220;yes&#8220;][vc_column][vc_empty_space height=&#8220;15px&#8220;][vc_separator][vc_row_inner][vc_column_inner width=&#8220;1\/4&#8243;][vc_btn title=&#8220;Amazon&#8220; style=&#8220;classic&#8220; color=&#8220;orange&#8220; size=&#8220;sm&#8220; align=&#8220;center&#8220; i_icon_fontawesome=&#8220;fab fa-amazon&#8220; button_block=&#8220;true&#8220; add_icon=&#8220;true&#8220; link=&#8220;url:https%3A%2F%2Fwww.amazon.de%2FUnter-Ausschlu%C3%9F-%C3%96ffentlichkeit-Mediabook-Blu-ray%2Fdp%2FB0BJYD445L|title:Amazon|target:_blank&#8220;][\/vc_column_inner][vc_column_inner width=&#8220;1\/4&#8243;][vc_btn title=&#8220;JPC&#8220; style=&#8220;classic&#8220; color=&#8220;success&#8220; size=&#8220;sm&#8220; align=&#8220;center&#8220; i_icon_fontawesome=&#8220;far fa-dot-circle&#8220; button_block=&#8220;true&#8220; add_icon=&#8220;true&#8220; link=&#8220;url:https%3A%2F%2Fwww.jpc.de%2Fjpcng%2Fmovie%2Fdetail%2F-%2Fart%2Funter-ausschluss-der-oeffentlichkeit%2Fhnum%2F11049492|title:JPC|target:_blank&#8220;][\/vc_column_inner][vc_column_inner width=&#8220;1\/4&#8243;][vc_btn title=&#8220;Shop&#8220; style=&#8220;classic&#8220; color=&#8220;juicy-pink&#8220; size=&#8220;sm&#8220; align=&#8220;center&#8220; i_icon_fontawesome=&#8220;fas fa-shopping-cart&#8220; button_block=&#8220;true&#8220; add_icon=&#8220;true&#8220; link=&#8220;url:https%3A%2F%2Fucm.one%2Fde%2Fprodukt%2Funter-ausschluss-der-oeffentlichkeit|title:Shop&#8220;][\/vc_column_inner][vc_column_inner width=&#8220;1\/4&#8243;][vc_btn title=&#8220;Wer Streamt Es?&#8220; style=&#8220;classic&#8220; color=&#8220;sky&#8220; size=&#8220;sm&#8220; align=&#8220;center&#8220; i_icon_fontawesome=&#8220;fas fa-question-circle&#8220; button_block=&#8220;true&#8220; add_icon=&#8220;true&#8220; link=&#8220;url:https%3A%2F%2Fwww.werstreamt.es%2Ffilm%2Fdetails%2F18994%2Funter-ausschluss-der-oeffentlichkeit%2F|title:Wer%20Streamt%20es|target:_blank&#8220;][\/vc_column_inner][\/vc_row_inner][\/vc_column][\/vc_row][vc_row disable_element=&#8220;yes&#8220;][vc_column][vc_empty_space height=&#8220;25px&#8220;][vc_column_text]<\/p>\n<div class=\"wpb_text_column wpb_content_element \">\n<div class=\"wpb_wrapper\">\n<p><span style=\"font-size: 18pt;\">Technische Daten<\/span><\/p>\n<p><strong>Mediabook<\/strong>\u00a0| Bildformat: 1:1,33<span lang=\"EN-US\">\u00a0<\/span>| Laufzeit: 97 Min | Tonformat: Mono | Bonus: Trailer | Mediabook mit abl\u00f6sbarem FSK-Sticker | FSK 16<\/p>\n<\/div>\n<\/div>\n<p>[\/vc_column_text][vc_separator css=&#8220;.vc_custom_1560377795279{margin-top: 15px !important;}&#8220;][\/vc_column][\/vc_row][vc_row][vc_column width=&#8220;1\/2&#8243;][vc_column_text css=&#8220;&#8220;]Weitere Informationen \u00fcber den Film: <a title=\"NONFY Documentaries\" href=\"https:\/\/ucm.one\/de\/the-art-of-destruction\/\" rel=\"noopener\">The Art Of Destruction<\/a>[\/vc_column_text][\/vc_column][vc_column width=&#8220;1\/2&#8243;][vc_column_text css=&#8220;&#8220;]Weitere Informationen \u00fcber das Musik-Label: <a title=\"NONFY Documentaries\" href=\"https:\/\/label.napalmrecords.com\/\" target=\"_blank\" rel=\"noopener\">Napalm Records<\/a>[\/vc_column_text][\/vc_column][\/vc_row]<\/p>\n<\/div>","protected":false},"excerpt":{"rendered":"<p>[vc_row][vc_column][vc_row_inner][vc_column_inner][vc_column_text css=&#8220;&#8220;] Die einzigartige Musikdoku &#8222;The Art of Destruction&#8220; \u00fcber die legend\u00e4re Thrash-Metal Band Destruction feierte am 6. M\u00e4rz 2025 ihre\u00a0Weltpremiere im Berliner CineStar CUBIX am Alexanderplatz. Zur Premiere waren neben dem Filmteam auch alle Musiker der Band rund um Leads\u00e4nger und Bassist Schmier\u00a0zur Premiere ins Kino CineStar-Berlin, CUBIX am Alexanderplatz gekommen und mit ihnen&hellip;<\/p>\n","protected":false},"author":513,"featured_media":220462,"comment_status":"closed","ping_status":"closed","sticky":false,"template":"","format":"standard","meta":{"_acf_changed":false,"footnotes":""},"categories":[8,10,9,13,4587],"tags":[18487,18480,18486,18556,17369,18483,7435,18484,18557,7090,18555,7081,4603,18485,18482,18479,18510,10308],"class_list":["post-220455","post","type-post","status-publish","format-standard","has-post-thumbnail","hentry","category-film","category-kino","category-musik","category-news","category-nonfy-documentaries","tag-alexanderplatz","tag-birth-of-malice","tag-cinestar","tag-cordula-kablitz-post","tag-cubix","tag-damir","tag-destruction","tag-furia","tag-harris-johns","tag-metal","tag-mille-petrozza","tag-napalm-records","tag-nonfy-documentaries","tag-randy","tag-schmier","tag-the-art-of-destruction","tag-thrash-metal","tag-vorverkauf","category-8","category-10","category-9","category-13","category-4587","description-off"],"acf":[],"yoast_head":"<!-- This site is optimized with the Yoast SEO plugin v27.5 - https:\/\/yoast.com\/product\/yoast-seo-wordpress\/ -->\n<title>\u201eThe Art of Destruction\u201c feierte Welt - und Kinostartpremiere am 6. M\u00e4rz 2025<\/title>\n<meta name=\"description\" content=\"Der Dokumentarfilm \u201eThe Art of Destruction\u201c feierte am 6. M\u00e4rz mit Band, Fans und Promig\u00e4sten Welt - und Kinostartpremiere in Berlin\" \/>\n<meta name=\"robots\" content=\"index, follow, max-snippet:-1, max-image-preview:large, max-video-preview:-1\" \/>\n<link rel=\"canonical\" href=\"https:\/\/ucm.one\/de\/musikdoku-the-art-of-destruction-feierte-weltpremiere-und-kinostart-am-6-marz-2025\/\" \/>\n<meta property=\"og:locale\" content=\"de_DE\" \/>\n<meta property=\"og:type\" content=\"article\" \/>\n<meta property=\"og:title\" content=\"\u201eThe Art of Destruction\u201c feierte Weltpremiere am 6. M\u00e4rz 2025\" \/>\n<meta property=\"og:description\" content=\"Der Dokumentarfilm \u201eThe Art of Destruction\u201c feierte am 6. M\u00e4rz mit Band, Fans und Promig\u00e4sten Welt - und Kinostartpremiere in Berlin\" \/>\n<meta property=\"og:url\" content=\"https:\/\/ucm.one\/de\/musikdoku-the-art-of-destruction-feierte-weltpremiere-und-kinostart-am-6-marz-2025\/\" \/>\n<meta property=\"og:site_name\" content=\"UCM.ONE\" \/>\n<meta property=\"article:published_time\" content=\"2025-03-07T01:00:20+00:00\" \/>\n<meta property=\"article:modified_time\" content=\"2025-03-21T14:07:15+00:00\" \/>\n<meta property=\"og:image\" content=\"https:\/\/ucm.one\/wp-content\/uploads\/2025\/01\/PP-The-Art-od-Destruction.jpg\" \/>\n\t<meta property=\"og:image:width\" content=\"699\" \/>\n\t<meta property=\"og:image:height\" content=\"1000\" \/>\n\t<meta property=\"og:image:type\" content=\"image\/jpeg\" \/>\n<meta name=\"author\" content=\"robert.zimmermann\" \/>\n<meta name=\"twitter:card\" content=\"summary_large_image\" \/>\n<meta name=\"twitter:title\" content=\"\u201eThe Art of Destruction\u201c feierte Weltpremiere am 6. M\u00e4rz 2025\" \/>\n<meta name=\"twitter:description\" content=\"Der Dokumentarfilm \u201eThe Art of Destruction\u201c feierte am 6. M\u00e4rz mit Band, Fans und Promig\u00e4sten Welt - und Kinostartpremiere in Berlin\" \/>\n<meta name=\"twitter:image\" content=\"https:\/\/ucm.one\/wp-content\/uploads\/2025\/01\/PP-The-Art-od-Destruction.jpg\" \/>\n<meta name=\"twitter:label1\" content=\"Verfasst von\" \/>\n\t<meta name=\"twitter:data1\" content=\"robert.zimmermann\" \/>\n\t<meta name=\"twitter:label2\" content=\"Gesch\u00e4tzte Lesezeit\" \/>\n\t<meta name=\"twitter:data2\" content=\"6\u00a0Minuten\" \/>\n<!-- \/ Yoast SEO plugin. -->","yoast_head_json":{"title":"\u201eThe Art of Destruction\u201c feierte Welt - und Kinostartpremiere am 6. M\u00e4rz 2025","description":"Der Dokumentarfilm \u201eThe Art of Destruction\u201c feierte am 6. M\u00e4rz mit Band, Fans und Promig\u00e4sten Welt - und Kinostartpremiere in Berlin","robots":{"index":"index","follow":"follow","max-snippet":"max-snippet:-1","max-image-preview":"max-image-preview:large","max-video-preview":"max-video-preview:-1"},"canonical":"https:\/\/ucm.one\/de\/musikdoku-the-art-of-destruction-feierte-weltpremiere-und-kinostart-am-6-marz-2025\/","og_locale":"de_DE","og_type":"article","og_title":"\u201eThe Art of Destruction\u201c feierte Weltpremiere am 6. M\u00e4rz 2025","og_description":"Der Dokumentarfilm \u201eThe Art of Destruction\u201c feierte am 6. M\u00e4rz mit Band, Fans und Promig\u00e4sten Welt - und Kinostartpremiere in Berlin","og_url":"https:\/\/ucm.one\/de\/musikdoku-the-art-of-destruction-feierte-weltpremiere-und-kinostart-am-6-marz-2025\/","og_site_name":"UCM.ONE","article_published_time":"2025-03-07T01:00:20+00:00","article_modified_time":"2025-03-21T14:07:15+00:00","og_image":[{"width":699,"height":1000,"url":"https:\/\/ucm.one\/wp-content\/uploads\/2025\/01\/PP-The-Art-od-Destruction.jpg","type":"image\/jpeg"}],"author":"robert.zimmermann","twitter_card":"summary_large_image","twitter_title":"\u201eThe Art of Destruction\u201c feierte Weltpremiere am 6. M\u00e4rz 2025","twitter_description":"Der Dokumentarfilm \u201eThe Art of Destruction\u201c feierte am 6. M\u00e4rz mit Band, Fans und Promig\u00e4sten Welt - und Kinostartpremiere in Berlin","twitter_image":"https:\/\/ucm.one\/wp-content\/uploads\/2025\/01\/PP-The-Art-od-Destruction.jpg","twitter_misc":{"Verfasst von":"robert.zimmermann","Gesch\u00e4tzte Lesezeit":"6\u00a0Minuten"},"schema":{"@context":"https:\/\/schema.org","@graph":[{"@type":"Article","@id":"https:\/\/ucm.one\/de\/musikdoku-the-art-of-destruction-feierte-weltpremiere-und-kinostart-am-6-marz-2025\/#article","isPartOf":{"@id":"https:\/\/ucm.one\/de\/musikdoku-the-art-of-destruction-feierte-weltpremiere-und-kinostart-am-6-marz-2025\/"},"author":{"name":"robert.zimmermann","@id":"https:\/\/ucm.one\/de\/#\/schema\/person\/c3b3f40103ac9b2939adf4c2e044f503"},"headline":"\ud83c\udfac Musikdoku \u201eThe Art of Destruction\u201c feierte Weltpremiere und Kinostart am 6. M\u00e4rz 2025","datePublished":"2025-03-07T01:00:20+00:00","dateModified":"2025-03-21T14:07:15+00:00","mainEntityOfPage":{"@id":"https:\/\/ucm.one\/de\/musikdoku-the-art-of-destruction-feierte-weltpremiere-und-kinostart-am-6-marz-2025\/"},"wordCount":1369,"publisher":{"@id":"https:\/\/ucm.one\/de\/#organization"},"image":{"@id":"https:\/\/ucm.one\/de\/musikdoku-the-art-of-destruction-feierte-weltpremiere-und-kinostart-am-6-marz-2025\/#primaryimage"},"thumbnailUrl":"https:\/\/ucm.one\/wp-content\/uploads\/2025\/03\/Artwork_Banner_News_bIMG_8514.jpg","keywords":["Alexanderplatz","Birth of Malice","CineStar","Cordula Kablitz-Post","Cubix","Damir","Destruction","Furia","Harris Johns","Metal","Mille Petrozza","Napalm Records","NONFY Documentaries","Randy","Schmier","The Art of Destruction","Thrash Metal","Vorverkauf"],"articleSection":["Film","Kino","Musik","News","NONFY Documentaries"],"inLanguage":"de"},{"@type":"WebPage","@id":"https:\/\/ucm.one\/de\/musikdoku-the-art-of-destruction-feierte-weltpremiere-und-kinostart-am-6-marz-2025\/","url":"https:\/\/ucm.one\/de\/musikdoku-the-art-of-destruction-feierte-weltpremiere-und-kinostart-am-6-marz-2025\/","name":"\u201eThe Art of Destruction\u201c feierte Welt - und Kinostartpremiere am 6. M\u00e4rz 2025","isPartOf":{"@id":"https:\/\/ucm.one\/de\/#website"},"primaryImageOfPage":{"@id":"https:\/\/ucm.one\/de\/musikdoku-the-art-of-destruction-feierte-weltpremiere-und-kinostart-am-6-marz-2025\/#primaryimage"},"image":{"@id":"https:\/\/ucm.one\/de\/musikdoku-the-art-of-destruction-feierte-weltpremiere-und-kinostart-am-6-marz-2025\/#primaryimage"},"thumbnailUrl":"https:\/\/ucm.one\/wp-content\/uploads\/2025\/03\/Artwork_Banner_News_bIMG_8514.jpg","datePublished":"2025-03-07T01:00:20+00:00","dateModified":"2025-03-21T14:07:15+00:00","description":"Der Dokumentarfilm \u201eThe Art of Destruction\u201c feierte am 6. M\u00e4rz mit Band, Fans und Promig\u00e4sten Welt - und Kinostartpremiere in Berlin","breadcrumb":{"@id":"https:\/\/ucm.one\/de\/musikdoku-the-art-of-destruction-feierte-weltpremiere-und-kinostart-am-6-marz-2025\/#breadcrumb"},"inLanguage":"de","potentialAction":[{"@type":"ReadAction","target":["https:\/\/ucm.one\/de\/musikdoku-the-art-of-destruction-feierte-weltpremiere-und-kinostart-am-6-marz-2025\/"]}]},{"@type":"ImageObject","inLanguage":"de","@id":"https:\/\/ucm.one\/de\/musikdoku-the-art-of-destruction-feierte-weltpremiere-und-kinostart-am-6-marz-2025\/#primaryimage","url":"https:\/\/ucm.one\/wp-content\/uploads\/2025\/03\/Artwork_Banner_News_bIMG_8514.jpg","contentUrl":"https:\/\/ucm.one\/wp-content\/uploads\/2025\/03\/Artwork_Banner_News_bIMG_8514.jpg","width":1920,"height":600},{"@type":"BreadcrumbList","@id":"https:\/\/ucm.one\/de\/musikdoku-the-art-of-destruction-feierte-weltpremiere-und-kinostart-am-6-marz-2025\/#breadcrumb","itemListElement":[{"@type":"ListItem","position":1,"name":"Home","item":"https:\/\/ucm.one\/de\/"},{"@type":"ListItem","position":2,"name":"\ud83c\udfac Musikdoku \u201eThe Art of Destruction\u201c feierte Weltpremiere und Kinostart am 6. M\u00e4rz 2025"}]},{"@type":"WebSite","@id":"https:\/\/ucm.one\/de\/#website","url":"https:\/\/ucm.one\/de\/","name":"UCM.ONE","description":"","publisher":{"@id":"https:\/\/ucm.one\/de\/#organization"},"potentialAction":[{"@type":"SearchAction","target":{"@type":"EntryPoint","urlTemplate":"https:\/\/ucm.one\/de\/?s={search_term_string}"},"query-input":{"@type":"PropertyValueSpecification","valueRequired":true,"valueName":"search_term_string"}}],"inLanguage":"de"},{"@type":"Organization","@id":"https:\/\/ucm.one\/de\/#organization","name":"UCM.ONE","url":"https:\/\/ucm.one\/de\/","logo":{"@type":"ImageObject","inLanguage":"de","@id":"https:\/\/ucm.one\/de\/#\/schema\/logo\/image\/","url":"https:\/\/ucm.one\/wp-content\/uploads\/2019\/10\/UCM.ONE-Logo-RGB.svg","contentUrl":"https:\/\/ucm.one\/wp-content\/uploads\/2019\/10\/UCM.ONE-Logo-RGB.svg","width":1,"height":1,"caption":"UCM.ONE"},"image":{"@id":"https:\/\/ucm.one\/de\/#\/schema\/logo\/image\/"}},{"@type":"Person","@id":"https:\/\/ucm.one\/de\/#\/schema\/person\/c3b3f40103ac9b2939adf4c2e044f503","name":"robert.zimmermann","image":{"@type":"ImageObject","inLanguage":"de","@id":"https:\/\/secure.gravatar.com\/avatar\/e46878d77ec9637bfe2c211eadff61cf2f817a55dd152b546e649bd7e53c0e04?s=96&d=mm&r=g","url":"https:\/\/secure.gravatar.com\/avatar\/e46878d77ec9637bfe2c211eadff61cf2f817a55dd152b546e649bd7e53c0e04?s=96&d=mm&r=g","contentUrl":"https:\/\/secure.gravatar.com\/avatar\/e46878d77ec9637bfe2c211eadff61cf2f817a55dd152b546e649bd7e53c0e04?s=96&d=mm&r=g","caption":"robert.zimmermann"}}]}},"_links":{"self":[{"href":"https:\/\/ucm.one\/de\/wp-json\/wp\/v2\/posts\/220455","targetHints":{"allow":["GET"]}}],"collection":[{"href":"https:\/\/ucm.one\/de\/wp-json\/wp\/v2\/posts"}],"about":[{"href":"https:\/\/ucm.one\/de\/wp-json\/wp\/v2\/types\/post"}],"author":[{"embeddable":true,"href":"https:\/\/ucm.one\/de\/wp-json\/wp\/v2\/users\/513"}],"replies":[{"embeddable":true,"href":"https:\/\/ucm.one\/de\/wp-json\/wp\/v2\/comments?post=220455"}],"version-history":[{"count":46,"href":"https:\/\/ucm.one\/de\/wp-json\/wp\/v2\/posts\/220455\/revisions"}],"predecessor-version":[{"id":228421,"href":"https:\/\/ucm.one\/de\/wp-json\/wp\/v2\/posts\/220455\/revisions\/228421"}],"wp:featuredmedia":[{"embeddable":true,"href":"https:\/\/ucm.one\/de\/wp-json\/wp\/v2\/media\/220462"}],"wp:attachment":[{"href":"https:\/\/ucm.one\/de\/wp-json\/wp\/v2\/media?parent=220455"}],"wp:term":[{"taxonomy":"category","embeddable":true,"href":"https:\/\/ucm.one\/de\/wp-json\/wp\/v2\/categories?post=220455"},{"taxonomy":"post_tag","embeddable":true,"href":"https:\/\/ucm.one\/de\/wp-json\/wp\/v2\/tags?post=220455"}],"curies":[{"name":"wp","href":"https:\/\/api.w.org\/{rel}","templated":true}]}}