{"id":220427,"date":"2025-03-10T08:31:21","date_gmt":"2025-03-10T08:31:21","guid":{"rendered":"https:\/\/ucm.one\/?p=220427"},"modified":"2025-04-06T16:33:48","modified_gmt":"2025-04-06T16:33:48","slug":"der-verschwundene-soldat-mit-zwei-auffuehrungen-auf-dem-juedischen-filmfestival-wien-2025","status":"publish","type":"post","link":"https:\/\/ucm.one\/de\/der-verschwundene-soldat-mit-zwei-auffuehrungen-auf-dem-juedischen-filmfestival-wien-2025\/","title":{"rendered":"\ud83c\udfac &#8222;Der verschwundene Soldat&#8220; mit zwei Auff\u00fchrungen auf dem J\u00fcdischen Filmfestival Wien 2025"},"content":{"rendered":"<div class=\"wpb-content-wrapper\"><p>[vc_row][vc_column][vc_column_text css=&#8220;&#8220;]<\/p>\n<p style=\"text-align: justify;\">Der israelische Antikriegsfim <strong>&#8222;Der verschwundene Soldat&#8220;<\/strong> \u00a0(Internationaler Titel: &#8222;The Vanishing Soldier&#8220;) von Dani Rosenberg wird auf dem <strong>J\u00fcdischen Filmfestival Wien 2025<\/strong> gezeigt.<\/p>\n<p style=\"text-align: justify;\">Das <strong>J\u00fcdische Filmfestival Wien (JFW)<\/strong>, das vom 11. bis 25. M\u00e4rz 2025 stattfindet, feiert in diesem Jahr sein 34. Jubil\u00e4um. Unter dem Motto \u201cShalom Oida\u201d pr\u00e4sentiert das Festival rund 50 Spiel-, Dokumentar- und Kurzfilme aus elf L\u00e4ndern. Die Er\u00f6ffnung erfolgt mit dem ungarischen Spielfilm \u201cAll About the Levkoviches&#8220;, der die Ann\u00e4herung eines orthodoxen Sohnes an seinen s\u00e4kularen Vater humorvoll thematisiert.<\/p>\n<p style=\"text-align: justify;\">Das Festival versteht sich als Plattform zur F\u00f6rderung der Vielfalt j\u00fcdischer Identit\u00e4ten, von orthodox bis queer. Es setzt sich aktiv gegen Antisemitismus und Rassismus ein, indem es Filme zeigt, die die Auswirkungen von Judenhass, Krieg und Vorurteilen beleuchten, aber auch Friedensinitiativen und erfolgreichen Widerstand hervorheben. Besonders bemerkenswert ist der hohe Anteil von Filmen weiblicher Regisseurinnen; etwa 20 der gezeigten Werke stammen von Frauen und widmen sich oft spezifisch weiblichen Lebensentw\u00fcrfen.<\/p>\n<p style=\"text-align: justify;\">Durch sein vielf\u00e4ltiges Programm tr\u00e4gt das JFW nicht nur zur F\u00f6rderung des j\u00fcdischen Films bei, sondern bereichert auch die internationale Filmszene insgesamt. Es bietet Einblicke in die Komplexit\u00e4t j\u00fcdischen Lebens und f\u00f6rdert den interkulturellen Dialog, was es zu einem unverzichtbaren Bestandteil der globalen Filmfestivallandschaft macht.<\/p>\n<p style=\"text-align: justify;\">Im Rahmen des <strong>J\u00fcdischen Filmfestivals Wien 2025<\/strong> wird neben Dani Rosenbergs Film <strong>&#8222;The Vanishing Soldier&#8220;<\/strong> (2023) auch seine Arbeit<strong> \u201cOf Dogs and Men\u201d<\/strong> (2024) gezeigt, ein ersch\u00fctternder semi-dokumentarischer Film, der sich mit den Ereignissen und Folgen des Hamas-Terrorangriffs vom 7. September 2023 befasst.<\/p>\n<p style=\"text-align: justify;\">Die Screenings zu<strong> &#8222;The Vanishing Soldier&#8220;<\/strong> finden &#8211; in Kooperation mit <strong>THIS HUMAN WORLD Filmfestival<\/strong> &#8211; am 12. M\u00e4rz 2025, 20:00 Uhr (Metro Filmkulturhaus HS &#8211; mit anschlie\u00dfendem Zoom-Q&amp;A mit Regisseur Dani Rosenberg) und 22. M\u00e4rz 2025, 20:00 Uhr (Metro Filmkulturhaus KS) statt.<\/p>\n<p style=\"text-align: justify;\"><strong>UCM.ONE<\/strong> vertreibt den israelischen Film <strong>&#8222;The Vanishing Soldier&#8220;<\/strong> im deutschsprachigen Raum auf seinem Label <strong>Artkeim\u00b2<\/strong> sowohl in hebr\u00e4ischer Originalfassung mit englischen oder deutschen Untertiteln, als auch in einer deutschen Synchronfassung unter dem deutschen Titel <strong>&#8222;Der verschwundene Soldat&#8220;<\/strong>.<\/p>\n<p>[\/vc_column_text][vc_single_image image=&#8220;220432&#8243; img_size=&#8220;full&#8220; css=&#8220;&#8220;][\/vc_column][\/vc_row][vc_row][vc_column width=&#8220;3\/4&#8243;][vc_row_inner][vc_column_inner][vc_column_text css=&#8220;&#8220;]<\/p>\n<p style=\"font-weight: 400; text-align: justify;\">Der Film um Shlomi, einen 18-j\u00e4hrigen israelischen IDF-Soldaten, der sich regelwidrig von der im Gaza-Streifen k\u00e4mpfenden Truppe entfernt um zu seiner Freundin nach Tel Aviv zu fl\u00fcchten, ist der zweite Langspielfilm des israelischen Regisseurs <strong>Dani Rosenberg<\/strong> (geb. 1979). Der Film ist ein eindr\u00fcckliches, poetisches und existenzielles Bild einer Jugend in Israel, einer jungen Generation, die sich mit dem Dauerzustand von Landesverteidigung und Krieg konfrontiert sieht.<\/p>\n<p>[\/vc_column_text][vc_column_text css=&#8220;&#8220;]<\/p>\n<p style=\"font-weight: 400; text-align: justify;\"><span style=\"font-size: 14pt;\">Inhalt<\/span><\/p>\n<p style=\"text-align: justify;\">Im Morgengrauen nach einem Kampfeinsatz im Gaza-Streifen entfernt sich Shlomi Aharonov, ein 18-j\u00e4hriger Infantriesoldat der Golani-Brigade, von seiner Einheit und der Truppe, indem er einfach wegl\u00e4uft. Sein Weg f\u00fchrt ihn zun\u00e4chst zum Haus seiner Eltern in der Siedlung Sde Uziel auf dem Land. Seine Eltern trifft er nicht an. Als Soldaten vor dem Haus auftauchen um offensichtlich seine Eltern aufsuchen zu wollen, fl\u00fcchtet Shlomi mit einem Fahrrad. Schlie\u00dflich gelangt er mit einem Milit\u00e4rbus, in welchem er unerkannt mitfahren kann, nach Tel Aviv, wo er seine Freundin Shiri auf Arbeit besucht.<\/p>\n<p style=\"text-align: justify;\">Als Shlomi erf\u00e4hrt, dass die Milit\u00e4rf\u00fchrung davon \u00fcberzeugt ist, dass er in den Kriegswirren entf\u00fchrt wurde, versteckt er sich nicht mehr vor den Soldaten, von denen er glaubte, dass sie hinter ihm her sind, sondern vor seiner eigenen Identit\u00e4t, die zu einer Falle geworden ist. Trotz der Bitten seiner Eltern, zu seiner Einheit zur\u00fcckzukehren, bevor es zu sp\u00e4t ist, geht Shlomi ein verzweifeltes Risiko f\u00fcr die Liebe ein \u2013 mit dramatischen Folgen. Diese tragisch-komische Reise, die sich \u00fcber einen Zeitraum von 24 Stunden in den hei\u00dfen und feuchten Stra\u00dfen von Tel Aviv abspielt, wechselt von Schrecken zu Hoffnung, von Romantik zu Albtraum.<\/p>\n<p>[\/vc_column_text][\/vc_column_inner][\/vc_row_inner][\/vc_column][vc_column width=&#8220;1\/4&#8243;][vc_single_image image=&#8220;106989&#8243; img_size=&#8220;full&#8220; onclick=&#8220;link_image&#8220; css=&#8220;&#8220;][\/vc_column][\/vc_row][vc_row][vc_column][vc_column_text css=&#8220;&#8220;]<\/p>\n<p style=\"font-weight: 400; text-align: justify;\">Der Film feierte seine Weltpremiere beim <strong>76. Locarno Film Festiva<\/strong>l und erhielt 11 Nominierungen bei den<strong> Ophir Awards<\/strong>, darunter auch f\u00fcr den &#8222;<em><strong>besten Film<\/strong>&#8222;<\/em>. &#8222;<strong>The Vanishing Soldier<\/strong>&#8220; wurde auf bedeutenden deutschen Filmfestivals gezeigt, darunter das <strong>Filmfest Hamburg<\/strong> und das <strong>30. J\u00fcdische Filmfestival Berlin Brandenburg<\/strong> (<strong>JFBB<\/strong>). Beim <strong>JFBB 2024<\/strong> erhielt Hauptdarsteller <strong>Ido Tako<\/strong> die Auszeichnung als &#8222;<strong><em>bester Nachwuchsschauspieler<\/em><\/strong>&#8222;.<\/p>\n<p>[\/vc_column_text][\/vc_column][\/vc_row][vc_row][vc_column width=&#8220;1\/2&#8243;][vc_single_image image=&#8220;106406&#8243; img_size=&#8220;full&#8220; onclick=&#8220;link_image&#8220; css=&#8220;&#8220;][\/vc_column][vc_column width=&#8220;1\/2&#8243;][vc_single_image image=&#8220;106432&#8243; img_size=&#8220;full&#8220; onclick=&#8220;link_image&#8220; css=&#8220;&#8220;][\/vc_column][\/vc_row][vc_row css=&#8220;.vc_custom_1676846821410{margin-bottom: -20px !important;}&#8220;][vc_column][vc_column_text css=&#8220;.vc_custom_1718866540893{margin-bottom: -10px !important;}&#8220;]<span style=\"font-size: 14pt;\">\u00dcber <\/span><span lang=\"de\" style=\"font-size: 14pt;\">Dani Rosenberg (Regie und Ko-Autor)<\/span>[\/vc_column_text][vc_empty_space height=&#8220;22px&#8220;][\/vc_column][\/vc_row][vc_row bg_type=&#8220;bg_color&#8220; ult_hide_row=&#8220;ult_hide_row_value&#8220; ult_hide_row_large_screen=&#8220;large_screen&#8220; ult_hide_row_desktop=&#8220;desktop&#8220; ult_hide_row_tablet=&#8220;tablet&#8220;][vc_column][vc_empty_space][\/vc_column][\/vc_row][vc_row][vc_column width=&#8220;1\/4&#8243;][vc_single_image image=&#8220;105233&#8243; img_size=&#8220;full&#8220; css=&#8220;&#8220;][\/vc_column][vc_column width=&#8220;3\/4&#8243;][vc_column_text css=&#8220;&#8220;]<\/p>\n<p style=\"font-weight: 400;\">Geboren 1979 in Tel Aviv-Jaffa, Israel, studierte an der <strong>Sam Spiegel Film- und Fernsehhochschule<\/strong> in Jerusalem, die er 2006 mit Auszeichnung abschloss.<\/p>\n<p>[\/vc_column_text][vc_column_text css=&#8220;&#8220;]<\/p>\n<p style=\"font-weight: 400;\">Die Kurzfilme \u201e<strong>Don Kishot be\u2019Yerushalaim<\/strong>\u201c (2005) und \u201e<strong>Susya<\/strong>\u201c (2011) wurden auf der <strong>Berlinale<\/strong> gezeigt. Nach der Arbeit am mittellangen Film \u201e<strong>Homeland<\/strong>\u201c (2008) und an verschiedenen Fernsehserien war sein Langspielfilm &#8220; <strong>The Death of Cinema and My Father Too<\/strong>&#8220; (2020) Teilnehmer an der offiziellen Auswahl der <strong>Filmfestspiele von Cannes 2020<\/strong> und gewann den <strong>Haggiag-Filmpreis<\/strong> das <strong>Jerusalemer Filmfestivals 2020<\/strong>.<\/p>\n<p>[\/vc_column_text][vc_column_text css=&#8220;&#8220;]<\/p>\n<p style=\"font-weight: 400;\">Seine preisgekr\u00f6nten Kurzfilme wurden auf renommierten internationalen Filmfestivals gezeigt, darunter <strong>Cannes Cin\u00e9fondation Competition<\/strong>, <strong>Berlinale<\/strong>, <strong>Clermont Ferrand<\/strong>, <strong>HotDocs<\/strong> und <strong>IDFA<\/strong>.<\/p>\n<p>[\/vc_column_text][\/vc_column][\/vc_row][vc_row][vc_column][vc_column_text css=&#8220;&#8220;]<\/p>\n<p style=\"font-weight: 400;\">Seine gefeierte Fernsehserie &#8222;<strong>Milk &amp; Honey<\/strong>&#8220; wurde in Deutschland und Frankreich erfolgreich adaptiert. <strong>Dani Rosenberg<\/strong> war Co-Autor eines Dokumentarfilms \u201e<strong>Zohar, The Return<\/strong>\u201c und adaptierte als Ko-Autor im Jahre 2018 <strong>Sholem Asch<\/strong>\u2019s &#8222;<strong>God of Vengeance<\/strong>&#8220; f\u00fcr Israels f\u00fchrendes Theater \u201e<strong>The Cameri<\/strong>\u201c. &#8222;The <strong>Vanishing Soldier<\/strong>&#8220; ist <strong>Dani Rosenberg<\/strong>s zweiter Langspielfilm.<\/p>\n<p>[\/vc_column_text][\/vc_column][\/vc_row][vc_row css=&#8220;.vc_custom_1707670614907{margin-top: -10px !important;margin-right: -10px !important;margin-bottom: -10px !important;margin-left: -10px !important;border-top-width: -3px !important;border-right-width: -3px !important;border-bottom-width: -3px !important;border-left-width: -3px !important;padding-top: 5px !important;padding-right: 5px !important;padding-bottom: 5px !important;padding-left: 5px !important;background-color: #fcfcfc !important;border-left-color: #dddddd !important;border-left-style: solid !important;border-right-color: #dddddd !important;border-right-style: solid !important;border-top-color: #dddddd !important;border-top-style: solid !important;border-bottom-color: #dddddd !important;border-bottom-style: solid !important;border-radius: 5px !important;}&#8220;][vc_column][vc_empty_space height=&#8220;15px&#8220;][vc_column_text css=&#8220;.vc_custom_1729160455307{margin-bottom: -20px !important;border-bottom-width: -20px !important;padding-bottom: -20px !important;}&#8220;]<\/p>\n<div class=\"wpb_text_column wpb_content_element \">\n<p><span style=\"font-size: 14pt;\">Daten zum Film<\/span><\/p>\n<table style=\"border-collapse: collapse; width: 100%; height: 372px;\">\n<tbody>\n<tr style=\"height: 22px;\">\n<td style=\"width: 14.487035%; height: 22px;\"><strong>Titel:<\/strong><\/td>\n<td style=\"width: 42.756482%; height: 22px;\">\n<div>The Vanishing Soldier<\/div>\n<\/td>\n<\/tr>\n<tr style=\"height: 22px;\">\n<td style=\"width: 14.487035%; height: 22px;\"><strong>Originaltitel:<\/strong><\/td>\n<td style=\"width: 42.756482%; height: 22px;\">\n<div>\n<div><span dir=\"RTL\" lang=\"AR-SA\">\u05d4\u05d7\u05d9\u05d9\u05dc \u05d4\u05e0\u05e2\u05dc\u05dd<\/span><\/div>\n<\/div>\n<\/td>\n<\/tr>\n<tr style=\"height: 22px;\">\n<td style=\"width: 14.487035%; height: 22px;\"><strong>Regie:<\/strong><\/td>\n<td style=\"width: 42.756482%; height: 22px;\">Dani Rosenberg<\/td>\n<\/tr>\n<tr style=\"height: 22px;\">\n<td style=\"width: 14.487035%; height: 22px;\"><strong>Script \/ Buch:<\/strong><\/td>\n<td style=\"width: 42.756482%; height: 22px;\">\n<div><span lang=\"de\">Dani Rosenberg, Amir Klinger<\/span><\/div>\n<\/td>\n<\/tr>\n<tr style=\"height: 22px;\">\n<td style=\"width: 14.487035%; height: 22px;\"><strong>Produzent:innen:<\/strong><\/td>\n<td style=\"width: 42.756482%; height: 22px;\">\n<div><span lang=\"de\">Avraham Pirchi, Chilik Michaeli, Itamar Pirchi, Leon Edery, Moshe Edery<\/span><\/div>\n<\/td>\n<\/tr>\n<tr style=\"height: 22px;\">\n<td style=\"width: 14.487035%; height: 22px; vertical-align: top;\"><strong>Darstellende:<\/strong><\/td>\n<td style=\"width: 42.756482%; height: 22px;\">\n<div><span lang=\"de\">Ido Tako, Mika Reiss, Efrat Ben Tzur, Tikva Dayan, Shmulik Cohen, Yariv Horowitz, Seif Nabul, Mushy Vider<\/span><\/div>\n<\/td>\n<\/tr>\n<tr style=\"height: 22px;\">\n<td style=\"width: 14.487035%; height: 10px;\"><strong>Kamera:<\/strong><\/td>\n<td style=\"width: 42.756482%; height: 10px;\">\n<div><span lang=\"de\">David Stragmeister<\/span><\/div>\n<\/td>\n<\/tr>\n<tr style=\"height: 22px;\">\n<td style=\"width: 14.487035%; height: 22px;\"><strong>Schnitt:<\/strong><\/td>\n<td style=\"width: 42.756482%; height: 22px;\">\n<div><span lang=\"de\">Nili Feller<\/span><\/div>\n<\/td>\n<\/tr>\n<tr style=\"height: 22px;\">\n<td style=\"width: 14.487035%; height: 22px;\"><strong>Produktionsland<\/strong><\/td>\n<td style=\"width: 42.756482%; height: 22px;\">Israel<\/td>\n<\/tr>\n<tr style=\"height: 22px;\">\n<td style=\"width: 14.487035%; height: 22px;\"><strong>Produktionsjahr:<\/strong><\/td>\n<td style=\"width: 42.756482%; height: 22px;\">2023<\/td>\n<\/tr>\n<tr style=\"height: 22px;\">\n<td style=\"width: 14.487035%; height: 22px;\"><strong>Produktionen: <\/strong><\/td>\n<td style=\"width: 42.756482%; height: 22px;\">\n<div><span lang=\"EN-US\">Israel Film Fund, United Channel Movies<\/span><\/div>\n<\/td>\n<\/tr>\n<tr style=\"height: 22px;\">\n<td style=\"width: 14.487035%; height: 22px;\"><strong>Genres:<\/strong><\/td>\n<td style=\"width: 42.756482%; height: 22px;\">\n<div><span lang=\"de\">Drama, Thriller, Kriegsdrama<\/span><\/div>\n<\/td>\n<\/tr>\n<tr style=\"height: 22px;\">\n<td style=\"width: 14.487035%; height: 22px;\"><strong>L\u00e4nge:<\/strong><\/td>\n<td style=\"width: 42.756482%; height: 22px;\">98 Min<\/td>\n<\/tr>\n<tr style=\"height: 22px;\">\n<td style=\"width: 14.487035%; height: 10px;\"><strong>Sprache:<\/strong><\/td>\n<td style=\"width: 42.756482%; height: 10px;\">\n<p style=\"font-weight: 400;\">hebr\u00e4isch, englisch (Originalsprachen), deutsche Synchronfassung<\/p>\n<\/td>\n<\/tr>\n<tr style=\"height: 22px;\">\n<td style=\"width: 14.487035%; height: 22px;\"><strong>Untertitel:<\/strong><\/td>\n<td style=\"width: 42.756482%; height: 22px;\">englisch, deutsch<\/td>\n<\/tr>\n<tr style=\"height: 22px;\">\n<td style=\"width: 14.487035%; height: 22px;\"><strong>Aspect Ratio:<\/strong><\/td>\n<td style=\"width: 42.756482%; height: 22px;\">\n<div><span lang=\"de\">2,39:1 (2048&#215;858)<\/span><\/div>\n<\/td>\n<\/tr>\n<tr style=\"height: 22px;\">\n<td style=\"width: 14.487035%; height: 22px;\"><strong><strong>Ton:<\/strong><\/strong><\/td>\n<td style=\"width: 42.756482%; height: 22px;\">\n<div><span lang=\"de\">5.1 Surround (DCP)<\/span><\/div>\n<\/td>\n<\/tr>\n<tr style=\"height: 22px;\">\n<td style=\"width: 14.487035%; height: 22px;\"><strong>FSK:<\/strong><\/td>\n<td style=\"width: 42.756482%; height: 22px;\">12<\/td>\n<\/tr>\n<\/tbody>\n<\/table>\n<p>&nbsp;<\/p>\n<\/div>\n<p>[\/vc_column_text][vc_empty_space height=&#8220;-40px&#8220;][\/vc_column][\/vc_row][vc_row][vc_column][vc_empty_space height=&#8220;42px&#8220;][\/vc_column][\/vc_row][vc_row][vc_column width=&#8220;1\/2&#8243;][vc_single_image image=&#8220;105235&#8243; img_size=&#8220;full&#8220; onclick=&#8220;link_image&#8220; css=&#8220;&#8220;][\/vc_column][vc_column width=&#8220;1\/2&#8243;][vc_single_image image=&#8220;106462&#8243; img_size=&#8220;full&#8220; onclick=&#8220;link_image&#8220; css=&#8220;&#8220;][\/vc_column][\/vc_row][vc_row][vc_column][vc_empty_space height=&#8220;10px&#8220;][vc_column_text css=&#8220;&#8220;]<span style=\"font-size: 14pt;\">Stimmen zum Film<\/span><\/p>\n<div>\n<p><i>\u201cIn seiner mitrei\u00dfenden, ruhelosen Form findet der Film ein Bild f\u00fcr die nur zu verst\u00e4ndliche Unsicherheit junger Menschen, denen man eine Waffe umgeh\u00e4ngt hat. So ist es ein allgemein lesbarer Antikriegsfilm geworden.\u201d<\/i> (<b>Frankfurter Rundschau<\/b>)<\/p>\n<p><i>\u201cZwischen den beiden Polen eines Liebesfilms und eines politischen Dramas webt Regisseur Dani Rosenberg in \u00bbDer verschwundene Soldat\u00ab ein komplexes, vielschichtiges Portr\u00e4t der israelischen Gesellschaft.\u201d<\/i> (<b>J\u00fcdische Allgemeine<\/b>)<\/p>\n<p><i>\u201cDer verschwundene Soldat relativiert nicht das Leid der einen Seite mit dem der anderen. Ihm geht es darum, einen festgefahrenen Zustand zu beobachten, in dem seine Figuren mal mit patriotischer Verkl\u00e4rung, mal mit Angst und Selbstzweifeln, mal mit gel\u00e4hmtem Opportunismus reagieren.\u201d<\/i> (<b>Der Freitag<\/b>)<\/p>\n<p><i>\u201cZwischen den beiden Polen eines Liebesfilms und eines politischen Dramas webt Regisseur Dani Rosenberg in \u201eDer verschwundene Soldat\u201c ein komplexes, vielschichtiges Portr\u00e4t der israelischen Gesellschaft, die in einer ebensolchen Bipolarit\u00e4t eingespannt ist: Der Sehnsucht nach Unbedingtheit (Liebe) steht immer eine tiefe existentielle Bedrohung gegen\u00fcber. Morgen schon kann es vorbei sein.\u201d<\/i> (<b>Filmdienst<\/b>)<\/p>\n<p><i>\u201cDer junge Regisseur Dani Rosenberg inszeniert ein pulsierendes Drama mit klarer Haltung, einen Antikriegsfilm, der den Nahostkonflikt aus israelischer Sicht schildert und dabei die Siedlungspolitik der eigenen Regierung scharf kritisiert. Dabei zeigt er, dass die Risse nicht nur durch die israelische Gesellschaft gehen, sondern auch Familien und Freundeskreise einer Generation betreffen, die mitten im Konflikt aufw\u00e4chst.\u201d<\/i> (<b>EPD<\/b>)<\/p>\n<p><i>\u201eThe Vanishing Soldier\u201c erfasst virtuos den entscheidenden Moment, in dem sich alles \u00e4ndert, wo kriegerischer Patriotismus in ein Bewusstsein des Unertr\u00e4glichen zerf\u00e4llt. Ein Film, der so pessimistisch wie optimistisch ist, genau zur richtigen Zeit der gro\u00dfen Fragen unserer Zeit. <\/i>(<b>Culturopoing.com<\/b>)<\/p>\n<p><i>\u201cDas Portr\u00e4t einer verlorenen Jugend des Regisseurs Dani Rosenberg \u2013 geschrieben und gedreht zwischen 2022 und 2023 \u2013 setzt sich mit der verdr\u00e4ngten Realit\u00e4t der Besatzung und dem religi\u00f6sen Fanatismus in Israel und Pal\u00e4stina auseinander. Durch das Massaker vom 7. Oktober und den Gaza-Krieg bekommt der Film nat\u00fcrlich eine ganz andere Relevanz.\u201c <\/i>(<b>arte<\/b>)<\/p>\n<\/div>\n<p>[\/vc_column_text][vc_separator][\/vc_column][\/vc_row][vc_row][vc_column width=&#8220;1\/2&#8243;][vc_video link=&#8220;https:\/\/youtu.be\/k7bUlr9lsms?si=t0ynYns_urEDpKZ5&#8243; css=&#8220;&#8220; title=&#8220;Der verschwundene Soldat | Trailer `{`deutsch`}`&#8220;][\/vc_column][vc_column width=&#8220;1\/2&#8243;][vc_video link=&#8220;https:\/\/www.youtube.com\/live\/Oa-avCkfiA8?si=5Yzn4WVrd9iyZadY&#8220; css=&#8220;&#8220; title=&#8220;The Vanishing Soldier (Q&amp;A @ Locarno Film Festival 2023) `{`englisch`}`&#8220;][\/vc_column][\/vc_row][vc_row][vc_column width=&#8220;1\/2&#8243;][vc_column_text css=&#8220;&#8220;]Weitere Informationen \u00fcber den Film: <a href=\"https:\/\/ucm.one\/de\/der-verschwundene-soldat\/\">Der verschwundene Soldat<\/a>[\/vc_column_text][\/vc_column][vc_column width=&#8220;1\/2&#8243;][vc_column_text css=&#8220;&#8220;]Weitere Informationen \u00fcber das Filmlabel: <a href=\"https:\/\/ucm.one\/de\/film-labels\/artkeim\/\">Artkeim\u00b2<\/a>[\/vc_column_text][\/vc_column][\/vc_row]<\/p>\n<\/div>","protected":false},"excerpt":{"rendered":"<p>[vc_row][vc_column][vc_column_text css=&#8220;&#8220;] Der israelische Antikriegsfim &#8222;Der verschwundene Soldat&#8220; \u00a0(Internationaler Titel: &#8222;The Vanishing Soldier&#8220;) von Dani Rosenberg wird auf dem J\u00fcdischen Filmfestival Wien 2025 gezeigt. Das J\u00fcdische Filmfestival Wien (JFW), das vom 11. bis 25. M\u00e4rz 2025 stattfindet, feiert in diesem Jahr sein 34. Jubil\u00e4um. Unter dem Motto \u201cShalom Oida\u201d pr\u00e4sentiert das Festival rund 50 Spiel-,&hellip;<\/p>\n","protected":false},"author":513,"featured_media":220436,"comment_status":"closed","ping_status":"closed","sticky":false,"template":"","format":"standard","meta":{"_acf_changed":false,"footnotes":""},"categories":[828,8,13],"tags":[2311,17875,18078,17880,2313,2314,17876,17881,18258,17877,17882,16990,17886,17879,18553,6805,2838,17878,17874],"class_list":["post-220427","post","type-post","status-publish","format-standard","has-post-thumbnail","hentry","category-artkeim","category-film","category-news","tag-artkeim","tag-dani-rosenberg","tag-der-verschwundene-soldat","tag-europaeischer-filmpreis","tag-festival-del-film-locarno","tag-film-festival-locarno","tag-gaza-streifen","tag-haifa-film-festival","tag-hakolnoa","tag-hamas","tag-internationales-filmfestival-montpellier","tag-israel","tag-jfbb","tag-juedisches-filmfest-berlin-brandenburg","tag-juedisches-filmfestival-wien","tag-krieg","tag-oldenburg","tag-tel-aviv","tag-the-vanishing-soldier","category-828","category-8","category-13","description-off"],"acf":[],"yoast_head":"<!-- This site is optimized with the Yoast SEO plugin v27.5 - https:\/\/yoast.com\/product\/yoast-seo-wordpress\/ -->\n<title>&quot;Der verschwundene Soldat&quot; auf dem J\u00fcdischen Filmfestival Wien 2025<\/title>\n<meta name=\"description\" content=\"Antikriegsdrama &quot;Der verschwundene Soldat&quot; (Originaltitel: &quot;The Vanishing Soldier&quot;) von Dani Rosenberg mit zwei Screenings auf JFW 2025\" \/>\n<meta name=\"robots\" content=\"index, follow, max-snippet:-1, max-image-preview:large, max-video-preview:-1\" \/>\n<link rel=\"canonical\" href=\"https:\/\/ucm.one\/de\/der-verschwundene-soldat-mit-zwei-auffuehrungen-auf-dem-juedischen-filmfestival-wien-2025\/\" \/>\n<meta property=\"og:locale\" content=\"de_DE\" \/>\n<meta property=\"og:type\" content=\"article\" \/>\n<meta property=\"og:title\" content=\"&quot;Der verschwundene Soldat&quot; auf dem J\u00fcdischen Filmfestival Wien 2025\" \/>\n<meta property=\"og:description\" content=\"Antikriegsdrama &quot;Der verschwundene Soldat&quot; (Originaltitel: &quot;The Vanishing Soldier&quot;) von Dani Rosenberg mit zwei Screenings auf JFW 2025\" \/>\n<meta property=\"og:url\" content=\"https:\/\/ucm.one\/de\/der-verschwundene-soldat-mit-zwei-auffuehrungen-auf-dem-juedischen-filmfestival-wien-2025\/\" \/>\n<meta property=\"og:site_name\" content=\"UCM.ONE\" \/>\n<meta property=\"article:published_time\" content=\"2025-03-10T08:31:21+00:00\" \/>\n<meta property=\"article:modified_time\" content=\"2025-04-06T16:33:48+00:00\" \/>\n<meta property=\"og:image\" content=\"https:\/\/ucm.one\/wp-content\/uploads\/2025\/03\/sq-DVS_JFW25_de.jpg\" \/>\n\t<meta property=\"og:image:width\" content=\"1200\" \/>\n\t<meta property=\"og:image:height\" content=\"1200\" \/>\n\t<meta property=\"og:image:type\" content=\"image\/jpeg\" \/>\n<meta name=\"author\" content=\"robert.zimmermann\" \/>\n<meta name=\"twitter:card\" content=\"summary_large_image\" \/>\n<meta name=\"twitter:title\" content=\"&quot;Der verschwundene Soldat&quot; auf dem J\u00fcdischen Filmfestival Wien 2025\" \/>\n<meta name=\"twitter:description\" content=\"Antikriegsdrama &quot;Der verschwundene Soldat&quot; (Originaltitel: &quot;The Vanishing Soldier&quot;) von Dani Rosenberg mit zwei Screenings auf JFW 2025\" \/>\n<meta name=\"twitter:image\" content=\"https:\/\/ucm.one\/wp-content\/uploads\/2025\/03\/sq-DVS_JFW25_de.jpg\" \/>\n<meta name=\"twitter:label1\" content=\"Verfasst von\" \/>\n\t<meta name=\"twitter:data1\" content=\"robert.zimmermann\" \/>\n\t<meta name=\"twitter:label2\" content=\"Gesch\u00e4tzte Lesezeit\" \/>\n\t<meta name=\"twitter:data2\" content=\"8\u00a0Minuten\" \/>\n<!-- \/ Yoast SEO plugin. -->","yoast_head_json":{"title":"\"Der verschwundene Soldat\" auf dem J\u00fcdischen Filmfestival Wien 2025","description":"Antikriegsdrama \"Der verschwundene Soldat\" (Originaltitel: \"The Vanishing Soldier\") von Dani Rosenberg mit zwei Screenings auf JFW 2025","robots":{"index":"index","follow":"follow","max-snippet":"max-snippet:-1","max-image-preview":"max-image-preview:large","max-video-preview":"max-video-preview:-1"},"canonical":"https:\/\/ucm.one\/de\/der-verschwundene-soldat-mit-zwei-auffuehrungen-auf-dem-juedischen-filmfestival-wien-2025\/","og_locale":"de_DE","og_type":"article","og_title":"\"Der verschwundene Soldat\" auf dem J\u00fcdischen Filmfestival Wien 2025","og_description":"Antikriegsdrama \"Der verschwundene Soldat\" (Originaltitel: \"The Vanishing Soldier\") von Dani Rosenberg mit zwei Screenings auf JFW 2025","og_url":"https:\/\/ucm.one\/de\/der-verschwundene-soldat-mit-zwei-auffuehrungen-auf-dem-juedischen-filmfestival-wien-2025\/","og_site_name":"UCM.ONE","article_published_time":"2025-03-10T08:31:21+00:00","article_modified_time":"2025-04-06T16:33:48+00:00","og_image":[{"width":1200,"height":1200,"url":"https:\/\/ucm.one\/wp-content\/uploads\/2025\/03\/sq-DVS_JFW25_de.jpg","type":"image\/jpeg"}],"author":"robert.zimmermann","twitter_card":"summary_large_image","twitter_title":"\"Der verschwundene Soldat\" auf dem J\u00fcdischen Filmfestival Wien 2025","twitter_description":"Antikriegsdrama \"Der verschwundene Soldat\" (Originaltitel: \"The Vanishing Soldier\") von Dani Rosenberg mit zwei Screenings auf JFW 2025","twitter_image":"https:\/\/ucm.one\/wp-content\/uploads\/2025\/03\/sq-DVS_JFW25_de.jpg","twitter_misc":{"Verfasst von":"robert.zimmermann","Gesch\u00e4tzte Lesezeit":"8\u00a0Minuten"},"schema":{"@context":"https:\/\/schema.org","@graph":[{"@type":"Article","@id":"https:\/\/ucm.one\/de\/der-verschwundene-soldat-mit-zwei-auffuehrungen-auf-dem-juedischen-filmfestival-wien-2025\/#article","isPartOf":{"@id":"https:\/\/ucm.one\/de\/der-verschwundene-soldat-mit-zwei-auffuehrungen-auf-dem-juedischen-filmfestival-wien-2025\/"},"author":{"name":"robert.zimmermann","@id":"https:\/\/ucm.one\/de\/#\/schema\/person\/c3b3f40103ac9b2939adf4c2e044f503"},"headline":"\ud83c\udfac &#8222;Der verschwundene Soldat&#8220; mit zwei Auff\u00fchrungen auf dem J\u00fcdischen Filmfestival Wien 2025","datePublished":"2025-03-10T08:31:21+00:00","dateModified":"2025-04-06T16:33:48+00:00","mainEntityOfPage":{"@id":"https:\/\/ucm.one\/de\/der-verschwundene-soldat-mit-zwei-auffuehrungen-auf-dem-juedischen-filmfestival-wien-2025\/"},"wordCount":1780,"publisher":{"@id":"https:\/\/ucm.one\/de\/#organization"},"image":{"@id":"https:\/\/ucm.one\/de\/der-verschwundene-soldat-mit-zwei-auffuehrungen-auf-dem-juedischen-filmfestival-wien-2025\/#primaryimage"},"thumbnailUrl":"https:\/\/ucm.one\/wp-content\/uploads\/2025\/03\/b-TVS_JFW25_de.jpg","keywords":["Artkeim\u00b2","Dani Rosenberg","Der verschwundene Soldat","Europ\u00e4ischer Filmpreis","Festival del film Locarno","Film Festival Locarno","Gaza-Streifen","Haifa Film Festival","Hakolnoa","Hamas","Internationales Filmfestival Montpellier","Israel","JFBB","J\u00fcdisches Filmfest Berlin-Brandenburg","J\u00fcdisches Filmfestival Wien","Krieg","Oldenburg","Tel Aviv","The Vanishing Soldier"],"articleSection":["Artkeim\u00b2","Film","News"],"inLanguage":"de"},{"@type":"WebPage","@id":"https:\/\/ucm.one\/de\/der-verschwundene-soldat-mit-zwei-auffuehrungen-auf-dem-juedischen-filmfestival-wien-2025\/","url":"https:\/\/ucm.one\/de\/der-verschwundene-soldat-mit-zwei-auffuehrungen-auf-dem-juedischen-filmfestival-wien-2025\/","name":"\"Der verschwundene Soldat\" auf dem J\u00fcdischen Filmfestival Wien 2025","isPartOf":{"@id":"https:\/\/ucm.one\/de\/#website"},"primaryImageOfPage":{"@id":"https:\/\/ucm.one\/de\/der-verschwundene-soldat-mit-zwei-auffuehrungen-auf-dem-juedischen-filmfestival-wien-2025\/#primaryimage"},"image":{"@id":"https:\/\/ucm.one\/de\/der-verschwundene-soldat-mit-zwei-auffuehrungen-auf-dem-juedischen-filmfestival-wien-2025\/#primaryimage"},"thumbnailUrl":"https:\/\/ucm.one\/wp-content\/uploads\/2025\/03\/b-TVS_JFW25_de.jpg","datePublished":"2025-03-10T08:31:21+00:00","dateModified":"2025-04-06T16:33:48+00:00","description":"Antikriegsdrama \"Der verschwundene Soldat\" (Originaltitel: \"The Vanishing Soldier\") von Dani Rosenberg mit zwei Screenings auf JFW 2025","breadcrumb":{"@id":"https:\/\/ucm.one\/de\/der-verschwundene-soldat-mit-zwei-auffuehrungen-auf-dem-juedischen-filmfestival-wien-2025\/#breadcrumb"},"inLanguage":"de","potentialAction":[{"@type":"ReadAction","target":["https:\/\/ucm.one\/de\/der-verschwundene-soldat-mit-zwei-auffuehrungen-auf-dem-juedischen-filmfestival-wien-2025\/"]}]},{"@type":"ImageObject","inLanguage":"de","@id":"https:\/\/ucm.one\/de\/der-verschwundene-soldat-mit-zwei-auffuehrungen-auf-dem-juedischen-filmfestival-wien-2025\/#primaryimage","url":"https:\/\/ucm.one\/wp-content\/uploads\/2025\/03\/b-TVS_JFW25_de.jpg","contentUrl":"https:\/\/ucm.one\/wp-content\/uploads\/2025\/03\/b-TVS_JFW25_de.jpg","width":1920,"height":600},{"@type":"BreadcrumbList","@id":"https:\/\/ucm.one\/de\/der-verschwundene-soldat-mit-zwei-auffuehrungen-auf-dem-juedischen-filmfestival-wien-2025\/#breadcrumb","itemListElement":[{"@type":"ListItem","position":1,"name":"Home","item":"https:\/\/ucm.one\/de\/"},{"@type":"ListItem","position":2,"name":"\ud83c\udfac &#8222;Der verschwundene Soldat&#8220; mit zwei Auff\u00fchrungen auf dem J\u00fcdischen Filmfestival Wien 2025"}]},{"@type":"WebSite","@id":"https:\/\/ucm.one\/de\/#website","url":"https:\/\/ucm.one\/de\/","name":"UCM.ONE","description":"","publisher":{"@id":"https:\/\/ucm.one\/de\/#organization"},"potentialAction":[{"@type":"SearchAction","target":{"@type":"EntryPoint","urlTemplate":"https:\/\/ucm.one\/de\/?s={search_term_string}"},"query-input":{"@type":"PropertyValueSpecification","valueRequired":true,"valueName":"search_term_string"}}],"inLanguage":"de"},{"@type":"Organization","@id":"https:\/\/ucm.one\/de\/#organization","name":"UCM.ONE","url":"https:\/\/ucm.one\/de\/","logo":{"@type":"ImageObject","inLanguage":"de","@id":"https:\/\/ucm.one\/de\/#\/schema\/logo\/image\/","url":"https:\/\/ucm.one\/wp-content\/uploads\/2019\/10\/UCM.ONE-Logo-RGB.svg","contentUrl":"https:\/\/ucm.one\/wp-content\/uploads\/2019\/10\/UCM.ONE-Logo-RGB.svg","width":1,"height":1,"caption":"UCM.ONE"},"image":{"@id":"https:\/\/ucm.one\/de\/#\/schema\/logo\/image\/"}},{"@type":"Person","@id":"https:\/\/ucm.one\/de\/#\/schema\/person\/c3b3f40103ac9b2939adf4c2e044f503","name":"robert.zimmermann","image":{"@type":"ImageObject","inLanguage":"de","@id":"https:\/\/secure.gravatar.com\/avatar\/e46878d77ec9637bfe2c211eadff61cf2f817a55dd152b546e649bd7e53c0e04?s=96&d=mm&r=g","url":"https:\/\/secure.gravatar.com\/avatar\/e46878d77ec9637bfe2c211eadff61cf2f817a55dd152b546e649bd7e53c0e04?s=96&d=mm&r=g","contentUrl":"https:\/\/secure.gravatar.com\/avatar\/e46878d77ec9637bfe2c211eadff61cf2f817a55dd152b546e649bd7e53c0e04?s=96&d=mm&r=g","caption":"robert.zimmermann"}}]}},"_links":{"self":[{"href":"https:\/\/ucm.one\/de\/wp-json\/wp\/v2\/posts\/220427","targetHints":{"allow":["GET"]}}],"collection":[{"href":"https:\/\/ucm.one\/de\/wp-json\/wp\/v2\/posts"}],"about":[{"href":"https:\/\/ucm.one\/de\/wp-json\/wp\/v2\/types\/post"}],"author":[{"embeddable":true,"href":"https:\/\/ucm.one\/de\/wp-json\/wp\/v2\/users\/513"}],"replies":[{"embeddable":true,"href":"https:\/\/ucm.one\/de\/wp-json\/wp\/v2\/comments?post=220427"}],"version-history":[{"count":9,"href":"https:\/\/ucm.one\/de\/wp-json\/wp\/v2\/posts\/220427\/revisions"}],"predecessor-version":[{"id":221638,"href":"https:\/\/ucm.one\/de\/wp-json\/wp\/v2\/posts\/220427\/revisions\/221638"}],"wp:featuredmedia":[{"embeddable":true,"href":"https:\/\/ucm.one\/de\/wp-json\/wp\/v2\/media\/220436"}],"wp:attachment":[{"href":"https:\/\/ucm.one\/de\/wp-json\/wp\/v2\/media?parent=220427"}],"wp:term":[{"taxonomy":"category","embeddable":true,"href":"https:\/\/ucm.one\/de\/wp-json\/wp\/v2\/categories?post=220427"},{"taxonomy":"post_tag","embeddable":true,"href":"https:\/\/ucm.one\/de\/wp-json\/wp\/v2\/tags?post=220427"}],"curies":[{"name":"wp","href":"https:\/\/api.w.org\/{rel}","templated":true}]}}