{"id":19466,"date":"2019-01-24T20:06:07","date_gmt":"2019-01-24T20:06:07","guid":{"rendered":"https:\/\/ucm.one\/?p=19466"},"modified":"2019-01-27T21:25:49","modified_gmt":"2019-01-27T21:25:49","slug":"koenigin-von-niendorf-von-joya-thome-fuer-den-preis-der-deutschen-filmkritik-nominiert","status":"publish","type":"post","link":"https:\/\/ucm.one\/de\/koenigin-von-niendorf-von-joya-thome-fuer-den-preis-der-deutschen-filmkritik-nominiert\/","title":{"rendered":"&#8222;K\u00f6nigin von Niendorf&#8220; von Joya Thome f\u00fcr den Preis der deutschen Filmkritik nominiert"},"content":{"rendered":"<div class=\"wpb-content-wrapper\"><p>[vc_row][vc_column][vc_column_text]Der Film &#8222;<strong>K\u00f6nigin von Niendorf<\/strong>&#8220; (Darling Berlin) von <strong>Joya Thome<\/strong> ist in der Kategorie &#8222;<strong>Bester Kinderfilm<\/strong>&#8220; beim\u00a0<strong>Preis der deutschen Filmkritik 2018<\/strong>\u00a0nominiert. Somit tritt &#8222;die K\u00f6nigin&#8220; gegen \u00a0&#8222;die kleine Hexe&#8220;, ein Film von Michael Schaerer, an, der ebenfalls nominiert wurde.<\/p>\n<p>Der Preis wird seit mehr als 60 Jahren vom Verband der deutschen Filmkritik verliehen und ist der einzige deutsche Filmpreis, der ausschlie\u00dflich von Kritikern vergeben wird. Die Verleihung wird im Rahmen der Berlinale am Montag, den 11. Februar 2019, in Anwesenheit der Nominierten stattfinden.[\/vc_column_text][\/vc_column][\/vc_row][vc_row][vc_column width=&#8220;1\/2&#8243;][vc_single_image image=&#8220;19472&#8243; img_size=&#8220;full&#8220;][\/vc_column][vc_column width=&#8220;1\/2&#8243;][vc_single_image image=&#8220;19474&#8243; img_size=&#8220;full&#8220;][\/vc_column][\/vc_row][vc_row][vc_column][vc_column_text]<\/p>\n<h3>Inhalt des Films:<\/h3>\n<p>In Brandenburg haben gerade die Sommerferien begonnen, doch die zehnj\u00e4hrige Lea (Lisa Moell) f\u00e4hrt in diesem Jahr nicht wie sonst mit ihren Freundinnen ins Ferienlager. \u00dcberhaupt \ufb01ndet sie die anderen M\u00e4dchen in ihrer Schule zunehmend seltsamer. Und so kurvt Lea meist allein auf ihrem Fahrrad durch das Dorf und besucht den Musiker und Aussteiger Mark (Mex Schl\u00fcpfer), der auf einem verwilderten Bauernhof lebt. Eines Tages beobachtet Lea bei einem ihrer Streifz\u00fcge f\u00fcnf Jungs, die ein gro\u00dfes \u00d6lfass \u00fcber den Zaun der Farbfabrik hieven und mit ihrer Beute auf einem Fahrradanh\u00e4nger davonrasen.[\/vc_column_text][vc_column_text]Leas Neugier ist geweckt. Bei n\u00e4chster Gelegenheit folgt sie den Jungs und entdeckt, dass sie auf einem kleinen See ein Flo\u00df gebaut haben. Doch das Flo\u00df ist Eigentum der Bande, und M\u00e4dchen sind da auf keinen Fall erlaubt. Lea will aber unbedingt in die Bande aufgenommen werden und macht eine Mutprobe. Und von da an scheint der Sommer voller Abenteuer zu sein.[\/vc_column_text][\/vc_column][\/vc_row][vc_row][vc_column][vc_video link=&#8220;https:\/\/youtu.be\/6uVYUJuB-xc&#8220; title=&#8220;K\u00f6nigin von Niendorf (Trailer)&#8220;][\/vc_column][\/vc_row]<\/p>\n<\/div>","protected":false},"excerpt":{"rendered":"<p>[vc_row][vc_column][vc_column_text]Der Film &#8222;K\u00f6nigin von Niendorf&#8220; (Darling Berlin) von Joya Thome ist in der Kategorie &#8222;Bester Kinderfilm&#8220; beim\u00a0Preis der deutschen Filmkritik 2018\u00a0nominiert. Somit tritt &#8222;die K\u00f6nigin&#8220; gegen \u00a0&#8222;die kleine Hexe&#8220;, ein Film von Michael Schaerer, an, der ebenfalls nominiert wurde. Der Preis wird seit mehr als 60 Jahren vom Verband der deutschen Filmkritik verliehen und ist&hellip;<\/p>\n","protected":false},"author":2,"featured_media":19468,"comment_status":"closed","ping_status":"closed","sticky":false,"template":"","format":"standard","meta":{"_acf_changed":false,"footnotes":""},"categories":[830,8,10,752],"tags":[2572,2276,2364,2266,2277,2365,2278,2280,2281,2282,2283,2284,2285,2286,2287,2288,5240,2289,2290,2291,2758,2293,2294,2295,2296,2297],"class_list":["post-19466","post","type-post","status-publish","format-standard","has-post-thumbnail","hentry","category-darling-berlin","category-film","category-kino","category-verleih","tag-berlinale","tag-ceci-chuh","tag-cornelius-schwalm","tag-darling-berlin","tag-denny-sonnenschein","tag-die-kleine-hexe","tag-elias-sebastin","tag-frederik-schindler","tag-ivo-t-michligk","tag-jamila-saab","tag-johanna-lanzky","tag-joya-thome","tag-koenigin-von-niendorf","tag-lisa-moell","tag-marion-alessandra-becker","tag-mex-schluepfer","tag-michael-schaerer","tag-miriam-schmidt","tag-moritz-riek","tag-philipp-wunderlich","tag-preis-der-deutschen-filmkritik","tag-salim-fazzani","tag-sophie-kluge","tag-til-schindler","tag-tino-mewes","tag-vivian-janz","category-830","category-8","category-10","category-752","description-off"],"acf":[],"yoast_head":"<!-- This site is optimized with the Yoast SEO plugin v27.5 - https:\/\/yoast.com\/product\/yoast-seo-wordpress\/ -->\n<title>&quot;K\u00f6nigin von Niendorf&quot; von Joya Thome f\u00fcr den Preis der deutschen Filmkritik nominiert - UCM.ONE<\/title>\n<meta name=\"description\" content=\"Der Film &quot;K\u00f6nigin von Niendorf&quot; (Darling Berlin) von Joya Thome ist in der Kategorie &quot;Bester Kinderfilm&quot; beim\u00a0Preis der deutschen Filmkritik 2018\u00a0nominiert. Somit tritt &quot;die K\u00f6nigin&quot; gegen \u00a0&quot;die kleine Hexe&quot;, ein Film von Michael Schaerer, an, der ebenfalls nominiert wurde.\" \/>\n<meta name=\"robots\" content=\"index, follow, max-snippet:-1, max-image-preview:large, max-video-preview:-1\" \/>\n<link rel=\"canonical\" href=\"https:\/\/ucm.one\/de\/koenigin-von-niendorf-von-joya-thome-fuer-den-preis-der-deutschen-filmkritik-nominiert\/\" \/>\n<meta property=\"og:locale\" content=\"de_DE\" \/>\n<meta property=\"og:type\" content=\"article\" \/>\n<meta property=\"og:title\" content=\"&quot;K\u00f6nigin von Niendorf&quot; von Joya Thome f\u00fcr den Preis der deutschen Filmkritik nominiert - UCM.ONE\" \/>\n<meta property=\"og:description\" content=\"Der Film &quot;K\u00f6nigin von Niendorf&quot; (Darling Berlin) von Joya Thome ist in der Kategorie &quot;Bester Kinderfilm&quot; beim\u00a0Preis der deutschen Filmkritik 2018\u00a0nominiert. Somit tritt &quot;die K\u00f6nigin&quot; gegen \u00a0&quot;die kleine Hexe&quot;, ein Film von Michael Schaerer, an, der ebenfalls nominiert wurde.\" \/>\n<meta property=\"og:url\" content=\"https:\/\/ucm.one\/de\/koenigin-von-niendorf-von-joya-thome-fuer-den-preis-der-deutschen-filmkritik-nominiert\/\" \/>\n<meta property=\"og:site_name\" content=\"UCM.ONE\" \/>\n<meta property=\"article:published_time\" content=\"2019-01-24T20:06:07+00:00\" \/>\n<meta property=\"article:modified_time\" content=\"2019-01-27T21:25:49+00:00\" \/>\n<meta property=\"og:image\" content=\"https:\/\/ucm.one\/wp-content\/uploads\/2019\/01\/B-Joya-Thome-Dreh-K\u00f6nigin-von-Niedndorf-1901.jpg\" \/>\n\t<meta property=\"og:image:width\" content=\"1920\" \/>\n\t<meta property=\"og:image:height\" content=\"600\" \/>\n\t<meta property=\"og:image:type\" content=\"image\/jpeg\" \/>\n<meta name=\"author\" content=\"Joachim Keil\" \/>\n<meta name=\"twitter:card\" content=\"summary_large_image\" \/>\n<meta name=\"twitter:label1\" content=\"Verfasst von\" \/>\n\t<meta name=\"twitter:data1\" content=\"Joachim Keil\" \/>\n\t<meta name=\"twitter:label2\" content=\"Gesch\u00e4tzte Lesezeit\" \/>\n\t<meta name=\"twitter:data2\" content=\"2\u00a0Minuten\" \/>\n<!-- \/ Yoast SEO plugin. -->","yoast_head_json":{"title":"\"K\u00f6nigin von Niendorf\" von Joya Thome f\u00fcr den Preis der deutschen Filmkritik nominiert - UCM.ONE","description":"Der Film \"K\u00f6nigin von Niendorf\" (Darling Berlin) von Joya Thome ist in der Kategorie \"Bester Kinderfilm\" beim\u00a0Preis der deutschen Filmkritik 2018\u00a0nominiert. Somit tritt \"die K\u00f6nigin\" gegen \u00a0\"die kleine Hexe\", ein Film von Michael Schaerer, an, der ebenfalls nominiert wurde.","robots":{"index":"index","follow":"follow","max-snippet":"max-snippet:-1","max-image-preview":"max-image-preview:large","max-video-preview":"max-video-preview:-1"},"canonical":"https:\/\/ucm.one\/de\/koenigin-von-niendorf-von-joya-thome-fuer-den-preis-der-deutschen-filmkritik-nominiert\/","og_locale":"de_DE","og_type":"article","og_title":"\"K\u00f6nigin von Niendorf\" von Joya Thome f\u00fcr den Preis der deutschen Filmkritik nominiert - UCM.ONE","og_description":"Der Film \"K\u00f6nigin von Niendorf\" (Darling Berlin) von Joya Thome ist in der Kategorie \"Bester Kinderfilm\" beim\u00a0Preis der deutschen Filmkritik 2018\u00a0nominiert. Somit tritt \"die K\u00f6nigin\" gegen \u00a0\"die kleine Hexe\", ein Film von Michael Schaerer, an, der ebenfalls nominiert wurde.","og_url":"https:\/\/ucm.one\/de\/koenigin-von-niendorf-von-joya-thome-fuer-den-preis-der-deutschen-filmkritik-nominiert\/","og_site_name":"UCM.ONE","article_published_time":"2019-01-24T20:06:07+00:00","article_modified_time":"2019-01-27T21:25:49+00:00","og_image":[{"width":1920,"height":600,"url":"https:\/\/ucm.one\/wp-content\/uploads\/2019\/01\/B-Joya-Thome-Dreh-K\u00f6nigin-von-Niedndorf-1901.jpg","type":"image\/jpeg"}],"author":"Joachim Keil","twitter_card":"summary_large_image","twitter_misc":{"Verfasst von":"Joachim Keil","Gesch\u00e4tzte Lesezeit":"2\u00a0Minuten"},"schema":{"@context":"https:\/\/schema.org","@graph":[{"@type":"Article","@id":"https:\/\/ucm.one\/de\/koenigin-von-niendorf-von-joya-thome-fuer-den-preis-der-deutschen-filmkritik-nominiert\/#article","isPartOf":{"@id":"https:\/\/ucm.one\/de\/koenigin-von-niendorf-von-joya-thome-fuer-den-preis-der-deutschen-filmkritik-nominiert\/"},"author":{"name":"Joachim Keil","@id":"https:\/\/ucm.one\/de\/#\/schema\/person\/4b959e467e8acc058836467a0ef8fa50"},"headline":"&#8222;K\u00f6nigin von Niendorf&#8220; von Joya Thome f\u00fcr den Preis der deutschen Filmkritik nominiert","datePublished":"2019-01-24T20:06:07+00:00","dateModified":"2019-01-27T21:25:49+00:00","mainEntityOfPage":{"@id":"https:\/\/ucm.one\/de\/koenigin-von-niendorf-von-joya-thome-fuer-den-preis-der-deutschen-filmkritik-nominiert\/"},"wordCount":348,"publisher":{"@id":"https:\/\/ucm.one\/de\/#organization"},"image":{"@id":"https:\/\/ucm.one\/de\/koenigin-von-niendorf-von-joya-thome-fuer-den-preis-der-deutschen-filmkritik-nominiert\/#primaryimage"},"thumbnailUrl":"https:\/\/ucm.one\/wp-content\/uploads\/2019\/01\/B-Joya-Thome-Dreh-K\u00f6nigin-von-Niedndorf-1901.jpg","keywords":["Berlinale","Ceci Chuh","Cornelius Schwalm","Darling Berlin","Denny Sonnenschein","Die kleine Hexe","Elias Sebastin","Frederik Schindler","Ivo T. Michligk","Jamila Saab","Johanna Lanzky","Joya Thome","K\u00f6nigin von Niendorf","Lisa Moell","Marion Alessandra Becker","Mex Schl\u00fcpfer","Michael Schaerer","Miriam Schmidt","Moritz Riek","Philipp Wunderlich","Preis der deutschen Filmkritik","Salim Fazzani","Sophie Kluge","Til Schindler","Tino Mewes","Vivian Janz"],"articleSection":["Darling Berlin","Film","Kino","Verleih"],"inLanguage":"de"},{"@type":"WebPage","@id":"https:\/\/ucm.one\/de\/koenigin-von-niendorf-von-joya-thome-fuer-den-preis-der-deutschen-filmkritik-nominiert\/","url":"https:\/\/ucm.one\/de\/koenigin-von-niendorf-von-joya-thome-fuer-den-preis-der-deutschen-filmkritik-nominiert\/","name":"\"K\u00f6nigin von Niendorf\" von Joya Thome f\u00fcr den Preis der deutschen Filmkritik nominiert - UCM.ONE","isPartOf":{"@id":"https:\/\/ucm.one\/de\/#website"},"primaryImageOfPage":{"@id":"https:\/\/ucm.one\/de\/koenigin-von-niendorf-von-joya-thome-fuer-den-preis-der-deutschen-filmkritik-nominiert\/#primaryimage"},"image":{"@id":"https:\/\/ucm.one\/de\/koenigin-von-niendorf-von-joya-thome-fuer-den-preis-der-deutschen-filmkritik-nominiert\/#primaryimage"},"thumbnailUrl":"https:\/\/ucm.one\/wp-content\/uploads\/2019\/01\/B-Joya-Thome-Dreh-K\u00f6nigin-von-Niedndorf-1901.jpg","datePublished":"2019-01-24T20:06:07+00:00","dateModified":"2019-01-27T21:25:49+00:00","description":"Der Film \"K\u00f6nigin von Niendorf\" (Darling Berlin) von Joya Thome ist in der Kategorie \"Bester Kinderfilm\" beim\u00a0Preis der deutschen Filmkritik 2018\u00a0nominiert. Somit tritt \"die K\u00f6nigin\" gegen \u00a0\"die kleine Hexe\", ein Film von Michael Schaerer, an, der ebenfalls nominiert wurde.","breadcrumb":{"@id":"https:\/\/ucm.one\/de\/koenigin-von-niendorf-von-joya-thome-fuer-den-preis-der-deutschen-filmkritik-nominiert\/#breadcrumb"},"inLanguage":"de","potentialAction":[{"@type":"ReadAction","target":["https:\/\/ucm.one\/de\/koenigin-von-niendorf-von-joya-thome-fuer-den-preis-der-deutschen-filmkritik-nominiert\/"]}]},{"@type":"ImageObject","inLanguage":"de","@id":"https:\/\/ucm.one\/de\/koenigin-von-niendorf-von-joya-thome-fuer-den-preis-der-deutschen-filmkritik-nominiert\/#primaryimage","url":"https:\/\/ucm.one\/wp-content\/uploads\/2019\/01\/B-Joya-Thome-Dreh-K\u00f6nigin-von-Niedndorf-1901.jpg","contentUrl":"https:\/\/ucm.one\/wp-content\/uploads\/2019\/01\/B-Joya-Thome-Dreh-K\u00f6nigin-von-Niedndorf-1901.jpg","width":1920,"height":600},{"@type":"BreadcrumbList","@id":"https:\/\/ucm.one\/de\/koenigin-von-niendorf-von-joya-thome-fuer-den-preis-der-deutschen-filmkritik-nominiert\/#breadcrumb","itemListElement":[{"@type":"ListItem","position":1,"name":"Home","item":"https:\/\/ucm.one\/de\/"},{"@type":"ListItem","position":2,"name":"&#8222;K\u00f6nigin von Niendorf&#8220; von Joya Thome f\u00fcr den Preis der deutschen Filmkritik nominiert"}]},{"@type":"WebSite","@id":"https:\/\/ucm.one\/de\/#website","url":"https:\/\/ucm.one\/de\/","name":"UCM.ONE","description":"","publisher":{"@id":"https:\/\/ucm.one\/de\/#organization"},"potentialAction":[{"@type":"SearchAction","target":{"@type":"EntryPoint","urlTemplate":"https:\/\/ucm.one\/de\/?s={search_term_string}"},"query-input":{"@type":"PropertyValueSpecification","valueRequired":true,"valueName":"search_term_string"}}],"inLanguage":"de"},{"@type":"Organization","@id":"https:\/\/ucm.one\/de\/#organization","name":"UCM.ONE","url":"https:\/\/ucm.one\/de\/","logo":{"@type":"ImageObject","inLanguage":"de","@id":"https:\/\/ucm.one\/de\/#\/schema\/logo\/image\/","url":"https:\/\/ucm.one\/wp-content\/uploads\/2019\/10\/UCM.ONE-Logo-RGB.svg","contentUrl":"https:\/\/ucm.one\/wp-content\/uploads\/2019\/10\/UCM.ONE-Logo-RGB.svg","width":1,"height":1,"caption":"UCM.ONE"},"image":{"@id":"https:\/\/ucm.one\/de\/#\/schema\/logo\/image\/"}},{"@type":"Person","@id":"https:\/\/ucm.one\/de\/#\/schema\/person\/4b959e467e8acc058836467a0ef8fa50","name":"Joachim Keil","image":{"@type":"ImageObject","inLanguage":"de","@id":"https:\/\/secure.gravatar.com\/avatar\/10e1dfd05f2a7a7bc83cd44bae31e01c8ac15f974229211a2b1a49fa0a22fec0?s=96&d=mm&r=g","url":"https:\/\/secure.gravatar.com\/avatar\/10e1dfd05f2a7a7bc83cd44bae31e01c8ac15f974229211a2b1a49fa0a22fec0?s=96&d=mm&r=g","contentUrl":"https:\/\/secure.gravatar.com\/avatar\/10e1dfd05f2a7a7bc83cd44bae31e01c8ac15f974229211a2b1a49fa0a22fec0?s=96&d=mm&r=g","caption":"Joachim Keil"},"sameAs":["https:\/\/ucm.one"]}]}},"_links":{"self":[{"href":"https:\/\/ucm.one\/de\/wp-json\/wp\/v2\/posts\/19466","targetHints":{"allow":["GET"]}}],"collection":[{"href":"https:\/\/ucm.one\/de\/wp-json\/wp\/v2\/posts"}],"about":[{"href":"https:\/\/ucm.one\/de\/wp-json\/wp\/v2\/types\/post"}],"author":[{"embeddable":true,"href":"https:\/\/ucm.one\/de\/wp-json\/wp\/v2\/users\/2"}],"replies":[{"embeddable":true,"href":"https:\/\/ucm.one\/de\/wp-json\/wp\/v2\/comments?post=19466"}],"version-history":[{"count":0,"href":"https:\/\/ucm.one\/de\/wp-json\/wp\/v2\/posts\/19466\/revisions"}],"wp:featuredmedia":[{"embeddable":true,"href":"https:\/\/ucm.one\/de\/wp-json\/wp\/v2\/media\/19468"}],"wp:attachment":[{"href":"https:\/\/ucm.one\/de\/wp-json\/wp\/v2\/media?parent=19466"}],"wp:term":[{"taxonomy":"category","embeddable":true,"href":"https:\/\/ucm.one\/de\/wp-json\/wp\/v2\/categories?post=19466"},{"taxonomy":"post_tag","embeddable":true,"href":"https:\/\/ucm.one\/de\/wp-json\/wp\/v2\/tags?post=19466"}],"curies":[{"name":"wp","href":"https:\/\/api.w.org\/{rel}","templated":true}]}}