{"id":19440,"date":"2019-01-25T15:36:02","date_gmt":"2019-01-25T15:36:02","guid":{"rendered":"https:\/\/ucm.one\/?p=19440"},"modified":"2022-08-06T13:08:06","modified_gmt":"2022-08-06T13:08:06","slug":"4-staffel-der-serie-z-nation-ab-heute-auf-dvd-blu-ray-und-bei-vod-portalen-erhaeltlich","status":"publish","type":"post","link":"https:\/\/ucm.one\/de\/4-staffel-der-serie-z-nation-ab-heute-auf-dvd-blu-ray-und-bei-vod-portalen-erhaeltlich\/","title":{"rendered":"4. Staffel der Serie &#8222;Z Nation&#8220; ab heute auf DVD, Blu-Ray und bei VoD-Portalen erh\u00e4ltlich"},"content":{"rendered":"<div class=\"wpb-content-wrapper\"><p>[vc_row][vc_column width=&#8220;3\/4&#8243;][vc_column_text]Ab heute kann die 4. Staffel der Zombie-Apokalypse-Serie <strong>Z Nation<\/strong>\u00a0mit dem Untertitel &#8222;<strong>Noch sind wir nicht alle tot!<\/strong>&#8220; sowohl als\u00a0DVD, Blu-Ray als auf bei VoD-Portalen k\u00e4uflich erworben werden. Staffel 4 katapultiert die Helden aus Z Nation zwei Jahre in die Zukunft und l\u00e4sst die bisherige Zombie-Apokalypse wie einen Spaziergang aussehen&#8230;<span class=\"Apple-converted-space\">\u00a0<\/span>[\/vc_column_text][vc_column_text]In Staffel 4 finden sich Warren (<strong>Kellita Smith<\/strong>) und Murphy (<strong>Keith Allan<\/strong>) pl\u00f6tzlich zwei Jahre in der Zukunft in &#8222;Zona&#8220; wieder, einem anscheinend sicheren Refugium f\u00fcr Superreiche auf einer Insel. W\u00e4hrend sich der Rest der Gruppe gegen die Untoten und das Zona-Milit\u00e4r behaupten muss, versucht Warren einer Verschw\u00f6rung auf die Spur zu kommen. Verst\u00f6rende Traumbilder von \u201eschwarzem Regen\u201c lenken sie auf eine neue Mission. Auf ihrer Flucht m\u00fcssen die \u00dcberlebenden nicht nur das d\u00fcstere Geheimnis von Zona l\u00f6sen, sondern auch gegen Superzombies k\u00e4mpfen, die ihre bisherigen Erlebnisse wie einen erholsamen Spaziergang erscheinen lassen. Die vierte Staffel des Kult-Zombie-Serienhits bringt einige neue Varianten der Untoten-Plage, wie Zombie-Clowns, Superzombies und verr\u00fcckte Zombies, die \u201eMad-Zs\u201c mit ins Spiel\u2026<span class=\"Apple-converted-space\">\u00a0<\/span>[\/vc_column_text][vc_column_text]Nach kurzer Auszeit geht es nun endlich weiter mit der neben &#8222;<strong>The Walking Dead&#8220;<\/strong> &amp; &#8222;<strong>Fear The Walking Dead&#8220;<\/strong> erfolgreichsten Zombieserie der Welt! F\u00fcr alle Fans ist nat\u00fcrlich auch Staffel 4. mit der gleichen aufwendigen Aufmachung bez. Men\u00fcgestaltung, Artwork, Wendecover und Bonusmaterial erh\u00e4ltlich.[\/vc_column_text][vc_column_text]In den neuen Folgen der Kult-Zombieserie k\u00f6nnen sich Fans nicht nur auf Zombie-Clowns und weiterentwickelte Mad-Zs freuen, sondern auch auf Gastauftritte von Horror-Ikone <strong>Michael Berryman<\/strong> (\u201eThe Hills Have Eyes\u201c, \u201eThe Devil&#8217;s Rejects\u201c) und Kult-Musiker <strong>Henry Rollins<\/strong> (\u201eHeat\u201c, \u201eBad Boys II\u201c)![\/vc_column_text][vc_column_text]Staffel 5 ist auch bereits geplant f\u00fcr das September 2019.[\/vc_column_text][\/vc_column][vc_column width=&#8220;1\/4&#8243;][vc_single_image image=&#8220;19442&#8243; img_size=&#8220;full&#8220;][vc_btn title=&#8220;Amazon&#8220; style=&#8220;classic&#8220; color=&#8220;orange&#8220; size=&#8220;sm&#8220; align=&#8220;center&#8220; i_type=&#8220;monosocial&#8220; i_icon_monosocial=&#8220;vc-mono vc-mono-amazon&#8220; button_block=&#8220;true&#8220; add_icon=&#8220;true&#8220; link=&#8220;url:https%3A%2F%2Fwww.amazon.de%2FNation-Staffel-DVDs-UNCUT%2Fdp%2FB07KL8VWR3%2Fref%3Dtmm_dvd_swatch_0%3F_encoding%3DUTF8%26qid%3D%26sr%3D|title:Z%20Nation%204|target:%20_blank|&#8220; css=&#8220;.vc_custom_1659791162164{margin-top: -20px !important;}&#8220;][vc_btn title=&#8220;Shop&#8220; style=&#8220;classic&#8220; color=&#8220;juicy-pink&#8220; size=&#8220;sm&#8220; align=&#8220;center&#8220; i_icon_fontawesome=&#8220;fas fa-shopping-cart&#8220; button_block=&#8220;true&#8220; add_icon=&#8220;true&#8220; link=&#8220;url:https%3A%2F%2Fucm.one%2Fprodukt%2Fz-nation-staffel-4%2F|title:Shop&#8220; css=&#8220;.vc_custom_1659791210953{margin-top: -15px !important;}&#8220;][vc_btn title=&#8220;iTunes&#8220; style=&#8220;classic&#8220; color=&#8220;sky&#8220; size=&#8220;sm&#8220; align=&#8220;center&#8220; i_icon_fontawesome=&#8220;fab fa-apple&#8220; button_block=&#8220;true&#8220; add_icon=&#8220;true&#8220; link=&#8220;url:https%3A%2F%2Fitunes.apple.com%2Fde%2Ftv-season%2Fz-nation-season-4%2Fid1449468048|title:Z%20Nation%204|target:%20_blank|&#8220; css=&#8220;.vc_custom_1659791280270{margin-top: -15px !important;}&#8220;][vc_btn title=&#8220;Prime Video&#8220; style=&#8220;classic&#8220; color=&#8220;sky&#8220; size=&#8220;sm&#8220; align=&#8220;center&#8220; i_type=&#8220;monosocial&#8220; i_icon_monosocial=&#8220;vc-mono vc-mono-amazon&#8220; button_block=&#8220;true&#8220; add_icon=&#8220;true&#8220; link=&#8220;url:https%3A%2F%2Fwww.amazon.de%2Fgp%2Fvideo%2Fdetail%2FB07N8GDK56%2Fref%3Datv_dp_season_select_atf|title:Z%20Nation%204|target:%20_blank|&#8220; css=&#8220;.vc_custom_1659791222869{margin-top: -15px !important;}&#8220;][\/vc_column][\/vc_row][vc_row][vc_column][vc_single_image image=&#8220;19454&#8243; img_size=&#8220;full&#8220;][\/vc_column][\/vc_row][vc_row][vc_column][vc_column_text]Die Serie <strong>Z Nation<\/strong>\u00a0beginnt in einer Zeit, in der ein Zombie-Virus die Menschheit nahezu vollst\u00e4ndig ausgerottet hat. Die letzte Hoffnung auf eine positive Wende ruht auf Murphy \u2013 den einzigen bekannten \u00dcberlebenden eines Zombieangriffs. Doch der potentielle Heilsbringer Murphy tr\u00e4gt nicht nur die begehrten Antik\u00f6rper in sich, sondern auch ein gef\u00e4hrliches Geheimnis \u2013 und jede Menge schlechte Laune.[\/vc_column_text][vc_single_image image=&#8220;19451&#8243; img_size=&#8220;full&#8220;][vc_column_text]Die Initiatoren der Serie <strong>Z Nation<\/strong>,<strong>\u00a0<\/strong>Karl Schaefer und Craig Engler, \u00a0beschreiben die Serie als einen Versuch, <em>\u201eden Spa\u00df zur\u00fcck in das Zombiegenre zu bringen, der ihnen durch Fernsehserien wie \u201e<strong>The Walking Dead<\/strong>\u201c zu ernst geworden sei\u201c.<\/em>[\/vc_column_text][\/vc_column][\/vc_row][vc_row][vc_column][vc_single_image image=&#8220;19520&#8243; img_size=&#8220;full&#8220;][vc_single_image image=&#8220;19522&#8243; img_size=&#8220;full&#8220;][\/vc_column][\/vc_row][vc_row][vc_column][vc_video link=&#8220;https:\/\/youtu.be\/fvXx-DrOlu8&#8243; title=&#8220;Z Nation &#8211; Staffel 4 | Teaser \u1d34\u1d30&#8220;][\/vc_column][\/vc_row][vc_row][vc_column][vc_raw_js]JTNDJTIxLS0lMjBFdmVudCUyMHNuaXBwZXQlMjBmb3IlMjBaJTIwTmF0aW9uJTIwNCUyMGNvbnZlcnNpb24lMjBwYWdlJTIwLS0lM0UlMEElM0NzY3JpcHQlM0UlMEElMjAlMjBndGFnJTI4JTI3ZXZlbnQlMjclMkMlMjAlMjdjb252ZXJzaW9uJTI3JTJDJTIwJTdCJTI3c2VuZF90byUyNyUzQSUyMCUyN0FXLTgyMTY4OTI2NiUyRjdFU1NDSU9XX3BNQkVMTDM1NGNEJTI3JTdEJTI5JTNCJTBBJTNDJTJGc2NyaXB0JTNFJTBB[\/vc_raw_js][\/vc_column][\/vc_row]<\/p>\n<\/div>","protected":false},"excerpt":{"rendered":"<p>[vc_row][vc_column width=&#8220;3\/4&#8243;][vc_column_text]Ab heute kann die 4. Staffel der Zombie-Apokalypse-Serie Z Nation\u00a0mit dem Untertitel &#8222;Noch sind wir nicht alle tot!&#8220; sowohl als\u00a0DVD, Blu-Ray als auf bei VoD-Portalen k\u00e4uflich erworben werden. Staffel 4 katapultiert die Helden aus Z Nation zwei Jahre in die Zukunft und l\u00e4sst die bisherige Zombie-Apokalypse wie einen Spaziergang aussehen&#8230;\u00a0[\/vc_column_text][vc_column_text]In Staffel 4 finden sich&hellip;<\/p>\n","protected":false},"author":2,"featured_media":19518,"comment_status":"closed","ping_status":"closed","sticky":false,"template":"","format":"standard","meta":{"_acf_changed":false,"footnotes":""},"categories":[8,1046,13],"tags":[5232,2332,5234,2382,2324,5231,2325,5228,2383,2384,2385,4993,2386,2387,5233,2388,2389,2390,2391,2392],"class_list":["post-19440","post","type-post","status-publish","format-standard","has-post-thumbnail","hentry","category-film","category-m-square-pictures","category-news","tag-henry-rollins","tag-horror","tag-keith-allan-2","tag-kellita-smith","tag-m-square-pictures","tag-michael-berryman","tag-netflix","tag-noch-sind-wir-nicht-alle-tot","tag-rtl-ii","tag-russell-hodgkinson","tag-serie","tag-staffel-4","tag-syfy","tag-the-asylum","tag-the-hills-have-eyes","tag-the-walking-dead","tag-virus","tag-z-nation","tag-zombie-apokalypse","tag-zombies","category-8","category-1046","category-13","description-off"],"acf":[],"yoast_head":"<!-- This site is optimized with the Yoast SEO plugin v27.5 - https:\/\/yoast.com\/product\/yoast-seo-wordpress\/ -->\n<title>4. Staffel der Serie &quot;Z Nation&quot; ab heute erh\u00e4ltlich<\/title>\n<meta name=\"description\" content=\"In Staffel 4 finden sich Warren und Murphy pl\u00f6tzlich zwei Jahre in der Zukunft in Zona wieder, einem Refugium f\u00fcr Superreiche auf einer Insel.\" \/>\n<meta name=\"robots\" content=\"index, follow, max-snippet:-1, max-image-preview:large, max-video-preview:-1\" \/>\n<link rel=\"canonical\" href=\"https:\/\/ucm.one\/de\/4-staffel-der-serie-z-nation-ab-heute-auf-dvd-blu-ray-und-bei-vod-portalen-erhaeltlich\/\" \/>\n<meta property=\"og:locale\" content=\"de_DE\" \/>\n<meta property=\"og:type\" content=\"article\" \/>\n<meta property=\"og:title\" content=\"4. Staffel der Serie &quot;Z Nation&quot; ab heute erh\u00e4ltlich\" \/>\n<meta property=\"og:description\" content=\"4. Staffel der Serie &quot;Z Nation&quot; ab heute erh\u00e4ltlich\" \/>\n<meta property=\"og:url\" content=\"https:\/\/ucm.one\/de\/4-staffel-der-serie-z-nation-ab-heute-auf-dvd-blu-ray-und-bei-vod-portalen-erhaeltlich\/\" \/>\n<meta property=\"og:site_name\" content=\"UCM.ONE\" \/>\n<meta property=\"article:published_time\" content=\"2019-01-25T15:36:02+00:00\" \/>\n<meta property=\"article:modified_time\" content=\"2022-08-06T13:08:06+00:00\" \/>\n<meta property=\"og:image\" content=\"https:\/\/ucm.one\/wp-content\/uploads\/2019\/01\/B-Z-Nation-Staffel-4.jpg\" \/>\n\t<meta property=\"og:image:width\" content=\"1920\" \/>\n\t<meta property=\"og:image:height\" content=\"600\" \/>\n\t<meta property=\"og:image:type\" content=\"image\/jpeg\" \/>\n<meta name=\"author\" content=\"Joachim Keil\" \/>\n<meta name=\"twitter:card\" content=\"summary_large_image\" \/>\n<meta name=\"twitter:title\" content=\"4. Staffel der Serie &quot;Z Nation&quot; ab heute erh\u00e4ltlich\" \/>\n<meta name=\"twitter:description\" content=\"4. Staffel der Serie &quot;Z Nation&quot; ab heute erh\u00e4ltlich\" \/>\n<meta name=\"twitter:label1\" content=\"Verfasst von\" \/>\n\t<meta name=\"twitter:data1\" content=\"Joachim Keil\" \/>\n\t<meta name=\"twitter:label2\" content=\"Gesch\u00e4tzte Lesezeit\" \/>\n\t<meta name=\"twitter:data2\" content=\"4\u00a0Minuten\" \/>\n<!-- \/ Yoast SEO plugin. -->","yoast_head_json":{"title":"4. Staffel der Serie \"Z Nation\" ab heute erh\u00e4ltlich","description":"In Staffel 4 finden sich Warren und Murphy pl\u00f6tzlich zwei Jahre in der Zukunft in Zona wieder, einem Refugium f\u00fcr Superreiche auf einer Insel.","robots":{"index":"index","follow":"follow","max-snippet":"max-snippet:-1","max-image-preview":"max-image-preview:large","max-video-preview":"max-video-preview:-1"},"canonical":"https:\/\/ucm.one\/de\/4-staffel-der-serie-z-nation-ab-heute-auf-dvd-blu-ray-und-bei-vod-portalen-erhaeltlich\/","og_locale":"de_DE","og_type":"article","og_title":"4. Staffel der Serie \"Z Nation\" ab heute erh\u00e4ltlich","og_description":"4. Staffel der Serie \"Z Nation\" ab heute erh\u00e4ltlich","og_url":"https:\/\/ucm.one\/de\/4-staffel-der-serie-z-nation-ab-heute-auf-dvd-blu-ray-und-bei-vod-portalen-erhaeltlich\/","og_site_name":"UCM.ONE","article_published_time":"2019-01-25T15:36:02+00:00","article_modified_time":"2022-08-06T13:08:06+00:00","og_image":[{"width":1920,"height":600,"url":"https:\/\/ucm.one\/wp-content\/uploads\/2019\/01\/B-Z-Nation-Staffel-4.jpg","type":"image\/jpeg"}],"author":"Joachim Keil","twitter_card":"summary_large_image","twitter_title":"4. Staffel der Serie \"Z Nation\" ab heute erh\u00e4ltlich","twitter_description":"4. Staffel der Serie \"Z Nation\" ab heute erh\u00e4ltlich","twitter_misc":{"Verfasst von":"Joachim Keil","Gesch\u00e4tzte Lesezeit":"4\u00a0Minuten"},"schema":{"@context":"https:\/\/schema.org","@graph":[{"@type":"Article","@id":"https:\/\/ucm.one\/de\/4-staffel-der-serie-z-nation-ab-heute-auf-dvd-blu-ray-und-bei-vod-portalen-erhaeltlich\/#article","isPartOf":{"@id":"https:\/\/ucm.one\/de\/4-staffel-der-serie-z-nation-ab-heute-auf-dvd-blu-ray-und-bei-vod-portalen-erhaeltlich\/"},"author":{"name":"Joachim Keil","@id":"https:\/\/ucm.one\/de\/#\/schema\/person\/4b959e467e8acc058836467a0ef8fa50"},"headline":"4. Staffel der Serie &#8222;Z Nation&#8220; ab heute auf DVD, Blu-Ray und bei VoD-Portalen erh\u00e4ltlich","datePublished":"2019-01-25T15:36:02+00:00","dateModified":"2022-08-06T13:08:06+00:00","mainEntityOfPage":{"@id":"https:\/\/ucm.one\/de\/4-staffel-der-serie-z-nation-ab-heute-auf-dvd-blu-ray-und-bei-vod-portalen-erhaeltlich\/"},"wordCount":778,"publisher":{"@id":"https:\/\/ucm.one\/de\/#organization"},"image":{"@id":"https:\/\/ucm.one\/de\/4-staffel-der-serie-z-nation-ab-heute-auf-dvd-blu-ray-und-bei-vod-portalen-erhaeltlich\/#primaryimage"},"thumbnailUrl":"https:\/\/ucm.one\/wp-content\/uploads\/2019\/01\/B-Z-Nation-Staffel-4.jpg","keywords":["Henry Rollins","Horror","Keith Allan","Kellita Smith","M-Square Pictures","Michael Berryman","Netflix","Noch sind wir nicht alle tot","RTL II","Russell Hodgkinson","Serie","Staffel 4","SyFy","The Asylum","The Hills Have Eyes","The Walking Dead","Virus","Z Nation","Zombie Apokalypse","Zombies"],"articleSection":["Film","M-Square Pictures","News"],"inLanguage":"de"},{"@type":"WebPage","@id":"https:\/\/ucm.one\/de\/4-staffel-der-serie-z-nation-ab-heute-auf-dvd-blu-ray-und-bei-vod-portalen-erhaeltlich\/","url":"https:\/\/ucm.one\/de\/4-staffel-der-serie-z-nation-ab-heute-auf-dvd-blu-ray-und-bei-vod-portalen-erhaeltlich\/","name":"4. Staffel der Serie \"Z Nation\" ab heute erh\u00e4ltlich","isPartOf":{"@id":"https:\/\/ucm.one\/de\/#website"},"primaryImageOfPage":{"@id":"https:\/\/ucm.one\/de\/4-staffel-der-serie-z-nation-ab-heute-auf-dvd-blu-ray-und-bei-vod-portalen-erhaeltlich\/#primaryimage"},"image":{"@id":"https:\/\/ucm.one\/de\/4-staffel-der-serie-z-nation-ab-heute-auf-dvd-blu-ray-und-bei-vod-portalen-erhaeltlich\/#primaryimage"},"thumbnailUrl":"https:\/\/ucm.one\/wp-content\/uploads\/2019\/01\/B-Z-Nation-Staffel-4.jpg","datePublished":"2019-01-25T15:36:02+00:00","dateModified":"2022-08-06T13:08:06+00:00","description":"In Staffel 4 finden sich Warren und Murphy pl\u00f6tzlich zwei Jahre in der Zukunft in Zona wieder, einem Refugium f\u00fcr Superreiche auf einer Insel.","breadcrumb":{"@id":"https:\/\/ucm.one\/de\/4-staffel-der-serie-z-nation-ab-heute-auf-dvd-blu-ray-und-bei-vod-portalen-erhaeltlich\/#breadcrumb"},"inLanguage":"de","potentialAction":[{"@type":"ReadAction","target":["https:\/\/ucm.one\/de\/4-staffel-der-serie-z-nation-ab-heute-auf-dvd-blu-ray-und-bei-vod-portalen-erhaeltlich\/"]}]},{"@type":"ImageObject","inLanguage":"de","@id":"https:\/\/ucm.one\/de\/4-staffel-der-serie-z-nation-ab-heute-auf-dvd-blu-ray-und-bei-vod-portalen-erhaeltlich\/#primaryimage","url":"https:\/\/ucm.one\/wp-content\/uploads\/2019\/01\/B-Z-Nation-Staffel-4.jpg","contentUrl":"https:\/\/ucm.one\/wp-content\/uploads\/2019\/01\/B-Z-Nation-Staffel-4.jpg","width":1920,"height":600},{"@type":"BreadcrumbList","@id":"https:\/\/ucm.one\/de\/4-staffel-der-serie-z-nation-ab-heute-auf-dvd-blu-ray-und-bei-vod-portalen-erhaeltlich\/#breadcrumb","itemListElement":[{"@type":"ListItem","position":1,"name":"Home","item":"https:\/\/ucm.one\/de\/"},{"@type":"ListItem","position":2,"name":"4. Staffel der Serie &#8220;Z Nation&#8221; ab heute auf DVD, Blu-Ray und bei VoD-Portalen erh\u00e4ltlich"}]},{"@type":"WebSite","@id":"https:\/\/ucm.one\/de\/#website","url":"https:\/\/ucm.one\/de\/","name":"UCM.ONE","description":"","publisher":{"@id":"https:\/\/ucm.one\/de\/#organization"},"potentialAction":[{"@type":"SearchAction","target":{"@type":"EntryPoint","urlTemplate":"https:\/\/ucm.one\/de\/?s={search_term_string}"},"query-input":{"@type":"PropertyValueSpecification","valueRequired":true,"valueName":"search_term_string"}}],"inLanguage":"de"},{"@type":"Organization","@id":"https:\/\/ucm.one\/de\/#organization","name":"UCM.ONE","url":"https:\/\/ucm.one\/de\/","logo":{"@type":"ImageObject","inLanguage":"de","@id":"https:\/\/ucm.one\/de\/#\/schema\/logo\/image\/","url":"https:\/\/ucm.one\/wp-content\/uploads\/2019\/10\/UCM.ONE-Logo-RGB.svg","contentUrl":"https:\/\/ucm.one\/wp-content\/uploads\/2019\/10\/UCM.ONE-Logo-RGB.svg","width":1,"height":1,"caption":"UCM.ONE"},"image":{"@id":"https:\/\/ucm.one\/de\/#\/schema\/logo\/image\/"}},{"@type":"Person","@id":"https:\/\/ucm.one\/de\/#\/schema\/person\/4b959e467e8acc058836467a0ef8fa50","name":"Joachim Keil","image":{"@type":"ImageObject","inLanguage":"de","@id":"https:\/\/secure.gravatar.com\/avatar\/10e1dfd05f2a7a7bc83cd44bae31e01c8ac15f974229211a2b1a49fa0a22fec0?s=96&d=mm&r=g","url":"https:\/\/secure.gravatar.com\/avatar\/10e1dfd05f2a7a7bc83cd44bae31e01c8ac15f974229211a2b1a49fa0a22fec0?s=96&d=mm&r=g","contentUrl":"https:\/\/secure.gravatar.com\/avatar\/10e1dfd05f2a7a7bc83cd44bae31e01c8ac15f974229211a2b1a49fa0a22fec0?s=96&d=mm&r=g","caption":"Joachim Keil"},"sameAs":["https:\/\/ucm.one"]}]}},"_links":{"self":[{"href":"https:\/\/ucm.one\/de\/wp-json\/wp\/v2\/posts\/19440","targetHints":{"allow":["GET"]}}],"collection":[{"href":"https:\/\/ucm.one\/de\/wp-json\/wp\/v2\/posts"}],"about":[{"href":"https:\/\/ucm.one\/de\/wp-json\/wp\/v2\/types\/post"}],"author":[{"embeddable":true,"href":"https:\/\/ucm.one\/de\/wp-json\/wp\/v2\/users\/2"}],"replies":[{"embeddable":true,"href":"https:\/\/ucm.one\/de\/wp-json\/wp\/v2\/comments?post=19440"}],"version-history":[{"count":0,"href":"https:\/\/ucm.one\/de\/wp-json\/wp\/v2\/posts\/19440\/revisions"}],"wp:featuredmedia":[{"embeddable":true,"href":"https:\/\/ucm.one\/de\/wp-json\/wp\/v2\/media\/19518"}],"wp:attachment":[{"href":"https:\/\/ucm.one\/de\/wp-json\/wp\/v2\/media?parent=19440"}],"wp:term":[{"taxonomy":"category","embeddable":true,"href":"https:\/\/ucm.one\/de\/wp-json\/wp\/v2\/categories?post=19440"},{"taxonomy":"post_tag","embeddable":true,"href":"https:\/\/ucm.one\/de\/wp-json\/wp\/v2\/tags?post=19440"}],"curies":[{"name":"wp","href":"https:\/\/api.w.org\/{rel}","templated":true}]}}