{"id":18373,"date":"2018-12-17T23:32:49","date_gmt":"2018-12-17T23:32:49","guid":{"rendered":"https:\/\/ucm.one\/?p=18373"},"modified":"2018-12-21T15:05:44","modified_gmt":"2018-12-21T15:05:44","slug":"staffel-4-der-zombie-apokalypse-z-nation-ab-25-januar-2019-auf-blu-ray-dvd-und-als-download-erhaeltlich","status":"publish","type":"post","link":"https:\/\/ucm.one\/de\/staffel-4-der-zombie-apokalypse-z-nation-ab-25-januar-2019-auf-blu-ray-dvd-und-als-download-erhaeltlich\/","title":{"rendered":"Staffel 4 der Zombie-Apokalypse &#8222;Z Nation&#8220; ab 25. Januar 2019 auf Blu-Ray, DVD und als Download erh\u00e4ltlich"},"content":{"rendered":"<div class=\"wpb-content-wrapper\"><p>[vc_row][vc_column][vc_column_text]Ab 25. Januar 2019 wird <strong>Staffel 4<\/strong>\u00a0der\u00a0US-amerikanischen postapokalyptischen Zombie-Drama-Serie\u00a0<strong>Z Nation <\/strong>des Regisseurs <strong>Karl Schaefer<\/strong>,\u00a0produziert von <strong>The Asylum<\/strong> (u.a. bekannt von den Sharknado-Filmen)<b>\u00a0<\/b>auf dem<b>\u00a0<\/b>Label<b> M-Square Pictures\u00a0<\/b>erh\u00e4ltlich sein. Auch die Ver\u00f6ffentlichungsdaten der Staffel 5 stehen schon fest: Diese wird ab M\u00e4rz 2020 erh\u00e4ltlich sein.[\/vc_column_text][vc_column_text]Die Serie <strong>Z Nation<\/strong>\u00a0beginnt in einer Zeit, in der ein Zombie-Virus die Menschheit nahezu vollst\u00e4ndig ausgerottet hat. Die letzte Hoffnung auf eine positive Wende ruht auf Murphy &#8211; den einzigen bekannten \u00dcberlebenden eines Zombieangriffs. Doch der potentielle Heilsbringer Murphy tr\u00e4gt nicht nur die begehrten Antik\u00f6rper in sich, sondern auch ein gef\u00e4hrliches Geheimnis \u2013 und jede Menge schlechte Laune.[\/vc_column_text][\/vc_column][\/vc_row][vc_row][vc_column][vc_single_image image=&#8220;18375&#8243; img_size=&#8220;full&#8220;][\/vc_column][\/vc_row][vc_row][vc_column][vc_column_text]Zu Beginn der 4. Staffel finden sich Warren (<strong>Kellita Smith<\/strong>) und Murphy (<strong>Keith Allan<\/strong>) pl\u00f6tzlich zwei Jahre in der Zukunft in &#8222;Zona&#8220; wieder, einem anscheinend sicheren Refugium f\u00fcr Superreiche auf einer Insel. W\u00e4hrend sich der Rest der Gruppe gegen die Untoten und das Zona-Milit\u00e4r behaupten muss, versucht Warren einer Verschw\u00f6rung auf die Spur zu kommen. Verst\u00f6rende Traumbilder von schwarzem, Regen lenken sie auf eine neue Mission. Auf ihrer Flucht m\u00fcssen die \u00dcberlebenden nicht nur das d\u00fcstere Geheimnis von Zona l\u00f6sen, sondern auch gegen Superzombies k\u00e4mpfen, die ihre bisherigen Erlebnisse wie einen erholsamen Spaziergang erscheinen lassen. Die vierte Staffel des Kult-Zombie-Serienhits bringt einige neue Varianten der Untoten-Plage, wie Zombie-Clowns, Superzombies und verr\u00fcckte Zombies, den Mad-Zs.[\/vc_column_text][vc_column_text]In der Staffel 4 gibt es zudem zwei spektakul\u00e4re Gastauftritte mit Horror-Ikone Michael Berryman (&#8222;The Hills Have Eyes&#8220;) und Kult-Musiker Henry Rollins (&#8222;Heat&#8220;, &#8222;Bad Boys II&#8220;).[\/vc_column_text][\/vc_column][\/vc_row][vc_row][vc_column width=&#8220;1\/2&#8243;][vc_single_image image=&#8220;18403&#8243; img_size=&#8220;full&#8220;][\/vc_column][vc_column width=&#8220;1\/2&#8243;][vc_column_text]<\/p>\n<h3>Episoden der Staffel 4 (deutsche und englische Namen):<\/h3>\n<p>[\/vc_column_text][vc_column_text]<\/p>\n<h3><\/h3>\n<p><span style=\"font-size: 11pt;\">1. Neustart (Warren&#8217;s Dream)<\/span><br \/>\n<span style=\"font-size: 11pt;\">2. Flucht aus Zona (Escape from Zona)<\/span><br \/>\n<span style=\"font-size: 11pt;\">3. Zombies 2.0 (The Vanishing)<\/span><br \/>\n<span style=\"font-size: 11pt;\">4. Der gro\u00dfe Pulk (A New Mission: Keep Moving)<\/span><br \/>\n<span style=\"font-size: 11pt;\">5. Unsichtbare Feinde (The Unknowns)<\/span><br \/>\n<span style=\"font-size: 11pt;\">6. Zur\u00fcck von den Untoten (Back from the Undead)<\/span><br \/>\n<span style=\"font-size: 11pt;\">7. Battle-Rap auf Leben und Tod (Warren&#8217;s Wedding)<\/span><br \/>\n<span style=\"font-size: 11pt;\">8. Glaubenskrise (Crisis of Faith)<\/span><br \/>\n<span style=\"font-size: 11pt;\">9. Schlechte Nachrichten (We interrupt this program)<\/span><br \/>\n<span style=\"font-size: 11pt;\">10. Waschen, Schneiden, T\u00f6ten (Frenemies)<\/span><br \/>\n<span style=\"font-size: 11pt;\">11. R\u00fcckkehr zu Mercy Labs (Return to Mercy Labs<\/span><br \/>\n<span style=\"font-size: 11pt;\">12. Hallo, Mr. President (Mt. Weather)<\/span><br \/>\n<span style=\"font-size: 11pt;\">13. Schwarzer Regenbogen (The Black Rainbow)<\/span>[\/vc_column_text][\/vc_column][\/vc_row][vc_row][vc_column][vc_column_text]Die Initiatoren der Serie <strong>Z Nation<\/strong>,<strong>\u00a0<\/strong>Karl Schaefer und Craig Engler, \u00a0beschreiben die Serie als einen Versuch, <em>&#8222;den Spa\u00df zur\u00fcck in das Zombiegenre zu bringen, der ihnen durch Fernsehserien wie \u201e<strong>The Walking Dead<\/strong>\u201c zu ernst geworden sei&#8220;.<\/em>[\/vc_column_text][\/vc_column][\/vc_row]<\/p>\n<\/div>","protected":false},"excerpt":{"rendered":"<p>[vc_row][vc_column][vc_column_text]Ab 25. Januar 2019 wird Staffel 4\u00a0der\u00a0US-amerikanischen postapokalyptischen Zombie-Drama-Serie\u00a0Z Nation des Regisseurs Karl Schaefer,\u00a0produziert von The Asylum (u.a. bekannt von den Sharknado-Filmen)\u00a0auf dem\u00a0Label M-Square Pictures\u00a0erh\u00e4ltlich sein. Auch die Ver\u00f6ffentlichungsdaten der Staffel 5 stehen schon fest: Diese wird ab M\u00e4rz 2020 erh\u00e4ltlich sein.[\/vc_column_text][vc_column_text]Die Serie Z Nation\u00a0beginnt in einer Zeit, in der ein Zombie-Virus die Menschheit nahezu&hellip;<\/p>\n","protected":false},"author":2,"featured_media":18377,"comment_status":"closed","ping_status":"closed","sticky":false,"template":"","format":"standard","meta":{"_acf_changed":false,"footnotes":""},"categories":[8,1046,13],"tags":[2380,2332,2382,2324,2325,2384,2385,4993,2386,2387,2388,2389,2390,2391,2392],"class_list":["post-18373","post","type-post","status-publish","format-standard","has-post-thumbnail","hentry","category-film","category-m-square-pictures","category-news","tag-dj-qualls","tag-horror","tag-kellita-smith","tag-m-square-pictures","tag-netflix","tag-russell-hodgkinson","tag-serie","tag-staffel-4","tag-syfy","tag-the-asylum","tag-the-walking-dead","tag-virus","tag-z-nation","tag-zombie-apokalypse","tag-zombies","category-8","category-1046","category-13","description-off"],"acf":[],"yoast_head":"<!-- This site is optimized with the Yoast SEO plugin v27.5 - https:\/\/yoast.com\/product\/yoast-seo-wordpress\/ -->\n<title>Staffel 4 der Zombie-Apokalypse &quot;Z Nation&quot; ab 25. Januar 2019 auf Blu-Ray, DVD und als Download erh\u00e4ltlich - UCM.ONE<\/title>\n<meta name=\"description\" content=\"Staffel 4 der Zombie-Apokalypse &quot;Z Nation&quot; ab 25. Januar 2019 in Deutschland erh\u00e4ltlich.\" \/>\n<meta name=\"robots\" content=\"index, follow, max-snippet:-1, max-image-preview:large, max-video-preview:-1\" \/>\n<link rel=\"canonical\" href=\"https:\/\/ucm.one\/de\/staffel-4-der-zombie-apokalypse-z-nation-ab-25-januar-2019-auf-blu-ray-dvd-und-als-download-erhaeltlich\/\" \/>\n<meta property=\"og:locale\" content=\"de_DE\" \/>\n<meta property=\"og:type\" content=\"article\" \/>\n<meta property=\"og:title\" content=\"Staffel 4 der Zombie-Apokalypse &quot;Z Nation&quot; ab 25. Januar 2019 auf Blu-Ray, DVD und als Download erh\u00e4ltlich - UCM.ONE\" \/>\n<meta property=\"og:description\" content=\"Staffel 4 der Zombie-Apokalypse &quot;Z Nation&quot; ab 25. Januar 2019 in Deutschland erh\u00e4ltlich.\" \/>\n<meta property=\"og:url\" content=\"https:\/\/ucm.one\/de\/staffel-4-der-zombie-apokalypse-z-nation-ab-25-januar-2019-auf-blu-ray-dvd-und-als-download-erhaeltlich\/\" \/>\n<meta property=\"og:site_name\" content=\"UCM.ONE\" \/>\n<meta property=\"article:published_time\" content=\"2018-12-17T23:32:49+00:00\" \/>\n<meta property=\"article:modified_time\" content=\"2018-12-21T15:05:44+00:00\" \/>\n<meta property=\"og:image\" content=\"https:\/\/ucm.one\/wp-content\/uploads\/2018\/12\/B-Z-Nation-4-Ank\u00fcndigung-1812.jpg\" \/>\n\t<meta property=\"og:image:width\" content=\"1920\" \/>\n\t<meta property=\"og:image:height\" content=\"600\" \/>\n\t<meta property=\"og:image:type\" content=\"image\/jpeg\" \/>\n<meta name=\"author\" content=\"Joachim Keil\" \/>\n<meta name=\"twitter:card\" content=\"summary_large_image\" \/>\n<meta name=\"twitter:label1\" content=\"Verfasst von\" \/>\n\t<meta name=\"twitter:data1\" content=\"Joachim Keil\" \/>\n\t<meta name=\"twitter:label2\" content=\"Gesch\u00e4tzte Lesezeit\" \/>\n\t<meta name=\"twitter:data2\" content=\"2\u00a0Minuten\" \/>\n<!-- \/ Yoast SEO plugin. -->","yoast_head_json":{"title":"Staffel 4 der Zombie-Apokalypse \"Z Nation\" ab 25. Januar 2019 auf Blu-Ray, DVD und als Download erh\u00e4ltlich - UCM.ONE","description":"Staffel 4 der Zombie-Apokalypse \"Z Nation\" ab 25. Januar 2019 in Deutschland erh\u00e4ltlich.","robots":{"index":"index","follow":"follow","max-snippet":"max-snippet:-1","max-image-preview":"max-image-preview:large","max-video-preview":"max-video-preview:-1"},"canonical":"https:\/\/ucm.one\/de\/staffel-4-der-zombie-apokalypse-z-nation-ab-25-januar-2019-auf-blu-ray-dvd-und-als-download-erhaeltlich\/","og_locale":"de_DE","og_type":"article","og_title":"Staffel 4 der Zombie-Apokalypse \"Z Nation\" ab 25. Januar 2019 auf Blu-Ray, DVD und als Download erh\u00e4ltlich - UCM.ONE","og_description":"Staffel 4 der Zombie-Apokalypse \"Z Nation\" ab 25. Januar 2019 in Deutschland erh\u00e4ltlich.","og_url":"https:\/\/ucm.one\/de\/staffel-4-der-zombie-apokalypse-z-nation-ab-25-januar-2019-auf-blu-ray-dvd-und-als-download-erhaeltlich\/","og_site_name":"UCM.ONE","article_published_time":"2018-12-17T23:32:49+00:00","article_modified_time":"2018-12-21T15:05:44+00:00","og_image":[{"width":1920,"height":600,"url":"https:\/\/ucm.one\/wp-content\/uploads\/2018\/12\/B-Z-Nation-4-Ank\u00fcndigung-1812.jpg","type":"image\/jpeg"}],"author":"Joachim Keil","twitter_card":"summary_large_image","twitter_misc":{"Verfasst von":"Joachim Keil","Gesch\u00e4tzte Lesezeit":"2\u00a0Minuten"},"schema":{"@context":"https:\/\/schema.org","@graph":[{"@type":"Article","@id":"https:\/\/ucm.one\/de\/staffel-4-der-zombie-apokalypse-z-nation-ab-25-januar-2019-auf-blu-ray-dvd-und-als-download-erhaeltlich\/#article","isPartOf":{"@id":"https:\/\/ucm.one\/de\/staffel-4-der-zombie-apokalypse-z-nation-ab-25-januar-2019-auf-blu-ray-dvd-und-als-download-erhaeltlich\/"},"author":{"name":"Joachim Keil","@id":"https:\/\/ucm.one\/de\/#\/schema\/person\/4b959e467e8acc058836467a0ef8fa50"},"headline":"Staffel 4 der Zombie-Apokalypse &#8222;Z Nation&#8220; ab 25. Januar 2019 auf Blu-Ray, DVD und als Download erh\u00e4ltlich","datePublished":"2018-12-17T23:32:49+00:00","dateModified":"2018-12-21T15:05:44+00:00","mainEntityOfPage":{"@id":"https:\/\/ucm.one\/de\/staffel-4-der-zombie-apokalypse-z-nation-ab-25-januar-2019-auf-blu-ray-dvd-und-als-download-erhaeltlich\/"},"wordCount":500,"publisher":{"@id":"https:\/\/ucm.one\/de\/#organization"},"image":{"@id":"https:\/\/ucm.one\/de\/staffel-4-der-zombie-apokalypse-z-nation-ab-25-januar-2019-auf-blu-ray-dvd-und-als-download-erhaeltlich\/#primaryimage"},"thumbnailUrl":"https:\/\/ucm.one\/wp-content\/uploads\/2018\/12\/B-Z-Nation-4-Ank\u00fcndigung-1812.jpg","keywords":["DJ Qualls","Horror","Kellita Smith","M-Square Pictures","Netflix","Russell Hodgkinson","Serie","Staffel 4","SyFy","The Asylum","The Walking Dead","Virus","Z Nation","Zombie Apokalypse","Zombies"],"articleSection":["Film","M-Square Pictures","News"],"inLanguage":"de"},{"@type":"WebPage","@id":"https:\/\/ucm.one\/de\/staffel-4-der-zombie-apokalypse-z-nation-ab-25-januar-2019-auf-blu-ray-dvd-und-als-download-erhaeltlich\/","url":"https:\/\/ucm.one\/de\/staffel-4-der-zombie-apokalypse-z-nation-ab-25-januar-2019-auf-blu-ray-dvd-und-als-download-erhaeltlich\/","name":"Staffel 4 der Zombie-Apokalypse \"Z Nation\" ab 25. Januar 2019 auf Blu-Ray, DVD und als Download erh\u00e4ltlich - UCM.ONE","isPartOf":{"@id":"https:\/\/ucm.one\/de\/#website"},"primaryImageOfPage":{"@id":"https:\/\/ucm.one\/de\/staffel-4-der-zombie-apokalypse-z-nation-ab-25-januar-2019-auf-blu-ray-dvd-und-als-download-erhaeltlich\/#primaryimage"},"image":{"@id":"https:\/\/ucm.one\/de\/staffel-4-der-zombie-apokalypse-z-nation-ab-25-januar-2019-auf-blu-ray-dvd-und-als-download-erhaeltlich\/#primaryimage"},"thumbnailUrl":"https:\/\/ucm.one\/wp-content\/uploads\/2018\/12\/B-Z-Nation-4-Ank\u00fcndigung-1812.jpg","datePublished":"2018-12-17T23:32:49+00:00","dateModified":"2018-12-21T15:05:44+00:00","description":"Staffel 4 der Zombie-Apokalypse \"Z Nation\" ab 25. Januar 2019 in Deutschland erh\u00e4ltlich.","breadcrumb":{"@id":"https:\/\/ucm.one\/de\/staffel-4-der-zombie-apokalypse-z-nation-ab-25-januar-2019-auf-blu-ray-dvd-und-als-download-erhaeltlich\/#breadcrumb"},"inLanguage":"de","potentialAction":[{"@type":"ReadAction","target":["https:\/\/ucm.one\/de\/staffel-4-der-zombie-apokalypse-z-nation-ab-25-januar-2019-auf-blu-ray-dvd-und-als-download-erhaeltlich\/"]}]},{"@type":"ImageObject","inLanguage":"de","@id":"https:\/\/ucm.one\/de\/staffel-4-der-zombie-apokalypse-z-nation-ab-25-januar-2019-auf-blu-ray-dvd-und-als-download-erhaeltlich\/#primaryimage","url":"https:\/\/ucm.one\/wp-content\/uploads\/2018\/12\/B-Z-Nation-4-Ank\u00fcndigung-1812.jpg","contentUrl":"https:\/\/ucm.one\/wp-content\/uploads\/2018\/12\/B-Z-Nation-4-Ank\u00fcndigung-1812.jpg","width":1920,"height":600},{"@type":"BreadcrumbList","@id":"https:\/\/ucm.one\/de\/staffel-4-der-zombie-apokalypse-z-nation-ab-25-januar-2019-auf-blu-ray-dvd-und-als-download-erhaeltlich\/#breadcrumb","itemListElement":[{"@type":"ListItem","position":1,"name":"Home","item":"https:\/\/ucm.one\/de\/"},{"@type":"ListItem","position":2,"name":"Staffel 4 der Zombie-Apokalypse &#8220;Z Nation&#8221; ab 25. Januar 2019 auf Blu-Ray, DVD und als Download erh\u00e4ltlich"}]},{"@type":"WebSite","@id":"https:\/\/ucm.one\/de\/#website","url":"https:\/\/ucm.one\/de\/","name":"UCM.ONE","description":"","publisher":{"@id":"https:\/\/ucm.one\/de\/#organization"},"potentialAction":[{"@type":"SearchAction","target":{"@type":"EntryPoint","urlTemplate":"https:\/\/ucm.one\/de\/?s={search_term_string}"},"query-input":{"@type":"PropertyValueSpecification","valueRequired":true,"valueName":"search_term_string"}}],"inLanguage":"de"},{"@type":"Organization","@id":"https:\/\/ucm.one\/de\/#organization","name":"UCM.ONE","url":"https:\/\/ucm.one\/de\/","logo":{"@type":"ImageObject","inLanguage":"de","@id":"https:\/\/ucm.one\/de\/#\/schema\/logo\/image\/","url":"https:\/\/ucm.one\/wp-content\/uploads\/2019\/10\/UCM.ONE-Logo-RGB.svg","contentUrl":"https:\/\/ucm.one\/wp-content\/uploads\/2019\/10\/UCM.ONE-Logo-RGB.svg","width":1,"height":1,"caption":"UCM.ONE"},"image":{"@id":"https:\/\/ucm.one\/de\/#\/schema\/logo\/image\/"}},{"@type":"Person","@id":"https:\/\/ucm.one\/de\/#\/schema\/person\/4b959e467e8acc058836467a0ef8fa50","name":"Joachim Keil","image":{"@type":"ImageObject","inLanguage":"de","@id":"https:\/\/secure.gravatar.com\/avatar\/10e1dfd05f2a7a7bc83cd44bae31e01c8ac15f974229211a2b1a49fa0a22fec0?s=96&d=mm&r=g","url":"https:\/\/secure.gravatar.com\/avatar\/10e1dfd05f2a7a7bc83cd44bae31e01c8ac15f974229211a2b1a49fa0a22fec0?s=96&d=mm&r=g","contentUrl":"https:\/\/secure.gravatar.com\/avatar\/10e1dfd05f2a7a7bc83cd44bae31e01c8ac15f974229211a2b1a49fa0a22fec0?s=96&d=mm&r=g","caption":"Joachim Keil"},"sameAs":["https:\/\/ucm.one"]}]}},"_links":{"self":[{"href":"https:\/\/ucm.one\/de\/wp-json\/wp\/v2\/posts\/18373","targetHints":{"allow":["GET"]}}],"collection":[{"href":"https:\/\/ucm.one\/de\/wp-json\/wp\/v2\/posts"}],"about":[{"href":"https:\/\/ucm.one\/de\/wp-json\/wp\/v2\/types\/post"}],"author":[{"embeddable":true,"href":"https:\/\/ucm.one\/de\/wp-json\/wp\/v2\/users\/2"}],"replies":[{"embeddable":true,"href":"https:\/\/ucm.one\/de\/wp-json\/wp\/v2\/comments?post=18373"}],"version-history":[{"count":0,"href":"https:\/\/ucm.one\/de\/wp-json\/wp\/v2\/posts\/18373\/revisions"}],"wp:featuredmedia":[{"embeddable":true,"href":"https:\/\/ucm.one\/de\/wp-json\/wp\/v2\/media\/18377"}],"wp:attachment":[{"href":"https:\/\/ucm.one\/de\/wp-json\/wp\/v2\/media?parent=18373"}],"wp:term":[{"taxonomy":"category","embeddable":true,"href":"https:\/\/ucm.one\/de\/wp-json\/wp\/v2\/categories?post=18373"},{"taxonomy":"post_tag","embeddable":true,"href":"https:\/\/ucm.one\/de\/wp-json\/wp\/v2\/tags?post=18373"}],"curies":[{"name":"wp","href":"https:\/\/api.w.org\/{rel}","templated":true}]}}