{"id":183545,"date":"2025-02-07T23:15:06","date_gmt":"2025-02-07T23:15:06","guid":{"rendered":"https:\/\/ucm.one\/?p=183545"},"modified":"2025-02-09T23:40:39","modified_gmt":"2025-02-09T23:40:39","slug":"sikora-drea-perlon-mit-neuen-remixen-von-glitch-molecule-und-peter-f-spiess-vom-titel-ce-nest-pas-la-realite","status":"publish","type":"post","link":"https:\/\/ucm.one\/de\/sikora-drea-perlon-mit-neuen-remixen-von-glitch-molecule-und-peter-f-spiess-vom-titel-ce-nest-pas-la-realite\/","title":{"rendered":"\ud83c\udfb5 Sikora &#038; Drea Perlon mit neuen Remixen von Glitch Molecule und Peter F. Spiess vom Titel &#8222;Ce n\u2019est pas la r\u00e9alit\u00e9\u201c"},"content":{"rendered":"<div class=\"wpb-content-wrapper\"><p>[vc_row][vc_column width=&#8220;3\/4&#8243;][vc_column_text css=&#8220;&#8220;]<\/p>\n<div class=\"\">\n<div class=\"\">\n<div class=\"\">\n<p class=\"p1\">Nach der urspr\u00fcnglichen Ver\u00f6ffentlichung auf <span class=\"s1\"><b>Harthouse<\/b><\/span> im Jahr 2024 kehrt \u201e<strong>Ce n\u2019est pas la r\u00e9alit\u00e9<\/strong>\u201c von den elektronischen Klangpionieren <span class=\"s1\"><b>Sikora &amp; Drea Perlon<\/b><\/span> nun in aufregenden neuen Remix-Versionen zur\u00fcck. Nun erscheinen zwei innovative Neuinterpretationen, die dem Originaltrack eine v\u00f6llig neue Dynamik verleihen.<\/p>\n<\/div>\n<\/div>\n<\/div>\n<p>[\/vc_column_text][vc_column_text css=&#8220;&#8220;]<\/p>\n<div class=\"\">\n<div class=\"\">\n<div class=\"\">\n<p class=\"p1\"><b>Zwei einzigartige Remixe, zwei unterschiedliche Klangwelten:<\/b><\/p>\n<p class=\"p2\">\ud83d\udd39 <span class=\"s1\"><b>Glitch Molecule Remix<\/b><\/span> \u2013 Dieser Remix wagt sich in experimentelle Gefilde und zerlegt den Track in eine fesselnde Fusion aus glitchigen Texturen, tiefen Rhythmen und cineastischen Klanglandschaften. Mit abstrakten, aber immersiven Soundstrukturen erweitert er die Grenzen des Originals und schafft eine v\u00f6llig neue H\u00f6rerfahrung.<\/p>\n<p class=\"p2\">\ud83d\udd39 <span class=\"s1\"><b>Peter F. Spiess Funk Edit<\/b><\/span> \u2013 Peter F. Spiess verleiht <i>\u201eCe n\u2019est pas la r\u00e9alit\u00e9\u201c<\/i> einen hypnotischen, funkigen Groove. Warme Basslines und filigrane Percussions lassen den Track in einem frischen, tanzbaren Gewand erscheinen, w\u00e4hrend die atmosph\u00e4rische Tiefe des Originals erhalten bleibt. Ein perfektes Club-Update f\u00fcr anspruchsvolle Dancefloors!<\/p>\n<\/div>\n<\/div>\n<\/div>\n<p>[\/vc_column_text][\/vc_column][vc_column width=&#8220;1\/4&#8243;][vc_single_image image=&#8220;183546&#8243; img_size=&#8220;full&#8220; onclick=&#8220;link_image&#8220; css=&#8220;&#8220;][vc_btn title=&#8220;Download &amp; Streaming&#8220; style=&#8220;flat&#8220; color=&#8220;sky&#8220; size=&#8220;xs&#8220; align=&#8220;center&#8220; i_icon_fontawesome=&#8220;fas fa-external-link-square-alt&#8220; css=&#8220;.vc_custom_1739143322140{margin-top: -20px !important;}&#8220; button_block=&#8220;true&#8220; add_icon=&#8220;true&#8220; link=&#8220;url:https%3A%2F%2Fsnd.click%2FRealiteRMX|target:_blank&#8220;][vc_empty_space height=&#8220;15px&#8220;][\/vc_column][\/vc_row][vc_row][vc_column][vc_column_text css=&#8220;&#8220;]<\/p>\n<div class=\"\">\n<div class=\"\">\n<div class=\"\">\n<p class=\"p1\"><span class=\"s1\">Ab dem <\/span><b>7. Februar 2025<\/b><span class=\"s1\"> auf <\/span><b>allen gro\u00dfen Streaming-Plattformen<\/b><span class=\"s1\"> verf\u00fcgbar \u2013 <\/span><b>verpasst nicht diese spannenden Neuinterpretationen von \u201eCe n\u2019est pas la r\u00e9alit\u00e9\u201c!<\/b><\/p>\n<\/div>\n<\/div>\n<\/div>\n<p>[\/vc_column_text][\/vc_column][\/vc_row][vc_row][vc_column width=&#8220;1\/2&#8243;][vc_video link=&#8220;https:\/\/www.youtube.com\/watch?v=-pi-VBPzlfk&#8220; css=&#8220;&#8220; title=&#8220;Ce N&#8217;est Pas La Realite (Glitch Molecule Remix) | Harthouse&#8220;][\/vc_column][vc_column width=&#8220;1\/2&#8243;][vc_video link=&#8220;https:\/\/www.youtube.com\/watch?v=bDkrsUiZhy0&#8243; css=&#8220;&#8220; title=&#8220;Ce N&#8217;est Pas La Realite (Peter F Spiess Funk Edit) | Harthouse&#8220;][\/vc_column][\/vc_row][vc_row][vc_column][vc_column_text css=&#8220;&#8220;]Weitere Informationen \u00fcber das Label: <a title=\"Harthouse\" href=\"https:\/\/ucm.one\/de\/musik-labels\/harthouse\/\" rel=\"noopener\">Harthouse<\/a>[\/vc_column_text][\/vc_column][\/vc_row]<\/p>\n<\/div>","protected":false},"excerpt":{"rendered":"<p>[vc_row][vc_column width=&#8220;3\/4&#8243;][vc_column_text css=&#8220;&#8220;] Nach der urspr\u00fcnglichen Ver\u00f6ffentlichung auf Harthouse im Jahr 2024 kehrt \u201eCe n\u2019est pas la r\u00e9alit\u00e9\u201c von den elektronischen Klangpionieren Sikora &amp; Drea Perlon nun in aufregenden neuen Remix-Versionen zur\u00fcck. Nun erscheinen zwei innovative Neuinterpretationen, die dem Originaltrack eine v\u00f6llig neue Dynamik verleihen. [\/vc_column_text][vc_column_text css=&#8220;&#8220;] Zwei einzigartige Remixe, zwei unterschiedliche Klangwelten: \ud83d\udd39 Glitch&hellip;<\/p>\n","protected":false},"author":2,"featured_media":183549,"comment_status":"closed","ping_status":"closed","sticky":false,"template":"","format":"standard","meta":{"_acf_changed":false,"footnotes":""},"categories":[793,9,13],"tags":[18307,15679,17763,2359,18511,7753,2361],"class_list":["post-183545","post","type-post","status-publish","format-standard","has-post-thumbnail","hentry","category-harthouse-de","category-musik","category-news","tag-ce-nest-pas-la-realite","tag-drea-perlon","tag-glitch-molecule","tag-harthouse","tag-peter-f-spiess","tag-sikora","tag-techno","category-793","category-9","category-13","description-off"],"acf":[],"yoast_head":"<!-- This site is optimized with the Yoast SEO plugin v27.5 - https:\/\/yoast.com\/product\/yoast-seo-wordpress\/ -->\n<title>Sikora &amp; Drea Perlon - Ce n&#039;est pas la r\u00e9alit\u00e9 (Remixes)<\/title>\n<meta name=\"description\" content=\"Nach der urspr\u00fcnglichen Ver\u00f6ffentlichung auf Harthouse im Jahr 2024 kehrt \u201eCe n\u2019est pas la r\u00e9alit\u00e9\u201c in aufregenden Remix-Versionen zur\u00fcck.\" \/>\n<meta name=\"robots\" content=\"index, follow, max-snippet:-1, max-image-preview:large, max-video-preview:-1\" \/>\n<link rel=\"canonical\" href=\"https:\/\/ucm.one\/de\/sikora-drea-perlon-mit-neuen-remixen-von-glitch-molecule-und-peter-f-spiess-vom-titel-ce-nest-pas-la-realite\/\" \/>\n<meta property=\"og:locale\" content=\"de_DE\" \/>\n<meta property=\"og:type\" content=\"article\" \/>\n<meta property=\"og:title\" content=\"Sikora &amp; Drea Perlon - Ce n&#039;est pas la r\u00e9alit\u00e9 (Remixes)\" \/>\n<meta property=\"og:description\" content=\"Die bei Harthouse erscheinende EP pr\u00e4sentiert eine einzigartige Fusion von Electronica &amp; Techno-Einfl\u00fcssen sowie den eigenen Produktionsstil.\" \/>\n<meta property=\"og:url\" content=\"https:\/\/ucm.one\/de\/sikora-drea-perlon-mit-neuen-remixen-von-glitch-molecule-und-peter-f-spiess-vom-titel-ce-nest-pas-la-realite\/\" \/>\n<meta property=\"og:site_name\" content=\"UCM.ONE\" \/>\n<meta property=\"article:published_time\" content=\"2025-02-07T23:15:06+00:00\" \/>\n<meta property=\"article:modified_time\" content=\"2025-02-09T23:40:39+00:00\" \/>\n<meta property=\"og:image\" content=\"https:\/\/ucm.one\/wp-content\/uploads\/2025\/02\/C-Sikora-Drea-Perlon-ce-nes-t-pas-la-realite-Remixes.png\" \/>\n\t<meta property=\"og:image:width\" content=\"1000\" \/>\n\t<meta property=\"og:image:height\" content=\"1000\" \/>\n\t<meta property=\"og:image:type\" content=\"image\/png\" \/>\n<meta name=\"author\" content=\"Joachim Keil\" \/>\n<meta name=\"twitter:card\" content=\"summary_large_image\" \/>\n<meta name=\"twitter:title\" content=\"Sikora &amp; Drea Perlon - Ce n&#039;est pas la r\u00e9alit\u00e9 (Remixes)\" \/>\n<meta name=\"twitter:description\" content=\"Nach der urspr\u00fcnglichen Ver\u00f6ffentlichung auf Harthouse im Jahr 2024 kehrt \u201eCe n\u2019est pas la r\u00e9alit\u00e9\u201c in aufregenden Remix-Versionen zur\u00fcck.\" \/>\n<meta name=\"twitter:image\" content=\"https:\/\/ucm.one\/wp-content\/uploads\/2025\/02\/C-Sikora-Drea-Perlon-ce-nes-t-pas-la-realite-Remixes.png\" \/>\n<meta name=\"twitter:label1\" content=\"Verfasst von\" \/>\n\t<meta name=\"twitter:data1\" content=\"Joachim Keil\" \/>\n\t<meta name=\"twitter:label2\" content=\"Gesch\u00e4tzte Lesezeit\" \/>\n\t<meta name=\"twitter:data2\" content=\"2\u00a0Minuten\" \/>\n<!-- \/ Yoast SEO plugin. -->","yoast_head_json":{"title":"Sikora & Drea Perlon - Ce n'est pas la r\u00e9alit\u00e9 (Remixes)","description":"Nach der urspr\u00fcnglichen Ver\u00f6ffentlichung auf Harthouse im Jahr 2024 kehrt \u201eCe n\u2019est pas la r\u00e9alit\u00e9\u201c in aufregenden Remix-Versionen zur\u00fcck.","robots":{"index":"index","follow":"follow","max-snippet":"max-snippet:-1","max-image-preview":"max-image-preview:large","max-video-preview":"max-video-preview:-1"},"canonical":"https:\/\/ucm.one\/de\/sikora-drea-perlon-mit-neuen-remixen-von-glitch-molecule-und-peter-f-spiess-vom-titel-ce-nest-pas-la-realite\/","og_locale":"de_DE","og_type":"article","og_title":"Sikora & Drea Perlon - Ce n'est pas la r\u00e9alit\u00e9 (Remixes)","og_description":"Die bei Harthouse erscheinende EP pr\u00e4sentiert eine einzigartige Fusion von Electronica & Techno-Einfl\u00fcssen sowie den eigenen Produktionsstil.","og_url":"https:\/\/ucm.one\/de\/sikora-drea-perlon-mit-neuen-remixen-von-glitch-molecule-und-peter-f-spiess-vom-titel-ce-nest-pas-la-realite\/","og_site_name":"UCM.ONE","article_published_time":"2025-02-07T23:15:06+00:00","article_modified_time":"2025-02-09T23:40:39+00:00","og_image":[{"width":1000,"height":1000,"url":"https:\/\/ucm.one\/wp-content\/uploads\/2025\/02\/C-Sikora-Drea-Perlon-ce-nes-t-pas-la-realite-Remixes.png","type":"image\/png"}],"author":"Joachim Keil","twitter_card":"summary_large_image","twitter_title":"Sikora & Drea Perlon - Ce n'est pas la r\u00e9alit\u00e9 (Remixes)","twitter_description":"Nach der urspr\u00fcnglichen Ver\u00f6ffentlichung auf Harthouse im Jahr 2024 kehrt \u201eCe n\u2019est pas la r\u00e9alit\u00e9\u201c in aufregenden Remix-Versionen zur\u00fcck.","twitter_image":"https:\/\/ucm.one\/wp-content\/uploads\/2025\/02\/C-Sikora-Drea-Perlon-ce-nes-t-pas-la-realite-Remixes.png","twitter_misc":{"Verfasst von":"Joachim Keil","Gesch\u00e4tzte Lesezeit":"2\u00a0Minuten"},"schema":{"@context":"https:\/\/schema.org","@graph":[{"@type":"Article","@id":"https:\/\/ucm.one\/de\/sikora-drea-perlon-mit-neuen-remixen-von-glitch-molecule-und-peter-f-spiess-vom-titel-ce-nest-pas-la-realite\/#article","isPartOf":{"@id":"https:\/\/ucm.one\/de\/sikora-drea-perlon-mit-neuen-remixen-von-glitch-molecule-und-peter-f-spiess-vom-titel-ce-nest-pas-la-realite\/"},"author":{"name":"Joachim Keil","@id":"https:\/\/ucm.one\/de\/#\/schema\/person\/4b959e467e8acc058836467a0ef8fa50"},"headline":"\ud83c\udfb5 Sikora &#038; Drea Perlon mit neuen Remixen von Glitch Molecule und Peter F. Spiess vom Titel &#8222;Ce n\u2019est pas la r\u00e9alit\u00e9\u201c","datePublished":"2025-02-07T23:15:06+00:00","dateModified":"2025-02-09T23:40:39+00:00","mainEntityOfPage":{"@id":"https:\/\/ucm.one\/de\/sikora-drea-perlon-mit-neuen-remixen-von-glitch-molecule-und-peter-f-spiess-vom-titel-ce-nest-pas-la-realite\/"},"wordCount":376,"publisher":{"@id":"https:\/\/ucm.one\/de\/#organization"},"image":{"@id":"https:\/\/ucm.one\/de\/sikora-drea-perlon-mit-neuen-remixen-von-glitch-molecule-und-peter-f-spiess-vom-titel-ce-nest-pas-la-realite\/#primaryimage"},"thumbnailUrl":"https:\/\/ucm.one\/wp-content\/uploads\/2025\/02\/B-Sikora-Drea-Perlon-ce-nest-p-as-la-realite-Remixes.jpg","keywords":["Ce n'est pas la r\u00e9alit\u00e9","Drea Perlon","Glitch Molecule","Harthouse","Peter F. Spiess","Sikora","Techno"],"articleSection":["Harthouse","Musik","News"],"inLanguage":"de"},{"@type":"WebPage","@id":"https:\/\/ucm.one\/de\/sikora-drea-perlon-mit-neuen-remixen-von-glitch-molecule-und-peter-f-spiess-vom-titel-ce-nest-pas-la-realite\/","url":"https:\/\/ucm.one\/de\/sikora-drea-perlon-mit-neuen-remixen-von-glitch-molecule-und-peter-f-spiess-vom-titel-ce-nest-pas-la-realite\/","name":"Sikora & Drea Perlon - Ce n'est pas la r\u00e9alit\u00e9 (Remixes)","isPartOf":{"@id":"https:\/\/ucm.one\/de\/#website"},"primaryImageOfPage":{"@id":"https:\/\/ucm.one\/de\/sikora-drea-perlon-mit-neuen-remixen-von-glitch-molecule-und-peter-f-spiess-vom-titel-ce-nest-pas-la-realite\/#primaryimage"},"image":{"@id":"https:\/\/ucm.one\/de\/sikora-drea-perlon-mit-neuen-remixen-von-glitch-molecule-und-peter-f-spiess-vom-titel-ce-nest-pas-la-realite\/#primaryimage"},"thumbnailUrl":"https:\/\/ucm.one\/wp-content\/uploads\/2025\/02\/B-Sikora-Drea-Perlon-ce-nest-p-as-la-realite-Remixes.jpg","datePublished":"2025-02-07T23:15:06+00:00","dateModified":"2025-02-09T23:40:39+00:00","description":"Nach der urspr\u00fcnglichen Ver\u00f6ffentlichung auf Harthouse im Jahr 2024 kehrt \u201eCe n\u2019est pas la r\u00e9alit\u00e9\u201c in aufregenden Remix-Versionen zur\u00fcck.","breadcrumb":{"@id":"https:\/\/ucm.one\/de\/sikora-drea-perlon-mit-neuen-remixen-von-glitch-molecule-und-peter-f-spiess-vom-titel-ce-nest-pas-la-realite\/#breadcrumb"},"inLanguage":"de","potentialAction":[{"@type":"ReadAction","target":["https:\/\/ucm.one\/de\/sikora-drea-perlon-mit-neuen-remixen-von-glitch-molecule-und-peter-f-spiess-vom-titel-ce-nest-pas-la-realite\/"]}]},{"@type":"ImageObject","inLanguage":"de","@id":"https:\/\/ucm.one\/de\/sikora-drea-perlon-mit-neuen-remixen-von-glitch-molecule-und-peter-f-spiess-vom-titel-ce-nest-pas-la-realite\/#primaryimage","url":"https:\/\/ucm.one\/wp-content\/uploads\/2025\/02\/B-Sikora-Drea-Perlon-ce-nest-p-as-la-realite-Remixes.jpg","contentUrl":"https:\/\/ucm.one\/wp-content\/uploads\/2025\/02\/B-Sikora-Drea-Perlon-ce-nest-p-as-la-realite-Remixes.jpg","width":1920,"height":600},{"@type":"BreadcrumbList","@id":"https:\/\/ucm.one\/de\/sikora-drea-perlon-mit-neuen-remixen-von-glitch-molecule-und-peter-f-spiess-vom-titel-ce-nest-pas-la-realite\/#breadcrumb","itemListElement":[{"@type":"ListItem","position":1,"name":"Home","item":"https:\/\/ucm.one\/de\/"},{"@type":"ListItem","position":2,"name":"\ud83c\udfb5 Sikora &#038; Drea Perlon mit neuen Remixen von Glitch Molecule und Peter F. Spiess vom Titel &#8222;Ce n\u2019est pas la r\u00e9alit\u00e9\u201c"}]},{"@type":"WebSite","@id":"https:\/\/ucm.one\/de\/#website","url":"https:\/\/ucm.one\/de\/","name":"UCM.ONE","description":"","publisher":{"@id":"https:\/\/ucm.one\/de\/#organization"},"potentialAction":[{"@type":"SearchAction","target":{"@type":"EntryPoint","urlTemplate":"https:\/\/ucm.one\/de\/?s={search_term_string}"},"query-input":{"@type":"PropertyValueSpecification","valueRequired":true,"valueName":"search_term_string"}}],"inLanguage":"de"},{"@type":"Organization","@id":"https:\/\/ucm.one\/de\/#organization","name":"UCM.ONE","url":"https:\/\/ucm.one\/de\/","logo":{"@type":"ImageObject","inLanguage":"de","@id":"https:\/\/ucm.one\/de\/#\/schema\/logo\/image\/","url":"https:\/\/ucm.one\/wp-content\/uploads\/2019\/10\/UCM.ONE-Logo-RGB.svg","contentUrl":"https:\/\/ucm.one\/wp-content\/uploads\/2019\/10\/UCM.ONE-Logo-RGB.svg","width":1,"height":1,"caption":"UCM.ONE"},"image":{"@id":"https:\/\/ucm.one\/de\/#\/schema\/logo\/image\/"}},{"@type":"Person","@id":"https:\/\/ucm.one\/de\/#\/schema\/person\/4b959e467e8acc058836467a0ef8fa50","name":"Joachim Keil","image":{"@type":"ImageObject","inLanguage":"de","@id":"https:\/\/secure.gravatar.com\/avatar\/10e1dfd05f2a7a7bc83cd44bae31e01c8ac15f974229211a2b1a49fa0a22fec0?s=96&d=mm&r=g","url":"https:\/\/secure.gravatar.com\/avatar\/10e1dfd05f2a7a7bc83cd44bae31e01c8ac15f974229211a2b1a49fa0a22fec0?s=96&d=mm&r=g","contentUrl":"https:\/\/secure.gravatar.com\/avatar\/10e1dfd05f2a7a7bc83cd44bae31e01c8ac15f974229211a2b1a49fa0a22fec0?s=96&d=mm&r=g","caption":"Joachim Keil"},"sameAs":["https:\/\/ucm.one"]}]}},"_links":{"self":[{"href":"https:\/\/ucm.one\/de\/wp-json\/wp\/v2\/posts\/183545","targetHints":{"allow":["GET"]}}],"collection":[{"href":"https:\/\/ucm.one\/de\/wp-json\/wp\/v2\/posts"}],"about":[{"href":"https:\/\/ucm.one\/de\/wp-json\/wp\/v2\/types\/post"}],"author":[{"embeddable":true,"href":"https:\/\/ucm.one\/de\/wp-json\/wp\/v2\/users\/2"}],"replies":[{"embeddable":true,"href":"https:\/\/ucm.one\/de\/wp-json\/wp\/v2\/comments?post=183545"}],"version-history":[{"count":4,"href":"https:\/\/ucm.one\/de\/wp-json\/wp\/v2\/posts\/183545\/revisions"}],"predecessor-version":[{"id":183554,"href":"https:\/\/ucm.one\/de\/wp-json\/wp\/v2\/posts\/183545\/revisions\/183554"}],"wp:featuredmedia":[{"embeddable":true,"href":"https:\/\/ucm.one\/de\/wp-json\/wp\/v2\/media\/183549"}],"wp:attachment":[{"href":"https:\/\/ucm.one\/de\/wp-json\/wp\/v2\/media?parent=183545"}],"wp:term":[{"taxonomy":"category","embeddable":true,"href":"https:\/\/ucm.one\/de\/wp-json\/wp\/v2\/categories?post=183545"},{"taxonomy":"post_tag","embeddable":true,"href":"https:\/\/ucm.one\/de\/wp-json\/wp\/v2\/tags?post=183545"}],"curies":[{"name":"wp","href":"https:\/\/api.w.org\/{rel}","templated":true}]}}