{"id":17832,"date":"2018-11-09T16:06:17","date_gmt":"2018-11-09T16:06:17","guid":{"rendered":"https:\/\/ucm.one\/?p=17832"},"modified":"2018-11-10T17:21:19","modified_gmt":"2018-11-10T17:21:19","slug":"fez-parker-feat-saji-malinda-go-on-alone-jetzt-erhaeltlich","status":"publish","type":"post","link":"https:\/\/ucm.one\/de\/fez-parker-feat-saji-malinda-go-on-alone-jetzt-erhaeltlich\/","title":{"rendered":"&#8222;Fez Parker feat. Saji &#038; Malinda &#8211; Go on alone&#8220; jetzt erh\u00e4ltlich"},"content":{"rendered":"<div class=\"wpb-content-wrapper\"><p>[vc_row][vc_column width=&#8220;3\/4&#8243;][vc_column_text]<\/p>\n<div class=\"\">\n<p>Der kanadische Tech-Enthusiast mit Sitz in Vancouver hatte einen lebenslangen Traum zu verwirklichen. Ausgehend von einer Kopie der Propellerhead Reason DAW in den fr\u00fchen 2000er Jahren sah er schnell die M\u00f6glichkeiten, die Liebe zur Technik mit der Schaffung von Sounds zu verbinden, die nicht an die Einschr\u00e4nkungen des Genres gebunden waren. Mit einem kleinen Schubs von seinen Kollegen gr\u00fcndete <strong>Faiz Parkar<\/strong> in 2010 das Musikprojekt &#8222;<strong>Calar Del Sole<\/strong>&#8222;. Mit \u00a0Ver\u00f6ffentlichungen wie &#8222;<strong>Caf\u00e9 Del Mar (Lounge Remake)<\/strong>&#8220; kletterte er an die Spitze der Charts bei vielen Portalen und konnte mit &#8222;<strong>Down The Road<\/strong>&#8220; in Netflix&#8217;s Lilyhammer geh\u00f6rt werden. Mit dem Jahr 2017 gab er sich musikalisch einen neuen Namen:\u00a0<strong>Fez Parker<\/strong>.<\/p>\n<\/div>\n<p>[\/vc_column_text][vc_column_text]2018 erscheint nun eine neue Ver\u00f6ffentlichung auf dem Label <strong>Parasol Phonoth\u00e9que<\/strong>, um der Welt seine Leidenschaft f\u00fcr Songwriting und Melodien n\u00e4her zu bringen, die \u00fcber den ersten H\u00f6ren hinausgehen. Der mit Nylongitarre angereicherte Song &#8222;<strong>Go on alone<\/strong>&#8220; ist einb\u00e4nglich und eine erste Ver\u00f6ffentlichung, um zu zeigen, was auf seinem Album, das im n\u00e4chsten Jahr erscheinen wird, zu erwarten ist.[\/vc_column_text][\/vc_column][vc_column width=&#8220;1\/4&#8243;][vc_single_image image=&#8220;17822&#8243; img_size=&#8220;full&#8220;][\/vc_column][\/vc_row][vc_row][vc_column width=&#8220;1\/3&#8243;][vc_btn title=&#8220;Apple Music&#8220; color=&#8220;sky&#8220; size=&#8220;sm&#8220; align=&#8220;center&#8220; i_type=&#8220;monosocial&#8220; i_icon_monosocial=&#8220;vc-mono vc-mono-apple&#8220; button_block=&#8220;true&#8220; add_icon=&#8220;true&#8220; link=&#8220;url:https%3A%2F%2Fitunes.apple.com%2Fde%2Falbum%2Fgo-on-alone-feat-saji-malinda-single%2F1439134188|title:iTunes|target:%20_blank|&#8220;][\/vc_column][vc_column width=&#8220;1\/3&#8243;][vc_btn title=&#8220;Amazon Music&#8220; color=&#8220;sky&#8220; size=&#8220;sm&#8220; align=&#8220;center&#8220; i_type=&#8220;monosocial&#8220; i_icon_monosocial=&#8220;vc-mono vc-mono-amazon&#8220; button_block=&#8220;true&#8220; add_icon=&#8220;true&#8220; link=&#8220;url:https%3A%2F%2Fwww.amazon.de%2FGo-on-Alone%2Fdp%2FB07JW97RB9%2Fref%3Dsr_1_1%3Fie%3DUTF8%26qid%3D1541868483%26sr%3D8-1%26keywords%3DGo%2Bon%2BAlone||target:%20_blank|&#8220;][\/vc_column][vc_column width=&#8220;1\/3&#8243;][vc_btn title=&#8220;Spotify&#8220; color=&#8220;sky&#8220; size=&#8220;sm&#8220; align=&#8220;center&#8220; i_type=&#8220;monosocial&#8220; i_icon_monosocial=&#8220;vc-mono vc-mono-spotify&#8220; button_block=&#8220;true&#8220; add_icon=&#8220;true&#8220; link=&#8220;url:https%3A%2F%2Fopen.spotify.com%2Fartist%2F285vzPGut2IV2wrht9n2KT||target:%20_blank|&#8220;][\/vc_column][\/vc_row]<\/p>\n<\/div>","protected":false},"excerpt":{"rendered":"<p>[vc_row][vc_column width=&#8220;3\/4&#8243;][vc_column_text] Der kanadische Tech-Enthusiast mit Sitz in Vancouver hatte einen lebenslangen Traum zu verwirklichen. Ausgehend von einer Kopie der Propellerhead Reason DAW in den fr\u00fchen 2000er Jahren sah er schnell die M\u00f6glichkeiten, die Liebe zur Technik mit der Schaffung von Sounds zu verbinden, die nicht an die Einschr\u00e4nkungen des Genres gebunden waren. Mit einem&hellip;<\/p>\n","protected":false},"author":2,"featured_media":17825,"comment_status":"closed","ping_status":"closed","sticky":false,"template":"","format":"standard","meta":{"_acf_changed":false,"footnotes":""},"categories":[9,13,4891],"tags":[4893,4885,4884,4892,4888,3154,4887,4889,4886],"class_list":["post-17832","post","type-post","status-publish","format-standard","has-post-thumbnail","hentry","category-musik","category-news","category-parasol-phonotheque","tag-calar-del-sole-de","tag-faiz-parkar-de","tag-fez-parker-de","tag-go-on-alone-de","tag-listening-de","tag-lounge","tag-malinda-de","tag-parasol-phonotheque","tag-saji-de","category-9","category-13","category-4891","description-off"],"acf":[],"yoast_head":"<!-- This site is optimized with the Yoast SEO plugin v27.5 - https:\/\/yoast.com\/product\/yoast-seo-wordpress\/ -->\n<title>&quot;Fez Parker feat. Saji &amp; Malinda - Go on alone&quot; jetzt erh\u00e4ltlich - UCM.ONE<\/title>\n<meta name=\"robots\" content=\"index, follow, max-snippet:-1, max-image-preview:large, max-video-preview:-1\" \/>\n<link rel=\"canonical\" href=\"https:\/\/ucm.one\/de\/fez-parker-feat-saji-malinda-go-on-alone-jetzt-erhaeltlich\/\" \/>\n<meta property=\"og:locale\" content=\"de_DE\" \/>\n<meta property=\"og:type\" content=\"article\" \/>\n<meta property=\"og:title\" content=\"&quot;Fez Parker feat. Saji &amp; Malinda - Go on alone&quot; jetzt erh\u00e4ltlich - UCM.ONE\" \/>\n<meta property=\"og:description\" content=\"[vc_row][vc_column width=&#8220;3\/4&#8243;][vc_column_text] Der kanadische Tech-Enthusiast mit Sitz in Vancouver hatte einen lebenslangen Traum zu verwirklichen. Ausgehend von einer Kopie der Propellerhead Reason DAW in den fr\u00fchen 2000er Jahren sah er schnell die M\u00f6glichkeiten, die Liebe zur Technik mit der Schaffung von Sounds zu verbinden, die nicht an die Einschr\u00e4nkungen des Genres gebunden waren. Mit einem&hellip;\" \/>\n<meta property=\"og:url\" content=\"https:\/\/ucm.one\/de\/fez-parker-feat-saji-malinda-go-on-alone-jetzt-erhaeltlich\/\" \/>\n<meta property=\"og:site_name\" content=\"UCM.ONE\" \/>\n<meta property=\"article:published_time\" content=\"2018-11-09T16:06:17+00:00\" \/>\n<meta property=\"article:modified_time\" content=\"2018-11-10T17:21:19+00:00\" \/>\n<meta property=\"og:image\" content=\"https:\/\/ucm.one\/wp-content\/uploads\/2018\/11\/B-Fez-Parker.jpg\" \/>\n\t<meta property=\"og:image:width\" content=\"1920\" \/>\n\t<meta property=\"og:image:height\" content=\"600\" \/>\n\t<meta property=\"og:image:type\" content=\"image\/jpeg\" \/>\n<meta name=\"author\" content=\"Joachim Keil\" \/>\n<meta name=\"twitter:card\" content=\"summary_large_image\" \/>\n<meta name=\"twitter:label1\" content=\"Verfasst von\" \/>\n\t<meta name=\"twitter:data1\" content=\"Joachim Keil\" \/>\n\t<meta name=\"twitter:label2\" content=\"Gesch\u00e4tzte Lesezeit\" \/>\n\t<meta name=\"twitter:data2\" content=\"2\u00a0Minuten\" \/>\n<!-- \/ Yoast SEO plugin. -->","yoast_head_json":{"title":"\"Fez Parker feat. Saji & Malinda - Go on alone\" jetzt erh\u00e4ltlich - UCM.ONE","robots":{"index":"index","follow":"follow","max-snippet":"max-snippet:-1","max-image-preview":"max-image-preview:large","max-video-preview":"max-video-preview:-1"},"canonical":"https:\/\/ucm.one\/de\/fez-parker-feat-saji-malinda-go-on-alone-jetzt-erhaeltlich\/","og_locale":"de_DE","og_type":"article","og_title":"\"Fez Parker feat. Saji & Malinda - Go on alone\" jetzt erh\u00e4ltlich - UCM.ONE","og_description":"[vc_row][vc_column width=&#8220;3\/4&#8243;][vc_column_text] Der kanadische Tech-Enthusiast mit Sitz in Vancouver hatte einen lebenslangen Traum zu verwirklichen. Ausgehend von einer Kopie der Propellerhead Reason DAW in den fr\u00fchen 2000er Jahren sah er schnell die M\u00f6glichkeiten, die Liebe zur Technik mit der Schaffung von Sounds zu verbinden, die nicht an die Einschr\u00e4nkungen des Genres gebunden waren. Mit einem&hellip;","og_url":"https:\/\/ucm.one\/de\/fez-parker-feat-saji-malinda-go-on-alone-jetzt-erhaeltlich\/","og_site_name":"UCM.ONE","article_published_time":"2018-11-09T16:06:17+00:00","article_modified_time":"2018-11-10T17:21:19+00:00","og_image":[{"width":1920,"height":600,"url":"https:\/\/ucm.one\/wp-content\/uploads\/2018\/11\/B-Fez-Parker.jpg","type":"image\/jpeg"}],"author":"Joachim Keil","twitter_card":"summary_large_image","twitter_misc":{"Verfasst von":"Joachim Keil","Gesch\u00e4tzte Lesezeit":"2\u00a0Minuten"},"schema":{"@context":"https:\/\/schema.org","@graph":[{"@type":"Article","@id":"https:\/\/ucm.one\/de\/fez-parker-feat-saji-malinda-go-on-alone-jetzt-erhaeltlich\/#article","isPartOf":{"@id":"https:\/\/ucm.one\/de\/fez-parker-feat-saji-malinda-go-on-alone-jetzt-erhaeltlich\/"},"author":{"name":"Joachim Keil","@id":"https:\/\/ucm.one\/de\/#\/schema\/person\/4b959e467e8acc058836467a0ef8fa50"},"headline":"&#8222;Fez Parker feat. Saji &#038; Malinda &#8211; Go on alone&#8220; jetzt erh\u00e4ltlich","datePublished":"2018-11-09T16:06:17+00:00","dateModified":"2018-11-10T17:21:19+00:00","mainEntityOfPage":{"@id":"https:\/\/ucm.one\/de\/fez-parker-feat-saji-malinda-go-on-alone-jetzt-erhaeltlich\/"},"wordCount":380,"publisher":{"@id":"https:\/\/ucm.one\/de\/#organization"},"image":{"@id":"https:\/\/ucm.one\/de\/fez-parker-feat-saji-malinda-go-on-alone-jetzt-erhaeltlich\/#primaryimage"},"thumbnailUrl":"https:\/\/ucm.one\/wp-content\/uploads\/2018\/11\/B-Fez-Parker.jpg","keywords":["Calar Del Sole","Faiz Parkar","Fez Parker","Go on alone","Listening","Lounge","Malinda","Parasol Phonoth\u00e9que","Saji"],"articleSection":["Musik","News","Parasol Phonoth\u00e9que"],"inLanguage":"de"},{"@type":"WebPage","@id":"https:\/\/ucm.one\/de\/fez-parker-feat-saji-malinda-go-on-alone-jetzt-erhaeltlich\/","url":"https:\/\/ucm.one\/de\/fez-parker-feat-saji-malinda-go-on-alone-jetzt-erhaeltlich\/","name":"\"Fez Parker feat. Saji & Malinda - Go on alone\" jetzt erh\u00e4ltlich - UCM.ONE","isPartOf":{"@id":"https:\/\/ucm.one\/de\/#website"},"primaryImageOfPage":{"@id":"https:\/\/ucm.one\/de\/fez-parker-feat-saji-malinda-go-on-alone-jetzt-erhaeltlich\/#primaryimage"},"image":{"@id":"https:\/\/ucm.one\/de\/fez-parker-feat-saji-malinda-go-on-alone-jetzt-erhaeltlich\/#primaryimage"},"thumbnailUrl":"https:\/\/ucm.one\/wp-content\/uploads\/2018\/11\/B-Fez-Parker.jpg","datePublished":"2018-11-09T16:06:17+00:00","dateModified":"2018-11-10T17:21:19+00:00","breadcrumb":{"@id":"https:\/\/ucm.one\/de\/fez-parker-feat-saji-malinda-go-on-alone-jetzt-erhaeltlich\/#breadcrumb"},"inLanguage":"de","potentialAction":[{"@type":"ReadAction","target":["https:\/\/ucm.one\/de\/fez-parker-feat-saji-malinda-go-on-alone-jetzt-erhaeltlich\/"]}]},{"@type":"ImageObject","inLanguage":"de","@id":"https:\/\/ucm.one\/de\/fez-parker-feat-saji-malinda-go-on-alone-jetzt-erhaeltlich\/#primaryimage","url":"https:\/\/ucm.one\/wp-content\/uploads\/2018\/11\/B-Fez-Parker.jpg","contentUrl":"https:\/\/ucm.one\/wp-content\/uploads\/2018\/11\/B-Fez-Parker.jpg","width":1920,"height":600},{"@type":"BreadcrumbList","@id":"https:\/\/ucm.one\/de\/fez-parker-feat-saji-malinda-go-on-alone-jetzt-erhaeltlich\/#breadcrumb","itemListElement":[{"@type":"ListItem","position":1,"name":"Home","item":"https:\/\/ucm.one\/de\/"},{"@type":"ListItem","position":2,"name":"&#8222;Fez Parker feat. Saji &#038; Malinda &#8211; Go on alone&#8220; jetzt erh\u00e4ltlich"}]},{"@type":"WebSite","@id":"https:\/\/ucm.one\/de\/#website","url":"https:\/\/ucm.one\/de\/","name":"UCM.ONE","description":"","publisher":{"@id":"https:\/\/ucm.one\/de\/#organization"},"potentialAction":[{"@type":"SearchAction","target":{"@type":"EntryPoint","urlTemplate":"https:\/\/ucm.one\/de\/?s={search_term_string}"},"query-input":{"@type":"PropertyValueSpecification","valueRequired":true,"valueName":"search_term_string"}}],"inLanguage":"de"},{"@type":"Organization","@id":"https:\/\/ucm.one\/de\/#organization","name":"UCM.ONE","url":"https:\/\/ucm.one\/de\/","logo":{"@type":"ImageObject","inLanguage":"de","@id":"https:\/\/ucm.one\/de\/#\/schema\/logo\/image\/","url":"https:\/\/ucm.one\/wp-content\/uploads\/2019\/10\/UCM.ONE-Logo-RGB.svg","contentUrl":"https:\/\/ucm.one\/wp-content\/uploads\/2019\/10\/UCM.ONE-Logo-RGB.svg","width":1,"height":1,"caption":"UCM.ONE"},"image":{"@id":"https:\/\/ucm.one\/de\/#\/schema\/logo\/image\/"}},{"@type":"Person","@id":"https:\/\/ucm.one\/de\/#\/schema\/person\/4b959e467e8acc058836467a0ef8fa50","name":"Joachim Keil","image":{"@type":"ImageObject","inLanguage":"de","@id":"https:\/\/secure.gravatar.com\/avatar\/10e1dfd05f2a7a7bc83cd44bae31e01c8ac15f974229211a2b1a49fa0a22fec0?s=96&d=mm&r=g","url":"https:\/\/secure.gravatar.com\/avatar\/10e1dfd05f2a7a7bc83cd44bae31e01c8ac15f974229211a2b1a49fa0a22fec0?s=96&d=mm&r=g","contentUrl":"https:\/\/secure.gravatar.com\/avatar\/10e1dfd05f2a7a7bc83cd44bae31e01c8ac15f974229211a2b1a49fa0a22fec0?s=96&d=mm&r=g","caption":"Joachim Keil"},"sameAs":["https:\/\/ucm.one"]}]}},"_links":{"self":[{"href":"https:\/\/ucm.one\/de\/wp-json\/wp\/v2\/posts\/17832","targetHints":{"allow":["GET"]}}],"collection":[{"href":"https:\/\/ucm.one\/de\/wp-json\/wp\/v2\/posts"}],"about":[{"href":"https:\/\/ucm.one\/de\/wp-json\/wp\/v2\/types\/post"}],"author":[{"embeddable":true,"href":"https:\/\/ucm.one\/de\/wp-json\/wp\/v2\/users\/2"}],"replies":[{"embeddable":true,"href":"https:\/\/ucm.one\/de\/wp-json\/wp\/v2\/comments?post=17832"}],"version-history":[{"count":0,"href":"https:\/\/ucm.one\/de\/wp-json\/wp\/v2\/posts\/17832\/revisions"}],"wp:featuredmedia":[{"embeddable":true,"href":"https:\/\/ucm.one\/de\/wp-json\/wp\/v2\/media\/17825"}],"wp:attachment":[{"href":"https:\/\/ucm.one\/de\/wp-json\/wp\/v2\/media?parent=17832"}],"wp:term":[{"taxonomy":"category","embeddable":true,"href":"https:\/\/ucm.one\/de\/wp-json\/wp\/v2\/categories?post=17832"},{"taxonomy":"post_tag","embeddable":true,"href":"https:\/\/ucm.one\/de\/wp-json\/wp\/v2\/tags?post=17832"}],"curies":[{"name":"wp","href":"https:\/\/api.w.org\/{rel}","templated":true}]}}