{"id":176481,"date":"2025-02-03T14:24:00","date_gmt":"2025-02-03T14:24:00","guid":{"rendered":"https:\/\/ucm.one\/?p=176481"},"modified":"2025-04-06T16:33:04","modified_gmt":"2025-04-06T16:33:04","slug":"ich-ich-ich-im-valentinstags-special-auf-mubi","status":"publish","type":"post","link":"https:\/\/ucm.one\/de\/ich-ich-ich-im-valentinstags-special-auf-mubi\/","title":{"rendered":"\ud83c\udfac \u201eIch Ich Ich\u201d im Valentinstags-Special auf MUBI"},"content":{"rendered":"<div class=\"wpb-content-wrapper\"><p>[vc_row][vc_column][vc_column_text css=&#8220;&#8220;]<\/p>\n<div class=\"wpb_text_column wpb_content_element \">\n<div class=\"wpb_wrapper\">\n<p>Der Arthouse-Streamingdienst <strong>MUBI<\/strong> zeigt im Rahmen der Filmreihe <strong>\u201eWill They? Won\u2019t They?\u201c<\/strong> den <strong>Darling Berlin<\/strong> Film <strong>\u201cIch Ich Ich\u201d<\/strong> (internationaler Titel: Second Thoughts).<\/p>\n<\/div>\n<\/div>\n<div class=\"wpb_text_column wpb_content_element \">\n<div class=\"wpb_wrapper\"><\/div>\n<\/div>\n<p>[\/vc_column_text][vc_column_text css=&#8220;&#8220;]Das Langfilm-Deb\u00fct der Regisseurin Zora Rux mit Elisa Pl\u00fcss und Thomas Fr\u00e4nzel in den Hauptrollen feierte seine Urauff\u00fchrung am 25. September 2021 beim Zurich Film Festival und lief im Spielfilm-Wettbewerb des Filmfestival Max Oph\u00fcls Preis 2022. Der Kinostart in Deutschland war am 1. Dezember 2022. Der Film ist auf dem UCM.ONE-Label Darling Berlin erschienen.[\/vc_column_text][vc_column_text css=&#8220;&#8220;]\u201cIch Ich Ich\u201d ist seit dem 1.Februar 2025 im Rahmen des Valentinstags-Specials auf MUBI verf\u00fcgbar.[\/vc_column_text][vc_row_inner][vc_column_inner width=&#8220;1\/2&#8243;][vc_single_image image=&#8220;176489&#8243; img_size=&#8220;full&#8220; css=&#8220;&#8220;][\/vc_column_inner][vc_column_inner width=&#8220;1\/2&#8243;][vc_single_image image=&#8220;176491&#8243; img_size=&#8220;full&#8220; css=&#8220;&#8220;][\/vc_column_inner][\/vc_row_inner][vc_column_text]<span style=\"font-size: 14pt;\">Inhaltsangabe<\/span><\/p>\n<p>Marie (Elisa Pl\u00fcss) wird von ihrem Freund Julian (Thomas Fr\u00e4nzel) auf der Hochzeit seines Bruders vor versammelter Familie mit einem Heiratsantrag \u00fcberrumpelt. Marie hat keinen Schimmer, wie sie darauf reagieren soll. Sie t\u00fcrmt aufs Land, um allein \u00fcber sich, ihr Leben\u00a0 und ihre Beziehung nachzudenken. Allein?<\/p>\n<p>Im Ferienhaus ihrer Mutter wird es alsbald zunehmend enger und absurder: denn Maries Gedanken nehmen pl\u00f6tzlich Gestalt an, ihre Gedankenmenschen werden immer zahlreicher und penetranter. Sie zwingen ihr m\u00f6gliche Babynamen auf, ein Ex-Freund klettert von B\u00e4umen herunter und ein \u201clyrisches Ich\u201d im Sari verk\u00fcndet Maries Innenwelt in Versen. Schlie\u00dflich kommt ihr M\u00f6chtegern-Verlobter ganz real in die tr\u00fcgerische Einsamkeit der Uckermark und bringt gleich eine ganze Busladung eigener Gedankenmenschen mit\u2026[\/vc_column_text][vc_video link=&#8220;https:\/\/youtu.be\/DMaPMbLhh0U&#8220; title=&#8220;Ich Ich Ich | Trailer (deutsch) \u1d34\u1d30&#8220;][vc_column_text css=&#8220;&#8220;]<span style=\"font-size: 14pt;\">Stimmen zum Film<\/span><\/p>\n<p><em>\u201cIn ihrem Langfilmdeb\u00fct zeigt Zora Rux eine Lebenswelt, so fremdbestimmt, dass sie vielmehr allen anderen zu geh\u00f6ren scheint als dem \u201eICH\u201c der Protagonistin.\u201c<\/em> (<b>FAZ<\/b>)<\/p>\n<p><em>\u201cVon der Suche nach einem Wir. In ihrem Film nimmt Zora Rux den Zuschauer mit in die surreale Welt der visualisierten Gedanken.\u201c<\/em> (<b>Schw\u00e4bische Zeitung)<\/b><\/p>\n<p><em>\u00a0\u201eVon Zora Rux so originell wie trefflich inszeniert.\u201c<\/em> (<b>Tagesspiegel)<\/b><\/p>\n<p><em>\u201cRegisseurin Zora Rux findet in ihrem Langfilmdeb\u00fct Ich Ich Ich \u00fcberzeugende und \u00fcberraschende und \u00fcberw\u00e4ltigende Momente. Unglaubliche Bilder, psychologisch genau und spielerisch leicht. Das ist witzig und tiefgr\u00fcndig und durchweg spannend.\u201d<\/em> (<b>Kino-Zeit<\/b>)<\/p>\n<p><em>\u201cDas fantasievolle Spielfilmdeb\u00fct steht in der Tradition des schwedischen Surrealisten Roy Andersson. Mit poetischen Bildern lotet der Film die Suche nach dem eigenen Lebensweg durch die Introspektion der Hauptfiguren aus.\u201c<\/em> (<b>Filmdienst<\/b>)[\/vc_column_text][\/vc_column][\/vc_row][vc_row][vc_column width=&#8220;1\/2&#8243;][vc_column_text]Mehr Informationen \u00fcber den Film: <a title=\"Ich Ich Ich\" href=\"https:\/\/ucm.one\/de\/ich-ich-ich\/\">Ich Ich Ich<\/a>[\/vc_column_text][\/vc_column][vc_column width=&#8220;1\/2&#8243;][vc_column_text]Mehr Informationen \u00fcber das Label: <a title=\"Darling Berlin\" href=\"https:\/\/ucm.one\/de\/film-labels\/darling-berlin\/\">Darling Berlin<\/a>[\/vc_column_text][\/vc_column][\/vc_row]<\/p>\n<\/div>","protected":false},"excerpt":{"rendered":"<p>[vc_row][vc_column][vc_column_text css=&#8220;&#8220;] Der Arthouse-Streamingdienst MUBI zeigt im Rahmen der Filmreihe \u201eWill They? Won\u2019t They?\u201c den Darling Berlin Film \u201cIch Ich Ich\u201d (internationaler Titel: Second Thoughts). [\/vc_column_text][vc_column_text css=&#8220;&#8220;]Das Langfilm-Deb\u00fct der Regisseurin Zora Rux mit Elisa Pl\u00fcss und Thomas Fr\u00e4nzel in den Hauptrollen feierte seine Urauff\u00fchrung am 25. September 2021 beim Zurich Film Festival und lief im&hellip;<\/p>\n","protected":false},"author":513,"featured_media":176487,"comment_status":"closed","ping_status":"closed","sticky":false,"template":"","format":"standard","meta":{"_acf_changed":false,"footnotes":""},"categories":[830,8,15325,10,13],"tags":[2261,10515,14852,14856,13676,14855,14853,10626,14859,14858,14564,14854,2903,14857,13675],"class_list":["post-176481","post","type-post","status-publish","format-standard","has-post-thumbnail","hentry","category-darling-berlin","category-film","category-filmvertrieb-de","category-kino","category-news","tag-berlin","tag-dffb","tag-elisa-pluess","tag-henriette-confurius","tag-ich-ich-ich","tag-judith-van-der-werff","tag-lola-klamroth","tag-mubi","tag-pablo-grant","tag-paul-lux","tag-roy-andersson","tag-sebastian-schneider","tag-thomas-fraenzel","tag-wenka-von-mikulicz","tag-zora-rux","category-830","category-8","category-15325","category-10","category-13","description-off"],"acf":[],"yoast_head":"<!-- This site is optimized with the Yoast SEO plugin v27.5 - https:\/\/yoast.com\/product\/yoast-seo-wordpress\/ -->\n<title>&quot;Ich Ich Ich\u201c von Zora Rux im Valentinstag-Special 2025 auf MUBI<\/title>\n<meta name=\"description\" content=\"Der Spielfilm &quot;ICH ICH ICH&quot; im Valentinstag-Special 2025 des Arthouse-Streamingdienstes MUBI\" \/>\n<meta name=\"robots\" content=\"index, follow, max-snippet:-1, max-image-preview:large, max-video-preview:-1\" \/>\n<link rel=\"canonical\" href=\"https:\/\/ucm.one\/de\/ich-ich-ich-im-valentinstags-special-auf-mubi\/\" \/>\n<meta property=\"og:locale\" content=\"de_DE\" \/>\n<meta property=\"og:type\" content=\"article\" \/>\n<meta property=\"og:title\" content=\"&quot;Ich Ich Ich\u201c von Zora Rux im Valentinstag-Special 2025 von MUBI\" \/>\n<meta property=\"og:description\" content=\"Der Arthouse-Streamingdienst MUBI zeigt im Rahmen der Filmreihe \u201eWill They? Won\u2019t They?\u201c den Darling Berlin Film \u201cIch Ich Ich\u201d (internationaler Titel: Second Thoughts).\" \/>\n<meta property=\"og:url\" content=\"https:\/\/ucm.one\/de\/ich-ich-ich-im-valentinstags-special-auf-mubi\/\" \/>\n<meta property=\"og:site_name\" content=\"UCM.ONE\" \/>\n<meta property=\"article:published_time\" content=\"2025-02-03T14:24:00+00:00\" \/>\n<meta property=\"article:modified_time\" content=\"2025-04-06T16:33:04+00:00\" \/>\n<meta property=\"og:image\" content=\"https:\/\/ucm.one\/wp-content\/uploads\/2025\/02\/Ich-Ich-Ich-Thumbnail-quadratisch.jpg\" \/>\n\t<meta property=\"og:image:width\" content=\"1080\" \/>\n\t<meta property=\"og:image:height\" content=\"1080\" \/>\n\t<meta property=\"og:image:type\" content=\"image\/jpeg\" \/>\n<meta name=\"author\" content=\"robert.zimmermann\" \/>\n<meta name=\"twitter:card\" content=\"summary_large_image\" \/>\n<meta name=\"twitter:title\" content=\"&quot;Ich Ich Ich\u201c von Zora Rux im Valentinstag-Special 2025 von MUBI\" \/>\n<meta name=\"twitter:description\" content=\"Der Arthouse-Streamingdienst MUBI zeigt im Rahmen der Filmreihe \u201eWill They? Won\u2019t They?\u201c den Darling Berlin Film \u201cIch Ich Ich\u201d (internationaler Titel: Second Thoughts).\" \/>\n<meta name=\"twitter:image\" content=\"https:\/\/ucm.one\/wp-content\/uploads\/2025\/02\/NB-Ich-Ich-Ich-Valentinstag2025-MUBI-de.jpg\" \/>\n<meta name=\"twitter:label1\" content=\"Verfasst von\" \/>\n\t<meta name=\"twitter:data1\" content=\"robert.zimmermann\" \/>\n\t<meta name=\"twitter:label2\" content=\"Gesch\u00e4tzte Lesezeit\" \/>\n\t<meta name=\"twitter:data2\" content=\"3\u00a0Minuten\" \/>\n<!-- \/ Yoast SEO plugin. -->","yoast_head_json":{"title":"\"Ich Ich Ich\u201c von Zora Rux im Valentinstag-Special 2025 auf MUBI","description":"Der Spielfilm \"ICH ICH ICH\" im Valentinstag-Special 2025 des Arthouse-Streamingdienstes MUBI","robots":{"index":"index","follow":"follow","max-snippet":"max-snippet:-1","max-image-preview":"max-image-preview:large","max-video-preview":"max-video-preview:-1"},"canonical":"https:\/\/ucm.one\/de\/ich-ich-ich-im-valentinstags-special-auf-mubi\/","og_locale":"de_DE","og_type":"article","og_title":"\"Ich Ich Ich\u201c von Zora Rux im Valentinstag-Special 2025 von MUBI","og_description":"Der Arthouse-Streamingdienst MUBI zeigt im Rahmen der Filmreihe \u201eWill They? Won\u2019t They?\u201c den Darling Berlin Film \u201cIch Ich Ich\u201d (internationaler Titel: Second Thoughts).","og_url":"https:\/\/ucm.one\/de\/ich-ich-ich-im-valentinstags-special-auf-mubi\/","og_site_name":"UCM.ONE","article_published_time":"2025-02-03T14:24:00+00:00","article_modified_time":"2025-04-06T16:33:04+00:00","og_image":[{"width":1080,"height":1080,"url":"https:\/\/ucm.one\/wp-content\/uploads\/2025\/02\/Ich-Ich-Ich-Thumbnail-quadratisch.jpg","type":"image\/jpeg"}],"author":"robert.zimmermann","twitter_card":"summary_large_image","twitter_title":"\"Ich Ich Ich\u201c von Zora Rux im Valentinstag-Special 2025 von MUBI","twitter_description":"Der Arthouse-Streamingdienst MUBI zeigt im Rahmen der Filmreihe \u201eWill They? Won\u2019t They?\u201c den Darling Berlin Film \u201cIch Ich Ich\u201d (internationaler Titel: Second Thoughts).","twitter_image":"https:\/\/ucm.one\/wp-content\/uploads\/2025\/02\/NB-Ich-Ich-Ich-Valentinstag2025-MUBI-de.jpg","twitter_misc":{"Verfasst von":"robert.zimmermann","Gesch\u00e4tzte Lesezeit":"3\u00a0Minuten"},"schema":{"@context":"https:\/\/schema.org","@graph":[{"@type":"Article","@id":"https:\/\/ucm.one\/de\/ich-ich-ich-im-valentinstags-special-auf-mubi\/#article","isPartOf":{"@id":"https:\/\/ucm.one\/de\/ich-ich-ich-im-valentinstags-special-auf-mubi\/"},"author":{"name":"robert.zimmermann","@id":"https:\/\/ucm.one\/de\/#\/schema\/person\/c3b3f40103ac9b2939adf4c2e044f503"},"headline":"\ud83c\udfac \u201eIch Ich Ich\u201d im Valentinstags-Special auf MUBI","datePublished":"2025-02-03T14:24:00+00:00","dateModified":"2025-04-06T16:33:04+00:00","mainEntityOfPage":{"@id":"https:\/\/ucm.one\/de\/ich-ich-ich-im-valentinstags-special-auf-mubi\/"},"wordCount":490,"publisher":{"@id":"https:\/\/ucm.one\/de\/#organization"},"image":{"@id":"https:\/\/ucm.one\/de\/ich-ich-ich-im-valentinstags-special-auf-mubi\/#primaryimage"},"thumbnailUrl":"https:\/\/ucm.one\/wp-content\/uploads\/2025\/02\/NB-Ich-Ich-Ich-Valentinstag2025-MUBI-de.jpg","keywords":["Berlin","DFFB","Elisa Pl\u00fcss","Henriette Confurius","Ich Ich Ich","Judith van der Werff","Lola Klamroth","MUBI","Pablo Grant","Paul Lux","Roy Andersson","Sebastian Schneider","Thomas Fr\u00e4nzel","Wenka von Mikulicz","Zora Rux"],"articleSection":["Darling Berlin","Film","Filmvertrieb","Kino","News"],"inLanguage":"de"},{"@type":"WebPage","@id":"https:\/\/ucm.one\/de\/ich-ich-ich-im-valentinstags-special-auf-mubi\/","url":"https:\/\/ucm.one\/de\/ich-ich-ich-im-valentinstags-special-auf-mubi\/","name":"\"Ich Ich Ich\u201c von Zora Rux im Valentinstag-Special 2025 auf MUBI","isPartOf":{"@id":"https:\/\/ucm.one\/de\/#website"},"primaryImageOfPage":{"@id":"https:\/\/ucm.one\/de\/ich-ich-ich-im-valentinstags-special-auf-mubi\/#primaryimage"},"image":{"@id":"https:\/\/ucm.one\/de\/ich-ich-ich-im-valentinstags-special-auf-mubi\/#primaryimage"},"thumbnailUrl":"https:\/\/ucm.one\/wp-content\/uploads\/2025\/02\/NB-Ich-Ich-Ich-Valentinstag2025-MUBI-de.jpg","datePublished":"2025-02-03T14:24:00+00:00","dateModified":"2025-04-06T16:33:04+00:00","description":"Der Spielfilm \"ICH ICH ICH\" im Valentinstag-Special 2025 des Arthouse-Streamingdienstes MUBI","breadcrumb":{"@id":"https:\/\/ucm.one\/de\/ich-ich-ich-im-valentinstags-special-auf-mubi\/#breadcrumb"},"inLanguage":"de","potentialAction":[{"@type":"ReadAction","target":["https:\/\/ucm.one\/de\/ich-ich-ich-im-valentinstags-special-auf-mubi\/"]}]},{"@type":"ImageObject","inLanguage":"de","@id":"https:\/\/ucm.one\/de\/ich-ich-ich-im-valentinstags-special-auf-mubi\/#primaryimage","url":"https:\/\/ucm.one\/wp-content\/uploads\/2025\/02\/NB-Ich-Ich-Ich-Valentinstag2025-MUBI-de.jpg","contentUrl":"https:\/\/ucm.one\/wp-content\/uploads\/2025\/02\/NB-Ich-Ich-Ich-Valentinstag2025-MUBI-de.jpg","width":1920,"height":600},{"@type":"BreadcrumbList","@id":"https:\/\/ucm.one\/de\/ich-ich-ich-im-valentinstags-special-auf-mubi\/#breadcrumb","itemListElement":[{"@type":"ListItem","position":1,"name":"Home","item":"https:\/\/ucm.one\/de\/"},{"@type":"ListItem","position":2,"name":"\ud83c\udfac \u201eIch Ich Ich\u201d im Valentinstags-Special auf MUBI"}]},{"@type":"WebSite","@id":"https:\/\/ucm.one\/de\/#website","url":"https:\/\/ucm.one\/de\/","name":"UCM.ONE","description":"","publisher":{"@id":"https:\/\/ucm.one\/de\/#organization"},"potentialAction":[{"@type":"SearchAction","target":{"@type":"EntryPoint","urlTemplate":"https:\/\/ucm.one\/de\/?s={search_term_string}"},"query-input":{"@type":"PropertyValueSpecification","valueRequired":true,"valueName":"search_term_string"}}],"inLanguage":"de"},{"@type":"Organization","@id":"https:\/\/ucm.one\/de\/#organization","name":"UCM.ONE","url":"https:\/\/ucm.one\/de\/","logo":{"@type":"ImageObject","inLanguage":"de","@id":"https:\/\/ucm.one\/de\/#\/schema\/logo\/image\/","url":"https:\/\/ucm.one\/wp-content\/uploads\/2019\/10\/UCM.ONE-Logo-RGB.svg","contentUrl":"https:\/\/ucm.one\/wp-content\/uploads\/2019\/10\/UCM.ONE-Logo-RGB.svg","width":1,"height":1,"caption":"UCM.ONE"},"image":{"@id":"https:\/\/ucm.one\/de\/#\/schema\/logo\/image\/"}},{"@type":"Person","@id":"https:\/\/ucm.one\/de\/#\/schema\/person\/c3b3f40103ac9b2939adf4c2e044f503","name":"robert.zimmermann","image":{"@type":"ImageObject","inLanguage":"de","@id":"https:\/\/secure.gravatar.com\/avatar\/e46878d77ec9637bfe2c211eadff61cf2f817a55dd152b546e649bd7e53c0e04?s=96&d=mm&r=g","url":"https:\/\/secure.gravatar.com\/avatar\/e46878d77ec9637bfe2c211eadff61cf2f817a55dd152b546e649bd7e53c0e04?s=96&d=mm&r=g","contentUrl":"https:\/\/secure.gravatar.com\/avatar\/e46878d77ec9637bfe2c211eadff61cf2f817a55dd152b546e649bd7e53c0e04?s=96&d=mm&r=g","caption":"robert.zimmermann"}}]}},"_links":{"self":[{"href":"https:\/\/ucm.one\/de\/wp-json\/wp\/v2\/posts\/176481","targetHints":{"allow":["GET"]}}],"collection":[{"href":"https:\/\/ucm.one\/de\/wp-json\/wp\/v2\/posts"}],"about":[{"href":"https:\/\/ucm.one\/de\/wp-json\/wp\/v2\/types\/post"}],"author":[{"embeddable":true,"href":"https:\/\/ucm.one\/de\/wp-json\/wp\/v2\/users\/513"}],"replies":[{"embeddable":true,"href":"https:\/\/ucm.one\/de\/wp-json\/wp\/v2\/comments?post=176481"}],"version-history":[{"count":7,"href":"https:\/\/ucm.one\/de\/wp-json\/wp\/v2\/posts\/176481\/revisions"}],"predecessor-version":[{"id":176496,"href":"https:\/\/ucm.one\/de\/wp-json\/wp\/v2\/posts\/176481\/revisions\/176496"}],"wp:featuredmedia":[{"embeddable":true,"href":"https:\/\/ucm.one\/de\/wp-json\/wp\/v2\/media\/176487"}],"wp:attachment":[{"href":"https:\/\/ucm.one\/de\/wp-json\/wp\/v2\/media?parent=176481"}],"wp:term":[{"taxonomy":"category","embeddable":true,"href":"https:\/\/ucm.one\/de\/wp-json\/wp\/v2\/categories?post=176481"},{"taxonomy":"post_tag","embeddable":true,"href":"https:\/\/ucm.one\/de\/wp-json\/wp\/v2\/tags?post=176481"}],"curies":[{"name":"wp","href":"https:\/\/api.w.org\/{rel}","templated":true}]}}