{"id":173280,"date":"2025-01-31T10:26:35","date_gmt":"2025-01-31T10:26:35","guid":{"rendered":"https:\/\/ucm.one\/?p=173280"},"modified":"2025-01-31T23:46:00","modified_gmt":"2025-01-31T23:46:00","slug":"mit-priority-veroeffentlicht-thomas-helmich-seine-zweite-single-aus-dem-kommenden-album-voyager-harthouse","status":"publish","type":"post","link":"https:\/\/ucm.one\/de\/mit-priority-veroeffentlicht-thomas-helmich-seine-zweite-single-aus-dem-kommenden-album-voyager-harthouse\/","title":{"rendered":"\ud83c\udfb5 Mit \u201cPriority\u201d ver\u00f6ffentlicht Thomas Helmich seine zweite Single aus dem kommenden Album &#8222;Voyager&#8220; (Harthouse)"},"content":{"rendered":"<div class=\"wpb-content-wrapper\"><p>[vc_row][vc_column][vc_column_text css=&#8220;&#8220;]<\/p>\n<p class=\"p1\">Mit \u201e<strong>Priority<\/strong>\u201c ver\u00f6ffentlicht <span class=\"s1\"><b>Thomas Helmich<\/b><\/span> heute die zweite Single aus seinem mit Spannung erwarteten Deb\u00fctalbum \u201e<strong>Voyager<\/strong>\u201c. Der Track entf\u00fchrt die H\u00f6rer in eine Welt aus tiefen, treibenden Beats und atmosph\u00e4rischen Melodien, die sowohl hypnotisch als auch mitrei\u00dfend wirken.<\/p>\n<p>[\/vc_column_text][\/vc_column][\/vc_row][vc_row][vc_column width=&#8220;2\/4&#8243;][vc_column_text css=&#8220;&#8220;]<\/p>\n<p class=\"p1\">Mit einer kraftvollen Mischung aus melodischem Techno und futuristischen Klangwelten setzt \u201e<strong>Priority<\/strong>\u201c ein starkes Zeichen f\u00fcr das kommende Album. Die dichten Synthesizer-Arrangements und das pulsierende Sounddesign machen den Track zu einem perfekten Soundscape f\u00fcr die Nacht \u2013 sei es im Club oder auf einer introspektiven musikalischen Reise.<\/p>\n<p>[\/vc_column_text][vc_column_text css=&#8220;&#8220;]<\/p>\n<p class=\"p1\"><b>Album: \u201eVoyager\u201c \u2013 Erscheinung am 14. M\u00e4rz 2025<\/b><b><\/b><\/p>\n<p>[\/vc_column_text][vc_column_text css=&#8220;&#8220;]<\/p>\n<div class=\"\">\n<div class=\"\">\n<div class=\"\">\n<div class=\"\">\n<div class=\"\">\n<p class=\"p1\">Mit \u201e<strong>Voyager<\/strong>\u201c nimmt <span class=\"s1\"><b>Thomas Helmich<\/b><\/span> die H\u00f6rer mit auf eine musikalische Expedition durch die Weiten elektronischer Klanglandschaften. Das Album verspricht eine transzendente Reise, gepr\u00e4gt von pulsierenden Beats, sph\u00e4rischen Melodien und cineastischer Weite. Helmich verbindet melodischen Techno mit futuristischen Soundstrukturen und erschafft ein intensives, hypnotisches H\u00f6rerlebnis.<\/p>\n<\/div>\n<\/div>\n<\/div>\n<\/div>\n<\/div>\n<p>[\/vc_column_text][\/vc_column][vc_column width=&#8220;1\/4&#8243;][vc_single_image image=&#8220;173283&#8243; img_size=&#8220;full&#8220; onclick=&#8220;link_image&#8220; css=&#8220;&#8220;][vc_btn title=&#8220;Download &amp; Streaming&#8220; style=&#8220;flat&#8220; color=&#8220;sky&#8220; size=&#8220;xs&#8220; align=&#8220;center&#8220; i_icon_fontawesome=&#8220;fas fa-external-link-square-alt&#8220; css=&#8220;.vc_custom_1738366312584{margin-top: -25px !important;}&#8220; button_block=&#8220;true&#8220; add_icon=&#8220;true&#8220; link=&#8220;url:https%3A%2F%2Fsnd.click%2FPriority|title:Download%20%26%20Streaming|target:_blank&#8220;][\/vc_column][vc_column width=&#8220;1\/4&#8243;][vc_single_image image=&#8220;173281&#8243; img_size=&#8220;full&#8220; onclick=&#8220;link_image&#8220; css=&#8220;&#8220;][vc_btn title=&#8220;Vorbestellen &amp; Vormerken&#8220; style=&#8220;flat&#8220; color=&#8220;inverse&#8220; size=&#8220;xs&#8220; align=&#8220;center&#8220; i_icon_fontawesome=&#8220;fas fa-external-link-square-alt&#8220; css=&#8220;.vc_custom_1738366252794{margin-top: -25px !important;}&#8220; button_block=&#8220;true&#8220; add_icon=&#8220;true&#8220; link=&#8220;url:https%3A%2F%2Fsnd.click%2FVoyager|title:Download%20%26%20Streaming|target:_blank&#8220;][\/vc_column][\/vc_row][vc_row][vc_column][vc_column_text css=&#8220;&#8220;]<\/p>\n<div class=\"\">\n<div class=\"\">\n<div class=\"\">\n<div class=\"\">\n<div class=\"\">\n<p class=\"p1\">Jeder Track des Albums erz\u00e4hlt eine eigene Geschichte, inspiriert von der \u00c4sthetik des Reisens \u2013 von der Aufregung des Abflugs bis zur Ruhe der Ankunft. <span class=\"s1\"><b>Synth-getriebene Harmonien, treibende Rhythmen und flie\u00dfende \u00dcberg\u00e4nge <\/b><\/span>sorgen daf\u00fcr, dass sich \u201e<strong>Voyager<\/strong>\u201c wie ein nahtloses Ganzes anf\u00fchlt, das dennoch vielschichtig und dynamisch bleibt.<\/p>\n<\/div>\n<\/div>\n<\/div>\n<\/div>\n<\/div>\n<p>[\/vc_column_text][vc_separator css=&#8220;&#8220;][\/vc_column][\/vc_row][vc_row][vc_column][vc_video link=&#8220;https:\/\/www.youtube.com\/watch?v=-qkifrdElxc&#8220; css=&#8220;&#8220; title=&#8220;Thomas Helmich &#8211; Priority (Edit)&#8220;][\/vc_column][\/vc_row][vc_row][vc_column][vc_column_text]Weitere Informationen \u00fcber das Label: <a title=\"Harthouse\" href=\"https:\/\/ucm.one\/de\/musik-labels\/harthouse\/\">Harthouse<\/a>[\/vc_column_text][\/vc_column][\/vc_row]<\/p>\n<\/div>","protected":false},"excerpt":{"rendered":"<p>[vc_row][vc_column][vc_column_text css=&#8220;&#8220;] Mit \u201ePriority\u201c ver\u00f6ffentlicht Thomas Helmich heute die zweite Single aus seinem mit Spannung erwarteten Deb\u00fctalbum \u201eVoyager\u201c. Der Track entf\u00fchrt die H\u00f6rer in eine Welt aus tiefen, treibenden Beats und atmosph\u00e4rischen Melodien, die sowohl hypnotisch als auch mitrei\u00dfend wirken. [\/vc_column_text][\/vc_column][\/vc_row][vc_row][vc_column width=&#8220;2\/4&#8243;][vc_column_text css=&#8220;&#8220;] Mit einer kraftvollen Mischung aus melodischem Techno und futuristischen Klangwelten setzt \u201ePriority\u201c&hellip;<\/p>\n","protected":false},"author":2,"featured_media":173286,"comment_status":"closed","ping_status":"closed","sticky":false,"template":"","format":"standard","meta":{"_acf_changed":false,"footnotes":""},"categories":[793,9,13],"tags":[2359,18498,2361,15677,18393],"class_list":["post-173280","post","type-post","status-publish","format-standard","has-post-thumbnail","hentry","category-harthouse-de","category-musik","category-news","tag-harthouse","tag-priority","tag-techno","tag-thomas-helmich","tag-voyager","category-793","category-9","category-13","description-off"],"acf":[],"yoast_head":"<!-- This site is optimized with the Yoast SEO plugin v27.5 - https:\/\/yoast.com\/product\/yoast-seo-wordpress\/ -->\n<title>Thomas Helmich mit neuer Single &quot;Priority&quot; auf Harthouse<\/title>\n<meta name=\"description\" content=\"Mit \u201cPriority\u201d ver\u00f6ffentlicht Thomas Helmich seine zweite Single aus dem kommenden Album &quot;Voyager&quot; auf dem deutschen label Harthouse.\" \/>\n<meta name=\"robots\" content=\"index, follow, max-snippet:-1, max-image-preview:large, max-video-preview:-1\" \/>\n<link rel=\"canonical\" href=\"https:\/\/ucm.one\/de\/mit-priority-veroeffentlicht-thomas-helmich-seine-zweite-single-aus-dem-kommenden-album-voyager-harthouse\/\" \/>\n<meta property=\"og:locale\" content=\"de_DE\" \/>\n<meta property=\"og:type\" content=\"article\" \/>\n<meta property=\"og:title\" content=\"Thomas Helmich mit neuer Single &quot;Voyager&quot; auf Harthouse\" \/>\n<meta property=\"og:description\" content=\"Mit \u201cPriority\u201d ver\u00f6ffentlicht Thomas Helmich seine zweite Single aus dem kommenden Album &quot;Voyager&quot; auf dem deutschen label Harthouse.\" \/>\n<meta property=\"og:url\" content=\"https:\/\/ucm.one\/de\/mit-priority-veroeffentlicht-thomas-helmich-seine-zweite-single-aus-dem-kommenden-album-voyager-harthouse\/\" \/>\n<meta property=\"og:site_name\" content=\"UCM.ONE\" \/>\n<meta property=\"article:published_time\" content=\"2025-01-31T10:26:35+00:00\" \/>\n<meta property=\"article:modified_time\" content=\"2025-01-31T23:46:00+00:00\" \/>\n<meta property=\"og:image\" content=\"https:\/\/ucm.one\/wp-content\/uploads\/2025\/01\/C-Thomas-Helmich-Priority.jpg\" \/>\n\t<meta property=\"og:image:width\" content=\"1000\" \/>\n\t<meta property=\"og:image:height\" content=\"1000\" \/>\n\t<meta property=\"og:image:type\" content=\"image\/jpeg\" \/>\n<meta name=\"author\" content=\"Joachim Keil\" \/>\n<meta name=\"twitter:card\" content=\"summary_large_image\" \/>\n<meta name=\"twitter:title\" content=\"Thomas Helmich mit neuer Single &quot;Voyager&quot; auf Harthouse\" \/>\n<meta name=\"twitter:description\" content=\"Mit \u201cPriority\u201d ver\u00f6ffentlicht Thomas Helmich seine zweite Single aus dem kommenden Album &quot;Voyager&quot; auf dem deutschen label Harthouse.\" \/>\n<meta name=\"twitter:image\" content=\"https:\/\/ucm.one\/wp-content\/uploads\/2025\/01\/C-Thomas-Helmich-Priority.jpg\" \/>\n<meta name=\"twitter:label1\" content=\"Verfasst von\" \/>\n\t<meta name=\"twitter:data1\" content=\"Joachim Keil\" \/>\n\t<meta name=\"twitter:label2\" content=\"Gesch\u00e4tzte Lesezeit\" \/>\n\t<meta name=\"twitter:data2\" content=\"2\u00a0Minuten\" \/>\n<!-- \/ Yoast SEO plugin. -->","yoast_head_json":{"title":"Thomas Helmich mit neuer Single \"Priority\" auf Harthouse","description":"Mit \u201cPriority\u201d ver\u00f6ffentlicht Thomas Helmich seine zweite Single aus dem kommenden Album \"Voyager\" auf dem deutschen label Harthouse.","robots":{"index":"index","follow":"follow","max-snippet":"max-snippet:-1","max-image-preview":"max-image-preview:large","max-video-preview":"max-video-preview:-1"},"canonical":"https:\/\/ucm.one\/de\/mit-priority-veroeffentlicht-thomas-helmich-seine-zweite-single-aus-dem-kommenden-album-voyager-harthouse\/","og_locale":"de_DE","og_type":"article","og_title":"Thomas Helmich mit neuer Single \"Voyager\" auf Harthouse","og_description":"Mit \u201cPriority\u201d ver\u00f6ffentlicht Thomas Helmich seine zweite Single aus dem kommenden Album \"Voyager\" auf dem deutschen label Harthouse.","og_url":"https:\/\/ucm.one\/de\/mit-priority-veroeffentlicht-thomas-helmich-seine-zweite-single-aus-dem-kommenden-album-voyager-harthouse\/","og_site_name":"UCM.ONE","article_published_time":"2025-01-31T10:26:35+00:00","article_modified_time":"2025-01-31T23:46:00+00:00","og_image":[{"width":1000,"height":1000,"url":"https:\/\/ucm.one\/wp-content\/uploads\/2025\/01\/C-Thomas-Helmich-Priority.jpg","type":"image\/jpeg"}],"author":"Joachim Keil","twitter_card":"summary_large_image","twitter_title":"Thomas Helmich mit neuer Single \"Voyager\" auf Harthouse","twitter_description":"Mit \u201cPriority\u201d ver\u00f6ffentlicht Thomas Helmich seine zweite Single aus dem kommenden Album \"Voyager\" auf dem deutschen label Harthouse.","twitter_image":"https:\/\/ucm.one\/wp-content\/uploads\/2025\/01\/C-Thomas-Helmich-Priority.jpg","twitter_misc":{"Verfasst von":"Joachim Keil","Gesch\u00e4tzte Lesezeit":"2\u00a0Minuten"},"schema":{"@context":"https:\/\/schema.org","@graph":[{"@type":"Article","@id":"https:\/\/ucm.one\/de\/mit-priority-veroeffentlicht-thomas-helmich-seine-zweite-single-aus-dem-kommenden-album-voyager-harthouse\/#article","isPartOf":{"@id":"https:\/\/ucm.one\/de\/mit-priority-veroeffentlicht-thomas-helmich-seine-zweite-single-aus-dem-kommenden-album-voyager-harthouse\/"},"author":{"name":"Joachim Keil","@id":"https:\/\/ucm.one\/de\/#\/schema\/person\/4b959e467e8acc058836467a0ef8fa50"},"headline":"\ud83c\udfb5 Mit \u201cPriority\u201d ver\u00f6ffentlicht Thomas Helmich seine zweite Single aus dem kommenden Album &#8222;Voyager&#8220; (Harthouse)","datePublished":"2025-01-31T10:26:35+00:00","dateModified":"2025-01-31T23:46:00+00:00","mainEntityOfPage":{"@id":"https:\/\/ucm.one\/de\/mit-priority-veroeffentlicht-thomas-helmich-seine-zweite-single-aus-dem-kommenden-album-voyager-harthouse\/"},"wordCount":444,"publisher":{"@id":"https:\/\/ucm.one\/de\/#organization"},"image":{"@id":"https:\/\/ucm.one\/de\/mit-priority-veroeffentlicht-thomas-helmich-seine-zweite-single-aus-dem-kommenden-album-voyager-harthouse\/#primaryimage"},"thumbnailUrl":"https:\/\/ucm.one\/wp-content\/uploads\/2025\/01\/B-Thomas-Helmich-Priority.jpg","keywords":["Harthouse","Priority","Techno","Thomas Helmich","Voyager"],"articleSection":["Harthouse","Musik","News"],"inLanguage":"de"},{"@type":"WebPage","@id":"https:\/\/ucm.one\/de\/mit-priority-veroeffentlicht-thomas-helmich-seine-zweite-single-aus-dem-kommenden-album-voyager-harthouse\/","url":"https:\/\/ucm.one\/de\/mit-priority-veroeffentlicht-thomas-helmich-seine-zweite-single-aus-dem-kommenden-album-voyager-harthouse\/","name":"Thomas Helmich mit neuer Single \"Priority\" auf Harthouse","isPartOf":{"@id":"https:\/\/ucm.one\/de\/#website"},"primaryImageOfPage":{"@id":"https:\/\/ucm.one\/de\/mit-priority-veroeffentlicht-thomas-helmich-seine-zweite-single-aus-dem-kommenden-album-voyager-harthouse\/#primaryimage"},"image":{"@id":"https:\/\/ucm.one\/de\/mit-priority-veroeffentlicht-thomas-helmich-seine-zweite-single-aus-dem-kommenden-album-voyager-harthouse\/#primaryimage"},"thumbnailUrl":"https:\/\/ucm.one\/wp-content\/uploads\/2025\/01\/B-Thomas-Helmich-Priority.jpg","datePublished":"2025-01-31T10:26:35+00:00","dateModified":"2025-01-31T23:46:00+00:00","description":"Mit \u201cPriority\u201d ver\u00f6ffentlicht Thomas Helmich seine zweite Single aus dem kommenden Album \"Voyager\" auf dem deutschen label Harthouse.","breadcrumb":{"@id":"https:\/\/ucm.one\/de\/mit-priority-veroeffentlicht-thomas-helmich-seine-zweite-single-aus-dem-kommenden-album-voyager-harthouse\/#breadcrumb"},"inLanguage":"de","potentialAction":[{"@type":"ReadAction","target":["https:\/\/ucm.one\/de\/mit-priority-veroeffentlicht-thomas-helmich-seine-zweite-single-aus-dem-kommenden-album-voyager-harthouse\/"]}]},{"@type":"ImageObject","inLanguage":"de","@id":"https:\/\/ucm.one\/de\/mit-priority-veroeffentlicht-thomas-helmich-seine-zweite-single-aus-dem-kommenden-album-voyager-harthouse\/#primaryimage","url":"https:\/\/ucm.one\/wp-content\/uploads\/2025\/01\/B-Thomas-Helmich-Priority.jpg","contentUrl":"https:\/\/ucm.one\/wp-content\/uploads\/2025\/01\/B-Thomas-Helmich-Priority.jpg","width":1920,"height":600},{"@type":"BreadcrumbList","@id":"https:\/\/ucm.one\/de\/mit-priority-veroeffentlicht-thomas-helmich-seine-zweite-single-aus-dem-kommenden-album-voyager-harthouse\/#breadcrumb","itemListElement":[{"@type":"ListItem","position":1,"name":"Home","item":"https:\/\/ucm.one\/de\/"},{"@type":"ListItem","position":2,"name":"\ud83c\udfb5 Mit \u201cPriority\u201d ver\u00f6ffentlicht Thomas Helmich seine zweite Single aus dem kommenden Album &#8222;Voyager&#8220; (Harthouse)"}]},{"@type":"WebSite","@id":"https:\/\/ucm.one\/de\/#website","url":"https:\/\/ucm.one\/de\/","name":"UCM.ONE","description":"","publisher":{"@id":"https:\/\/ucm.one\/de\/#organization"},"potentialAction":[{"@type":"SearchAction","target":{"@type":"EntryPoint","urlTemplate":"https:\/\/ucm.one\/de\/?s={search_term_string}"},"query-input":{"@type":"PropertyValueSpecification","valueRequired":true,"valueName":"search_term_string"}}],"inLanguage":"de"},{"@type":"Organization","@id":"https:\/\/ucm.one\/de\/#organization","name":"UCM.ONE","url":"https:\/\/ucm.one\/de\/","logo":{"@type":"ImageObject","inLanguage":"de","@id":"https:\/\/ucm.one\/de\/#\/schema\/logo\/image\/","url":"https:\/\/ucm.one\/wp-content\/uploads\/2019\/10\/UCM.ONE-Logo-RGB.svg","contentUrl":"https:\/\/ucm.one\/wp-content\/uploads\/2019\/10\/UCM.ONE-Logo-RGB.svg","width":1,"height":1,"caption":"UCM.ONE"},"image":{"@id":"https:\/\/ucm.one\/de\/#\/schema\/logo\/image\/"}},{"@type":"Person","@id":"https:\/\/ucm.one\/de\/#\/schema\/person\/4b959e467e8acc058836467a0ef8fa50","name":"Joachim Keil","image":{"@type":"ImageObject","inLanguage":"de","@id":"https:\/\/secure.gravatar.com\/avatar\/10e1dfd05f2a7a7bc83cd44bae31e01c8ac15f974229211a2b1a49fa0a22fec0?s=96&d=mm&r=g","url":"https:\/\/secure.gravatar.com\/avatar\/10e1dfd05f2a7a7bc83cd44bae31e01c8ac15f974229211a2b1a49fa0a22fec0?s=96&d=mm&r=g","contentUrl":"https:\/\/secure.gravatar.com\/avatar\/10e1dfd05f2a7a7bc83cd44bae31e01c8ac15f974229211a2b1a49fa0a22fec0?s=96&d=mm&r=g","caption":"Joachim Keil"},"sameAs":["https:\/\/ucm.one"]}]}},"_links":{"self":[{"href":"https:\/\/ucm.one\/de\/wp-json\/wp\/v2\/posts\/173280","targetHints":{"allow":["GET"]}}],"collection":[{"href":"https:\/\/ucm.one\/de\/wp-json\/wp\/v2\/posts"}],"about":[{"href":"https:\/\/ucm.one\/de\/wp-json\/wp\/v2\/types\/post"}],"author":[{"embeddable":true,"href":"https:\/\/ucm.one\/de\/wp-json\/wp\/v2\/users\/2"}],"replies":[{"embeddable":true,"href":"https:\/\/ucm.one\/de\/wp-json\/wp\/v2\/comments?post=173280"}],"version-history":[{"count":2,"href":"https:\/\/ucm.one\/de\/wp-json\/wp\/v2\/posts\/173280\/revisions"}],"predecessor-version":[{"id":173288,"href":"https:\/\/ucm.one\/de\/wp-json\/wp\/v2\/posts\/173280\/revisions\/173288"}],"wp:featuredmedia":[{"embeddable":true,"href":"https:\/\/ucm.one\/de\/wp-json\/wp\/v2\/media\/173286"}],"wp:attachment":[{"href":"https:\/\/ucm.one\/de\/wp-json\/wp\/v2\/media?parent=173280"}],"wp:term":[{"taxonomy":"category","embeddable":true,"href":"https:\/\/ucm.one\/de\/wp-json\/wp\/v2\/categories?post=173280"},{"taxonomy":"post_tag","embeddable":true,"href":"https:\/\/ucm.one\/de\/wp-json\/wp\/v2\/tags?post=173280"}],"curies":[{"name":"wp","href":"https:\/\/api.w.org\/{rel}","templated":true}]}}