{"id":173243,"date":"2025-02-10T19:10:25","date_gmt":"2025-02-10T19:10:25","guid":{"rendered":"https:\/\/ucm.one\/?p=173243"},"modified":"2025-03-21T14:25:39","modified_gmt":"2025-03-21T14:25:39","slug":"musikdoku-the-art-of-destruction-ueber-die-trash-metal-band-destruction-ab-06-maerz-2025-in-den-kinos","status":"publish","type":"post","link":"https:\/\/ucm.one\/de\/musikdoku-the-art-of-destruction-ueber-die-trash-metal-band-destruction-ab-06-maerz-2025-in-den-kinos\/","title":{"rendered":"\ud83c\udfac Musikdoku \u201eThe Art of Destruction\u201c \u00fcber die Thrash-Metal Band Destruction ab 06. M\u00e4rz 2025 in den Kinos"},"content":{"rendered":"<div class=\"wpb-content-wrapper\"><p>[vc_row][vc_column][vc_row_inner][vc_column_inner][vc_column_text css=&#8220;&#8220;]Die einzigartige Musikdoku &#8222;<strong>The Art of Destruction<\/strong>&#8220; \u00fcber die legend\u00e4re Thrash-Metal Band<strong> Destruction<\/strong> feiert am <strong>6. M\u00e4rz 2025<\/strong> und damit einen Tag vor der Ver\u00f6ffentlichung des neusten Albums &#8222;<strong>Birth of Malice<\/strong>&#8220; auf dem Metal-Label <strong>Napalm Records<\/strong> seine Weltpremiere im Berliner <strong>CineStar CUBIX<\/strong> am Alexanderplatz.[\/vc_column_text][\/vc_column_inner][\/vc_row_inner][\/vc_column][\/vc_row][vc_row][vc_column width=&#8220;3\/4&#8243;][vc_column_text css=&#8220;&#8220;]Die 1982 in Weil am Rhein gegr\u00fcndete Thrash-Metal-Band <strong>Destruction<\/strong> z\u00e4hlt neben <strong>Kreator<\/strong>,\u00a0<strong>Sodom<\/strong> und <strong>Tankard<\/strong> zu den \u201c<strong>Big Four<\/strong>\u201d des deutschen Thrash Metal. Mit ihrer kompromisslosen Musik und energiegeladenen Live-Auftritten haben sie weltweit Millionen Fans gewonnen und zahlreiche Alben ver\u00f6ffentlicht, die als Klassiker des Genres gelten.[\/vc_column_text][vc_column_text css=&#8220;&#8220;]<\/p>\n<p class=\"p3\">Der Dokumentarfilm \u201c<strong>The Art of Destruction<\/strong>\u201d von <strong>Ili Jelusic<\/strong> und <strong>Denise D\u00f6rner<\/strong> bietet einen einzigartigen Einblick hinter die Kulissen dieser einflussreichen Band. S\u00e4nger <strong>Schmier<\/strong> und Gitarrist <strong>Mike<\/strong>, beide Mitte 50, stehen am \u00dcbergang zu einem neuen Lebensabschnitt und tr\u00e4umen von einer gemeinsamen Welttournee mit <strong>Sodom<\/strong> und <strong>Kreator<\/strong>. Doch unerwartete Ereignisse stellen ihre Pl\u00e4ne infrage und bedrohen die Existenz der Band.<\/p>\n<p>[\/vc_column_text][vc_column_text css=&#8220;&#8220;]\u00dcber einen Zeitraum von f\u00fcnf Jahren begleiteten die Filmemacher die Band und sammelten exklusives Material, das sich von traditionellen, interviewlastigen Dokumentationen abhebt. In reportageartigen Szenen taucht der Zuschauer tief in die Welt von Destruction ein und erlebt hautnah die H\u00f6hen und Tiefen des Lebens als Heavy-Metal-Musiker \u2013 von Auftritten in kleinen, schwitzigen Clubs bis hin zu riesigen Open-Air-B\u00fchnen. Dabei bleibt Schmier stets seiner \u00dcberzeugung treu und f\u00fchrt die Band durch alle Herausforderungen. \u201c<strong>The Art of Destruction<\/strong>\u201d zeigt kompromisslos, was es bedeutet, ein Leben f\u00fcr den Heavy Metal zu f\u00fchren, und gew\u00e4hrt dabei intime Einblicke in die Leidenschaft und den Kampfgeist einer der pr\u00e4gendsten Bands des Thrash Metal.[\/vc_column_text][\/vc_column][vc_column width=&#8220;1\/4&#8243;][vc_single_image image=&#8220;228425&#8243; img_size=&#8220;full&#8220; onclick=&#8220;link_image&#8220; css=&#8220;&#8220;][\/vc_column][\/vc_row][vc_row][vc_column][vc_column_text css=&#8220;&#8220;]Der Film wird am <strong>6. M\u00e4rz 2025<\/strong> seine Weltpremiere im Kino <strong>CineStar &#8211; CUBIX<\/strong> an Alexanderplatz in Berlin mit den Filmemachern und Vertretern der Band feiern und wird ab diesem Tag auch auf dem Filmlabel <strong><span style=\"font-family: 'arial black', sans-serif;\">NONFY<\/span> Documentaries<\/strong> von <span style=\"font-family: 'arial black', sans-serif;\"><strong>UCM.ONE<\/strong><\/span> in ausgew\u00e4hlte Kinos gebracht.[\/vc_column_text][vc_empty_space height=&#8220;20px&#8220;][\/vc_column][\/vc_row][vc_row][vc_column][vc_video link=&#8220;https:\/\/www.youtube.com\/watch?v=dqaKx1ybEfY&#8220; css=&#8220;&#8220; title=&#8220;The Art Of Destruction (Teaser 2025)&#8220;][\/vc_column][\/vc_row][vc_row disable_element=&#8220;yes&#8220;][vc_column][vc_empty_space height=&#8220;15px&#8220;][vc_separator][vc_row_inner][vc_column_inner width=&#8220;1\/4&#8243;][vc_btn title=&#8220;Amazon&#8220; style=&#8220;classic&#8220; color=&#8220;orange&#8220; size=&#8220;sm&#8220; align=&#8220;center&#8220; i_icon_fontawesome=&#8220;fab fa-amazon&#8220; button_block=&#8220;true&#8220; add_icon=&#8220;true&#8220; link=&#8220;url:https%3A%2F%2Fwww.amazon.de%2FUnter-Ausschlu%C3%9F-%C3%96ffentlichkeit-Mediabook-Blu-ray%2Fdp%2FB0BJYD445L|title:Amazon|target:_blank&#8220;][\/vc_column_inner][vc_column_inner width=&#8220;1\/4&#8243;][vc_btn title=&#8220;JPC&#8220; style=&#8220;classic&#8220; color=&#8220;success&#8220; size=&#8220;sm&#8220; align=&#8220;center&#8220; i_icon_fontawesome=&#8220;far fa-dot-circle&#8220; button_block=&#8220;true&#8220; add_icon=&#8220;true&#8220; link=&#8220;url:https%3A%2F%2Fwww.jpc.de%2Fjpcng%2Fmovie%2Fdetail%2F-%2Fart%2Funter-ausschluss-der-oeffentlichkeit%2Fhnum%2F11049492|title:JPC|target:_blank&#8220;][\/vc_column_inner][vc_column_inner width=&#8220;1\/4&#8243;][vc_btn title=&#8220;Shop&#8220; style=&#8220;classic&#8220; color=&#8220;juicy-pink&#8220; size=&#8220;sm&#8220; align=&#8220;center&#8220; i_icon_fontawesome=&#8220;fas fa-shopping-cart&#8220; button_block=&#8220;true&#8220; add_icon=&#8220;true&#8220; link=&#8220;url:https%3A%2F%2Fucm.one%2Fde%2Fprodukt%2Funter-ausschluss-der-oeffentlichkeit|title:Shop&#8220;][\/vc_column_inner][vc_column_inner width=&#8220;1\/4&#8243;][vc_btn title=&#8220;Wer Streamt Es?&#8220; style=&#8220;classic&#8220; color=&#8220;sky&#8220; size=&#8220;sm&#8220; align=&#8220;center&#8220; i_icon_fontawesome=&#8220;fas fa-question-circle&#8220; button_block=&#8220;true&#8220; add_icon=&#8220;true&#8220; link=&#8220;url:https%3A%2F%2Fwww.werstreamt.es%2Ffilm%2Fdetails%2F18994%2Funter-ausschluss-der-oeffentlichkeit%2F|title:Wer%20Streamt%20es|target:_blank&#8220;][\/vc_column_inner][\/vc_row_inner][\/vc_column][\/vc_row][vc_row disable_element=&#8220;yes&#8220;][vc_column][vc_empty_space height=&#8220;25px&#8220;][vc_column_text]<\/p>\n<div class=\"wpb_text_column wpb_content_element \">\n<div class=\"wpb_wrapper\">\n<p><span style=\"font-size: 18pt;\">Technische Daten<\/span><\/p>\n<p><strong>Mediabook<\/strong>\u00a0| Bildformat: 1:1,33<span lang=\"EN-US\">\u00a0<\/span>| Laufzeit: 97 Min | Tonformat: Mono | Bonus: Trailer | Mediabook mit abl\u00f6sbarem FSK-Sticker | FSK 16<\/p>\n<\/div>\n<\/div>\n<p>[\/vc_column_text][vc_separator css=&#8220;.vc_custom_1560377795279{margin-top: 15px !important;}&#8220;][\/vc_column][\/vc_row][vc_row][vc_column width=&#8220;1\/2&#8243;][vc_column_text css=&#8220;&#8220;]Weitere Informationen \u00fcber den Film: <a title=\"NONFY Documentaries\" href=\"https:\/\/ucm.one\/de\/the-art-of-destruction\/\" rel=\"noopener\">The Art Of Destruction<\/a>[\/vc_column_text][\/vc_column][vc_column width=&#8220;1\/2&#8243;][vc_column_text css=&#8220;&#8220;]Weitere Informationen \u00fcber das Musik-Label: <a title=\"NONFY Documentaries\" href=\"https:\/\/label.napalmrecords.com\/\" target=\"_blank\" rel=\"noopener\">Napalm Records<\/a>[\/vc_column_text][\/vc_column][\/vc_row]<\/p>\n<\/div>","protected":false},"excerpt":{"rendered":"<p>[vc_row][vc_column][vc_row_inner][vc_column_inner][vc_column_text css=&#8220;&#8220;]Die einzigartige Musikdoku &#8222;The Art of Destruction&#8220; \u00fcber die legend\u00e4re Thrash-Metal Band Destruction feiert am 6. M\u00e4rz 2025 und damit einen Tag vor der Ver\u00f6ffentlichung des neusten Albums &#8222;Birth of Malice&#8220; auf dem Metal-Label Napalm Records seine Weltpremiere im Berliner CineStar CUBIX am Alexanderplatz.[\/vc_column_text][\/vc_column_inner][\/vc_row_inner][\/vc_column][\/vc_row][vc_row][vc_column width=&#8220;3\/4&#8243;][vc_column_text css=&#8220;&#8220;]Die 1982 in Weil am Rhein gegr\u00fcndete Thrash-Metal-Band Destruction&hellip;<\/p>\n","protected":false},"author":2,"featured_media":173258,"comment_status":"closed","ping_status":"closed","sticky":false,"template":"","format":"standard","meta":{"_acf_changed":false,"footnotes":""},"categories":[6267,8,10,9,13,4587,7528],"tags":[18487,18480,18486,17369,18483,7435,18484,7090,7081,4603,18485,18482,18479,18510],"class_list":["post-173243","post","type-post","status-publish","format-standard","has-post-thumbnail","hentry","category-dokumentarfilm","category-film","category-kino","category-musik","category-news","category-nonfy-documentaries","category-weltvertrieb","tag-alexanderplatz","tag-birth-of-malice","tag-cinestar","tag-cubix","tag-damir","tag-destruction","tag-furia","tag-metal","tag-napalm-records","tag-nonfy-documentaries","tag-randy","tag-schmier","tag-the-art-of-destruction","tag-thrash-metal","category-6267","category-8","category-10","category-9","category-13","category-4587","category-7528","description-off"],"acf":[],"yoast_head":"<!-- This site is optimized with the Yoast SEO plugin v27.5 - https:\/\/yoast.com\/product\/yoast-seo-wordpress\/ -->\n<title>\u201cThe Art of Destruction\u201d ab 06. M\u00e4rz 2025 im Kino<\/title>\n<meta name=\"description\" content=\"Der Dokumentarfilm \u201cThe Art of Destruction\u201d von Ili Jelusic und Denise D\u00f6rner \u00fcber die Band Destruction ist ab 06.03.2025 in Kinos zu sehen.\" \/>\n<meta name=\"robots\" content=\"index, follow, max-snippet:-1, max-image-preview:large, max-video-preview:-1\" \/>\n<link rel=\"canonical\" href=\"https:\/\/ucm.one\/de\/musikdoku-the-art-of-destruction-ueber-die-trash-metal-band-destruction-ab-06-maerz-2025-in-den-kinos\/\" \/>\n<meta property=\"og:locale\" content=\"de_DE\" \/>\n<meta property=\"og:type\" content=\"article\" \/>\n<meta property=\"og:title\" content=\"\u201cThe Art of Destruction\u201d ab 06. M\u00e4rz 2025 im Kino\" \/>\n<meta property=\"og:description\" content=\"\u201eDer Dokumentarfilm \u201cThe Art of Destruction\u201d von Ili Jelusic und Denise D\u00f6rner \u00fcber die Band Destruction ist ab 6.03.2025 in Kinos zu sehen.\" \/>\n<meta property=\"og:url\" content=\"https:\/\/ucm.one\/de\/musikdoku-the-art-of-destruction-ueber-die-trash-metal-band-destruction-ab-06-maerz-2025-in-den-kinos\/\" \/>\n<meta property=\"og:site_name\" content=\"UCM.ONE\" \/>\n<meta property=\"article:published_time\" content=\"2025-02-10T19:10:25+00:00\" \/>\n<meta property=\"article:modified_time\" content=\"2025-03-21T14:25:39+00:00\" \/>\n<meta property=\"og:image\" content=\"https:\/\/ucm.one\/wp-content\/uploads\/2025\/01\/PP-The-Art-od-Destruction.jpg\" \/>\n\t<meta property=\"og:image:width\" content=\"699\" \/>\n\t<meta property=\"og:image:height\" content=\"1000\" \/>\n\t<meta property=\"og:image:type\" content=\"image\/jpeg\" \/>\n<meta name=\"author\" content=\"Joachim Keil\" \/>\n<meta name=\"twitter:card\" content=\"summary_large_image\" \/>\n<meta name=\"twitter:title\" content=\"\u201cThe Art of Destruction\u201d ab 06. M\u00e4rz 2025 im Kino\" \/>\n<meta name=\"twitter:description\" content=\"Der Dokumentarfilm \u201cThe Art of Destruction\u201d von Ili Jelusic und Denise D\u00f6rner \u00fcber die Band Destruction ist ab 6.03.2025 in Kinos zu sehen.\" \/>\n<meta name=\"twitter:image\" content=\"https:\/\/ucm.one\/wp-content\/uploads\/2025\/01\/PP-The-Art-od-Destruction.jpg\" \/>\n<meta name=\"twitter:label1\" content=\"Verfasst von\" \/>\n\t<meta name=\"twitter:data1\" content=\"Joachim Keil\" \/>\n\t<meta name=\"twitter:label2\" content=\"Gesch\u00e4tzte Lesezeit\" \/>\n\t<meta name=\"twitter:data2\" content=\"3\u00a0Minuten\" \/>\n<!-- \/ Yoast SEO plugin. -->","yoast_head_json":{"title":"\u201cThe Art of Destruction\u201d ab 06. M\u00e4rz 2025 im Kino","description":"Der Dokumentarfilm \u201cThe Art of Destruction\u201d von Ili Jelusic und Denise D\u00f6rner \u00fcber die Band Destruction ist ab 06.03.2025 in Kinos zu sehen.","robots":{"index":"index","follow":"follow","max-snippet":"max-snippet:-1","max-image-preview":"max-image-preview:large","max-video-preview":"max-video-preview:-1"},"canonical":"https:\/\/ucm.one\/de\/musikdoku-the-art-of-destruction-ueber-die-trash-metal-band-destruction-ab-06-maerz-2025-in-den-kinos\/","og_locale":"de_DE","og_type":"article","og_title":"\u201cThe Art of Destruction\u201d ab 06. M\u00e4rz 2025 im Kino","og_description":"\u201eDer Dokumentarfilm \u201cThe Art of Destruction\u201d von Ili Jelusic und Denise D\u00f6rner \u00fcber die Band Destruction ist ab 6.03.2025 in Kinos zu sehen.","og_url":"https:\/\/ucm.one\/de\/musikdoku-the-art-of-destruction-ueber-die-trash-metal-band-destruction-ab-06-maerz-2025-in-den-kinos\/","og_site_name":"UCM.ONE","article_published_time":"2025-02-10T19:10:25+00:00","article_modified_time":"2025-03-21T14:25:39+00:00","og_image":[{"width":699,"height":1000,"url":"https:\/\/ucm.one\/wp-content\/uploads\/2025\/01\/PP-The-Art-od-Destruction.jpg","type":"image\/jpeg"}],"author":"Joachim Keil","twitter_card":"summary_large_image","twitter_title":"\u201cThe Art of Destruction\u201d ab 06. M\u00e4rz 2025 im Kino","twitter_description":"Der Dokumentarfilm \u201cThe Art of Destruction\u201d von Ili Jelusic und Denise D\u00f6rner \u00fcber die Band Destruction ist ab 6.03.2025 in Kinos zu sehen.","twitter_image":"https:\/\/ucm.one\/wp-content\/uploads\/2025\/01\/PP-The-Art-od-Destruction.jpg","twitter_misc":{"Verfasst von":"Joachim Keil","Gesch\u00e4tzte Lesezeit":"3\u00a0Minuten"},"schema":{"@context":"https:\/\/schema.org","@graph":[{"@type":"Article","@id":"https:\/\/ucm.one\/de\/musikdoku-the-art-of-destruction-ueber-die-trash-metal-band-destruction-ab-06-maerz-2025-in-den-kinos\/#article","isPartOf":{"@id":"https:\/\/ucm.one\/de\/musikdoku-the-art-of-destruction-ueber-die-trash-metal-band-destruction-ab-06-maerz-2025-in-den-kinos\/"},"author":{"name":"Joachim Keil","@id":"https:\/\/ucm.one\/de\/#\/schema\/person\/4b959e467e8acc058836467a0ef8fa50"},"headline":"\ud83c\udfac Musikdoku \u201eThe Art of Destruction\u201c \u00fcber die Thrash-Metal Band Destruction ab 06. M\u00e4rz 2025 in den Kinos","datePublished":"2025-02-10T19:10:25+00:00","dateModified":"2025-03-21T14:25:39+00:00","mainEntityOfPage":{"@id":"https:\/\/ucm.one\/de\/musikdoku-the-art-of-destruction-ueber-die-trash-metal-band-destruction-ab-06-maerz-2025-in-den-kinos\/"},"wordCount":757,"publisher":{"@id":"https:\/\/ucm.one\/de\/#organization"},"image":{"@id":"https:\/\/ucm.one\/de\/musikdoku-the-art-of-destruction-ueber-die-trash-metal-band-destruction-ab-06-maerz-2025-in-den-kinos\/#primaryimage"},"thumbnailUrl":"https:\/\/ucm.one\/wp-content\/uploads\/2025\/01\/B_TAOD_Premiere_DE.jpg","keywords":["Alexanderplatz","Birth of Malice","CineStar","Cubix","Damir","Destruction","Furia","Metal","Napalm Records","NONFY Documentaries","Randy","Schmier","The Art of Destruction","Thrash Metal"],"articleSection":["Dokumentarfilm","Film","Kino","Musik","News","NONFY Documentaries","Weltvertrieb"],"inLanguage":"de"},{"@type":"WebPage","@id":"https:\/\/ucm.one\/de\/musikdoku-the-art-of-destruction-ueber-die-trash-metal-band-destruction-ab-06-maerz-2025-in-den-kinos\/","url":"https:\/\/ucm.one\/de\/musikdoku-the-art-of-destruction-ueber-die-trash-metal-band-destruction-ab-06-maerz-2025-in-den-kinos\/","name":"\u201cThe Art of Destruction\u201d ab 06. M\u00e4rz 2025 im Kino","isPartOf":{"@id":"https:\/\/ucm.one\/de\/#website"},"primaryImageOfPage":{"@id":"https:\/\/ucm.one\/de\/musikdoku-the-art-of-destruction-ueber-die-trash-metal-band-destruction-ab-06-maerz-2025-in-den-kinos\/#primaryimage"},"image":{"@id":"https:\/\/ucm.one\/de\/musikdoku-the-art-of-destruction-ueber-die-trash-metal-band-destruction-ab-06-maerz-2025-in-den-kinos\/#primaryimage"},"thumbnailUrl":"https:\/\/ucm.one\/wp-content\/uploads\/2025\/01\/B_TAOD_Premiere_DE.jpg","datePublished":"2025-02-10T19:10:25+00:00","dateModified":"2025-03-21T14:25:39+00:00","description":"Der Dokumentarfilm \u201cThe Art of Destruction\u201d von Ili Jelusic und Denise D\u00f6rner \u00fcber die Band Destruction ist ab 06.03.2025 in Kinos zu sehen.","breadcrumb":{"@id":"https:\/\/ucm.one\/de\/musikdoku-the-art-of-destruction-ueber-die-trash-metal-band-destruction-ab-06-maerz-2025-in-den-kinos\/#breadcrumb"},"inLanguage":"de","potentialAction":[{"@type":"ReadAction","target":["https:\/\/ucm.one\/de\/musikdoku-the-art-of-destruction-ueber-die-trash-metal-band-destruction-ab-06-maerz-2025-in-den-kinos\/"]}]},{"@type":"ImageObject","inLanguage":"de","@id":"https:\/\/ucm.one\/de\/musikdoku-the-art-of-destruction-ueber-die-trash-metal-band-destruction-ab-06-maerz-2025-in-den-kinos\/#primaryimage","url":"https:\/\/ucm.one\/wp-content\/uploads\/2025\/01\/B_TAOD_Premiere_DE.jpg","contentUrl":"https:\/\/ucm.one\/wp-content\/uploads\/2025\/01\/B_TAOD_Premiere_DE.jpg","width":1920,"height":600},{"@type":"BreadcrumbList","@id":"https:\/\/ucm.one\/de\/musikdoku-the-art-of-destruction-ueber-die-trash-metal-band-destruction-ab-06-maerz-2025-in-den-kinos\/#breadcrumb","itemListElement":[{"@type":"ListItem","position":1,"name":"Home","item":"https:\/\/ucm.one\/de\/"},{"@type":"ListItem","position":2,"name":"\ud83c\udfac Musikdoku \u201eThe Art of Destruction\u201c \u00fcber die Thrash-Metal Band Destruction ab 06. M\u00e4rz 2025 in den Kinos"}]},{"@type":"WebSite","@id":"https:\/\/ucm.one\/de\/#website","url":"https:\/\/ucm.one\/de\/","name":"UCM.ONE","description":"","publisher":{"@id":"https:\/\/ucm.one\/de\/#organization"},"potentialAction":[{"@type":"SearchAction","target":{"@type":"EntryPoint","urlTemplate":"https:\/\/ucm.one\/de\/?s={search_term_string}"},"query-input":{"@type":"PropertyValueSpecification","valueRequired":true,"valueName":"search_term_string"}}],"inLanguage":"de"},{"@type":"Organization","@id":"https:\/\/ucm.one\/de\/#organization","name":"UCM.ONE","url":"https:\/\/ucm.one\/de\/","logo":{"@type":"ImageObject","inLanguage":"de","@id":"https:\/\/ucm.one\/de\/#\/schema\/logo\/image\/","url":"https:\/\/ucm.one\/wp-content\/uploads\/2019\/10\/UCM.ONE-Logo-RGB.svg","contentUrl":"https:\/\/ucm.one\/wp-content\/uploads\/2019\/10\/UCM.ONE-Logo-RGB.svg","width":1,"height":1,"caption":"UCM.ONE"},"image":{"@id":"https:\/\/ucm.one\/de\/#\/schema\/logo\/image\/"}},{"@type":"Person","@id":"https:\/\/ucm.one\/de\/#\/schema\/person\/4b959e467e8acc058836467a0ef8fa50","name":"Joachim Keil","image":{"@type":"ImageObject","inLanguage":"de","@id":"https:\/\/secure.gravatar.com\/avatar\/10e1dfd05f2a7a7bc83cd44bae31e01c8ac15f974229211a2b1a49fa0a22fec0?s=96&d=mm&r=g","url":"https:\/\/secure.gravatar.com\/avatar\/10e1dfd05f2a7a7bc83cd44bae31e01c8ac15f974229211a2b1a49fa0a22fec0?s=96&d=mm&r=g","contentUrl":"https:\/\/secure.gravatar.com\/avatar\/10e1dfd05f2a7a7bc83cd44bae31e01c8ac15f974229211a2b1a49fa0a22fec0?s=96&d=mm&r=g","caption":"Joachim Keil"},"sameAs":["https:\/\/ucm.one"]}]}},"_links":{"self":[{"href":"https:\/\/ucm.one\/de\/wp-json\/wp\/v2\/posts\/173243","targetHints":{"allow":["GET"]}}],"collection":[{"href":"https:\/\/ucm.one\/de\/wp-json\/wp\/v2\/posts"}],"about":[{"href":"https:\/\/ucm.one\/de\/wp-json\/wp\/v2\/types\/post"}],"author":[{"embeddable":true,"href":"https:\/\/ucm.one\/de\/wp-json\/wp\/v2\/users\/2"}],"replies":[{"embeddable":true,"href":"https:\/\/ucm.one\/de\/wp-json\/wp\/v2\/comments?post=173243"}],"version-history":[{"count":22,"href":"https:\/\/ucm.one\/de\/wp-json\/wp\/v2\/posts\/173243\/revisions"}],"predecessor-version":[{"id":228433,"href":"https:\/\/ucm.one\/de\/wp-json\/wp\/v2\/posts\/173243\/revisions\/228433"}],"wp:featuredmedia":[{"embeddable":true,"href":"https:\/\/ucm.one\/de\/wp-json\/wp\/v2\/media\/173258"}],"wp:attachment":[{"href":"https:\/\/ucm.one\/de\/wp-json\/wp\/v2\/media?parent=173243"}],"wp:term":[{"taxonomy":"category","embeddable":true,"href":"https:\/\/ucm.one\/de\/wp-json\/wp\/v2\/categories?post=173243"},{"taxonomy":"post_tag","embeddable":true,"href":"https:\/\/ucm.one\/de\/wp-json\/wp\/v2\/tags?post=173243"}],"curies":[{"name":"wp","href":"https:\/\/api.w.org\/{rel}","templated":true}]}}